{"id":209653,"date":"2025-07-23T21:46:38","date_gmt":"2025-07-23T18:46:38","guid":{"rendered":"https:\/\/www.tgrthaber.com\/mavikadin\/?p=209653"},"modified":"2025-07-23T21:46:38","modified_gmt":"2025-07-23T18:46:38","slug":"mucahit-kocak-kimdir-kac-yasinda-mucahit-kocak-filmleri-ve-rolleri","status":"publish","type":"post","link":"https:\/\/www.tgrthaber.com\/mavikadin\/mucahit-kocak-kimdir-kac-yasinda-mucahit-kocak-filmleri-ve-rolleri\/","title":{"rendered":"M\u00fccahit Ko\u00e7ak kimdir ka\u00e7 ya\u015f\u0131nda? M\u00fccahit Ko\u00e7ak filmleri ve rolleri"},"content":{"rendered":"<p>TRT 1 ekranlar\u0131nda Ramazan ay\u0131nda yay\u0131nlanan Vefa Sultan 1 sezon b\u00f6l\u00fcmlerinde yer alan \u00fcnl\u00fc oyuncu M\u00fccahit Ko\u00e7ak, Yareli karakteriyle seyirci kar\u015f\u0131s\u0131na \u00e7\u0131km\u0131\u015ft\u0131. Farkl\u0131 karakterlerle seyirci kar\u015f\u0131s\u0131na \u00e7\u0131kan M\u00fccahit Ko\u00e7ak, g\u00f6sterdi\u011fi oyunculuk performans\u0131yla seyirciden takdir toplad\u0131. 56. Antalya Alt\u0131n Portakal Film Festivali \u00f6d\u00fcl gecesinde En \u0130yi Erkek Oyuncu \u00f6d\u00fcl\u00fcn\u00fc M\u00fccahit Ko\u00e7ak alm\u0131\u015ft\u0131. Peki, M\u00fccahit Ko\u00e7ak kimdir ka\u00e7 ya\u015f\u0131nda? M\u00fccahit Ko\u00e7ak filmleri\u00a0ve\u00a0rolleri<\/p>\n<h3>M\u00dcCAH\u0130T KO\u00c7AK K\u0130MD\u0130R KA\u00c7 YA\u015eINDA?<\/h3>\n<p>\u00dcnl\u00fc oyuncu M\u00fccahit Ko\u00e7ak, 1988 y\u0131l\u0131nda Konya\u2019da d\u00fcnyaya geldi. E\u011fitim hayat\u0131n\u0131n bir k\u0131sm\u0131n\u0131 orada tamamlad\u0131.<\/p>\n<p><img loading=\"lazy\" decoding=\"async\" class=\"alignnone wp-image-209654 size-full\" src=\"https:\/\/www.tgrthaber.com\/mavikadin\/wp-content\/uploads\/mucahit-kocak-kimdir-kac-yasinda.jpg\" alt=\"\" width=\"1208\" height=\"680\" title=\"\" srcset=\"https:\/\/www.tgrthaber.com\/mavikadin\/wp-content\/uploads\/mucahit-kocak-kimdir-kac-yasinda.jpg 1208w, https:\/\/www.tgrthaber.com\/mavikadin\/wp-content\/uploads\/mucahit-kocak-kimdir-kac-yasinda-300x169.jpg 300w, https:\/\/www.tgrthaber.com\/mavikadin\/wp-content\/uploads\/mucahit-kocak-kimdir-kac-yasinda-1024x576.jpg 1024w, https:\/\/www.tgrthaber.com\/mavikadin\/wp-content\/uploads\/mucahit-kocak-kimdir-kac-yasinda-768x432.jpg 768w\" sizes=\"(max-width: 1208px) 100vw, 1208px\" \/><\/p>\n<hr \/>\n<p>36 ya\u015f\u0131ndaki \u00fcnl\u00fc oyuncu M\u00fccahit Ko\u00e7ak, oyunculu\u011fa olan tutkusunu daha da profesyonel hale getirmek i\u00e7in \u0130stanbul\u2019daki Kadir Has \u00dcniversitesi Film ve Drama b\u00f6l\u00fcm\u00fcn\u00fc tamamlad\u0131.<\/p>\n<p><img loading=\"lazy\" decoding=\"async\" class=\"alignnone wp-image-209655 size-full\" src=\"https:\/\/www.tgrthaber.com\/mavikadin\/wp-content\/uploads\/mucahit-kocak-evli-mi.jpg\" alt=\"\" width=\"1208\" height=\"680\" title=\"\" srcset=\"https:\/\/www.tgrthaber.com\/mavikadin\/wp-content\/uploads\/mucahit-kocak-evli-mi.jpg 1208w, https:\/\/www.tgrthaber.com\/mavikadin\/wp-content\/uploads\/mucahit-kocak-evli-mi-300x169.jpg 300w, https:\/\/www.tgrthaber.com\/mavikadin\/wp-content\/uploads\/mucahit-kocak-evli-mi-1024x576.jpg 1024w, https:\/\/www.tgrthaber.com\/mavikadin\/wp-content\/uploads\/mucahit-kocak-evli-mi-768x432.jpg 768w\" sizes=\"(max-width: 1208px) 100vw, 1208px\" \/><\/p>\n<hr \/>\n<h3>M\u00dcCAH\u0130T KO\u00c7AK EVL\u0130 M\u0130D\u0130R?<\/h3>\n<p>\u00dcnl\u00fc oyuncu M\u00fccahit Ko\u00e7ak\u2019\u0131n \u00f6zel hayat\u0131na dair \u00e7ok fazla bilgi bulunmamaktad\u0131r. 36 ya\u015f\u0131ndaki oyuncu mesle\u011finde geli\u015fmeye odaklanarak, bir\u00e7ok projede yer alarak kendini geli\u015ftirmeye devam etmektedir.<\/p>\n<p><img loading=\"lazy\" decoding=\"async\" class=\"alignnone wp-image-209656 size-full\" src=\"https:\/\/www.tgrthaber.com\/mavikadin\/wp-content\/uploads\/mucahit-kocakin-kariyeri.jpg\" alt=\"\" width=\"1208\" height=\"680\" title=\"\" srcset=\"https:\/\/www.tgrthaber.com\/mavikadin\/wp-content\/uploads\/mucahit-kocakin-kariyeri.jpg 1208w, https:\/\/www.tgrthaber.com\/mavikadin\/wp-content\/uploads\/mucahit-kocakin-kariyeri-300x169.jpg 300w, https:\/\/www.tgrthaber.com\/mavikadin\/wp-content\/uploads\/mucahit-kocakin-kariyeri-1024x576.jpg 1024w, https:\/\/www.tgrthaber.com\/mavikadin\/wp-content\/uploads\/mucahit-kocakin-kariyeri-768x432.jpg 768w\" sizes=\"(max-width: 1208px) 100vw, 1208px\" \/><\/p>\n<hr \/>\n<h3>M\u00dcCAH\u0130T KO\u00c7AK\u2019IN OYUNCULUK KAR\u0130YER\u0130<\/h3>\n<p>M\u00fccahit Ko\u00e7ak, \u00fcniversite e\u011fitimini tamamlad\u0131ktan sonra oyunculuk sekt\u00f6r\u00fcne girebilmek i\u00e7in ad\u0131m att\u0131. Oyunculuk mesle\u011fine girmesi zor olsa da pes etmeden sava\u015fmaya devam etti. \u00dcnl\u00fc oyuncu, 2015 y\u0131l\u0131nda ilk televizyon dizisi deneyimini ya\u015fayarak dizi sekt\u00f6r\u00fcne ad\u0131m att\u0131. 2015 y\u0131l\u0131nda K\u00fc\u00e7\u00fck Gelin dizisinde Komiser \u0130smail rol\u00fcyle izleyenlerin kar\u015f\u0131s\u0131na \u00e7\u0131kt\u0131.<\/p>\n<p>M\u00fccahit Ko\u00e7ak oyunculu\u011fa ad\u0131m atmas\u0131n\u0131n yan\u0131 s\u0131ra tiyatro e\u011fitmeni ve dublaj sanat\u00e7\u0131s\u0131 olarak da faaliyetini devam etmektedir. Bir\u00e7ok yabanc\u0131 sinemaya ve reklam filmlerine sesiyle hayat veriyor.<\/p>\n<p><img loading=\"lazy\" decoding=\"async\" class=\"alignnone wp-image-209657 size-full\" src=\"https:\/\/www.tgrthaber.com\/mavikadin\/wp-content\/uploads\/mucahit-kocakin-oynadigi-diziler.jpg\" alt=\"\" width=\"1208\" height=\"680\" title=\"\" srcset=\"https:\/\/www.tgrthaber.com\/mavikadin\/wp-content\/uploads\/mucahit-kocakin-oynadigi-diziler.jpg 1208w, https:\/\/www.tgrthaber.com\/mavikadin\/wp-content\/uploads\/mucahit-kocakin-oynadigi-diziler-300x169.jpg 300w, https:\/\/www.tgrthaber.com\/mavikadin\/wp-content\/uploads\/mucahit-kocakin-oynadigi-diziler-1024x576.jpg 1024w, https:\/\/www.tgrthaber.com\/mavikadin\/wp-content\/uploads\/mucahit-kocakin-oynadigi-diziler-768x432.jpg 768w\" sizes=\"(max-width: 1208px) 100vw, 1208px\" \/><\/p>\n<hr \/>\n<h3>M\u00dcCAH\u0130T KO\u00c7AK F\u0130LMLER\u0130 VE ROLLER\u0130<\/h3>\n<p><strong>M\u00fccahit Ko\u00e7ak\u2019\u0131n dizileri:<\/strong><\/p>\n<ul>\n<li>2015 y\u0131l\u0131nda Samanyolu Tv\u2019de yay\u0131nlanan K\u00fc\u00e7\u00fck Gelin dizisinde Komiser \u0130smail rol\u00fcn\u00fc oynad\u0131.<\/li>\n<li>2022 y\u0131l\u0131nda mini internet dizisi olan Ben Gri yap\u0131m\u0131nda Tekin karakterini oynad\u0131.<\/li>\n<li>2024 y\u0131l\u0131nda Kanal D ekranlar\u0131nda yay\u0131nlanan \u0130nci Taneleri dizisinde Erman \u00c7olak rol\u00fcyle izleyenlerin kar\u015f\u0131s\u0131na \u00e7\u0131kt\u0131.<\/li>\n<li>2024 y\u0131l\u0131nda Gain platformunda yay\u0131nlanan Dengeler: Biri Olmak internet dizisinde Ali Kamac\u0131 rol\u00fcn\u00fc \u00fcstlendi.<\/li>\n<li>2025 y\u0131l\u0131nda TRT 1 ekranlar\u0131nda yay\u0131nlanan Vefa Sultan 1. Sezon b\u00f6l\u00fcm\u00fcnde Yareli rol\u00fcyle ekranlara geldi.<\/li>\n<\/ul>\n<p><img loading=\"lazy\" decoding=\"async\" class=\"alignnone wp-image-209658 size-full\" src=\"https:\/\/www.tgrthaber.com\/mavikadin\/wp-content\/uploads\/mucahit-kocakin-oynadigi-filmler.jpg\" alt=\"\" width=\"1208\" height=\"680\" title=\"\" srcset=\"https:\/\/www.tgrthaber.com\/mavikadin\/wp-content\/uploads\/mucahit-kocakin-oynadigi-filmler.jpg 1208w, https:\/\/www.tgrthaber.com\/mavikadin\/wp-content\/uploads\/mucahit-kocakin-oynadigi-filmler-300x169.jpg 300w, https:\/\/www.tgrthaber.com\/mavikadin\/wp-content\/uploads\/mucahit-kocakin-oynadigi-filmler-1024x576.jpg 1024w, https:\/\/www.tgrthaber.com\/mavikadin\/wp-content\/uploads\/mucahit-kocakin-oynadigi-filmler-768x432.jpg 768w\" sizes=\"(max-width: 1208px) 100vw, 1208px\" \/><\/p>\n<hr \/>\n<p><strong>M\u00fccahit Ko\u00e7ak\u2019\u0131n filmleri:<\/strong><\/p>\n<ul>\n<li>2018 y\u0131l\u0131nda Kelebekler filmiyle sinemaya ad\u0131m atan oyuncu Mezarc\u0131 rol\u00fcyle sinemaseverlerin kar\u015f\u0131s\u0131na \u00e7\u0131kt\u0131.<\/li>\n<li>2019 y\u0131l\u0131nda Bozk\u0131r filminde Harun karakterini oynad\u0131.<\/li>\n<li>2020 y\u0131l\u0131nda \u0130ki \u015eafak Aras\u0131nda filminin Kadir karakterini \u00fcstlendi.<\/li>\n<li>2024 y\u0131l\u0131nda Dengeler filminde Ali Kamac\u0131 olarak izleyici kar\u015f\u0131s\u0131na \u00e7\u0131kan \u00fcnl\u00fc oyuncu ayn\u0131 y\u0131l K\u00f6pekle Kurt Aras\u0131nda filminde yer ald\u0131.<\/li>\n<\/ul>\n","protected":false},"excerpt":{"rendered":"<p>\u00dcnl\u00fc oyuncu M\u00fccahit Ko\u00e7ak, G\u00f6n\u00fcl Da\u011f\u0131 dizisinde Fezai karakteriyle ve \u0130nci Taneleri dizisinde Erman karakteriyle seyirci kar\u015f\u0131s\u0131na \u00e7\u0131km\u0131\u015ft\u0131. M\u00fccahit Ko\u00e7ak\u2019\u0131n g\u00f6sterdi\u011fi oyunculuk performans\u0131 izleyiciden tam not al\u0131rken, oyuncunun hayat\u0131na dair detaylar ise merak konusu oldu. Peki, M\u00fccahit Ko\u00e7ak kimdir ka\u00e7 ya\u015f\u0131nda? M\u00fccahit Ko\u00e7ak filmleri ve rolleri<\/p>\n","protected":false},"author":10,"featured_media":209659,"comment_status":"closed","ping_status":"closed","sticky":false,"template":"","format":"standard","meta":{"rank_math_lock_modified_date":false,"footnotes":""},"categories":[491],"tags":[3374,29276,29278,29280,29277,29279],"class_list":["post-209653","post","type-post","status-publish","format-standard","has-post-thumbnail","hentry","category-biyografi","tag-biyografi","tag-micahit-kocak-kimdir","tag-mucahit-kocak-evli-mi","tag-mucahit-kocak-filmleri-ve-dizileri","tag-mucahit-kocak-kac-yasinda","tag-mucahit-kocak-kariyeri"],"_links":{"self":[{"href":"https:\/\/www.tgrthaber.com\/mavikadin\/wp-json\/wp\/v2\/posts\/209653"}],"collection":[{"href":"https:\/\/www.tgrthaber.com\/mavikadin\/wp-json\/wp\/v2\/posts"}],"about":[{"href":"https:\/\/www.tgrthaber.com\/mavikadin\/wp-json\/wp\/v2\/types\/post"}],"author":[{"embeddable":true,"href":"https:\/\/www.tgrthaber.com\/mavikadin\/wp-json\/wp\/v2\/users\/10"}],"replies":[{"embeddable":true,"href":"https:\/\/www.tgrthaber.com\/mavikadin\/wp-json\/wp\/v2\/comments?post=209653"}],"version-history":[{"count":1,"href":"https:\/\/www.tgrthaber.com\/mavikadin\/wp-json\/wp\/v2\/posts\/209653\/revisions"}],"predecessor-version":[{"id":209660,"href":"https:\/\/www.tgrthaber.com\/mavikadin\/wp-json\/wp\/v2\/posts\/209653\/revisions\/209660"}],"wp:featuredmedia":[{"embeddable":true,"href":"https:\/\/www.tgrthaber.com\/mavikadin\/wp-json\/wp\/v2\/media\/209659"}],"wp:attachment":[{"href":"https:\/\/www.tgrthaber.com\/mavikadin\/wp-json\/wp\/v2\/media?parent=209653"}],"wp:term":[{"taxonomy":"category","embeddable":true,"href":"https:\/\/www.tgrthaber.com\/mavikadin\/wp-json\/wp\/v2\/categories?post=209653"},{"taxonomy":"post_tag","embeddable":true,"href":"https:\/\/www.tgrthaber.com\/mavikadin\/wp-json\/wp\/v2\/tags?post=209653"}],"curies":[{"name":"wp","href":"https:\/\/api.w.org\/{rel}","templated":true}]}}