{"id":209689,"date":"2025-07-23T23:09:38","date_gmt":"2025-07-23T20:09:38","guid":{"rendered":"https:\/\/www.tgrthaber.com\/mavikadin\/?p=209689"},"modified":"2025-07-23T23:09:38","modified_gmt":"2025-07-23T20:09:38","slug":"masterchef-kemal-demir-kimdir-kac-yasinda-evli-mi-sefler-ona-profesor-diyor-hayati-merak-edildi","status":"publish","type":"post","link":"https:\/\/www.tgrthaber.com\/mavikadin\/masterchef-kemal-demir-kimdir-kac-yasinda-evli-mi-sefler-ona-profesor-diyor-hayati-merak-edildi\/","title":{"rendered":"MasterChef Kemal Demir kimdir ka\u00e7 ya\u015f\u0131nda evli mi ? \u015eefler ona profes\u00f6r diyor hayat\u0131 merak edildi!"},"content":{"rendered":"<p>TV8 ekranlar\u0131n\u0131n sevilen yar\u0131\u015fma program\u0131 MasterChef T\u00fcrkiye&#8217;de heyecan dorukta! Birbirinden yetenekli yar\u0131\u015fmac\u0131lar\u0131n yer ald\u0131\u011f\u0131 program\u0131n bu ak\u015famki b\u00f6l\u00fcme yeni yar\u0131\u015fmac\u0131lar dahil oldu. 3 grubun yar\u0131\u015fmac\u0131lar\u0131 renkli ki\u015filikleri ve \u00f6zel hayatlar\u0131yla yine dikkat \u00e7ekti. Yar\u0131\u015fmac\u0131lar i\u00e7erisinde yer alan isimlerden biri de Kemal Demir oldu. Kemal Demir tarz\u0131 ile \u015feflerin dikkatini \u00fczerine \u00e7ekerken yar\u0131\u015fmac\u0131n\u0131n hayat\u0131 da merak edildi. Peki MasterChef Kemal Demir kimdir ka\u00e7 ya\u015f\u0131nda? \u0130\u015fte detaylar&#8230;<\/p>\n<h3>MASTERCHEF KEMAL DEM\u0130R K\u0130MD\u0130R KA\u00c7 YA\u015eINDA? \u015eEFLER ONA PROFES\u00d6R D\u0130YOR HAYATI MERAK ED\u0130LD\u0130<\/h3>\n<p class=\"p2\">MasterChef T\u00fcrkiye\u2019de yeni grubun dikkat \u00e7eken isimlerinden biri de Kemal Demir oldu. Kemal Demir 29 ya\u015f\u0131nda aslen Ankaral\u0131d\u0131r. \u0130stanbul\u2019da ikamet eden yar\u0131\u015fmac\u0131 evli ve iki \u00e7ocu\u011fu vard\u0131r. \u015eefler Kemal\u2019i tarz\u0131ndan dolay\u0131 profes\u00f6r olarak adland\u0131rmaktad\u0131r. MasterChef\u2019teki lakab\u0131 profes\u00f6r olarak an\u0131lan Kemal hayat hikayesiyle de dikkat \u00e7ekiyor. \u015eeflerin verdi\u011fi kuru fas\u00fclye ve pilav turunu ba\u015far\u0131yla ge\u00e7en Kemal, \u015fimdi \u00fcst tura \u00e7\u0131kabilmek i\u00e7in m\u00fccadele ediyor.<\/p>\n<p><img loading=\"lazy\" decoding=\"async\" class=\"alignnone wp-image-209690 size-large\" src=\"https:\/\/www.tgrthaber.com\/mavikadin\/wp-content\/uploads\/Ekran-Resmi-2025-07-23-22.58.29-1024x682.png\" alt=\"\" width=\"1024\" height=\"682\" title=\"\" srcset=\"https:\/\/www.tgrthaber.com\/mavikadin\/wp-content\/uploads\/Ekran-Resmi-2025-07-23-22.58.29-1024x682.png 1024w, https:\/\/www.tgrthaber.com\/mavikadin\/wp-content\/uploads\/Ekran-Resmi-2025-07-23-22.58.29-300x200.png 300w, https:\/\/www.tgrthaber.com\/mavikadin\/wp-content\/uploads\/Ekran-Resmi-2025-07-23-22.58.29-768x512.png 768w, https:\/\/www.tgrthaber.com\/mavikadin\/wp-content\/uploads\/Ekran-Resmi-2025-07-23-22.58.29.png 1282w\" sizes=\"(max-width: 1024px) 100vw, 1024px\" \/><\/p>\n<hr \/>\n<h3>MASTERCHEF ANA KADRO HEYECANI HIZ KESMEDEN DEVAM ED\u0130YOR<\/h3>\n<p>MasterChef yeni sezonu h\u0131z kesmeden devam ediyor. Bu ak\u015fam ekranlara gelen b\u00f6l\u00fcmde ana kadroya giren 11. yar\u0131\u015fmac\u0131 a\u00e7\u0131kland\u0131. 3. grup bu ak\u015fam \u015feflerin kendilerine verdi\u011fi kuru fas\u00fclye ve pilav\u0131 en iyi \u015fekilde yaparak bir \u00fcst tura \u00e7\u0131kmaya \u00e7al\u0131\u015ft\u0131. \u00dcst tura \u00e7\u0131kan yar\u0131\u015fmac\u0131lar ise \u00f6zg\u00fcnl\u00fck etab\u0131nda kendilerine verilen kirazla en g\u00fczel taba\u011f\u0131 \u00e7\u0131karmaya \u00e7al\u0131\u015ft\u0131.<\/p>\n<h3><img loading=\"lazy\" decoding=\"async\" class=\"alignnone wp-image-209691 size-large\" src=\"https:\/\/www.tgrthaber.com\/mavikadin\/wp-content\/uploads\/Ekran-Resmi-2025-07-23-18.41.20-2-1024x587.png\" alt=\"\" width=\"1024\" height=\"587\" title=\"\" srcset=\"https:\/\/www.tgrthaber.com\/mavikadin\/wp-content\/uploads\/Ekran-Resmi-2025-07-23-18.41.20-2-1024x587.png 1024w, https:\/\/www.tgrthaber.com\/mavikadin\/wp-content\/uploads\/Ekran-Resmi-2025-07-23-18.41.20-2-300x172.png 300w, https:\/\/www.tgrthaber.com\/mavikadin\/wp-content\/uploads\/Ekran-Resmi-2025-07-23-18.41.20-2-768x440.png 768w, https:\/\/www.tgrthaber.com\/mavikadin\/wp-content\/uploads\/Ekran-Resmi-2025-07-23-18.41.20-2.png 1030w\" sizes=\"(max-width: 1024px) 100vw, 1024px\" \/><\/h3>\n<hr \/>\n<h3 class=\"p2\">MASTERCHEF 2025<span class=\"Apple-converted-space\">\u00a0 <\/span>ANA KADROYA G\u0130REN YARI\u015eMACILAR K\u0130MLER?<\/h3>\n<p class=\"p2\">Furkan<\/p>\n<p class=\"p2\">Eyl\u00fcl<\/p>\n<p class=\"p2\">\u00c7a\u011fatay<\/p>\n<p class=\"p2\">Onur<\/p>\n<p class=\"p2\">Hilal<\/p>\n<p><img loading=\"lazy\" decoding=\"async\" class=\"alignnone wp-image-209692 \" src=\"https:\/\/www.tgrthaber.com\/mavikadin\/wp-content\/uploads\/Ekran-Resmi-2025-07-23-18.45.35-1.png\" alt=\"\" width=\"988\" height=\"772\" title=\"\" srcset=\"https:\/\/www.tgrthaber.com\/mavikadin\/wp-content\/uploads\/Ekran-Resmi-2025-07-23-18.45.35-1.png 814w, https:\/\/www.tgrthaber.com\/mavikadin\/wp-content\/uploads\/Ekran-Resmi-2025-07-23-18.45.35-1-300x234.png 300w, https:\/\/www.tgrthaber.com\/mavikadin\/wp-content\/uploads\/Ekran-Resmi-2025-07-23-18.45.35-1-768x600.png 768w\" sizes=\"(max-width: 988px) 100vw, 988px\" \/><\/p>\n<hr \/>\n<p class=\"p2\">Sercan<\/p>\n<p class=\"p2\">Ayla<\/p>\n<p class=\"p2\">\u0130hsan<\/p>\n<p class=\"p2\">Ayten<\/p>\n<p class=\"p2\">\u00c7a\u011flar<\/p>\n<h3 class=\"p2\">MASTERCHEF ANA KADROYA G\u0130REN YEDEK YARI\u015eMACILAR K\u0130MLER?<\/h3>\n<p class=\"p3\">Elif<\/p>\n<p class=\"p3\">Bilal<\/p>\n<p class=\"p3\">Meryem<\/p>\n<p><img loading=\"lazy\" decoding=\"async\" class=\"alignnone wp-image-209693 size-large\" src=\"https:\/\/www.tgrthaber.com\/mavikadin\/wp-content\/uploads\/Ekran-Resmi-2025-07-23-20.23.55-1-1024x609.png\" alt=\"\" width=\"1024\" height=\"609\" title=\"\" srcset=\"https:\/\/www.tgrthaber.com\/mavikadin\/wp-content\/uploads\/Ekran-Resmi-2025-07-23-20.23.55-1-1024x609.png 1024w, https:\/\/www.tgrthaber.com\/mavikadin\/wp-content\/uploads\/Ekran-Resmi-2025-07-23-20.23.55-1-300x179.png 300w, https:\/\/www.tgrthaber.com\/mavikadin\/wp-content\/uploads\/Ekran-Resmi-2025-07-23-20.23.55-1-768x457.png 768w, https:\/\/www.tgrthaber.com\/mavikadin\/wp-content\/uploads\/Ekran-Resmi-2025-07-23-20.23.55-1-1536x914.png 1536w, https:\/\/www.tgrthaber.com\/mavikadin\/wp-content\/uploads\/Ekran-Resmi-2025-07-23-20.23.55-1.png 1862w\" sizes=\"(max-width: 1024px) 100vw, 1024px\" \/><\/p>\n<hr \/>\n<p class=\"p3\">Do\u011fan<\/p>\n<p class=\"p3\">Nisa,<\/p>\n<p class=\"p3\">\u00a0Bar\u0131\u015f<\/p>\n<p class=\"p3\">Alperen<\/p>\n<p class=\"p3\">Deniz<\/p>\n<h3 class=\"p1\">MASTERCHEF T\u00dcRK\u0130YE\u2019DE \u015e\u0130MD\u0130YE KADAR OLAN \u015eAMP\u0130YONLAR<\/h3>\n<p class=\"p1\">MasterChef T\u00fcrkiye\u2019de \u015fampiyon olan isimler\u2026<\/p>\n<p class=\"p1\">Muzaffer \u015eenduran (2011)<\/p>\n<p class=\"p1\">U\u011fur Karda\u015f (2018)<\/p>\n<p class=\"p1\">Cemre Uyan\u0131k (2019<\/p>\n<p class=\"p1\">Serhat Do\u011framac\u0131 (2020)<\/p>\n<p class=\"p1\">Eren Ka\u015f\u0131k\u00e7\u0131 (2021)<\/p>\n<p class=\"p1\">Metin Yavuz (2022)<\/p>\n<p class=\"p1\">Esra Tokelli (2023)<\/p>\n<p class=\"p1\">Onur \u00dcresin( 2024)<\/p>\n<p><img loading=\"lazy\" decoding=\"async\" class=\"alignnone wp-image-209694 size-large\" src=\"https:\/\/www.tgrthaber.com\/mavikadin\/wp-content\/uploads\/Ekran-Resmi-2025-07-23-23.02.15-1024x661.png\" alt=\"\" width=\"1024\" height=\"661\" title=\"\" srcset=\"https:\/\/www.tgrthaber.com\/mavikadin\/wp-content\/uploads\/Ekran-Resmi-2025-07-23-23.02.15-1024x661.png 1024w, https:\/\/www.tgrthaber.com\/mavikadin\/wp-content\/uploads\/Ekran-Resmi-2025-07-23-23.02.15-300x194.png 300w, https:\/\/www.tgrthaber.com\/mavikadin\/wp-content\/uploads\/Ekran-Resmi-2025-07-23-23.02.15-768x496.png 768w, https:\/\/www.tgrthaber.com\/mavikadin\/wp-content\/uploads\/Ekran-Resmi-2025-07-23-23.02.15-1536x992.png 1536w, https:\/\/www.tgrthaber.com\/mavikadin\/wp-content\/uploads\/Ekran-Resmi-2025-07-23-23.02.15.png 1766w\" sizes=\"(max-width: 1024px) 100vw, 1024px\" \/><\/p>\n<hr \/>\n<h3 class=\"p1\">MASTERCHEF T\u00dcRK\u0130YE&#8217;YE NASIL BA\u015eVURULUR?<\/h3>\n<p>MasterChef T\u00fcrkiye&#8217;ye TV8&#8217;in resmi internet sitesinde yer alan ba\u015fvuru formunu eksiksiz doldurarak ba\u015fvurabilirsiniz.<\/p>\n<p>&nbsp;<\/p>\n","protected":false},"excerpt":{"rendered":"<p>MasterChef T\u00fcrkiye&#8217;nin yeni grup yar\u0131\u015fmac\u0131lar\u0131 aras\u0131nda yer alan Kemal Demir&#8217;in hayat\u0131 merak edildi. Bir \u00fcst tura \u00e7\u0131kabilmek i\u00e7in m\u00fccadele eden yar\u0131\u015fmac\u0131lardan biri olan Kemal prof\u00f6s\u00f6r lakab\u0131yla dikkat \u00e7ekti. Peki MasterChef Kemal Demir kimdir, ka\u00e7 ya\u015f\u0131nda, ne i\u015f yap\u0131yor? \u0130\u015fte detaylar&#8230; <\/p>\n","protected":false},"author":16,"featured_media":209695,"comment_status":"closed","ping_status":"closed","sticky":false,"template":"","format":"standard","meta":{"rank_math_lock_modified_date":false,"footnotes":""},"categories":[491],"tags":[3374,16521,29289,29287,29288],"class_list":["post-209689","post","type-post","status-publish","format-standard","has-post-thumbnail","hentry","category-biyografi","tag-biyografi","tag-biyografi-haberleri","tag-masterchef-kemal-demir-evli-mi","tag-masterchef-kemal-demir-kimdir","tag-masterchef-kemal-demir-masterchef-kemal-demir-kac-yasinda"],"_links":{"self":[{"href":"https:\/\/www.tgrthaber.com\/mavikadin\/wp-json\/wp\/v2\/posts\/209689"}],"collection":[{"href":"https:\/\/www.tgrthaber.com\/mavikadin\/wp-json\/wp\/v2\/posts"}],"about":[{"href":"https:\/\/www.tgrthaber.com\/mavikadin\/wp-json\/wp\/v2\/types\/post"}],"author":[{"embeddable":true,"href":"https:\/\/www.tgrthaber.com\/mavikadin\/wp-json\/wp\/v2\/users\/16"}],"replies":[{"embeddable":true,"href":"https:\/\/www.tgrthaber.com\/mavikadin\/wp-json\/wp\/v2\/comments?post=209689"}],"version-history":[{"count":1,"href":"https:\/\/www.tgrthaber.com\/mavikadin\/wp-json\/wp\/v2\/posts\/209689\/revisions"}],"predecessor-version":[{"id":209696,"href":"https:\/\/www.tgrthaber.com\/mavikadin\/wp-json\/wp\/v2\/posts\/209689\/revisions\/209696"}],"wp:featuredmedia":[{"embeddable":true,"href":"https:\/\/www.tgrthaber.com\/mavikadin\/wp-json\/wp\/v2\/media\/209695"}],"wp:attachment":[{"href":"https:\/\/www.tgrthaber.com\/mavikadin\/wp-json\/wp\/v2\/media?parent=209689"}],"wp:term":[{"taxonomy":"category","embeddable":true,"href":"https:\/\/www.tgrthaber.com\/mavikadin\/wp-json\/wp\/v2\/categories?post=209689"},{"taxonomy":"post_tag","embeddable":true,"href":"https:\/\/www.tgrthaber.com\/mavikadin\/wp-json\/wp\/v2\/tags?post=209689"}],"curies":[{"name":"wp","href":"https:\/\/api.w.org\/{rel}","templated":true}]}}