{"id":209745,"date":"2025-07-24T00:25:38","date_gmt":"2025-07-23T21:25:38","guid":{"rendered":"https:\/\/www.tgrthaber.com\/mavikadin\/?p=209745"},"modified":"2025-07-24T00:25:38","modified_gmt":"2025-07-23T21:25:38","slug":"nazli-sarp-kimdir-ekonomist-nazli-sarp-neden-oldu","status":"publish","type":"post","link":"https:\/\/www.tgrthaber.com\/mavikadin\/nazli-sarp-kimdir-ekonomist-nazli-sarp-neden-oldu\/","title":{"rendered":"Nazl\u0131 Sarp kimdir? Ekonomist Nazl\u0131 Sarp neden \u00f6ld\u00fc?"},"content":{"rendered":"<p>Ekonomist Nazl\u0131 Sarp, \u0130stanbul\u2019daki evinde \u00f6l\u00fc bulunmu\u015ftu. Olayla ilgili polis geni\u015f \u00e7apl\u0131 bir soru\u015fturma ba\u015flatt\u0131. Nazl\u0131 Sarp\u2019\u0131n \u00f6l\u00fcm nedeninin \u015f\u00fcpheli bulunmas\u0131 \u00fczerine olay yerindeki her bir detay olay yeri inceleme ekibi taraf\u0131ndan ara\u015ft\u0131r\u0131l\u0131yor. Peki, Nazl\u0131 Sarp kimdir? Ekonomist Nazl\u0131 Sarp neden \u00f6ld\u00fc?<\/p>\n<h3>NAZLI SARP K\u0130MD\u0130R?<\/h3>\n<p>1998-2012 y\u0131llar\u0131 aras\u0131nda Nazl\u0131 Sarp, Akbank ve HSBC\u2019de kurumsal ve ticari bankac\u0131l\u0131k alanlar\u0131nda \u00f6nemli g\u00f6revlerde yer ald\u0131. \u00c7al\u0131\u015ft\u0131\u011f\u0131 d\u00f6nem i\u00e7erisinde tahsis, finansal analiz ve ticari portf\u00f6y birimlerinde orta d\u00fczey y\u00f6netici olarak g\u00f6rev ald\u0131. Ticari kredi alan\u0131nda y\u00fcr\u00fct\u00fclen bir inbound projede, iki y\u0131l boyunca i\u015f birimini temsilen g\u00f6revlendirildi.<\/p>\n<p><img loading=\"lazy\" decoding=\"async\" class=\"alignnone wp-image-209751 size-full\" src=\"https:\/\/www.tgrthaber.com\/mavikadin\/wp-content\/uploads\/nazli-sarp-kimdir.jpg\" alt=\"\" width=\"1208\" height=\"680\" title=\"\" srcset=\"https:\/\/www.tgrthaber.com\/mavikadin\/wp-content\/uploads\/nazli-sarp-kimdir.jpg 1208w, https:\/\/www.tgrthaber.com\/mavikadin\/wp-content\/uploads\/nazli-sarp-kimdir-300x169.jpg 300w, https:\/\/www.tgrthaber.com\/mavikadin\/wp-content\/uploads\/nazli-sarp-kimdir-1024x576.jpg 1024w, https:\/\/www.tgrthaber.com\/mavikadin\/wp-content\/uploads\/nazli-sarp-kimdir-768x432.jpg 768w\" sizes=\"(max-width: 1208px) 100vw, 1208px\" \/><\/p>\n<hr \/>\n<p>2012\u2019den itibaren y\u00f6netim dan\u0131\u015fmanl\u0131\u011f\u0131na ge\u00e7i\u015f yapan ekonomist Nazl\u0131 Sarp, altyap\u0131 ve yenilenebilir enerji projelerinde finansal dan\u0131\u015fmanl\u0131k hizmeti vererek farkl\u0131 i\u015f kollar\u0131nda da ad\u0131n\u0131 duyurdu. Proje finansman\u0131, ekonomi ve finans alanlar\u0131nda e\u011fitimler verdi.<\/p>\n<p><img loading=\"lazy\" decoding=\"async\" class=\"alignnone wp-image-209752 size-full\" src=\"https:\/\/www.tgrthaber.com\/mavikadin\/wp-content\/uploads\/nazli-sarp.jpg\" alt=\"\" width=\"1208\" height=\"680\" title=\"\" srcset=\"https:\/\/www.tgrthaber.com\/mavikadin\/wp-content\/uploads\/nazli-sarp.jpg 1208w, https:\/\/www.tgrthaber.com\/mavikadin\/wp-content\/uploads\/nazli-sarp-300x169.jpg 300w, https:\/\/www.tgrthaber.com\/mavikadin\/wp-content\/uploads\/nazli-sarp-1024x576.jpg 1024w, https:\/\/www.tgrthaber.com\/mavikadin\/wp-content\/uploads\/nazli-sarp-768x432.jpg 768w\" sizes=\"(max-width: 1208px) 100vw, 1208px\" \/><\/p>\n<hr \/>\n<p>Sarp, kredi ve finansal analiz konular\u0131nda ise \u00e7e\u015fitli yapay zek\u00e2 projelerinin i\u00e7inde bulunarak teknolojik geli\u015fmeleri yak\u0131ndan takip etti. Ekonomist Nazl\u0131 Sarp, D\u00fcnya Gazetesi ve Para &amp; Borsa dergisinde k\u00f6\u015fe yaz\u0131lar\u0131 kaleme ald\u0131.<\/p>\n<p><img loading=\"lazy\" decoding=\"async\" class=\"alignnone wp-image-209753 size-full\" src=\"https:\/\/www.tgrthaber.com\/mavikadin\/wp-content\/uploads\/nazli-sarpin-meslegi.jpg\" alt=\"\" width=\"1208\" height=\"680\" title=\"\" srcset=\"https:\/\/www.tgrthaber.com\/mavikadin\/wp-content\/uploads\/nazli-sarpin-meslegi.jpg 1208w, https:\/\/www.tgrthaber.com\/mavikadin\/wp-content\/uploads\/nazli-sarpin-meslegi-300x169.jpg 300w, https:\/\/www.tgrthaber.com\/mavikadin\/wp-content\/uploads\/nazli-sarpin-meslegi-1024x576.jpg 1024w, https:\/\/www.tgrthaber.com\/mavikadin\/wp-content\/uploads\/nazli-sarpin-meslegi-768x432.jpg 768w\" sizes=\"(max-width: 1208px) 100vw, 1208px\" \/><\/p>\n<hr \/>\n<h3>NAZLI SARP\u2019IN ALDI\u011eI E\u011e\u0130T\u0130MLER<\/h3>\n<p>Nazl\u0131 Sarp, Y\u00fcksek\u00f6\u011frenimine \u0130stanbul \u00dcniversitesi Kimya M\u00fchendisli\u011fi b\u00f6l\u00fcm\u00fcnde ba\u015flad\u0131. Sarp, e\u011fitimini Marmara \u00dcniversitesi \u0130ktisadi ve \u0130dari Bilimler Fak\u00fcltesi Ekonometri b\u00f6l\u00fcm\u00fcnden mezun olarak tamamlad\u0131.<\/p>\n<p><img loading=\"lazy\" decoding=\"async\" class=\"alignnone wp-image-209755 size-full\" src=\"https:\/\/www.tgrthaber.com\/mavikadin\/wp-content\/uploads\/nazli-sarp-okul-hayati.jpg\" alt=\"\" width=\"1208\" height=\"680\" title=\"\" srcset=\"https:\/\/www.tgrthaber.com\/mavikadin\/wp-content\/uploads\/nazli-sarp-okul-hayati.jpg 1208w, https:\/\/www.tgrthaber.com\/mavikadin\/wp-content\/uploads\/nazli-sarp-okul-hayati-300x169.jpg 300w, https:\/\/www.tgrthaber.com\/mavikadin\/wp-content\/uploads\/nazli-sarp-okul-hayati-1024x576.jpg 1024w, https:\/\/www.tgrthaber.com\/mavikadin\/wp-content\/uploads\/nazli-sarp-okul-hayati-768x432.jpg 768w\" sizes=\"(max-width: 1208px) 100vw, 1208px\" \/><\/p>\n<hr \/>\n<p>Bo\u011fazi\u00e7i \u00dcniversitesi\u2019nde Y\u00f6netim Bili\u015fim Sistemleri (MIS) alan\u0131nda bir y\u0131l e\u011fitim ald\u0131. Kendisini s\u00fcrekli geli\u015ftiren ve teknolojik geli\u015fmeleri daha da yak\u0131ndan alg\u0131lay\u0131p kullanabilmek i\u00e7in makine \u00f6\u011frenerek, veri analizi konular\u0131nda \u00e7al\u0131\u015fmalar y\u00fcr\u00fctt\u00fc.<\/p>\n<p><img loading=\"lazy\" decoding=\"async\" class=\"alignnone wp-image-209754 size-full\" src=\"https:\/\/www.tgrthaber.com\/mavikadin\/wp-content\/uploads\/nazli-sarp-neden-oldu.jpg\" alt=\"\" width=\"1208\" height=\"680\" title=\"\" srcset=\"https:\/\/www.tgrthaber.com\/mavikadin\/wp-content\/uploads\/nazli-sarp-neden-oldu.jpg 1208w, https:\/\/www.tgrthaber.com\/mavikadin\/wp-content\/uploads\/nazli-sarp-neden-oldu-300x169.jpg 300w, https:\/\/www.tgrthaber.com\/mavikadin\/wp-content\/uploads\/nazli-sarp-neden-oldu-1024x576.jpg 1024w, https:\/\/www.tgrthaber.com\/mavikadin\/wp-content\/uploads\/nazli-sarp-neden-oldu-768x432.jpg 768w\" sizes=\"(max-width: 1208px) 100vw, 1208px\" \/><\/p>\n<hr \/>\n<h3>NAZLI SARP NEDEN \u00d6LD\u00dc?<\/h3>\n<p>Nazl\u0131 Sarp\u2019\u0131n beklenmedik \u00f6l\u00fcm\u00fc yak\u0131n \u00e7evresini ve ekonomist d\u00fcnyas\u0131n\u0131 \u015foke etti. Ekonomist Nazl\u0131 Sarp\u2019\u0131n cans\u0131z bedeni, Adli T\u0131p Kurumu\u2019na sevk edilerek \u00f6l\u00fcm\u00fcne neden olan olay\u0131n bulunmas\u0131 i\u00e7in ara\u015ft\u0131r\u0131lmalar devam ediyor. Sarp\u2019\u0131n \u00f6l\u00fcm nedeni Adli T\u0131p incelemesinin a\u00e7\u0131klad\u0131\u011f\u0131 rapor do\u011frultunda belli olacak. Nazl\u0131 Sarp\u2019\u0131n \u00f6l\u00fc olarak bulundu\u011fu olay yerinde incelemelere gelen savc\u0131, Nazl\u0131 Sarp&#8217;\u0131n \u00f6l\u00fcm\u00fcn\u00fc &#8216;\u015f\u00fcpheli&#8217; olarak de\u011ferlendirdi\u011fi ifade etti.<\/p>\n<p>&nbsp;<\/p>\n","protected":false},"excerpt":{"rendered":"<p>Evinde cans\u0131z bedeni bulunan D\u00fcnya Gazetesi ve Para &#038; Borsa dergisinde k\u00f6\u015fe yazarl\u0131\u011f\u0131 yapan Nazl\u0131 Sarp\u2019\u0131n \u00f6l\u00fcm\u00fc herkesi \u015foke etti. Peki, Nazl\u0131 Sarp kimdir? Ekonomist Nazl\u0131 Sarp neden \u00f6ld\u00fc?<\/p>\n","protected":false},"author":10,"featured_media":209757,"comment_status":"closed","ping_status":"closed","sticky":false,"template":"","format":"standard","meta":{"rank_math_lock_modified_date":false,"footnotes":""},"categories":[491],"tags":[3374,29302,29303,29304,29306,29305],"class_list":["post-209745","post","type-post","status-publish","format-standard","has-post-thumbnail","hentry","category-biyografi","tag-biyografi","tag-nazli-sarp","tag-nazli-sarp-kimdir","tag-nazli-sarp-meslegi","tag-nazli-sarp-neden-oldu","tag-nazli-sarp-okulu"],"_links":{"self":[{"href":"https:\/\/www.tgrthaber.com\/mavikadin\/wp-json\/wp\/v2\/posts\/209745"}],"collection":[{"href":"https:\/\/www.tgrthaber.com\/mavikadin\/wp-json\/wp\/v2\/posts"}],"about":[{"href":"https:\/\/www.tgrthaber.com\/mavikadin\/wp-json\/wp\/v2\/types\/post"}],"author":[{"embeddable":true,"href":"https:\/\/www.tgrthaber.com\/mavikadin\/wp-json\/wp\/v2\/users\/10"}],"replies":[{"embeddable":true,"href":"https:\/\/www.tgrthaber.com\/mavikadin\/wp-json\/wp\/v2\/comments?post=209745"}],"version-history":[{"count":1,"href":"https:\/\/www.tgrthaber.com\/mavikadin\/wp-json\/wp\/v2\/posts\/209745\/revisions"}],"predecessor-version":[{"id":209758,"href":"https:\/\/www.tgrthaber.com\/mavikadin\/wp-json\/wp\/v2\/posts\/209745\/revisions\/209758"}],"wp:featuredmedia":[{"embeddable":true,"href":"https:\/\/www.tgrthaber.com\/mavikadin\/wp-json\/wp\/v2\/media\/209757"}],"wp:attachment":[{"href":"https:\/\/www.tgrthaber.com\/mavikadin\/wp-json\/wp\/v2\/media?parent=209745"}],"wp:term":[{"taxonomy":"category","embeddable":true,"href":"https:\/\/www.tgrthaber.com\/mavikadin\/wp-json\/wp\/v2\/categories?post=209745"},{"taxonomy":"post_tag","embeddable":true,"href":"https:\/\/www.tgrthaber.com\/mavikadin\/wp-json\/wp\/v2\/tags?post=209745"}],"curies":[{"name":"wp","href":"https:\/\/api.w.org\/{rel}","templated":true}]}}