{"id":210009,"date":"2025-07-24T14:02:47","date_gmt":"2025-07-24T11:02:47","guid":{"rendered":"https:\/\/www.tgrthaber.com\/mavikadin\/?p=210009"},"modified":"2025-07-24T14:02:48","modified_gmt":"2025-07-24T11:02:48","slug":"anne-estetigi-nedir-dogum-sonrasi-vucutta-olusan-etkiler-en-aza-indiriliyor","status":"publish","type":"post","link":"https:\/\/www.tgrthaber.com\/mavikadin\/anne-estetigi-nedir-dogum-sonrasi-vucutta-olusan-etkiler-en-aza-indiriliyor\/","title":{"rendered":"Anne esteti\u011fi nedir? Do\u011fum sonras\u0131 v\u00fccutta olu\u015fan etkiler en aza indiriliyor"},"content":{"rendered":"<p>Plastik Rekonstr\u00fcktif ve Estetik Cerrahi Uzman\u0131 Opr. Dr. Kamil Y\u0131ld\u0131r\u0131m, do\u011fum sonras\u0131 v\u00fccutta olu\u015fan kal\u0131c\u0131 etkilerin estetik cerrahiyle giderilebilece\u011fini belirterek, &#8220;Anne esteti\u011fi, bir toplumsal beklenti de\u011fil; kad\u0131n\u0131n kendini yeniden iyi hissetme aray\u0131\u015f\u0131d\u0131r&#8221; dedi.<\/p>\n<h3>ANNE ESTET\u0130\u011e\u0130 NED\u0130R?<\/h3>\n<p>Samsun B\u00fcy\u00fck Anadolu Hastaneleri\u2019nde g\u00f6revli Opr. Dr. Kamil Y\u0131ld\u0131r\u0131m, hamilelik, do\u011fum ve emzirme s\u00fcrecinde kad\u0131n v\u00fccudunda meydana gelen de\u011fi\u015fimlere kar\u015f\u0131 uygulanan &#8220;anne esteti\u011fi&#8221; hakk\u0131nda bilgi verdi.<\/p>\n<p><img loading=\"lazy\" decoding=\"async\" class=\"alignnone size-full wp-image-210014\" src=\"https:\/\/www.tgrthaber.com\/mavikadin\/wp-content\/uploads\/anne-1.png\" alt=\"\" width=\"1208\" height=\"680\" title=\"\" srcset=\"https:\/\/www.tgrthaber.com\/mavikadin\/wp-content\/uploads\/anne-1.png 1208w, https:\/\/www.tgrthaber.com\/mavikadin\/wp-content\/uploads\/anne-1-300x169.png 300w, https:\/\/www.tgrthaber.com\/mavikadin\/wp-content\/uploads\/anne-1-1024x576.png 1024w, https:\/\/www.tgrthaber.com\/mavikadin\/wp-content\/uploads\/anne-1-768x432.png 768w\" sizes=\"(max-width: 1208px) 100vw, 1208px\" \/><\/p>\n<hr \/>\n<p>Opr. Dr. Kamil Y\u0131ld\u0131r\u0131m, hamilelik ve do\u011fum sonras\u0131 v\u00fccutta meydana gelen de\u011fi\u015fimlere kar\u015f\u0131 uygulanan &#8220;anne esteti\u011fi&#8221; hakk\u0131nda a\u00e7\u0131klamalarda bulundu. Hamilelik, do\u011fum ve emzirme s\u00fcrecinin kad\u0131n v\u00fccudunda kal\u0131c\u0131 etkiler b\u0131rakt\u0131\u011f\u0131n\u0131 belirten Op. Dr. Y\u0131ld\u0131r\u0131m, bu s\u00fcre\u00e7lerin ard\u0131ndan ki\u015finin hem fiziksel hem de psikolojik olarak kendini daha iyi hissetmesi i\u00e7in ki\u015fiye \u00f6zel estetik \u00e7\u00f6z\u00fcmler sunuldu\u011funu ifade ederek, &#8220;Anne esteti\u011fi; kar\u0131n sarkmalar\u0131ndan meme \u015fekil bozukluklar\u0131na, inat\u00e7\u0131 b\u00f6lgesel ya\u011flardan iste\u011fe ba\u011fl\u0131 genital esteti\u011fe kadar pek \u00e7ok m\u00fcdahaleyi kapsayan b\u00fct\u00fcnsel bir yakla\u015f\u0131m sunuyor&#8221; diye konu\u015ftu.<\/p>\n<p><img loading=\"lazy\" decoding=\"async\" class=\"alignnone size-full wp-image-210015\" src=\"https:\/\/www.tgrthaber.com\/mavikadin\/wp-content\/uploads\/anne-3.png\" alt=\"\" width=\"1208\" height=\"680\" title=\"\" srcset=\"https:\/\/www.tgrthaber.com\/mavikadin\/wp-content\/uploads\/anne-3.png 1208w, https:\/\/www.tgrthaber.com\/mavikadin\/wp-content\/uploads\/anne-3-300x169.png 300w, https:\/\/www.tgrthaber.com\/mavikadin\/wp-content\/uploads\/anne-3-1024x576.png 1024w, https:\/\/www.tgrthaber.com\/mavikadin\/wp-content\/uploads\/anne-3-768x432.png 768w\" sizes=\"(max-width: 1208px) 100vw, 1208px\" \/><\/p>\n<hr \/>\n<p><strong>Opr. Dr. Y\u0131ld\u0131r\u0131m, s\u00f6zlerine \u015f\u00f6yle devam etti:<\/strong><\/p>\n<p>&#8220;Burada yapt\u0131\u011f\u0131m\u0131z uygulamalar aras\u0131nda; Kar\u0131n germe: Hamilelik sonras\u0131 sarkan kar\u0131n b\u00f6lgesini toparlama Meme esteti\u011fi: Emzirme sonras\u0131 \u015fekil de\u011fi\u015fikli\u011fi ya\u015fayan memeler i\u00e7in dikle\u015ftirme, b\u00fcy\u00fctme veya k\u00fc\u00e7\u00fcltme. Liposuction: Kal\u00e7a ve bel \u00e7evresindeki diren\u00e7li ya\u011flar\u0131n giderilmesi. Genital estetik: Talep do\u011frultusunda ger\u00e7ekle\u015ftirilen operasyonlar.&#8221;<\/p>\n<p><img loading=\"lazy\" decoding=\"async\" class=\"alignnone size-full wp-image-210016\" src=\"https:\/\/www.tgrthaber.com\/mavikadin\/wp-content\/uploads\/anne-5.png\" alt=\"\" width=\"1208\" height=\"680\" title=\"\" srcset=\"https:\/\/www.tgrthaber.com\/mavikadin\/wp-content\/uploads\/anne-5.png 1208w, https:\/\/www.tgrthaber.com\/mavikadin\/wp-content\/uploads\/anne-5-300x169.png 300w, https:\/\/www.tgrthaber.com\/mavikadin\/wp-content\/uploads\/anne-5-1024x576.png 1024w, https:\/\/www.tgrthaber.com\/mavikadin\/wp-content\/uploads\/anne-5-768x432.png 768w\" sizes=\"(max-width: 1208px) 100vw, 1208px\" \/><\/p>\n<hr \/>\n<h3>&#8220;\u00d6NCEL\u0130K SA\u011eLIK VE PS\u0130KOLOJ\u0130K \u0130Y\u0130L\u0130K HAL\u0130&#8221;<\/h3>\n<p>Y\u0131ld\u0131r\u0131m, bu uygulamalardan do\u011fum yapm\u0131\u015f, emzirme s\u00fcrecini tamamlam\u0131\u015f ve genel sa\u011fl\u0131k durumu uygun olan bireylerin yararlanabilece\u011fini kaydederek \u015funlar\u0131 s\u00f6yledi:<\/p>\n<p><img loading=\"lazy\" decoding=\"async\" class=\"alignnone size-full wp-image-210017\" src=\"https:\/\/www.tgrthaber.com\/mavikadin\/wp-content\/uploads\/anne-2.png\" alt=\"\" width=\"1208\" height=\"680\" title=\"\" srcset=\"https:\/\/www.tgrthaber.com\/mavikadin\/wp-content\/uploads\/anne-2.png 1208w, https:\/\/www.tgrthaber.com\/mavikadin\/wp-content\/uploads\/anne-2-300x169.png 300w, https:\/\/www.tgrthaber.com\/mavikadin\/wp-content\/uploads\/anne-2-1024x576.png 1024w, https:\/\/www.tgrthaber.com\/mavikadin\/wp-content\/uploads\/anne-2-768x432.png 768w\" sizes=\"(max-width: 1208px) 100vw, 1208px\" \/><\/p>\n<hr \/>\n<p>&#8220;Bu i\u015flemler toplumsal g\u00fczellik kal\u0131plar\u0131na uyum sa\u011flamak i\u00e7in de\u011fil, kad\u0131nlar\u0131n kendini yeniden iyi ve \u00f6zg\u00fcvenli hissetmeleri i\u00e7in tercih ediliyor. Ayn\u0131 zamanda psikolojik bir rahatlama s\u00fcrecidir. Bu t\u00fcr m\u00fcdahalelere karar vermeden \u00f6nce mutlaka bir hekime ba\u015fvurulmal\u0131, detayl\u0131 bilgi uzman g\u00f6r\u00fc\u015fmesiyle edinilmelidir.&#8221;<\/p>\n","protected":false},"excerpt":{"rendered":"<p>Anne esteti\u011fi nedir merak ediliyor. Do\u011fum yapm\u0131\u015f ya da emzirme s\u00fcrecini tamamlam\u0131\u015f ki\u015filerin yapt\u0131raca\u011f\u0131 bu estetik \u015fu s\u0131ralar olduk\u00e7a pop\u00fcler.<\/p>\n","protected":false},"author":5,"featured_media":210018,"comment_status":"closed","ping_status":"closed","sticky":false,"template":"","format":"standard","meta":{"rank_math_lock_modified_date":false,"footnotes":""},"categories":[111],"tags":[29358,251,173],"class_list":["post-210009","post","type-post","status-publish","format-standard","has-post-thumbnail","hentry","category-anne-cocuk","tag-anne-estetigi","tag-estetik","tag-saglik"],"_links":{"self":[{"href":"https:\/\/www.tgrthaber.com\/mavikadin\/wp-json\/wp\/v2\/posts\/210009"}],"collection":[{"href":"https:\/\/www.tgrthaber.com\/mavikadin\/wp-json\/wp\/v2\/posts"}],"about":[{"href":"https:\/\/www.tgrthaber.com\/mavikadin\/wp-json\/wp\/v2\/types\/post"}],"author":[{"embeddable":true,"href":"https:\/\/www.tgrthaber.com\/mavikadin\/wp-json\/wp\/v2\/users\/5"}],"replies":[{"embeddable":true,"href":"https:\/\/www.tgrthaber.com\/mavikadin\/wp-json\/wp\/v2\/comments?post=210009"}],"version-history":[{"count":2,"href":"https:\/\/www.tgrthaber.com\/mavikadin\/wp-json\/wp\/v2\/posts\/210009\/revisions"}],"predecessor-version":[{"id":210020,"href":"https:\/\/www.tgrthaber.com\/mavikadin\/wp-json\/wp\/v2\/posts\/210009\/revisions\/210020"}],"wp:featuredmedia":[{"embeddable":true,"href":"https:\/\/www.tgrthaber.com\/mavikadin\/wp-json\/wp\/v2\/media\/210018"}],"wp:attachment":[{"href":"https:\/\/www.tgrthaber.com\/mavikadin\/wp-json\/wp\/v2\/media?parent=210009"}],"wp:term":[{"taxonomy":"category","embeddable":true,"href":"https:\/\/www.tgrthaber.com\/mavikadin\/wp-json\/wp\/v2\/categories?post=210009"},{"taxonomy":"post_tag","embeddable":true,"href":"https:\/\/www.tgrthaber.com\/mavikadin\/wp-json\/wp\/v2\/tags?post=210009"}],"curies":[{"name":"wp","href":"https:\/\/api.w.org\/{rel}","templated":true}]}}