{"id":210036,"date":"2025-07-24T15:07:12","date_gmt":"2025-07-24T12:07:12","guid":{"rendered":"https:\/\/www.tgrthaber.com\/mavikadin\/?p=210036"},"modified":"2025-07-24T15:07:12","modified_gmt":"2025-07-24T12:07:12","slug":"sanatci-nurettin-rencberin-yegeni-kimdir-osman-aydin-kac-yasinda-ne-is-yapiyor","status":"publish","type":"post","link":"https:\/\/www.tgrthaber.com\/mavikadin\/sanatci-nurettin-rencberin-yegeni-kimdir-osman-aydin-kac-yasinda-ne-is-yapiyor\/","title":{"rendered":"Sanat\u00e7\u0131 Nurettin Ren\u00e7ber\u2019in ye\u011feni kimdir? Osman Ayd\u0131n ka\u00e7 ya\u015f\u0131nda ne i\u015f yap\u0131yor?"},"content":{"rendered":"<p>Sanat\u00e7\u0131 kimli\u011fi ile tan\u0131nan Nurettin Ren\u00e7ber\u2019in ye\u011feni evinde \u00f6l\u00fc bulundu. Bu haberler sonras\u0131 Nurettin Ren\u00e7ber\u2019in ye\u011feni Osman Ayd\u0131n hakk\u0131nda detaylar merak edildi. Peki Sanat\u00e7\u0131 Nurettin Ren\u00e7ber\u2019in ye\u011feni kimdir? Osman Ayd\u0131n ka\u00e7 ya\u015f\u0131nda ne i\u015f yap\u0131yor? merak edilen sorular\u0131 sizin i\u00e7in ara\u015ft\u0131rd\u0131k. \u0130\u015fte detaylar\u2026<\/p>\n<h3>SANAT\u00c7I NURETT\u0130N REN\u00c7BER\u2019\u0130N YE\u011eEN\u0130 K\u0130MD\u0130R?<\/h3>\n<p>\u00dcnl\u00fc sanat\u00e7\u0131 Nurettin Ren\u00e7ber, zaman zaman t\u00fcrk\u00fcleri ile g\u00fcndeme gelirken bazen de aile ya\u015fant\u0131s\u0131 ile g\u00fcndeme geliyor. Nurettin Ren\u00e7ber\u2019in ye\u011feni Osman Ayd\u0131n ge\u00e7ti\u011fimiz dakikalarda evinde \u00f6l\u00fc bulundu. Mersin\u2019in Erdemli il\u00e7esinde g\u00f6rev yapan Osman Ayd\u0131n, i\u015fine gitmedi\u011fi i\u00e7in merak edildi. Mesai arkada\u015flar\u0131n\u0131n merak etti\u011fi Osman Ayd\u0131n, tek ba\u015f\u0131na ya\u015fad\u0131\u011f\u0131 evde \u00f6l\u00fc bulundu.<\/p>\n<p><img loading=\"lazy\" decoding=\"async\" class=\"alignnone size-full wp-image-210045\" src=\"https:\/\/www.tgrthaber.com\/mavikadin\/wp-content\/uploads\/ARZU-2025-07-24T150249.570.jpg\" alt=\"Sanat\u00e7\u0131 Nurettin Ren\u00e7ber\u2019in ye\u011feni kimdir? Osman Ayd\u0131n ka\u00e7 ya\u015f\u0131nda ne i\u015f yap\u0131yor?\" width=\"1208\" height=\"680\" title=\"\" srcset=\"https:\/\/www.tgrthaber.com\/mavikadin\/wp-content\/uploads\/ARZU-2025-07-24T150249.570.jpg 1208w, https:\/\/www.tgrthaber.com\/mavikadin\/wp-content\/uploads\/ARZU-2025-07-24T150249.570-300x169.jpg 300w, https:\/\/www.tgrthaber.com\/mavikadin\/wp-content\/uploads\/ARZU-2025-07-24T150249.570-1024x576.jpg 1024w, https:\/\/www.tgrthaber.com\/mavikadin\/wp-content\/uploads\/ARZU-2025-07-24T150249.570-768x432.jpg 768w\" sizes=\"(max-width: 1208px) 100vw, 1208px\" \/><\/p>\n<hr \/>\n<p>\u0130\u015fine gitmeyince arkada\u015flar\u0131n\u0131n meraklanmas\u0131 \u00fczerine Osman Ayd\u0131n\u2019\u0131n kald\u0131\u011f\u0131 evin yetkilileri aranarak kontrol edilmesi istendi. Bunun \u00fczerine site g\u00f6revlisi evi kontrol edince Osman Ayd\u0131n\u2019\u0131n evinden g\u00fcn i\u00e7inde \u00e7\u0131kmad\u0131\u011f\u0131n\u0131 s\u00f6yledi.<\/p>\n<p><img loading=\"lazy\" decoding=\"async\" class=\"alignnone size-full wp-image-210042\" src=\"https:\/\/www.tgrthaber.com\/mavikadin\/wp-content\/uploads\/ARZU-2025-07-24T150312.236.jpg\" alt=\"Sanat\u00e7\u0131 Nurettin Ren\u00e7ber\u2019in ye\u011feni kimdir? Osman Ayd\u0131n ka\u00e7 ya\u015f\u0131nda ne i\u015f yap\u0131yor?\" width=\"1208\" height=\"680\" title=\"\" srcset=\"https:\/\/www.tgrthaber.com\/mavikadin\/wp-content\/uploads\/ARZU-2025-07-24T150312.236.jpg 1208w, https:\/\/www.tgrthaber.com\/mavikadin\/wp-content\/uploads\/ARZU-2025-07-24T150312.236-300x169.jpg 300w, https:\/\/www.tgrthaber.com\/mavikadin\/wp-content\/uploads\/ARZU-2025-07-24T150312.236-1024x576.jpg 1024w, https:\/\/www.tgrthaber.com\/mavikadin\/wp-content\/uploads\/ARZU-2025-07-24T150312.236-768x432.jpg 768w\" sizes=\"(max-width: 1208px) 100vw, 1208px\" \/><\/p>\n<hr \/>\n<p>Olay yerine \u00e7ok say\u0131da g\u00fcvenlik ve sa\u011fl\u0131k ekipleri \u00e7a\u011fr\u0131ld\u0131. Osman Ayd\u0131n\u2019\u0131n evine giren ekipler Ayd\u0131n\u2019\u0131n cans\u0131z bedeni ile kar\u015f\u0131la\u015ft\u0131. Eve de yap\u0131lan incelemelerin ard\u0131ndan Osman Ayd\u0131n\u2019\u0131n cenazesi otopsi yap\u0131lmak \u00fczere hastaneye sevk edildi.<\/p>\n<h3><img loading=\"lazy\" decoding=\"async\" class=\"alignnone size-full wp-image-210044\" src=\"https:\/\/www.tgrthaber.com\/mavikadin\/wp-content\/uploads\/ARZU-2025-07-24T150259.319.jpg\" alt=\"Sanat\u00e7\u0131 Nurettin Ren\u00e7ber\u2019in ye\u011feni kimdir? Osman Ayd\u0131n ka\u00e7 ya\u015f\u0131nda ne i\u015f yap\u0131yor?\" width=\"1208\" height=\"680\" title=\"\" srcset=\"https:\/\/www.tgrthaber.com\/mavikadin\/wp-content\/uploads\/ARZU-2025-07-24T150259.319.jpg 1208w, https:\/\/www.tgrthaber.com\/mavikadin\/wp-content\/uploads\/ARZU-2025-07-24T150259.319-300x169.jpg 300w, https:\/\/www.tgrthaber.com\/mavikadin\/wp-content\/uploads\/ARZU-2025-07-24T150259.319-1024x576.jpg 1024w, https:\/\/www.tgrthaber.com\/mavikadin\/wp-content\/uploads\/ARZU-2025-07-24T150259.319-768x432.jpg 768w\" sizes=\"(max-width: 1208px) 100vw, 1208px\" \/><\/h3>\n<hr \/>\n<h3>OSMAN AYDIN KA\u00c7 YA\u015eINDA?<\/h3>\n<p>\u00dcnl\u00fc sanat\u00e7\u0131 Nurettin Ren\u00e7ber\u2019in ye\u011feni oldu\u011fu tespit edilen Osman Ayd\u0131n, tek ba\u015f\u0131n kald\u0131\u011f\u0131 evinde \u00f6l\u00fc bulunmas\u0131 \u00fczerine merak edildi. Osman Ayd\u0131n hakk\u0131nda bilgiler arama motorlar\u0131nda ara\u015ft\u0131r\u0131lmaya ba\u015fland\u0131. 48 ya\u015f\u0131nda olan Osman Ayd\u0131n, Mersin\u2019in Erdemli il\u00e7esinde g\u00f6rev yapt\u0131\u011f\u0131 bilgisi kamuoyunda yer ald\u0131.<\/p>\n<p><img loading=\"lazy\" decoding=\"async\" class=\"alignnone size-full wp-image-210040\" src=\"https:\/\/www.tgrthaber.com\/mavikadin\/wp-content\/uploads\/ARZU-2025-07-24T150333.472.jpg\" alt=\"Sanat\u00e7\u0131 Nurettin Ren\u00e7ber\u2019in ye\u011feni kimdir? Osman Ayd\u0131n ka\u00e7 ya\u015f\u0131nda ne i\u015f yap\u0131yor?\" width=\"1208\" height=\"680\" title=\"\" srcset=\"https:\/\/www.tgrthaber.com\/mavikadin\/wp-content\/uploads\/ARZU-2025-07-24T150333.472.jpg 1208w, https:\/\/www.tgrthaber.com\/mavikadin\/wp-content\/uploads\/ARZU-2025-07-24T150333.472-300x169.jpg 300w, https:\/\/www.tgrthaber.com\/mavikadin\/wp-content\/uploads\/ARZU-2025-07-24T150333.472-1024x576.jpg 1024w, https:\/\/www.tgrthaber.com\/mavikadin\/wp-content\/uploads\/ARZU-2025-07-24T150333.472-768x432.jpg 768w\" sizes=\"(max-width: 1208px) 100vw, 1208px\" \/><\/p>\n<hr \/>\n<p>\u0130l\u00e7eye ba\u011fl\u0131 Limonlu Mahallesi\u2019ndeki Aile Sa\u011fl\u0131\u011f\u0131 merkezinde g\u00f6revli olan Osman Ayd\u0131n\u2019\u0131n hakk\u0131nda bilgiler kamuoyunda s\u0131n\u0131rl\u0131 bir \u015fekilde bulunmu\u015ftur. Do\u011fum tarihi ve \u00f6zel hayat\u0131 hakk\u0131nda bilgiler kamuoyunda bulunamam\u0131\u015ft\u0131r.<\/p>\n<h3><img loading=\"lazy\" decoding=\"async\" class=\"alignnone size-full wp-image-210043\" src=\"https:\/\/www.tgrthaber.com\/mavikadin\/wp-content\/uploads\/ARZU-2025-07-24T150303.423.jpg\" alt=\"Sanat\u00e7\u0131 Nurettin Ren\u00e7ber\u2019in ye\u011feni kimdir? Osman Ayd\u0131n ka\u00e7 ya\u015f\u0131nda ne i\u015f yap\u0131yor?\" width=\"1208\" height=\"680\" title=\"\" srcset=\"https:\/\/www.tgrthaber.com\/mavikadin\/wp-content\/uploads\/ARZU-2025-07-24T150303.423.jpg 1208w, https:\/\/www.tgrthaber.com\/mavikadin\/wp-content\/uploads\/ARZU-2025-07-24T150303.423-300x169.jpg 300w, https:\/\/www.tgrthaber.com\/mavikadin\/wp-content\/uploads\/ARZU-2025-07-24T150303.423-1024x576.jpg 1024w, https:\/\/www.tgrthaber.com\/mavikadin\/wp-content\/uploads\/ARZU-2025-07-24T150303.423-768x432.jpg 768w\" sizes=\"(max-width: 1208px) 100vw, 1208px\" \/><\/h3>\n<hr \/>\n<h3>OSMAN AYDIN NE \u0130\u015e YAPIYOR?<\/h3>\n<p>Mersin\u2019de ya\u015fam\u0131n\u0131 s\u00fcrd\u00fcren Osman Ayd\u0131n, evinde \u00f6l\u00fc bulunmas\u0131 \u00fczerine arama motorlar\u0131nda en \u00e7ok arat\u0131lanlar aras\u0131nda yer ald\u0131. Al\u0131nan bilgilere g\u00f6re, Ayd\u0131n\u2019\u0131n il\u00e7eye ba\u011fl\u0131 Limonlu Mahallesi\u2019ndeki Aile Sa\u011fl\u0131\u011f\u0131 Merkezi\u2019nde g\u00f6revli doktor oldu\u011fu \u00f6\u011frenildi. Mesai arkada\u015flar\u0131n\u0131n Osman Ayd\u0131n\u2019\u0131 merak etmesi \u00fczerine kald\u0131\u011f\u0131 evin g\u00fcvenlik ekipleri taraf\u0131nca kontrol edilmesi ile evinde \u00f6l\u00fc bulundu\u011fu bilgisi kamuoyuna yans\u0131d\u0131.<\/p>\n<p><img loading=\"lazy\" decoding=\"async\" class=\"alignnone size-full wp-image-210041\" src=\"https:\/\/www.tgrthaber.com\/mavikadin\/wp-content\/uploads\/ARZU-2025-07-24T150321.096.jpg\" alt=\"Sanat\u00e7\u0131 Nurettin Ren\u00e7ber\u2019in ye\u011feni kimdir? Osman Ayd\u0131n ka\u00e7 ya\u015f\u0131nda ne i\u015f yap\u0131yor?\" width=\"1208\" height=\"680\" title=\"\" srcset=\"https:\/\/www.tgrthaber.com\/mavikadin\/wp-content\/uploads\/ARZU-2025-07-24T150321.096.jpg 1208w, https:\/\/www.tgrthaber.com\/mavikadin\/wp-content\/uploads\/ARZU-2025-07-24T150321.096-300x169.jpg 300w, https:\/\/www.tgrthaber.com\/mavikadin\/wp-content\/uploads\/ARZU-2025-07-24T150321.096-1024x576.jpg 1024w, https:\/\/www.tgrthaber.com\/mavikadin\/wp-content\/uploads\/ARZU-2025-07-24T150321.096-768x432.jpg 768w\" sizes=\"(max-width: 1208px) 100vw, 1208px\" \/><\/p>\n<hr \/>\n<p>G\u00fcvenlik ve sa\u011fl\u0131k ekiplerinin eve gitmesi ile Osman Ayd\u0131n\u2019\u0131n cans\u0131z bedeniyle kar\u015f\u0131la\u015ft\u0131lar. Yap\u0131lan incelemelerin ard\u0131ndan Osman Ayd\u0131n\u2019\u0131n cenazesi otopsi i\u00e7in hastaneye kald\u0131r\u0131ld\u0131.<\/p>\n","protected":false},"excerpt":{"rendered":"<p>\u00dcnl\u00fc sanat\u00e7\u0131 Nurettin Ren\u00e7ber\u2019in ye\u011feni Osman Ayd\u0131n, evinde \u00f6l\u00fc bulundu. Sanat\u00e7\u0131 Nurettin Ren\u00e7ber\u2019in ye\u011feni hakk\u0131nda detaylar merak edildi. Peki, Sanat\u00e7\u0131 Nurettin Ren\u00e7ber\u2019in ye\u011feni kimdir? Osman Ayd\u0131n ka\u00e7 ya\u015f\u0131nda ne i\u015f yap\u0131yor? \u0130\u015fte detaylar\u2026<\/p>\n","protected":false},"author":34,"featured_media":210039,"comment_status":"closed","ping_status":"closed","sticky":false,"template":"","format":"standard","meta":{"rank_math_lock_modified_date":false,"footnotes":""},"categories":[491],"tags":[16521,29361,29363,29362,29364],"class_list":["post-210036","post","type-post","status-publish","format-standard","has-post-thumbnail","hentry","category-biyografi","tag-biyografi-haberleri","tag-nurettin-rencber","tag-nurettin-rencberin-yegeni","tag-osman-aydin","tag-osman-aydin-isi"],"_links":{"self":[{"href":"https:\/\/www.tgrthaber.com\/mavikadin\/wp-json\/wp\/v2\/posts\/210036"}],"collection":[{"href":"https:\/\/www.tgrthaber.com\/mavikadin\/wp-json\/wp\/v2\/posts"}],"about":[{"href":"https:\/\/www.tgrthaber.com\/mavikadin\/wp-json\/wp\/v2\/types\/post"}],"author":[{"embeddable":true,"href":"https:\/\/www.tgrthaber.com\/mavikadin\/wp-json\/wp\/v2\/users\/34"}],"replies":[{"embeddable":true,"href":"https:\/\/www.tgrthaber.com\/mavikadin\/wp-json\/wp\/v2\/comments?post=210036"}],"version-history":[{"count":1,"href":"https:\/\/www.tgrthaber.com\/mavikadin\/wp-json\/wp\/v2\/posts\/210036\/revisions"}],"predecessor-version":[{"id":210051,"href":"https:\/\/www.tgrthaber.com\/mavikadin\/wp-json\/wp\/v2\/posts\/210036\/revisions\/210051"}],"wp:featuredmedia":[{"embeddable":true,"href":"https:\/\/www.tgrthaber.com\/mavikadin\/wp-json\/wp\/v2\/media\/210039"}],"wp:attachment":[{"href":"https:\/\/www.tgrthaber.com\/mavikadin\/wp-json\/wp\/v2\/media?parent=210036"}],"wp:term":[{"taxonomy":"category","embeddable":true,"href":"https:\/\/www.tgrthaber.com\/mavikadin\/wp-json\/wp\/v2\/categories?post=210036"},{"taxonomy":"post_tag","embeddable":true,"href":"https:\/\/www.tgrthaber.com\/mavikadin\/wp-json\/wp\/v2\/tags?post=210036"}],"curies":[{"name":"wp","href":"https:\/\/api.w.org\/{rel}","templated":true}]}}