{"id":210239,"date":"2025-07-24T19:47:18","date_gmt":"2025-07-24T16:47:18","guid":{"rendered":"https:\/\/www.tgrthaber.com\/mavikadin\/?p=210239"},"modified":"2025-07-24T19:47:18","modified_gmt":"2025-07-24T16:47:18","slug":"hasret-ruzgarlari-dizisinin-basrol-oyunculari-aciklandi-ruzgar-ve-hasreti-bakin-kim-oynayacak","status":"publish","type":"post","link":"https:\/\/www.tgrthaber.com\/mavikadin\/hasret-ruzgarlari-dizisinin-basrol-oyunculari-aciklandi-ruzgar-ve-hasreti-bakin-kim-oynayacak\/","title":{"rendered":"Hasret R\u00fczgarlar\u0131 dizisinin ba\u015frol oyuncular\u0131 a\u00e7\u0131kland\u0131! R\u00fczgar ve Hasret&#8217;i bak\u0131n kim oynayacak"},"content":{"rendered":"<p>Kanal 7&#8217;nin uzun zamand\u0131r h\u0131z kesmeden \u00e7al\u0131\u015ft\u0131\u011f\u0131 yeni dizisi Hasret R\u00fczgarlar\u0131, g\u00fcnl\u00fck dizi ku\u015fa\u011f\u0131nda yer alacak. Oyuncu se\u00e7imlerinin yap\u0131ld\u0131\u011f\u0131 dizide ba\u015frol oyuncular\u0131 nihayet netlik kazand\u0131. Birsen Altunta\u015f&#8217;\u0131n haberine g\u00f6re, Hasret R\u00fczgarlar\u0131 dizisinin ba\u015frol oyuncular\u0131 s\u00fcrpriz isimlerden olu\u015fuyor. Duygusal a\u011f\u0131rl\u0131kl\u0131 bir a\u015fk hikayesinin anlat\u0131ld\u0131\u011f\u0131 diziye dair beklentiler bu detayla birlikte daha da artm\u0131\u015f durumda. Peki Kanal 7 ekranlar\u0131nda yak\u0131n zamanda izleyicisiyle bulu\u015facak olan Hasret R\u00fczgarlar\u0131 dizisi ba\u015frol oyuncular\u0131 kimler? Dizinin ana karakterleri R\u00fczgar ve Hasret&#8217;i kim oynayacak? \u0130\u015fte detaylar&#8230;<\/p>\n<h3>HASRET R\u00dcZGARLARI D\u0130Z\u0130S\u0130N\u0130N BA\u015eROL OYUNCULARI A\u00c7IKLANDI! R\u00dcZGAR VE HASRET&#8217;\u0130 BAKIN K\u0130M OYNAYACAK<\/h3>\n<p>Kanal 7&#8217;nin iddial\u0131 yap\u0131mlar\u0131ndan olan ve g\u00fcnl\u00fck dizi format\u0131nda yay\u0131nlanacak Hasret R\u00fczgarlar\u0131 dizisi oyuncu kadrosuyla g\u00fcndemde. \u00c7ekim haz\u0131rl\u0131klar\u0131n\u0131n h\u0131zla devam etti\u011fi dizinin bo\u015frol oyuncular\u0131 da belli oldu.<\/p>\n<p><img loading=\"lazy\" decoding=\"async\" class=\"alignnone wp-image-210262\" src=\"https:\/\/www.tgrthaber.com\/mavikadin\/wp-content\/uploads\/1365504_b1057-300x167.jpg\" alt=\"\" width=\"1208\" height=\"670\" title=\"\" srcset=\"https:\/\/www.tgrthaber.com\/mavikadin\/wp-content\/uploads\/1365504_b1057-300x167.jpg 300w, https:\/\/www.tgrthaber.com\/mavikadin\/wp-content\/uploads\/1365504_b1057.jpg 600w\" sizes=\"(max-width: 1208px) 100vw, 1208px\" \/><\/p>\n<hr \/>\n<p>Uzun zamand\u0131r izleyicisiyle bulu\u015fmaya haz\u0131rlanan Hasret R\u00fczgarlar\u0131, oyuncu kadrosu ve izleyiciyi koltu\u011fa \u00e7ivileyecek konusuyla \u015fimdiden \u00e7ok konu\u015fuluyor.<\/p>\n<p><img loading=\"lazy\" decoding=\"async\" class=\"alignnone wp-image-210263\" src=\"https:\/\/www.tgrthaber.com\/mavikadin\/wp-content\/uploads\/Adsiz-tasarim-29-13-300x169.png\" alt=\"\" width=\"1208\" height=\"680\" title=\"\" srcset=\"https:\/\/www.tgrthaber.com\/mavikadin\/wp-content\/uploads\/Adsiz-tasarim-29-13-300x169.png 300w, https:\/\/www.tgrthaber.com\/mavikadin\/wp-content\/uploads\/Adsiz-tasarim-29-13-1024x576.png 1024w, https:\/\/www.tgrthaber.com\/mavikadin\/wp-content\/uploads\/Adsiz-tasarim-29-13-768x432.png 768w, https:\/\/www.tgrthaber.com\/mavikadin\/wp-content\/uploads\/Adsiz-tasarim-29-13-1536x864.png 1536w, https:\/\/www.tgrthaber.com\/mavikadin\/wp-content\/uploads\/Adsiz-tasarim-29-13.png 1920w\" sizes=\"(max-width: 1208px) 100vw, 1208px\" \/><\/p>\n<hr \/>\n<p>Hasret r\u00fczgarlar\u0131 dizisinde ana karakterler olan Hasret ve R\u00fczgar&#8217;\u0131 kimin oynayaca\u011f\u0131 Birsen Altunta\u015f&#8217;\u0131n verdi\u011fi bilgiye g\u00f6re, Hasret rol\u00fcn\u00fc g\u00fczel oyuncu Selen G\u00fcney \u00fcstlenecek ve R\u00fczgar karakterini de ba\u015far\u0131l\u0131 oyuncu Mert Alt\u0131n\u0131\u015f\u0131k oynayacak. \u0130kilinin ayn\u0131 sahnede yer alacak olmas\u0131 \u015fimdiden sosyal medyada yorumlar\u0131 da beraberinde getirdi. \u0130kilin performans\u0131 merak edilen konular aras\u0131nda yer ald\u0131 bile.<\/p>\n<p><img loading=\"lazy\" decoding=\"async\" class=\"alignnone wp-image-210264\" src=\"https:\/\/www.tgrthaber.com\/mavikadin\/wp-content\/uploads\/WhatsApp-Image-2025-06-19-at-21.15.18-1-300x197.jpeg\" alt=\"\" width=\"1208\" height=\"793\" title=\"\" srcset=\"https:\/\/www.tgrthaber.com\/mavikadin\/wp-content\/uploads\/WhatsApp-Image-2025-06-19-at-21.15.18-1-300x197.jpeg 300w, https:\/\/www.tgrthaber.com\/mavikadin\/wp-content\/uploads\/WhatsApp-Image-2025-06-19-at-21.15.18-1-1024x672.jpeg 1024w, https:\/\/www.tgrthaber.com\/mavikadin\/wp-content\/uploads\/WhatsApp-Image-2025-06-19-at-21.15.18-1-768x504.jpeg 768w, https:\/\/www.tgrthaber.com\/mavikadin\/wp-content\/uploads\/WhatsApp-Image-2025-06-19-at-21.15.18-1-1536x1008.jpeg 1536w, https:\/\/www.tgrthaber.com\/mavikadin\/wp-content\/uploads\/WhatsApp-Image-2025-06-19-at-21.15.18-1.jpeg 1600w\" sizes=\"(max-width: 1208px) 100vw, 1208px\" \/><\/p>\n<hr \/>\n<h3>OYUNCU KADROSUNDA K\u0130MLER VAR?<\/h3>\n<p>Kanal 7&#8217;nin merakla beklenen yeni dizisinde oyuncu kadrosu da g\u00f6z dolduruyor. Dizinin oyuncu kadrosunda bulunan isimler is e\u015funlar; Hakan Ayd\u0131n, Sevkan K\u00f6yl\u00fc, Elif Sima Kurt, Ufuk Kaplan, \u015eenay K\u00f6sem, Hakan G\u00fcner, Ya\u011fmur Uzuno\u011flu, Burcu Derya, Ba\u015fak Azra Kaymak, O\u011fuz Ya\u011fc\u0131 ve Birhan Tut. \u00c7ekimleri Gaziantep&#8217;te ba\u015flayacak dizinin daha sonra \u0130stanbul&#8217;da \u00e7ekimlerinin s\u00fcrmesi planlan\u0131yor.<\/p>\n<p><img loading=\"lazy\" decoding=\"async\" class=\"alignnone wp-image-210265\" src=\"https:\/\/www.tgrthaber.com\/mavikadin\/wp-content\/uploads\/Adsiz-tasarim-30-13-300x169.png\" alt=\"\" width=\"1208\" height=\"680\" title=\"\" srcset=\"https:\/\/www.tgrthaber.com\/mavikadin\/wp-content\/uploads\/Adsiz-tasarim-30-13-300x169.png 300w, https:\/\/www.tgrthaber.com\/mavikadin\/wp-content\/uploads\/Adsiz-tasarim-30-13-1024x576.png 1024w, https:\/\/www.tgrthaber.com\/mavikadin\/wp-content\/uploads\/Adsiz-tasarim-30-13-768x432.png 768w, https:\/\/www.tgrthaber.com\/mavikadin\/wp-content\/uploads\/Adsiz-tasarim-30-13-1536x864.png 1536w, https:\/\/www.tgrthaber.com\/mavikadin\/wp-content\/uploads\/Adsiz-tasarim-30-13.png 1920w\" sizes=\"(max-width: 1208px) 100vw, 1208px\" \/><\/p>\n<hr \/>\n<p>10 A\u011fustos&#8217;ta Gaziantep&#8217;te kurulacak olan Hasret R\u00fczgarlar\u0131 seti, bir hafta sonras\u0131nda \u0130stanbul&#8217;a ta\u015f\u0131narak burada \u00e7ekimler devam edilecek. Eyl\u00fcl ay\u0131nda ise ekranlarda olaca\u011f\u0131 s\u00f6ylenen Hasret R\u00fczgarlar\u0131 dizisinin tasar\u0131m ve senaryosu Ahmet K\u00f6\u015feo\u011flu&#8217;na ait.<\/p>\n<p><img loading=\"lazy\" decoding=\"async\" class=\"alignnone wp-image-210266\" src=\"https:\/\/www.tgrthaber.com\/mavikadin\/wp-content\/uploads\/5fa8cab4adcdeb1284a2d46b-300x168.webp\" alt=\"\" width=\"1208\" height=\"678\" title=\"\" srcset=\"https:\/\/www.tgrthaber.com\/mavikadin\/wp-content\/uploads\/5fa8cab4adcdeb1284a2d46b-300x168.webp 300w, https:\/\/www.tgrthaber.com\/mavikadin\/wp-content\/uploads\/5fa8cab4adcdeb1284a2d46b.webp 731w\" sizes=\"(max-width: 1208px) 100vw, 1208px\" \/><\/p>\n<hr \/>\n<p>Dizinin yap\u0131mc\u0131l\u0131\u011f\u0131n\u0131 ise Salih Tamer \u00fcstleniyor. Dizinin y\u00f6netmenli\u011finde ise &#8216;Ad\u0131n\u0131 sen koy&#8217; ve &#8216;Elif&#8217; gibi ba\u015far\u0131l\u0131 projelere imza atm\u0131\u015f Mahir Akta\u015f&#8217;\u0131 g\u00f6rece\u011fiz.<\/p>\n<p><img loading=\"lazy\" decoding=\"async\" class=\"alignnone wp-image-210267\" src=\"https:\/\/www.tgrthaber.com\/mavikadin\/wp-content\/uploads\/bu_sezonda_kanal_7de_yayinlanacak_hint_dizileri_1473489522_4903-300x169.webp\" alt=\"\" width=\"1208\" height=\"680\" title=\"\" srcset=\"https:\/\/www.tgrthaber.com\/mavikadin\/wp-content\/uploads\/bu_sezonda_kanal_7de_yayinlanacak_hint_dizileri_1473489522_4903-300x169.webp 300w, https:\/\/www.tgrthaber.com\/mavikadin\/wp-content\/uploads\/bu_sezonda_kanal_7de_yayinlanacak_hint_dizileri_1473489522_4903-1024x576.webp 1024w, https:\/\/www.tgrthaber.com\/mavikadin\/wp-content\/uploads\/bu_sezonda_kanal_7de_yayinlanacak_hint_dizileri_1473489522_4903-768x432.webp 768w, https:\/\/www.tgrthaber.com\/mavikadin\/wp-content\/uploads\/bu_sezonda_kanal_7de_yayinlanacak_hint_dizileri_1473489522_4903.webp 1280w\" sizes=\"(max-width: 1208px) 100vw, 1208px\" \/><\/p>\n<hr \/>\n<p>Kanal7 ekranlar\u0131nda olmaya haz\u0131rlanan Hasret R\u00fczgarlar\u0131 iddial\u0131 kadrosu ve konusuyla yeni sezonda \u00f6ne \u00e7\u0131kan diziler aras\u0131nda yerini ald\u0131.<\/p>\n","protected":false},"excerpt":{"rendered":"<p>Kanal 7 ekranlar\u0131nda olacak g\u00fcnl\u00fck dizi format\u0131ndaki Hasret R\u00fczgarlar\u0131&#8217;n\u0131n ba\u015frol oyuncular\u0131 sonunda a\u00e7\u0131kland\u0131. Kadroda s\u00fcrpriz isimlerinde bulundu\u011fu dizi \u015fimdiden heyecan uyand\u0131rm\u0131\u015f durumda. \u00c7ekimleri Gaziantep&#8217;te ba\u015flayacak olan Hasret R\u00fczgarlar\u0131 dizisi konusuyla da \u00e7ok konu\u015fuluyor. Peki Hasret R\u00fczgarlar\u0131 dizisi Hasret&#8217;i ve R\u00fczgar&#8217;\u0131 kim oynayacak? \u0130\u015fte cevab\u0131&#8230;<\/p>\n","protected":false},"author":35,"featured_media":210249,"comment_status":"closed","ping_status":"closed","sticky":false,"template":"","format":"standard","meta":{"rank_math_lock_modified_date":false,"footnotes":""},"categories":[602],"tags":[3602,29403,2548,29405,29404],"class_list":["post-210239","post","type-post","status-publish","format-standard","has-post-thumbnail","hentry","category-diziler","tag-diziler","tag-hasret-ruzgarlari-dizisi","tag-kanal-7","tag-mert-altinisik","tag-selen-guney"],"_links":{"self":[{"href":"https:\/\/www.tgrthaber.com\/mavikadin\/wp-json\/wp\/v2\/posts\/210239"}],"collection":[{"href":"https:\/\/www.tgrthaber.com\/mavikadin\/wp-json\/wp\/v2\/posts"}],"about":[{"href":"https:\/\/www.tgrthaber.com\/mavikadin\/wp-json\/wp\/v2\/types\/post"}],"author":[{"embeddable":true,"href":"https:\/\/www.tgrthaber.com\/mavikadin\/wp-json\/wp\/v2\/users\/35"}],"replies":[{"embeddable":true,"href":"https:\/\/www.tgrthaber.com\/mavikadin\/wp-json\/wp\/v2\/comments?post=210239"}],"version-history":[{"count":2,"href":"https:\/\/www.tgrthaber.com\/mavikadin\/wp-json\/wp\/v2\/posts\/210239\/revisions"}],"predecessor-version":[{"id":210269,"href":"https:\/\/www.tgrthaber.com\/mavikadin\/wp-json\/wp\/v2\/posts\/210239\/revisions\/210269"}],"wp:featuredmedia":[{"embeddable":true,"href":"https:\/\/www.tgrthaber.com\/mavikadin\/wp-json\/wp\/v2\/media\/210249"}],"wp:attachment":[{"href":"https:\/\/www.tgrthaber.com\/mavikadin\/wp-json\/wp\/v2\/media?parent=210239"}],"wp:term":[{"taxonomy":"category","embeddable":true,"href":"https:\/\/www.tgrthaber.com\/mavikadin\/wp-json\/wp\/v2\/categories?post=210239"},{"taxonomy":"post_tag","embeddable":true,"href":"https:\/\/www.tgrthaber.com\/mavikadin\/wp-json\/wp\/v2\/tags?post=210239"}],"curies":[{"name":"wp","href":"https:\/\/api.w.org\/{rel}","templated":true}]}}