{"id":210346,"date":"2025-07-24T23:35:22","date_gmt":"2025-07-24T20:35:22","guid":{"rendered":"https:\/\/www.tgrthaber.com\/mavikadin\/?p=210346"},"modified":"2025-07-24T23:35:22","modified_gmt":"2025-07-24T20:35:22","slug":"cift-kisilik-oda-basrol-oyuncusu-ulas-tuna-astepe-yeni-karadeniz-dizisinde-sosyal-medya-bu-haberle-calkalaniyor","status":"publish","type":"post","link":"https:\/\/www.tgrthaber.com\/mavikadin\/cift-kisilik-oda-basrol-oyuncusu-ulas-tuna-astepe-yeni-karadeniz-dizisinde-sosyal-medya-bu-haberle-calkalaniyor\/","title":{"rendered":"\u00c7ift Ki\u015filik Oda ba\u015frol oyuncusu Ula\u015f Tuna Astepe yeni Karadeniz dizisinde! Sosyal medya bu haberle \u00e7alkalan\u0131yor"},"content":{"rendered":"<p>Yaz aylar\u0131nda izleyicisiyle bulu\u015fan \u00c7ift Ki\u015filik Oda, final karar\u0131yla g\u00fcndemde. Dizinin 7. b\u00f6l\u00fcm\u00fc hala yay\u0131nlanmazken, &#8216;\u00c7ift Ki\u015filik Oda final mi yapt\u0131?&#8217; sorular\u0131 g\u00fcndemi epeyce me\u015fgul ediyor. Beklentilerin alt\u0131nda reyting almas\u0131 ve reklam gelir giderlerinde ya\u015fanan sorunlar, dizinin erken final yapmas\u0131na neden oldu. \u00c7ift Ki\u015filik Oda dizisi takip\u00e7ileri sosyal medyadan bu duruma tepkiliyken, dizinin ba\u015frol oyuncusu Ula\u015f Tuna Astepe&#8217;ye dair ortaya at\u0131lan bir iddia kulisleri hareketlendirmeye yetti. \u0130ddialara g\u00f6re, Ula\u015f Tuna Astepe, TRT1 ekranlar\u0131nda yay\u0131nlanacak olan yeni Karadeniz dizisi Ta\u015facak Ha Bu Deniz adl\u0131 dizide ba\u015frol \u00fcstlenecek. Sosyal medya bu haberle \u00e7alkalan\u0131rken, ortaya at\u0131lan iddian\u0131n ger\u00e7ekli\u011fi de ara\u015ft\u0131r\u0131l\u0131yor. Detaylar haberimizde&#8230;<\/p>\n<h3>\u00c7\u0130FT K\u0130\u015e\u0130L\u0130K ODA BA\u015eROL OYUNCUSU ULA\u015e TUNA ASTEPE KARADEN\u0130Z D\u0130Z\u0130S\u0130NDE!<\/h3>\n<p>Sosyal medyada d\u00f6nen bir iddia, Ula\u015f Tuna Astepe hayranlar\u0131n\u0131 yak\u0131ndan ilgilendiriyor. X sosyal medya platformundan dizi haberleri payla\u015fan Dedikoducu \u00c7ocuk hesab\u0131ndan al\u0131nan biilgiye g\u00f6re, Ula\u015f Tuna Astepe, yeni Karadeniz dizisi olan Ta\u015facak Ha Bu Deniz dizisinde ba\u015frol i\u00e7in g\u00f6r\u00fc\u015fmeler yap\u0131yor. TRT 1 ekranlar\u0131nda yak\u0131nda izleyicisiyle bulu\u015facak Karadeniz dizisinde Astepe&#8217;nin ba\u015frol i\u00e7in anla\u015fmak \u00fczere oldu\u011fu iddialar aras\u0131nda.<\/p>\n<p><img loading=\"lazy\" decoding=\"async\" class=\"alignnone wp-image-210360\" src=\"https:\/\/www.tgrthaber.com\/mavikadin\/wp-content\/uploads\/cift-kisilik-oda-senaristi-kim-uyarlama-mi-hikayesi-dikkat-cekiyor-17485404608674-300x169.jpg\" alt=\"\" width=\"1208\" height=\"680\" title=\"\" srcset=\"https:\/\/www.tgrthaber.com\/mavikadin\/wp-content\/uploads\/cift-kisilik-oda-senaristi-kim-uyarlama-mi-hikayesi-dikkat-cekiyor-17485404608674-300x169.jpg 300w, https:\/\/www.tgrthaber.com\/mavikadin\/wp-content\/uploads\/cift-kisilik-oda-senaristi-kim-uyarlama-mi-hikayesi-dikkat-cekiyor-17485404608674-1024x576.jpg 1024w, https:\/\/www.tgrthaber.com\/mavikadin\/wp-content\/uploads\/cift-kisilik-oda-senaristi-kim-uyarlama-mi-hikayesi-dikkat-cekiyor-17485404608674-768x432.jpg 768w, https:\/\/www.tgrthaber.com\/mavikadin\/wp-content\/uploads\/cift-kisilik-oda-senaristi-kim-uyarlama-mi-hikayesi-dikkat-cekiyor-17485404608674.jpg 1280w\" sizes=\"(max-width: 1208px) 100vw, 1208px\" \/><\/p>\n<hr \/>\n<p>&nbsp;<\/p>\n<p>Dizinin senaryosu da \u00e7ok konu\u015fulan detaylar aras\u0131nda yer ald\u0131. \u00d6yle ki, daha \u00f6nce Karadeniz dizisi olan Sen Anlat Karadeniz&#8217;in senaristi Ay\u015fe Ferda Ery\u0131lmaz ve Nehir Erdem, yeni Karadeniz dizisi Ta\u015facak Ha Bu Deniz&#8217;in de kaleminde yer al\u0131yor.<\/p>\n<p><img loading=\"lazy\" decoding=\"async\" class=\"alignnone wp-image-210367\" src=\"https:\/\/www.tgrthaber.com\/mavikadin\/wp-content\/uploads\/sak-gRBs_cover-300x169.webp\" alt=\"\" width=\"1208\" height=\"680\" title=\"\" srcset=\"https:\/\/www.tgrthaber.com\/mavikadin\/wp-content\/uploads\/sak-gRBs_cover-300x169.webp 300w, https:\/\/www.tgrthaber.com\/mavikadin\/wp-content\/uploads\/sak-gRBs_cover-1024x576.webp 1024w, https:\/\/www.tgrthaber.com\/mavikadin\/wp-content\/uploads\/sak-gRBs_cover-768x432.webp 768w, https:\/\/www.tgrthaber.com\/mavikadin\/wp-content\/uploads\/sak-gRBs_cover.webp 1280w\" sizes=\"(max-width: 1208px) 100vw, 1208px\" \/><\/p>\n<hr \/>\n<p>Ula\u015f Tuna Astepe&#8217;nin daha \u00f6nce oynad\u0131\u011f\u0131 Karadeniz dizisindeki ba\u015far\u0131s\u0131, &#8216;Acaba tekrar Karadeniz dizisiyle mi ekranlarda olacak? sorusunu da g\u00fcndeme getirdi.<\/p>\n<p><img loading=\"lazy\" decoding=\"async\" class=\"alignnone wp-image-210361\" src=\"https:\/\/www.tgrthaber.com\/mavikadin\/wp-content\/uploads\/a764cb6d-4f7f-45db-b662-5386d0352e5-pp5d_cover-300x169.webp\" alt=\"\" width=\"1208\" height=\"680\" title=\"\" srcset=\"https:\/\/www.tgrthaber.com\/mavikadin\/wp-content\/uploads\/a764cb6d-4f7f-45db-b662-5386d0352e5-pp5d_cover-300x169.webp 300w, https:\/\/www.tgrthaber.com\/mavikadin\/wp-content\/uploads\/a764cb6d-4f7f-45db-b662-5386d0352e5-pp5d_cover-1024x576.webp 1024w, https:\/\/www.tgrthaber.com\/mavikadin\/wp-content\/uploads\/a764cb6d-4f7f-45db-b662-5386d0352e5-pp5d_cover-768x432.webp 768w, https:\/\/www.tgrthaber.com\/mavikadin\/wp-content\/uploads\/a764cb6d-4f7f-45db-b662-5386d0352e5-pp5d_cover.webp 1280w\" sizes=\"(max-width: 1208px) 100vw, 1208px\" \/><\/p>\n<hr \/>\n<p>Hat\u0131rlayaca\u011f\u0131n\u0131z gibi Ula\u015f Tuna Astepe, daha \u00f6nce Sen Anlat Karadeniz&#8217;de Tahir Kaleli rol\u00fc ile milyonlar\u0131n be\u011fenisini kazanm\u0131\u015ft\u0131. Aksan\u0131n\u0131n ve g\u00f6rselli\u011finin Karadeniz dizilerine yak\u0131\u015ft\u0131\u011f\u0131n\u0131 s\u00f6yleyen hayranlar\u0131, \u015fimdi yeni projesinin iddialarda s\u00f6ylendi\u011fi gibi, Ta\u015facak Ha Bu Deniz dizisi olup olmad\u0131\u011f\u0131n\u0131 \u00f6\u011frenmeye \u00e7al\u0131\u015f\u0131yor.<\/p>\n<p><img loading=\"lazy\" decoding=\"async\" class=\"alignnone wp-image-210362\" src=\"https:\/\/www.tgrthaber.com\/mavikadin\/wp-content\/uploads\/i-2-24-300x169.webp\" alt=\"\" width=\"1208\" height=\"680\" title=\"\" srcset=\"https:\/\/www.tgrthaber.com\/mavikadin\/wp-content\/uploads\/i-2-24-300x169.webp 300w, https:\/\/www.tgrthaber.com\/mavikadin\/wp-content\/uploads\/i-2-24.webp 480w\" sizes=\"(max-width: 1208px) 100vw, 1208px\" \/><\/p>\n<hr \/>\n<h3>\u00c7\u0130FT K\u0130\u015e\u0130L\u0130K ODA KR\u0130Z\u0130 B\u00dcY\u00dcYOR<\/h3>\n<p>\u00c7ift Ki\u015filik Oda dizisinin 7. b\u00f6l\u00fcm\u00fcn\u00fcn hala yay\u0131nlanmamas\u0131 ile birlikte takip\u00e7ileri aras\u0131nda da kriz git gide b\u00fcy\u00fcyor. Dizinin oyuncu kadrosunun kanal\u0131 ve yap\u0131m \u015firketini takipten \u00e7\u0131kmas\u0131 ve dizinin T\u00fcrkiye&#8217;de yay\u0131nlanmamas\u0131 da tart\u0131\u015fmalar\u0131 alevlendiren konular olmu\u015ftu.<\/p>\n<p><img loading=\"lazy\" decoding=\"async\" class=\"alignnone wp-image-210364\" src=\"https:\/\/www.tgrthaber.com\/mavikadin\/wp-content\/uploads\/cift-kisilik-oda-1-300x169.webp\" alt=\"\" width=\"1208\" height=\"680\" title=\"\" srcset=\"https:\/\/www.tgrthaber.com\/mavikadin\/wp-content\/uploads\/cift-kisilik-oda-1-300x169.webp 300w, https:\/\/www.tgrthaber.com\/mavikadin\/wp-content\/uploads\/cift-kisilik-oda-1-1024x576.webp 1024w, https:\/\/www.tgrthaber.com\/mavikadin\/wp-content\/uploads\/cift-kisilik-oda-1-768x432.webp 768w, https:\/\/www.tgrthaber.com\/mavikadin\/wp-content\/uploads\/cift-kisilik-oda-1.webp 1280w\" sizes=\"(max-width: 1208px) 100vw, 1208px\" \/><\/p>\n<hr \/>\n<p>&nbsp;<\/p>\n<p>Dizinin neden hala T\u00fcrkiye&#8217;de yay\u0131nlanmamas\u0131na dair resmi bir a\u00e7\u0131klama\u00a0 yap\u0131lmazken, Suudi Arabistan&#8217;da g\u00f6steriliyor olmas\u0131, krizin daha da b\u00fcy\u00fcyece\u011fine i\u015faret ediyor.<\/p>\n<p><img loading=\"lazy\" decoding=\"async\" class=\"alignnone wp-image-210365\" src=\"https:\/\/www.tgrthaber.com\/mavikadin\/wp-content\/uploads\/ulastunaastepe-y2332-1.jpg-300x175.webp\" alt=\"\" width=\"1208\" height=\"704\" title=\"\" srcset=\"https:\/\/www.tgrthaber.com\/mavikadin\/wp-content\/uploads\/ulastunaastepe-y2332-1.jpg-300x175.webp 300w, https:\/\/www.tgrthaber.com\/mavikadin\/wp-content\/uploads\/ulastunaastepe-y2332-1.jpg-768x448.webp 768w, https:\/\/www.tgrthaber.com\/mavikadin\/wp-content\/uploads\/ulastunaastepe-y2332-1.jpg.webp 818w\" sizes=\"(max-width: 1208px) 100vw, 1208px\" \/><\/p>\n<hr \/>\n<h3>SOSYAL MEDYA \u00c7ALKALANIYOR<\/h3>\n<p>Hen\u00fcz resmi bir a\u00e7\u0131klama yap\u0131lmam\u0131\u015f olsa bile, Ula\u015f Tuna Astepe&#8217;nin yeni dizisi olaca\u011f\u0131 s\u00f6ylenen Ta\u015facak Ha Bu Deniz&#8217;e dair geli\u015fmeler sosyal medya kullan\u0131c\u0131lar\u0131n radar\u0131na girmeyi ba\u015fard\u0131. Sosyal medyay\u0131 adeta \u00e7alkalayan iddialar sonras\u0131,\u00a0 Astepe hayranlar\u0131n\u0131n g\u00f6z\u00fc, yak\u0131\u015f\u0131kl\u0131 oyuncu ve yeni Karadeniz dizisi ekibinden gelecek haberde.<\/p>\n","protected":false},"excerpt":{"rendered":"<p>Yeni sezonun dikkat \u00e7eken projelerinden olan \u00c7ift Ki\u015filik Oda dizisi ba\u015frol oyuncusu Ula\u015f Tuna Astepe hakk\u0131nda ortaya at\u0131lan bir iddia sosyal medyay\u0131 kar\u0131\u015ft\u0131rmaya yetti. \u0130ddialara g\u00f6re, yak\u0131nda TRT 1&#8217;de yay\u0131nlanacak yeni Karadeniz dizisinde Ula\u015f Tuna Astepe yine ba\u015frolde izleyiciyle bulu\u015facak. Bomba transfer iddias\u0131 sonras\u0131 sosyal medya \u00e7alkalan\u0131rken, geli\u015fmelerin ne olaca\u011f\u0131 \u015fimdiden merak ediliyor. \u0130\u015fte merak edilen t\u00fcm detaylar&#8230;<\/p>\n","protected":false},"author":35,"featured_media":210372,"comment_status":"closed","ping_status":"closed","sticky":false,"template":"","format":"standard","meta":{"rank_math_lock_modified_date":false,"footnotes":""},"categories":[602],"tags":[10275,3602,29426,29425,3178],"class_list":["post-210346","post","type-post","status-publish","format-standard","has-post-thumbnail","hentry","category-diziler","tag-cift-kisilik-oda","tag-diziler","tag-karadeniz-dizisi","tag-tasacak-ha-bu-deniz","tag-ulas-tuna-astepe"],"_links":{"self":[{"href":"https:\/\/www.tgrthaber.com\/mavikadin\/wp-json\/wp\/v2\/posts\/210346"}],"collection":[{"href":"https:\/\/www.tgrthaber.com\/mavikadin\/wp-json\/wp\/v2\/posts"}],"about":[{"href":"https:\/\/www.tgrthaber.com\/mavikadin\/wp-json\/wp\/v2\/types\/post"}],"author":[{"embeddable":true,"href":"https:\/\/www.tgrthaber.com\/mavikadin\/wp-json\/wp\/v2\/users\/35"}],"replies":[{"embeddable":true,"href":"https:\/\/www.tgrthaber.com\/mavikadin\/wp-json\/wp\/v2\/comments?post=210346"}],"version-history":[{"count":1,"href":"https:\/\/www.tgrthaber.com\/mavikadin\/wp-json\/wp\/v2\/posts\/210346\/revisions"}],"predecessor-version":[{"id":210373,"href":"https:\/\/www.tgrthaber.com\/mavikadin\/wp-json\/wp\/v2\/posts\/210346\/revisions\/210373"}],"wp:featuredmedia":[{"embeddable":true,"href":"https:\/\/www.tgrthaber.com\/mavikadin\/wp-json\/wp\/v2\/media\/210372"}],"wp:attachment":[{"href":"https:\/\/www.tgrthaber.com\/mavikadin\/wp-json\/wp\/v2\/media?parent=210346"}],"wp:term":[{"taxonomy":"category","embeddable":true,"href":"https:\/\/www.tgrthaber.com\/mavikadin\/wp-json\/wp\/v2\/categories?post=210346"},{"taxonomy":"post_tag","embeddable":true,"href":"https:\/\/www.tgrthaber.com\/mavikadin\/wp-json\/wp\/v2\/tags?post=210346"}],"curies":[{"name":"wp","href":"https:\/\/api.w.org\/{rel}","templated":true}]}}