{"id":210376,"date":"2025-07-25T00:39:27","date_gmt":"2025-07-24T21:39:27","guid":{"rendered":"https:\/\/www.tgrthaber.com\/mavikadin\/?p=210376"},"modified":"2025-07-25T00:39:27","modified_gmt":"2025-07-24T21:39:27","slug":"bebeklere-ne-zaman-yagli-yemek-yedirilmeli-bebeklere-hangi-yag-verilmeli","status":"publish","type":"post","link":"https:\/\/www.tgrthaber.com\/mavikadin\/bebeklere-ne-zaman-yagli-yemek-yedirilmeli-bebeklere-hangi-yag-verilmeli\/","title":{"rendered":"Bebeklere ne zaman ya\u011fl\u0131 yemek yedirilmeli? Bebeklere hangi ya\u011f verilmeli?"},"content":{"rendered":"<p>Bebeklere ilk 6 ay boyunca sadece anne s\u00fct\u00fc ya da devam s\u00fct\u00fc \u00f6neriliyor. Ancak ek g\u0131daya ge\u00e7i\u015fte bebek beslenmesine dair en \u00e7ok merak edilen konular\u0131n ba\u015f\u0131nda, bebeklere ya\u011fl\u0131 besinlerin ne zaman verilmesi gerekti\u011fi ve hangi ya\u011flar\u0131n bebek beslenmesinde uygun oldu\u011fu geliyor. Konuyla ilgili endi\u015fe ya\u015fayan ebeveynler, &#8216;Bbebe\u011fime ya\u011fl\u0131 yemek ne zaman yedirmeliyim?&#8217; ve &#8216;Hangi ya\u011fl\u0131 yiyecekleri bebe\u011fime vermeliyim?&#8217; sorusunu s\u0131k\u00e7a ara\u015ft\u0131ryor. Bebek beslenmesinde ya\u011fl\u0131 yiyeceklerin \u00f6nemi olduk\u00e7a \u00f6nemli. Ancak uygun besin ve do\u011fru zaman\u0131 da bilmek gerekiyor. Peki bebeklere ne zaman ya\u011fl\u0131 yemek yedirilmeli ve hangi ya\u011f bebeklere verilmeli? aia\u015fte bebek beslenmesine dair bilinmesi gereken detaylar&#8230;<\/p>\n<h3>BEBEKLERE NE ZAMAN YA\u011eLI YEMEK YED\u0130R\u0130LMEL\u0130?<\/h3>\n<p>Bebek beslenmesinde ilk 6 ay olduk\u00e7a \u00f6nemlidir. Uzmanlar bu zamanlarda anne s\u00fct\u00fc veya devam s\u00fct\u00fcn\u00fcn yeterli oldu\u011funu vurguluyor. Ek g\u0131daya ge\u00e7i\u015f d\u00f6neminde ise D\u00fcnya Sa\u011fl\u0131k \u00d6rg\u00fct\u00fc&#8217;n\u00fcn bildirdi\u011fine g\u00f6re, ya\u011fl\u0131 besinler bebekelere verilebiliyor.<\/p>\n<p><img loading=\"lazy\" decoding=\"async\" class=\"alignnone wp-image-210398\" src=\"https:\/\/www.tgrthaber.com\/mavikadin\/wp-content\/uploads\/https___cdn.gebe_.com_uploads_2021_05_89dc5d43-cbf3-49d9-8a20-e0c65f4bcd17-300x169.webp\" alt=\"\" width=\"1208\" height=\"680\" title=\"\" srcset=\"https:\/\/www.tgrthaber.com\/mavikadin\/wp-content\/uploads\/https___cdn.gebe_.com_uploads_2021_05_89dc5d43-cbf3-49d9-8a20-e0c65f4bcd17-300x169.webp 300w, https:\/\/www.tgrthaber.com\/mavikadin\/wp-content\/uploads\/https___cdn.gebe_.com_uploads_2021_05_89dc5d43-cbf3-49d9-8a20-e0c65f4bcd17-1024x576.webp 1024w, https:\/\/www.tgrthaber.com\/mavikadin\/wp-content\/uploads\/https___cdn.gebe_.com_uploads_2021_05_89dc5d43-cbf3-49d9-8a20-e0c65f4bcd17-768x432.webp 768w, https:\/\/www.tgrthaber.com\/mavikadin\/wp-content\/uploads\/https___cdn.gebe_.com_uploads_2021_05_89dc5d43-cbf3-49d9-8a20-e0c65f4bcd17.webp 1232w\" sizes=\"(max-width: 1208px) 100vw, 1208px\" \/><\/p>\n<hr \/>\n<p>Bu d\u00f6nemde bebeklere verilen yo\u011furt ve \u00e7orbalara sa\u011fl\u0131kl\u0131 ya\u011flar koyulabilir ve sebze p\u00fcrelerinde yine sa\u011fl\u0131kl\u0131 ya\u011flar kat\u0131larak bebeklere yedirilebilir.\u00a0Uzmanlara g\u00f6re 6 ila 12 ayl\u0131k bebekler anne s\u00fct\u00fcnden hala gerekli ya\u011f\u0131 alabilmekte. Ek g\u0131da ile al\u0131nan sa\u011fl\u0131kl\u0131 ya\u011flar\u0131n ise destekleyici bir role sahip. Bir ya\u015f\u0131ndan sonra ise sa\u011fl\u0131k y\u00f6n\u00fcnden zengin besinler bebe\u011fe daha rahat yedirilebiliyor.<\/p>\n<p><img loading=\"lazy\" decoding=\"async\" class=\"alignnone wp-image-210399\" src=\"https:\/\/www.tgrthaber.com\/mavikadin\/wp-content\/uploads\/i-4-19-300x174.webp\" alt=\"\" width=\"1208\" height=\"702\" title=\"\" srcset=\"https:\/\/www.tgrthaber.com\/mavikadin\/wp-content\/uploads\/i-4-19-300x174.webp 300w, https:\/\/www.tgrthaber.com\/mavikadin\/wp-content\/uploads\/i-4-19.webp 480w\" sizes=\"(max-width: 1208px) 100vw, 1208px\" \/><\/p>\n<hr \/>\n<h3>BEBEKLERE HANG\u0130 YA\u011e VER\u0130LMEL\u0130?<\/h3>\n<p>Bebeklere ya\u011fl\u0131 besinlerin yedirilmesinin zaman\u0131 kadar, hangi ya\u011fl\u0131 yemeklerin yedirilmesi gerekti\u011fi de kritik \u00f6neme sahip. Bu a\u015famada katk\u0131s\u0131z, rafine edilmemi\u015f ve sa\u011fl\u0131kl\u0131 ya\u011flar \u00f6n plana \u00e7\u0131k\u0131yor. Bebeklere ek g\u0131da ile birlikte \u00f6nerilen ya\u011flar ise \u015funlard\u0131r;<\/p>\n<p><strong>Zeytinya\u011f\u0131:\u00a0<\/strong>Sindirimi kolay olmas\u0131 ve bebek beynini desteklemesi y\u00f6n\u00fcyle zeytinya\u011f\u0131, ilk ba\u015flanacak ya\u011flar aras\u0131nda yer al\u0131yor. Ek g\u0131daya ge\u00e7en bebe\u011fe s\u0131zma ya da so\u011fuk s\u0131k\u0131m zeytinya\u011f\u0131 g\u00f6n\u00fcl rahatl\u0131\u011f\u0131yla verilebiliyor.<\/p>\n<p><strong>Tereya\u011f\u0131:<\/strong> Do\u011fal ve katk\u0131s\u0131z tereya\u011f\u0131 ise \u00f6zellikle 9. aydan sonra bebeklere yedirilebiliyor. A\u015f\u0131r\u0131ya ka\u00e7madan ufak miktarlarda verilen tereya\u011f\u0131 bebeklerin geli\u015fimi i\u00e7in gerekli ya\u011flar aras\u0131nda g\u00f6steriliyor.<\/p>\n<p><img loading=\"lazy\" decoding=\"async\" class=\"alignnone wp-image-210400\" src=\"https:\/\/www.tgrthaber.com\/mavikadin\/wp-content\/uploads\/11594815914-300x158.jpg\" alt=\"\" width=\"1208\" height=\"634\" title=\"\" srcset=\"https:\/\/www.tgrthaber.com\/mavikadin\/wp-content\/uploads\/11594815914-300x158.jpg 300w, https:\/\/www.tgrthaber.com\/mavikadin\/wp-content\/uploads\/11594815914-1024x538.jpg 1024w, https:\/\/www.tgrthaber.com\/mavikadin\/wp-content\/uploads\/11594815914-768x403.jpg 768w, https:\/\/www.tgrthaber.com\/mavikadin\/wp-content\/uploads\/11594815914.jpg 1200w\" sizes=\"(max-width: 1208px) 100vw, 1208px\" \/><\/p>\n<hr \/>\n<p><strong>Avokado Ya\u011f\u0131:<\/strong> Bebekler p\u00fcre halinde verilen avokado ya\u011f\u0131, i\u00e7eri\u011findeki E vitamini sayesinde yine ek g\u0131daya ge\u00e7en bebeklere verilen do\u011fal ya\u011flar aras\u0131nda g\u00f6steriliyor.<\/p>\n<p><strong>Ceviz Ya\u011f\u0131 ve ya Badem Ya\u011f\u0131:<\/strong> Bebe\u011finizin alerjik reaksiyonu yoksa, doktor kontrol\u00fc ile 1 ya\u015f\u0131ndan sonra verilebilen ya\u011flar aras\u0131nda bulunuyor.<\/p>\n<p><img loading=\"lazy\" decoding=\"async\" class=\"alignnone wp-image-210401\" src=\"https:\/\/www.tgrthaber.com\/mavikadin\/wp-content\/uploads\/bebek-beslenmesi-300x200.jpg\" alt=\"\" width=\"1208\" height=\"803\" title=\"\" srcset=\"https:\/\/www.tgrthaber.com\/mavikadin\/wp-content\/uploads\/bebek-beslenmesi-300x200.jpg 300w, https:\/\/www.tgrthaber.com\/mavikadin\/wp-content\/uploads\/bebek-beslenmesi-768x511.jpg 768w, https:\/\/www.tgrthaber.com\/mavikadin\/wp-content\/uploads\/bebek-beslenmesi.jpg 800w\" sizes=\"(max-width: 1208px) 100vw, 1208px\" \/><\/p>\n<hr \/>\n<h3>BEBEKLERE YA\u011e NE KADAR VER\u0130LMEL\u0130?<\/h3>\n<p>6 ila 12 ay bebeklerin g\u00fcnl\u00fck olarak ya\u011f ihtiyac\u0131 1 tatl\u0131 ka\u015f\u0131\u011f\u0131 kadard\u0131r. Bebe\u011finize yapt\u0131\u011f\u0131n\u0131z \u00e7orbaya, p\u00fcreye ya da yo\u011furda bu miktar\u0131 b\u00f6l\u00fc\u015ferek verebilirsiniz. 1 ya\u015f\u0131ndan sonra sise \u00e7ocu\u011fun geli\u015fimi g\u00f6z \u00f6n\u00fcne al\u0131narak yine doktor onay\u0131yla bu miktar\u0131 art\u0131rman\u0131z \u00f6neriliyor.<\/p>\n<p>Ya\u011f miktar\u0131nda a\u015f\u0131r\u0131ya ka\u00e7\u0131lmas\u0131 bebeklerde ishal ve mide rahats\u0131zl\u0131\u011f\u0131na yol a\u00e7abilece\u011finden, \u00f6l\u00e7\u00fcy\u00fc iyi ayarlamak gerekiyor. Bununla birlikte, denenen ya\u011f\u0131n herhangi bir alerjik reaksiyona yol a\u00e7\u0131p a\u00e7mayaca\u011f\u0131n\u0131 da ebeveynlerin mutlaka g\u00f6zlemesi gerekiyor.<\/p>\n<p><img loading=\"lazy\" decoding=\"async\" class=\"alignnone wp-image-210402\" src=\"https:\/\/www.tgrthaber.com\/mavikadin\/wp-content\/uploads\/db59663d9d9f3a3eb7ed72c4f17c5974-300x174.png\" alt=\"\" width=\"1208\" height=\"699\" title=\"\" srcset=\"https:\/\/www.tgrthaber.com\/mavikadin\/wp-content\/uploads\/db59663d9d9f3a3eb7ed72c4f17c5974-300x174.png 300w, https:\/\/www.tgrthaber.com\/mavikadin\/wp-content\/uploads\/db59663d9d9f3a3eb7ed72c4f17c5974-768x445.png 768w, https:\/\/www.tgrthaber.com\/mavikadin\/wp-content\/uploads\/db59663d9d9f3a3eb7ed72c4f17c5974.png 950w\" sizes=\"(max-width: 1208px) 100vw, 1208px\" \/><\/p>\n<hr \/>\n<h3>BEBEKLERE YA\u011e SE\u00c7ERKEN NELERE D\u0130KKAT ED\u0130LMEL\u0130?<\/h3>\n<p>Bebeklere verilecek ya\u011flarda baz\u0131 hususlara dikkat etmek b\u00fcy\u00fck \u00f6nem ta\u015f\u0131yor. \u00d6ncelikle \u00fcr\u00fcn\u00fcn etiketi kontrol edilmeli ve asla katk\u0131 maddesi i\u00e7ermemelidir. Do\u011fal y\u00f6ntemlerle yap\u0131lm\u0131\u015f olmas\u0131 ve so\u011fuk s\u0131k\u0131m olmas\u0131 da gerekiyor.<\/p>\n<p><img loading=\"lazy\" decoding=\"async\" class=\"alignnone wp-image-210403\" src=\"https:\/\/www.tgrthaber.com\/mavikadin\/wp-content\/uploads\/i-3-18-300x114.webp\" alt=\"\" width=\"1208\" height=\"461\" title=\"\" srcset=\"https:\/\/www.tgrthaber.com\/mavikadin\/wp-content\/uploads\/i-3-18-300x114.webp 300w, https:\/\/www.tgrthaber.com\/mavikadin\/wp-content\/uploads\/i-3-18.webp 480w\" sizes=\"(max-width: 1208px) 100vw, 1208px\" \/><\/p>\n<hr \/>\n<p>Bunun d\u0131\u015f\u0131nda k\u00fc\u00e7\u00fck porsiyonlar al\u0131nmal\u0131 ve k\u0131sa s\u00fcrede t\u00fcketilmeli. Saklama ko\u015fullar\u0131 da bu a\u015famada \u00f6nem arz ediyor. Bebe\u011fe verilecek ya\u011flar\u0131n mutlaka serin yerde muhafaza edilmesi gerekiyor.<\/p>\n","protected":false},"excerpt":{"rendered":"<p>Ebeveynlerin bebek sa\u011fl\u0131\u011f\u0131 ve bak\u0131m\u0131yla ilgili merak etti\u011fi sorular, bebeklerin ek g\u0131daya ge\u00e7i\u015fi s\u0131ras\u0131nda daha da art\u0131yor. En s\u0131k ara\u015ft\u0131r\u0131lan konular\u0131n ba\u015f\u0131nda ise &#8216;bebeklere ne zaman ya\u011fl\u0131 yemek yedirmeli?&#8217; sorusu yer al\u0131yor. Peki ek g\u0131daya ge\u00e7en bebeklere ne zaman ya\u011fl\u0131 yemek yedirilmesi gerekiyor ve hangi ya\u011flar \u00f6neriliyor? \u0130\u015fte konuya dair ebeveynleri ilgilendiren \u00e7ok \u00f6nemli detaylar&#8230;<\/p>\n","protected":false},"author":35,"featured_media":210404,"comment_status":"closed","ping_status":"closed","sticky":false,"template":"","format":"standard","meta":{"rank_math_lock_modified_date":false,"footnotes":""},"categories":[111],"tags":[2946,4049,29435,29436,29434],"class_list":["post-210376","post","type-post","status-publish","format-standard","has-post-thumbnail","hentry","category-anne-cocuk","tag-anne-cocuk","tag-bebek-beslenmesi","tag-bebek-ek-gida","tag-bebekler-icin-uygun-yaglar","tag-bebeklere-yagli-yemek"],"_links":{"self":[{"href":"https:\/\/www.tgrthaber.com\/mavikadin\/wp-json\/wp\/v2\/posts\/210376"}],"collection":[{"href":"https:\/\/www.tgrthaber.com\/mavikadin\/wp-json\/wp\/v2\/posts"}],"about":[{"href":"https:\/\/www.tgrthaber.com\/mavikadin\/wp-json\/wp\/v2\/types\/post"}],"author":[{"embeddable":true,"href":"https:\/\/www.tgrthaber.com\/mavikadin\/wp-json\/wp\/v2\/users\/35"}],"replies":[{"embeddable":true,"href":"https:\/\/www.tgrthaber.com\/mavikadin\/wp-json\/wp\/v2\/comments?post=210376"}],"version-history":[{"count":1,"href":"https:\/\/www.tgrthaber.com\/mavikadin\/wp-json\/wp\/v2\/posts\/210376\/revisions"}],"predecessor-version":[{"id":210406,"href":"https:\/\/www.tgrthaber.com\/mavikadin\/wp-json\/wp\/v2\/posts\/210376\/revisions\/210406"}],"wp:featuredmedia":[{"embeddable":true,"href":"https:\/\/www.tgrthaber.com\/mavikadin\/wp-json\/wp\/v2\/media\/210404"}],"wp:attachment":[{"href":"https:\/\/www.tgrthaber.com\/mavikadin\/wp-json\/wp\/v2\/media?parent=210376"}],"wp:term":[{"taxonomy":"category","embeddable":true,"href":"https:\/\/www.tgrthaber.com\/mavikadin\/wp-json\/wp\/v2\/categories?post=210376"},{"taxonomy":"post_tag","embeddable":true,"href":"https:\/\/www.tgrthaber.com\/mavikadin\/wp-json\/wp\/v2\/tags?post=210376"}],"curies":[{"name":"wp","href":"https:\/\/api.w.org\/{rel}","templated":true}]}}