{"id":210432,"date":"2025-07-25T09:24:46","date_gmt":"2025-07-25T06:24:46","guid":{"rendered":"https:\/\/www.tgrthaber.com\/mavikadin\/?p=210432"},"modified":"2025-07-25T09:35:10","modified_gmt":"2025-07-25T06:35:10","slug":"nazli-sabancinin-annesi-gunes-sertkaya-10-yas-genclesti-estetik-operasyonlariyla-20li-yaslarina-geri-dondu","status":"publish","type":"post","link":"https:\/\/www.tgrthaber.com\/mavikadin\/nazli-sabancinin-annesi-gunes-sertkaya-10-yas-genclesti-estetik-operasyonlariyla-20li-yaslarina-geri-dondu\/","title":{"rendered":"Nazl\u0131 Sabanc\u0131\u2019n\u0131n annesi G\u00fcne\u015f Sertkaya 10 ya\u015f gen\u00e7le\u015fti! Estetik operasyonlar\u0131yla 20\u2019li ya\u015flar\u0131na geri d\u00f6nd\u00fc"},"content":{"rendered":"<p>Nazl\u0131 Sabanc\u0131\u2019n\u0131n annesi Hac\u0131 Sabanc\u0131\u2019n\u0131n kay\u0131nvalidesi G\u00fcne\u015f Sertkaya ge\u00e7irdi\u011fi estetik operasyonlarla 10 ya\u015f gen\u00e7le\u015ferek 20\u2019lerine geri d\u00f6nd\u00fc. G\u00fcne\u015f Sertkaya\u2019n\u0131n son hali magazin g\u00fcndemine oturdu.<\/p>\n<h3>G\u00dcNE\u015e SERTKAYA 10 YA\u015e GEN\u00c7LE\u015eT\u0130<\/h3>\n<p>G\u00fcne\u015f Sertkaya 10 ya\u015f gen\u00e7le\u015ferek adeta 20\u2019li ya\u015flar\u0131na geri d\u00f6nd\u00fc. Ge\u00e7irdi\u011fi operasyonlarla gen\u00e7le\u015fen Sertkaya\u2019n\u0131n k\u0131z\u0131 Nazl\u0131 Sabanc\u0131 ile \u00e7ekildi\u011fi bir kare g\u00fcndem oldu.<\/p>\n<p>Nazl\u0131 Sabanc\u0131&#8217;n\u0131n annesi G\u00fcne\u015f Sertkaya tam y\u00fcz germe, kar\u0131n germe ve meme dikle\u015ftirme ba\u015fta olmak \u00fczere bir\u00e7ok estetik operasyon ge\u00e7irdi.<\/p>\n<p>Adeta 20\u2019lik gen\u00e7 k\u0131zlara d\u00f6nen G\u00fcne\u015f Sertkaya magazin d\u00fcnyas\u0131nda \u00e7ok konu\u015fulanlar aras\u0131nda girdi.<\/p>\n<p><img loading=\"lazy\" decoding=\"async\" class=\"alignnone size-full wp-image-210433\" src=\"https:\/\/www.tgrthaber.com\/mavikadin\/wp-content\/uploads\/Nazli-sabanci-annesi-1.png\" alt=\"\" width=\"1208\" height=\"680\" title=\"\" srcset=\"https:\/\/www.tgrthaber.com\/mavikadin\/wp-content\/uploads\/Nazli-sabanci-annesi-1.png 1208w, https:\/\/www.tgrthaber.com\/mavikadin\/wp-content\/uploads\/Nazli-sabanci-annesi-1-300x169.png 300w, https:\/\/www.tgrthaber.com\/mavikadin\/wp-content\/uploads\/Nazli-sabanci-annesi-1-1024x576.png 1024w, https:\/\/www.tgrthaber.com\/mavikadin\/wp-content\/uploads\/Nazli-sabanci-annesi-1-768x432.png 768w\" sizes=\"(max-width: 1208px) 100vw, 1208px\" \/><\/p>\n<hr \/>\n<p>Birka\u00e7 ay \u00f6nce Hac\u0131 Sabanc\u0131&#8217;n\u0131n 4 ya\u015f\u0131nda bir o\u011flu oldu\u011fu ger\u00e7e\u011fiyle y\u00fczle\u015fen Sabanc\u0131 ailesi \u015fimdide bu konuyla g\u00fcndem oldu.<\/p>\n<p>Kar\u0131n germe, tam y\u00fcz germe, ba\u015fta olmak \u00fczere bir dizi operasyon ge\u00e7iren G\u00fcne\u015f Han\u0131m&#8217;\u0131n 20&#8217;lik gen\u00e7 k\u0131zlara d\u00f6nd\u00fc\u011f\u00fc uzun s\u00fcre sosyete i\u00e7inde konu\u015fulacak gibi duruyor.<\/p>\n<p>G\u00fcne\u015f Han\u0131m, \u00f6nceki g\u00fcn Cannes&#8217;daki aile foto\u011fraf\u0131nda ortaya \u00e7\u0131kt\u0131. G\u00f6renlerin konu\u015fa konu\u015fa bitiremedi\u011fi G\u00fcne\u015f Sertkaya herkes taraf\u0131ndan merak ediliyor.<\/p>\n<p><img loading=\"lazy\" decoding=\"async\" class=\"alignnone size-full wp-image-210434\" src=\"https:\/\/www.tgrthaber.com\/mavikadin\/wp-content\/uploads\/Nazli-sabanci-annesi-9.png\" alt=\"\" width=\"1208\" height=\"680\" title=\"\" srcset=\"https:\/\/www.tgrthaber.com\/mavikadin\/wp-content\/uploads\/Nazli-sabanci-annesi-9.png 1208w, https:\/\/www.tgrthaber.com\/mavikadin\/wp-content\/uploads\/Nazli-sabanci-annesi-9-300x169.png 300w, https:\/\/www.tgrthaber.com\/mavikadin\/wp-content\/uploads\/Nazli-sabanci-annesi-9-1024x576.png 1024w, https:\/\/www.tgrthaber.com\/mavikadin\/wp-content\/uploads\/Nazli-sabanci-annesi-9-768x432.png 768w\" sizes=\"(max-width: 1208px) 100vw, 1208px\" \/><\/p>\n<hr \/>\n<p>Hac\u0131 Sabanc\u0131&#8217;n\u0131n evlilik d\u0131\u015f\u0131 ili\u015fkisinden \u00e7ocu\u011fu oldu\u011funun ispatlanmas\u0131ndan sonra ailede \u00e7\u0131kan kriz tamamen a\u015f\u0131lm\u0131\u015f g\u00f6r\u00fcn\u00fcyor.<\/p>\n<p>Sabanc\u0131 \u00e7iftinin, k\u0131zlar\u0131 Alara ile \u00e7\u0131kt\u0131klar\u0131 yurtd\u0131\u015f\u0131 tatiline, annelerinin de kat\u0131lmas\u0131 bunu kan\u0131tlar nitelikte.<\/p>\n<p><img loading=\"lazy\" decoding=\"async\" class=\"alignnone size-full wp-image-210435\" src=\"https:\/\/www.tgrthaber.com\/mavikadin\/wp-content\/uploads\/Nazli-sabanci-annesi-2.png\" alt=\"\" width=\"1208\" height=\"680\" title=\"\" srcset=\"https:\/\/www.tgrthaber.com\/mavikadin\/wp-content\/uploads\/Nazli-sabanci-annesi-2.png 1208w, https:\/\/www.tgrthaber.com\/mavikadin\/wp-content\/uploads\/Nazli-sabanci-annesi-2-300x169.png 300w, https:\/\/www.tgrthaber.com\/mavikadin\/wp-content\/uploads\/Nazli-sabanci-annesi-2-1024x576.png 1024w, https:\/\/www.tgrthaber.com\/mavikadin\/wp-content\/uploads\/Nazli-sabanci-annesi-2-768x432.png 768w\" sizes=\"(max-width: 1208px) 100vw, 1208px\" \/><\/p>\n<hr \/>\n<p>\u0130\u015f insan\u0131 Hac\u0131 Sabanc\u0131&#8217;n\u0131n e\u015fi Nazl\u0131 Sabanc\u0131, ailesiyle birlikte \u00e7\u0131kt\u0131\u011f\u0131 tekne tatilinden kareleri sosyal medya hesab\u0131ndan payla\u015farak be\u011feni ya\u011fmuruna tutulmu\u015ftu. Bodrum&#8217;da demirli l\u00fcks<\/p>\n<p>teknelerinde tatil yapan Sabanc\u0131lar, koy koy gezip denizin ve g\u00fcne\u015fin keyfini \u00e7\u0131karm\u0131\u015ft\u0131.<\/p>\n<p><img loading=\"lazy\" decoding=\"async\" class=\"alignnone size-full wp-image-210436\" src=\"https:\/\/www.tgrthaber.com\/mavikadin\/wp-content\/uploads\/Nazli-sabanci-annesi-5.png\" alt=\"\" width=\"1208\" height=\"680\" title=\"\" srcset=\"https:\/\/www.tgrthaber.com\/mavikadin\/wp-content\/uploads\/Nazli-sabanci-annesi-5.png 1208w, https:\/\/www.tgrthaber.com\/mavikadin\/wp-content\/uploads\/Nazli-sabanci-annesi-5-300x169.png 300w, https:\/\/www.tgrthaber.com\/mavikadin\/wp-content\/uploads\/Nazli-sabanci-annesi-5-1024x576.png 1024w, https:\/\/www.tgrthaber.com\/mavikadin\/wp-content\/uploads\/Nazli-sabanci-annesi-5-768x432.png 768w\" sizes=\"(max-width: 1208px) 100vw, 1208px\" \/><\/p>\n<hr \/>\n<p>Sosyal medya hesab\u0131n\u0131 olduk\u00e7a aktif kullanan Nazl\u0131 Sabanc\u0131, tatilinden anlar\u0131n\u0131 payla\u015fmay\u0131 ihmal etmedi. Farkl\u0131 ve renkli kombinleriyle dikkat \u00e7eken Nazl\u0131 Sabanc\u0131, k\u0131z\u0131 Arzu Alara&#8217;n\u0131n deniz kenar\u0131ndaki foto\u011fraflar\u0131n\u0131 \u00e7ekerek yaz an\u0131lar\u0131na eklemi\u015fti.<\/p>\n<p><img loading=\"lazy\" decoding=\"async\" class=\"alignnone size-full wp-image-210437\" src=\"https:\/\/www.tgrthaber.com\/mavikadin\/wp-content\/uploads\/Nazli-sabanci-annesi-3.png\" alt=\"\" width=\"1208\" height=\"680\" title=\"\" srcset=\"https:\/\/www.tgrthaber.com\/mavikadin\/wp-content\/uploads\/Nazli-sabanci-annesi-3.png 1208w, https:\/\/www.tgrthaber.com\/mavikadin\/wp-content\/uploads\/Nazli-sabanci-annesi-3-300x169.png 300w, https:\/\/www.tgrthaber.com\/mavikadin\/wp-content\/uploads\/Nazli-sabanci-annesi-3-1024x576.png 1024w, https:\/\/www.tgrthaber.com\/mavikadin\/wp-content\/uploads\/Nazli-sabanci-annesi-3-768x432.png 768w\" sizes=\"(max-width: 1208px) 100vw, 1208px\" \/><\/p>\n<hr \/>\n<p><strong>Sosyal medyada Nazl\u0131 Sabanc\u0131&#8217;ya gelen yorumlar \u015fu \u015fekilde:<\/strong><\/p>\n<p>Her hali \u00f6zel her hali g\u00fczel<\/p>\n<p>Ayn\u0131 frans\u0131zlara benziyorsun<\/p>\n<p>\u00e7ok g\u00fczelsin \u00e7okkkk ma\u015fallah<\/p>\n","protected":false},"excerpt":{"rendered":"<p>Hac\u0131 Sabanc\u0131\u2019n\u0131n kay\u0131nvalidesi Nazl\u0131 Sabanc\u0131\u2019n\u0131n annesi G\u00fcne\u015f Sertkaya ge\u00e7irdi\u011fi estetik operasyonlar sonras\u0131 adeta 20\u2019li ya\u015flar\u0131na geri d\u00f6nd\u00fc. 10 ya\u015f gen\u00e7le\u015fen Sertkaya\u2019n\u0131n son hali sosyal medyada g\u00fcndeme geldi.<\/p>\n","protected":false},"author":5,"featured_media":210438,"comment_status":"closed","ping_status":"closed","sticky":false,"template":"","format":"standard","meta":{"rank_math_lock_modified_date":false,"footnotes":""},"categories":[76],"tags":[29444,3431,133,3463],"class_list":["post-210432","post","type-post","status-publish","format-standard","has-post-thumbnail","hentry","category-magazin","tag-gunes-sertkaya","tag-haci-sabanci","tag-magazin","tag-nazli-sabanci"],"_links":{"self":[{"href":"https:\/\/www.tgrthaber.com\/mavikadin\/wp-json\/wp\/v2\/posts\/210432"}],"collection":[{"href":"https:\/\/www.tgrthaber.com\/mavikadin\/wp-json\/wp\/v2\/posts"}],"about":[{"href":"https:\/\/www.tgrthaber.com\/mavikadin\/wp-json\/wp\/v2\/types\/post"}],"author":[{"embeddable":true,"href":"https:\/\/www.tgrthaber.com\/mavikadin\/wp-json\/wp\/v2\/users\/5"}],"replies":[{"embeddable":true,"href":"https:\/\/www.tgrthaber.com\/mavikadin\/wp-json\/wp\/v2\/comments?post=210432"}],"version-history":[{"count":2,"href":"https:\/\/www.tgrthaber.com\/mavikadin\/wp-json\/wp\/v2\/posts\/210432\/revisions"}],"predecessor-version":[{"id":210440,"href":"https:\/\/www.tgrthaber.com\/mavikadin\/wp-json\/wp\/v2\/posts\/210432\/revisions\/210440"}],"wp:featuredmedia":[{"embeddable":true,"href":"https:\/\/www.tgrthaber.com\/mavikadin\/wp-json\/wp\/v2\/media\/210438"}],"wp:attachment":[{"href":"https:\/\/www.tgrthaber.com\/mavikadin\/wp-json\/wp\/v2\/media?parent=210432"}],"wp:term":[{"taxonomy":"category","embeddable":true,"href":"https:\/\/www.tgrthaber.com\/mavikadin\/wp-json\/wp\/v2\/categories?post=210432"},{"taxonomy":"post_tag","embeddable":true,"href":"https:\/\/www.tgrthaber.com\/mavikadin\/wp-json\/wp\/v2\/tags?post=210432"}],"curies":[{"name":"wp","href":"https:\/\/api.w.org\/{rel}","templated":true}]}}