{"id":210441,"date":"2025-07-25T09:39:42","date_gmt":"2025-07-25T06:39:42","guid":{"rendered":"https:\/\/www.tgrthaber.com\/mavikadin\/?p=210441"},"modified":"2025-07-25T09:39:42","modified_gmt":"2025-07-25T06:39:42","slug":"ayse-barim-hastaligi-ne-ayse-barim-son-saglik-durumu-nasil","status":"publish","type":"post","link":"https:\/\/www.tgrthaber.com\/mavikadin\/ayse-barim-hastaligi-ne-ayse-barim-son-saglik-durumu-nasil\/","title":{"rendered":"Ay\u015fe Bar\u0131m hastal\u0131\u011f\u0131 ne? Ay\u015fe Bar\u0131m son sa\u011fl\u0131k durumu nas\u0131l?"},"content":{"rendered":"<p>\u00dcnl\u00fclerin menajeri Ay\u015fe Bar\u0131m, Gezi Park\u0131 soru\u015fturmas\u0131 kapsam\u0131nda tutuklanm\u0131\u015f, &#8220;cebir ve \u015fiddet kullanarak T\u00fcrkiye Cumhuriyeti H\u00fck\u00fcmetini ortadan kald\u0131rmaya veya g\u00f6revlerini yapmas\u0131n\u0131 k\u0131smen veya tamamen engellemeye te\u015febb\u00fcse yard\u0131m etme&#8221; su\u00e7lamas\u0131yla hakk\u0131nda 30 y\u0131la kadar hapsi istenmi\u015fti. Ay\u015fe Bar\u0131m olay\u0131nda yeni bir geli\u015fme ya\u015fand\u0131, Bar\u0131m, sa\u011fl\u0131k durumunda cezaevinde kalmaya bir engel bulunup bulunmad\u0131\u011f\u0131n\u0131n tespiti i\u00e7in, Adli T\u0131p Kurumu\u2019nun karar\u0131yla tam te\u015fekk\u00fcll\u00fc bir hastaneye sevk edildi. Ay\u015fe Bar\u0131m hastal\u0131\u011f\u0131 ne? Ay\u015fe Bar\u0131m son sa\u011fl\u0131k durumu nas\u0131l?<\/p>\n<h3>AY\u015eE BARIM HASTALI\u011eI NE?<\/h3>\n<p>ID \u0130leti\u015fim\u2019in sahibi menajer Ay\u015fe Bar\u0131m, Adli T\u0131p Kurumu\u2019nun karar\u0131yla, sa\u011fl\u0131k durumunun hastanede kalmaya elveri\u015fli olup olmad\u0131\u011f\u0131 tespit i\u00e7in tam te\u015fekk\u00fcll\u00fc bir hastaneye kontrole g\u00f6nderildi. Peki Ay\u015fe Bar\u0131m\u2019\u0131n hastal\u0131\u011f\u0131 ne?<\/p>\n<p><img loading=\"lazy\" decoding=\"async\" class=\"size-full wp-image-210443 aligncenter\" src=\"https:\/\/www.tgrthaber.com\/mavikadin\/wp-content\/uploads\/ayse-barim-hastaligi-ne-ayse-barim-son-saglik-durumu-nasil-7.jpg\" alt=\"\" width=\"1208\" height=\"680\" title=\"\" srcset=\"https:\/\/www.tgrthaber.com\/mavikadin\/wp-content\/uploads\/ayse-barim-hastaligi-ne-ayse-barim-son-saglik-durumu-nasil-7.jpg 1208w, https:\/\/www.tgrthaber.com\/mavikadin\/wp-content\/uploads\/ayse-barim-hastaligi-ne-ayse-barim-son-saglik-durumu-nasil-7-300x169.jpg 300w, https:\/\/www.tgrthaber.com\/mavikadin\/wp-content\/uploads\/ayse-barim-hastaligi-ne-ayse-barim-son-saglik-durumu-nasil-7-1024x576.jpg 1024w, https:\/\/www.tgrthaber.com\/mavikadin\/wp-content\/uploads\/ayse-barim-hastaligi-ne-ayse-barim-son-saglik-durumu-nasil-7-768x432.jpg 768w\" sizes=\"(max-width: 1208px) 100vw, 1208px\" \/><\/p>\n<hr \/>\n<p><strong>Ay\u015fe Bar\u0131m\u2019\u0131n beyninde anevrizma var ve \u00e7e\u015fitli kalp sorunlar\u0131 ya\u015f\u0131yor.<\/strong> T.C. Sa\u011fl\u0131k Bakanl\u0131\u011f\u0131 Ba\u015fak\u015fehir \u00c7am Ve Sakura \u015eehir Hastanesi\u2019de yap\u0131lan tetkikleri ve incelenmeler sonucu, 9 ki\u015filik uzman hekim taraf\u0131ndan yap\u0131lan incelemede Bar\u0131m\u2019\u0131n sa\u011fl\u0131k raporu \u015fu \u015fekilde haz\u0131rland\u0131:<\/p>\n<p><img loading=\"lazy\" decoding=\"async\" class=\"size-full wp-image-210444 aligncenter\" src=\"https:\/\/www.tgrthaber.com\/mavikadin\/wp-content\/uploads\/ayse-barim-hastaligi-ne-ayse-barim-son-saglik-durumu-nasil-6.jpg\" alt=\"\" width=\"1208\" height=\"680\" title=\"\" srcset=\"https:\/\/www.tgrthaber.com\/mavikadin\/wp-content\/uploads\/ayse-barim-hastaligi-ne-ayse-barim-son-saglik-durumu-nasil-6.jpg 1208w, https:\/\/www.tgrthaber.com\/mavikadin\/wp-content\/uploads\/ayse-barim-hastaligi-ne-ayse-barim-son-saglik-durumu-nasil-6-300x169.jpg 300w, https:\/\/www.tgrthaber.com\/mavikadin\/wp-content\/uploads\/ayse-barim-hastaligi-ne-ayse-barim-son-saglik-durumu-nasil-6-1024x576.jpg 1024w, https:\/\/www.tgrthaber.com\/mavikadin\/wp-content\/uploads\/ayse-barim-hastaligi-ne-ayse-barim-son-saglik-durumu-nasil-6-768x432.jpg 768w\" sizes=\"(max-width: 1208px) 100vw, 1208px\" \/><\/p>\n<hr \/>\n<p>Ay\u015fe Bar\u0131m\u2019\u0131n kalp kaslar\u0131nda anormal derecede kal\u0131nla\u015fma ve fonksiyonlar\u0131n\u0131 yerine getirememe s\u00f6z konusu. Kalbinin sol ve sa\u011f taraf\u0131n\u0131 ay\u0131ran kas duvar\u0131nda kal\u0131nla\u015fma var.<\/p>\n<p><img loading=\"lazy\" decoding=\"async\" class=\"size-full wp-image-210447 aligncenter\" src=\"https:\/\/www.tgrthaber.com\/mavikadin\/wp-content\/uploads\/ayse-barim-hastaligi-ne-ayse-barim-son-saglik-durumu-nasil-2.jpg\" alt=\"\" width=\"1208\" height=\"680\" title=\"\" srcset=\"https:\/\/www.tgrthaber.com\/mavikadin\/wp-content\/uploads\/ayse-barim-hastaligi-ne-ayse-barim-son-saglik-durumu-nasil-2.jpg 1208w, https:\/\/www.tgrthaber.com\/mavikadin\/wp-content\/uploads\/ayse-barim-hastaligi-ne-ayse-barim-son-saglik-durumu-nasil-2-300x169.jpg 300w, https:\/\/www.tgrthaber.com\/mavikadin\/wp-content\/uploads\/ayse-barim-hastaligi-ne-ayse-barim-son-saglik-durumu-nasil-2-1024x576.jpg 1024w, https:\/\/www.tgrthaber.com\/mavikadin\/wp-content\/uploads\/ayse-barim-hastaligi-ne-ayse-barim-son-saglik-durumu-nasil-2-768x432.jpg 768w\" sizes=\"(max-width: 1208px) 100vw, 1208px\" \/><\/p>\n<hr \/>\n<p>Bu durum kalp yetmezli\u011fi ve ani \u00f6l\u00fcme neden olabiliyor. \u0130leri mitral yetersizlik sebebiyle kalpte ritim bozuklu\u011fu ve kalp b\u00fcy\u00fcmesi mevcut.<\/p>\n<p><img loading=\"lazy\" decoding=\"async\" class=\"size-full wp-image-210445 aligncenter\" src=\"https:\/\/www.tgrthaber.com\/mavikadin\/wp-content\/uploads\/ayse-barim-hastaligi-ne-ayse-barim-son-saglik-durumu-nasil-3.jpg\" alt=\"\" width=\"1208\" height=\"680\" title=\"\" srcset=\"https:\/\/www.tgrthaber.com\/mavikadin\/wp-content\/uploads\/ayse-barim-hastaligi-ne-ayse-barim-son-saglik-durumu-nasil-3.jpg 1208w, https:\/\/www.tgrthaber.com\/mavikadin\/wp-content\/uploads\/ayse-barim-hastaligi-ne-ayse-barim-son-saglik-durumu-nasil-3-300x169.jpg 300w, https:\/\/www.tgrthaber.com\/mavikadin\/wp-content\/uploads\/ayse-barim-hastaligi-ne-ayse-barim-son-saglik-durumu-nasil-3-1024x576.jpg 1024w, https:\/\/www.tgrthaber.com\/mavikadin\/wp-content\/uploads\/ayse-barim-hastaligi-ne-ayse-barim-son-saglik-durumu-nasil-3-768x432.jpg 768w\" sizes=\"(max-width: 1208px) 100vw, 1208px\" \/><\/p>\n<hr \/>\n<p>Kalp pili tak\u0131lsa dahi ani \u00f6l\u00fcm riski y\u00fcksek. Bar\u0131m, kalp kapak\u00e7\u0131\u011f\u0131n\u0131n tam kapanmamas\u0131 sebebiyle kan\u0131n geri ka\u00e7mas\u0131 sorunu ya\u015f\u0131yor, bu da beyin kanamas\u0131 a\u00e7\u0131s\u0131ndan risk olu\u015fturuyor.<\/p>\n<p><img loading=\"lazy\" decoding=\"async\" class=\"size-full wp-image-210446 aligncenter\" src=\"https:\/\/www.tgrthaber.com\/mavikadin\/wp-content\/uploads\/ayse-barim-hastaligi-ne-ayse-barim-son-saglik-durumu-nasil-4.jpg\" alt=\"\" width=\"1208\" height=\"680\" title=\"\" srcset=\"https:\/\/www.tgrthaber.com\/mavikadin\/wp-content\/uploads\/ayse-barim-hastaligi-ne-ayse-barim-son-saglik-durumu-nasil-4.jpg 1208w, https:\/\/www.tgrthaber.com\/mavikadin\/wp-content\/uploads\/ayse-barim-hastaligi-ne-ayse-barim-son-saglik-durumu-nasil-4-300x169.jpg 300w, https:\/\/www.tgrthaber.com\/mavikadin\/wp-content\/uploads\/ayse-barim-hastaligi-ne-ayse-barim-son-saglik-durumu-nasil-4-1024x576.jpg 1024w, https:\/\/www.tgrthaber.com\/mavikadin\/wp-content\/uploads\/ayse-barim-hastaligi-ne-ayse-barim-son-saglik-durumu-nasil-4-768x432.jpg 768w\" sizes=\"(max-width: 1208px) 100vw, 1208px\" \/><\/p>\n<hr \/>\n<p>Ay\u015fe Bar\u0131m\u2019\u0131n bir di\u011fer ya\u015fad\u0131\u011f\u0131 sa\u011fl\u0131k sorunu da akci\u011ferden gelen oksijenli kan\u0131n kalp kar\u0131nc\u0131\u011f\u0131na ileten odac\u0131\u011f\u0131n fazla bas\u0131n\u00e7 ve hacim y\u00fck\u00fc binmesi sebebiyle geni\u015flemesi, bu durum kalpte ritim bozuklu\u011fu, p\u0131ht\u0131 meydana gelmesi ve buna ba\u011fl\u0131 fel\u00e7 ve kalp yetmezli\u011fi gibi riskler do\u011furabiliyor.<\/p>\n<p><img loading=\"lazy\" decoding=\"async\" class=\"alignnone size-full wp-image-210448\" src=\"https:\/\/www.tgrthaber.com\/mavikadin\/wp-content\/uploads\/ayse-barim-hastaligi-ne-ayse-barim-son-saglik-durumu-nasil-5.jpg\" alt=\"\" width=\"1208\" height=\"680\" title=\"\" srcset=\"https:\/\/www.tgrthaber.com\/mavikadin\/wp-content\/uploads\/ayse-barim-hastaligi-ne-ayse-barim-son-saglik-durumu-nasil-5.jpg 1208w, https:\/\/www.tgrthaber.com\/mavikadin\/wp-content\/uploads\/ayse-barim-hastaligi-ne-ayse-barim-son-saglik-durumu-nasil-5-300x169.jpg 300w, https:\/\/www.tgrthaber.com\/mavikadin\/wp-content\/uploads\/ayse-barim-hastaligi-ne-ayse-barim-son-saglik-durumu-nasil-5-1024x576.jpg 1024w, https:\/\/www.tgrthaber.com\/mavikadin\/wp-content\/uploads\/ayse-barim-hastaligi-ne-ayse-barim-son-saglik-durumu-nasil-5-768x432.jpg 768w\" sizes=\"(max-width: 1208px) 100vw, 1208px\" \/><\/p>\n<hr \/>\n<h3>AY\u015eE BARIM\u2019IN SON SA\u011eLIK DURUMU NASIL?<\/h3>\n<p>Ay\u015fe Bar\u0131m, 24 Temmuz 2025 tarihinde Adli T\u0131p Kurumu taraf\u0131ndan \u2018tam te\u015fekk\u00fcll\u00fc hastane\u2019ye g\u00f6nderildi. Bar\u0131m\u2019\u0131n hastanede yap\u0131lan bu inceleme sonucunda cezaevinde kalmas\u0131na bir engel bulunup bulunmad\u0131\u011f\u0131 tespit edilecek.<\/p>\n","protected":false},"excerpt":{"rendered":"<p>Hande Er\u00e7el, Serenay Sar\u0131kaya gibi bir\u00e7ok \u00fcnl\u00fcn\u00fcn menajeri olan Ay\u015fe Bar\u0131m, ocak ay\u0131ndan bu yana cezaevinde kal\u0131yor. Gezi Park\u0131 soru\u015fturmas\u0131 kapsam\u0131nda tutuklu olan Bar\u0131m, sa\u011fl\u0131k durumunun tespit edilebilmesi i\u00e7in hastaneye sevk edildi. Ay\u015fe Bar\u0131m hastal\u0131\u011f\u0131 ne? Ay\u015fe Bar\u0131m son sa\u011fl\u0131k durumu nas\u0131l?<\/p>\n","protected":false},"author":30,"featured_media":210442,"comment_status":"closed","ping_status":"closed","sticky":false,"template":"","format":"standard","meta":{"rank_math_lock_modified_date":false,"footnotes":""},"categories":[76],"tags":[7462,29446,29445,2218],"class_list":["post-210441","post","type-post","status-publish","format-standard","has-post-thumbnail","hentry","category-magazin","tag-ayse-barim","tag-ayse-barim-hastaligi","tag-ayse-barim-son-durumu","tag-magazin-haberleri"],"_links":{"self":[{"href":"https:\/\/www.tgrthaber.com\/mavikadin\/wp-json\/wp\/v2\/posts\/210441"}],"collection":[{"href":"https:\/\/www.tgrthaber.com\/mavikadin\/wp-json\/wp\/v2\/posts"}],"about":[{"href":"https:\/\/www.tgrthaber.com\/mavikadin\/wp-json\/wp\/v2\/types\/post"}],"author":[{"embeddable":true,"href":"https:\/\/www.tgrthaber.com\/mavikadin\/wp-json\/wp\/v2\/users\/30"}],"replies":[{"embeddable":true,"href":"https:\/\/www.tgrthaber.com\/mavikadin\/wp-json\/wp\/v2\/comments?post=210441"}],"version-history":[{"count":2,"href":"https:\/\/www.tgrthaber.com\/mavikadin\/wp-json\/wp\/v2\/posts\/210441\/revisions"}],"predecessor-version":[{"id":210450,"href":"https:\/\/www.tgrthaber.com\/mavikadin\/wp-json\/wp\/v2\/posts\/210441\/revisions\/210450"}],"wp:featuredmedia":[{"embeddable":true,"href":"https:\/\/www.tgrthaber.com\/mavikadin\/wp-json\/wp\/v2\/media\/210442"}],"wp:attachment":[{"href":"https:\/\/www.tgrthaber.com\/mavikadin\/wp-json\/wp\/v2\/media?parent=210441"}],"wp:term":[{"taxonomy":"category","embeddable":true,"href":"https:\/\/www.tgrthaber.com\/mavikadin\/wp-json\/wp\/v2\/categories?post=210441"},{"taxonomy":"post_tag","embeddable":true,"href":"https:\/\/www.tgrthaber.com\/mavikadin\/wp-json\/wp\/v2\/tags?post=210441"}],"curies":[{"name":"wp","href":"https:\/\/api.w.org\/{rel}","templated":true}]}}