{"id":210461,"date":"2025-07-25T10:01:22","date_gmt":"2025-07-25T07:01:22","guid":{"rendered":"https:\/\/www.tgrthaber.com\/mavikadin\/?p=210461"},"modified":"2025-07-25T10:01:23","modified_gmt":"2025-07-25T07:01:23","slug":"fatih-terimin-kizlari-emir-can-igrek-icin-yarisa-girdi-sosyal-medyadan-paylastilar","status":"publish","type":"post","link":"https:\/\/www.tgrthaber.com\/mavikadin\/fatih-terimin-kizlari-emir-can-igrek-icin-yarisa-girdi-sosyal-medyadan-paylastilar\/","title":{"rendered":"Fatih Terim\u2019in k\u0131zlar\u0131 Emir Can \u0130\u011frek i\u00e7in yar\u0131\u015fa girdi! Sosyal medyadan payla\u015ft\u0131lar"},"content":{"rendered":"<p>Fatih Terim\u2019in k\u0131zlar\u0131 Emir Can \u0130\u011frek i\u00e7in sosyal medyada yar\u0131\u015fa girdi. Merve Terim ve Buse Terim Instagram hesaplar\u0131ndan Emir Can \u0130\u011frek\u2019i payla\u015ft\u0131.<\/p>\n<h3>FAT\u0130H TER\u0130M\u2019\u0130N KIZLARI EM\u0130R CAN \u0130\u011eREK \u0130\u00c7\u0130N YARI\u015eA G\u0130RD\u0130<\/h3>\n<p>Sosyal medya hesaplar\u0131ndan Emir Can \u0130\u011frek\u2019i payla\u015fan Buse Terim ve Merve Terim g\u00fcndem oldu. Merve Terim k\u0131z karde\u015fi i\u00e7in \u015fu notla payla\u015f\u0131m yapt\u0131:<\/p>\n<p>&#8220;Harika bir Buse Terim i\u015fe imza att\u0131 yine bu hafta sonu, en heyecanland\u0131\u011f\u0131m k\u0131sm\u0131 Emir Can \u0130\u011frek dinlemekti, ve k\u0131smet olmad\u0131. Sevenler \u00fczg\u00fcn&#8221;<\/p>\n<div style=\"width: 640px;\" class=\"wp-video\"><!--[if lt IE 9]><script>document.createElement('video');<\/script><![endif]-->\n<video class=\"wp-video-shortcode\" id=\"video-210461-1\" width=\"640\" height=\"1138\" preload=\"metadata\" controls=\"controls\"><source type=\"video\/mp4\" src=\"https:\/\/www.tgrthaber.com\/mavikadin\/wp-content\/uploads\/Instagram-merveterimcetin-stories-all.mp4?_=1\" \/><a href=\"https:\/\/www.tgrthaber.com\/mavikadin\/wp-content\/uploads\/Instagram-merveterimcetin-stories-all.mp4\">https:\/\/www.tgrthaber.com\/mavikadin\/wp-content\/uploads\/Instagram-merveterimcetin-stories-all.mp4<\/a><\/video><\/div>\n<hr \/>\n<h3>\u201cSADECE HAVALI H\u0130SSETT\u0130M\u201d<\/h3>\n<p>Emir Can \u0130\u011frek kendisini herkesin dinledi\u011fini fark etti\u011finde hislerini \u015fu \u015fekilde anlatt\u0131: &#8220;Sadece haval\u0131 hissettim. Uzun planlar yapan, uzun vadeli hayaller kuran biri de\u011filim. o ya\u015fta da tek derdim kendi param\u0131 kazanmak ve e\u011flenmekti. Yar\u0131nlar\u0131 \u00e7ok d\u00fc\u015f\u00fcnmezdim.&#8221;<\/p>\n<p><img loading=\"lazy\" decoding=\"async\" class=\"alignnone size-full wp-image-210463\" src=\"https:\/\/www.tgrthaber.com\/mavikadin\/wp-content\/uploads\/merve-terim-1.png\" alt=\"\" width=\"1208\" height=\"680\" title=\"\" srcset=\"https:\/\/www.tgrthaber.com\/mavikadin\/wp-content\/uploads\/merve-terim-1.png 1208w, https:\/\/www.tgrthaber.com\/mavikadin\/wp-content\/uploads\/merve-terim-1-300x169.png 300w, https:\/\/www.tgrthaber.com\/mavikadin\/wp-content\/uploads\/merve-terim-1-1024x576.png 1024w, https:\/\/www.tgrthaber.com\/mavikadin\/wp-content\/uploads\/merve-terim-1-768x432.png 768w\" sizes=\"(max-width: 1208px) 100vw, 1208px\" \/><\/p>\n<hr \/>\n<p>A\u00e7\u0131klamalar\u0131na devam eden \u00fcnl\u00fc \u015fark\u0131c\u0131, &#8220;Tarz konusunda hala kafam \u00e7ok kar\u0131\u015f\u0131k. Hep de \u00f6yle oldu. Hi\u00e7bir t\u00fcr\u00fcn temsilcisi olmak istemiyorum. Herkesin ba\u015fka bir tarza benzetmesi ho\u015fuma gidiyor. Alternatif pop \u00e7ok g\u00fcvenli ve esnek bir alan. \u0130stedi\u011finiz tarzda denemeler yapabiliyorsunuz. Dinleyiciniz de sizinle ba\u011f\u0131n\u0131 ba\u015far\u0131 odakl\u0131 kurmuyor, duyguda\u015f oluyorsunuz.&#8221; ifadelerini kullanm\u0131\u015ft\u0131.<\/p>\n<p><img loading=\"lazy\" decoding=\"async\" class=\"alignnone size-full wp-image-210464\" src=\"https:\/\/www.tgrthaber.com\/mavikadin\/wp-content\/uploads\/merve-terim-2.png\" alt=\"\" width=\"1208\" height=\"680\" title=\"\" srcset=\"https:\/\/www.tgrthaber.com\/mavikadin\/wp-content\/uploads\/merve-terim-2.png 1208w, https:\/\/www.tgrthaber.com\/mavikadin\/wp-content\/uploads\/merve-terim-2-300x169.png 300w, https:\/\/www.tgrthaber.com\/mavikadin\/wp-content\/uploads\/merve-terim-2-1024x576.png 1024w, https:\/\/www.tgrthaber.com\/mavikadin\/wp-content\/uploads\/merve-terim-2-768x432.png 768w\" sizes=\"(max-width: 1208px) 100vw, 1208px\" \/><\/p>\n<hr \/>\n<h3>EM\u0130R CAN \u0130\u011eREK K\u0130MD\u0130R?<\/h3>\n<p>Emir Can \u0130\u011frek, 2 Nisan 1993&#8217;te Tekirda\u011f&#8217;\u0131n \u00c7erkezk\u00f6y il\u00e7esinde d\u00fcnyaya geldi. \u00c7erkezk\u00f6y Hac\u0131 Fahri Z\u00fcmb\u00fcl Anadolu Lisesi&#8217;nden mezun olan \u0130\u011frek, m\u00fczi\u011fe k\u00fc\u00e7\u00fck sahne gruplar\u0131nda ba\u015flad\u0131.<br \/>\nY\u0131ld\u0131z Teknik \u00dcniversitesi&#8217;ndeki e\u011fitimini son y\u0131l\u0131nda b\u0131rakarak Naz\u0131m Hikmet Akademisi&#8217;nde \u015fan ve solfej e\u011fitimi almaya ba\u015flad\u0131.<br \/>\nArd\u0131ndan 4 sene Naz\u0131m Hikmet Akademi Korosu&#8217;nda tenor olarak koristlik yapt\u0131. Y\u0131ld\u0131z Teknik \u00dcniversitesi&#8217;nde Metalurji ve Malzeme M\u00fchendisli\u011fi b\u00f6l\u00fcm\u00fcnde \u00f6\u011frenim g\u00f6rmektedir.<\/p>\n<p><img loading=\"lazy\" decoding=\"async\" class=\"alignnone size-full wp-image-210466\" src=\"https:\/\/www.tgrthaber.com\/mavikadin\/wp-content\/uploads\/buse-terim-2.png\" alt=\"\" width=\"1208\" height=\"680\" title=\"\" srcset=\"https:\/\/www.tgrthaber.com\/mavikadin\/wp-content\/uploads\/buse-terim-2.png 1208w, https:\/\/www.tgrthaber.com\/mavikadin\/wp-content\/uploads\/buse-terim-2-300x169.png 300w, https:\/\/www.tgrthaber.com\/mavikadin\/wp-content\/uploads\/buse-terim-2-1024x576.png 1024w, https:\/\/www.tgrthaber.com\/mavikadin\/wp-content\/uploads\/buse-terim-2-768x432.png 768w\" sizes=\"(max-width: 1208px) 100vw, 1208px\" \/><\/p>\n<hr \/>\n<h3>ALB\u00dcMLER\u0130<\/h3>\n<p>A\u011f\u0131r Roman (2018)<\/p>\n<h3>TEKL\u0130LER\u0130<\/h3>\n<p>M\u00fczik Kutusu (2015)<br \/>\nG\u00f6n\u00fcl Davas\u0131 (2017)<br \/>\nA\u00e7 Ba\u011fr\u0131n\u0131 (2018)<br \/>\nDefoluyorum (2019)<br \/>\nG\u00f6mle\u011fimin Cebi (2019)<br \/>\nD\u00f6nsen Bile (2019)<br \/>\nNevale (2019)<br \/>\nNalan (2019)<br \/>\nSilah\u0131m Yok (2019)<br \/>\nSapa (2020)<br \/>\nMeydan (2020)<br \/>\nDarbe (Patron ile, 2020)<\/p>\n<p><img loading=\"lazy\" decoding=\"async\" class=\"alignnone wp-image-204016 size-full\" src=\"https:\/\/www.tgrthaber.com\/mavikadin\/wp-content\/uploads\/ARZU-1-10.jpg\" alt=\"\" width=\"1208\" height=\"680\" title=\"\" srcset=\"https:\/\/www.tgrthaber.com\/mavikadin\/wp-content\/uploads\/ARZU-1-10.jpg 1208w, https:\/\/www.tgrthaber.com\/mavikadin\/wp-content\/uploads\/ARZU-1-10-300x169.jpg 300w, https:\/\/www.tgrthaber.com\/mavikadin\/wp-content\/uploads\/ARZU-1-10-1024x576.jpg 1024w, https:\/\/www.tgrthaber.com\/mavikadin\/wp-content\/uploads\/ARZU-1-10-768x432.jpg 768w\" sizes=\"(max-width: 1208px) 100vw, 1208px\" \/><\/p>\n<hr \/>\n<p>Saman Sar\u0131s\u0131 (2020)<br \/>\nAk\u015famc\u0131 (2020)<br \/>\nTenha (2020)<br \/>\nDarg\u0131n (Zeynep Bast\u0131k ile, 2020)<br \/>\nB\u0131rakt\u0131m \u015ea\u015f\u0131rmay\u0131 (2021)<br \/>\nZemin (2021)<br \/>\nMemur (2021)<br \/>\n\u00c7iftetelli (2021)<br \/>\nKor (2021)<br \/>\n\u0130ntiha\u015fk (2021)<br \/>\nGurbete Ka\u00e7aca\u011f\u0131m (Yeni T\u00fcrk\u00fc Zamans\u0131z) (2022)<br \/>\nFelfena (2022)<br \/>\nBana Unutmay\u0131 Anlat (Cem Adrian ile, 2022)<br \/>\nKafa Tatili (2022)<br \/>\nFacia (2022)<\/p>\n<h3>\u00d6D\u00dcLLER\u0130<\/h3>\n<p>2020 Y\u0131l\u0131nda En G\u00fc\u00e7l\u00fc \u00c7\u0131k\u0131\u015f Yapan \u015eark\u0131c\u0131, PowerT\u00fcrk M\u00fczik \u00d6d\u00fclleri<br \/>\n2020 Y\u0131l\u0131nda En \u0130yi Pop M\u00fczik Sanat\u00e7\u0131s\u0131, 18. radyo bo\u011fazi\u00e7i M\u00fczik \u00d6d\u00fclleri (Bo\u011fazi\u00e7i \u00dcniversitesi)<br \/>\n2019 Y\u0131l\u0131nda En Be\u011fenilen Erkek \u015eark\u0131c\u0131, Alt\u0131ny\u0131ld\u0131z Classics Y\u0131l\u0131n Y\u0131ld\u0131zlar\u0131 \u00d6d\u00fclleri (YT\u00dc)<\/p>\n","protected":false},"excerpt":{"rendered":"<p>Fatih Terim\u2019in k\u0131zlar\u0131 Emir Can \u0130\u011frek i\u00e7in adeta yar\u0131\u015fa girdi. Sosyal medyadan s\u0131ra s\u0131ra payla\u015f\u0131mda bulunan Buse Terim ile Merve Terim sosyal medyada g\u00fcndem oldu.<\/p>\n","protected":false},"author":5,"featured_media":210467,"comment_status":"closed","ping_status":"closed","sticky":false,"template":"","format":"standard","meta":{"rank_math_lock_modified_date":false,"footnotes":""},"categories":[76],"tags":[2588,3634,133,29450],"class_list":["post-210461","post","type-post","status-publish","format-standard","has-post-thumbnail","hentry","category-magazin","tag-buse-terim","tag-emir-can-igrek","tag-magazin","tag-merve-terim"],"_links":{"self":[{"href":"https:\/\/www.tgrthaber.com\/mavikadin\/wp-json\/wp\/v2\/posts\/210461"}],"collection":[{"href":"https:\/\/www.tgrthaber.com\/mavikadin\/wp-json\/wp\/v2\/posts"}],"about":[{"href":"https:\/\/www.tgrthaber.com\/mavikadin\/wp-json\/wp\/v2\/types\/post"}],"author":[{"embeddable":true,"href":"https:\/\/www.tgrthaber.com\/mavikadin\/wp-json\/wp\/v2\/users\/5"}],"replies":[{"embeddable":true,"href":"https:\/\/www.tgrthaber.com\/mavikadin\/wp-json\/wp\/v2\/comments?post=210461"}],"version-history":[{"count":2,"href":"https:\/\/www.tgrthaber.com\/mavikadin\/wp-json\/wp\/v2\/posts\/210461\/revisions"}],"predecessor-version":[{"id":210469,"href":"https:\/\/www.tgrthaber.com\/mavikadin\/wp-json\/wp\/v2\/posts\/210461\/revisions\/210469"}],"wp:featuredmedia":[{"embeddable":true,"href":"https:\/\/www.tgrthaber.com\/mavikadin\/wp-json\/wp\/v2\/media\/210467"}],"wp:attachment":[{"href":"https:\/\/www.tgrthaber.com\/mavikadin\/wp-json\/wp\/v2\/media?parent=210461"}],"wp:term":[{"taxonomy":"category","embeddable":true,"href":"https:\/\/www.tgrthaber.com\/mavikadin\/wp-json\/wp\/v2\/categories?post=210461"},{"taxonomy":"post_tag","embeddable":true,"href":"https:\/\/www.tgrthaber.com\/mavikadin\/wp-json\/wp\/v2\/tags?post=210461"}],"curies":[{"name":"wp","href":"https:\/\/api.w.org\/{rel}","templated":true}]}}