{"id":210465,"date":"2025-07-25T10:05:24","date_gmt":"2025-07-25T07:05:24","guid":{"rendered":"https:\/\/www.tgrthaber.com\/mavikadin\/?p=210465"},"modified":"2025-07-25T10:05:24","modified_gmt":"2025-07-25T07:05:24","slug":"dunyaca-unlu-sanatci-justin-timberlake-istanbulda-30-temmuzda-itu-stadyumunda","status":"publish","type":"post","link":"https:\/\/www.tgrthaber.com\/mavikadin\/dunyaca-unlu-sanatci-justin-timberlake-istanbulda-30-temmuzda-itu-stadyumunda\/","title":{"rendered":"D\u00fcnyaca \u00fcnl\u00fc sanat\u00e7\u0131 Justin Timberlake \u0130stanbul\u2019da! 30 Temmuz\u2019da \u0130T\u00dc Stadyumu\u2019nda"},"content":{"rendered":"<p>D\u00fcnyaca \u00fcnl\u00fc sanat\u00e7\u0131 Justin Timberlake, 2025 d\u00fcnya turnesinin finalini \u0130stanbul\u2019da yapmaya haz\u0131rlan\u0131yor. 30 Temmuz ak\u015fam\u0131 \u0130T\u00dc Stadyumu\u2019nda ger\u00e7ekle\u015fecek konser, hem m\u00fczikseverleri hem de \u00fcnl\u00fc isimleri ayn\u0131 \u00e7at\u0131 alt\u0131nda bulu\u015fturacak.<\/p>\n<h3>JUST\u0130N T\u0130MBERLAKE \u0130STANBUL\u2019DA!<\/h3>\n<p>Sahne \u015fovlar\u0131 ve repertuvar\u0131yla unutulmaz bir geceye imza atmas\u0131 beklenen Timberlake, performans\u0131 kadar kulis talepleriyle de dikkat \u00e7ekti. \u00dcnl\u00fc y\u0131ld\u0131z; karpuz dilimleri, mango, ananas, muz, elma, \u00e7ekirdeksiz \u00fcz\u00fcm, buzlu badem ve Antep f\u0131st\u0131\u011f\u0131 gibi taze ve do\u011fal at\u0131\u015ft\u0131rmal\u0131klar istedi. Kulis ortam\u0131n\u0131n ise tam 22 derece olmas\u0131n\u0131 \u015fart ko\u015ftu.<\/p>\n<p><img loading=\"lazy\" decoding=\"async\" class=\"alignnone size-full wp-image-210474\" src=\"https:\/\/www.tgrthaber.com\/mavikadin\/wp-content\/uploads\/justin-6.png\" alt=\"\" width=\"1208\" height=\"680\" title=\"\" srcset=\"https:\/\/www.tgrthaber.com\/mavikadin\/wp-content\/uploads\/justin-6.png 1208w, https:\/\/www.tgrthaber.com\/mavikadin\/wp-content\/uploads\/justin-6-300x169.png 300w, https:\/\/www.tgrthaber.com\/mavikadin\/wp-content\/uploads\/justin-6-1024x576.png 1024w, https:\/\/www.tgrthaber.com\/mavikadin\/wp-content\/uploads\/justin-6-768x432.png 768w\" sizes=\"(max-width: 1208px) 100vw, 1208px\" \/><\/p>\n<hr \/>\n<h3>JUSTIN TUR\u0130ZM\u0130<\/h3>\n<p>\u0130stanbul\u2019da Justin Timberlake turizmi ya\u015fan\u0131yor. 30 Temmuz\u2019da \u0130stanbul Teknik \u00dcniversitesi (\u0130T\u00dc) Stadyumu\u2019nda verece\u011fi konser, turizmi hareketlendirdi. Organizasyon yetkilileri, \u00f6zellikle Avrupa, Asya ve K\u00f6rfez \u00fclkelerinden yo\u011fun bilet al\u0131m\u0131 oldu\u011funu a\u00e7\u0131klad\u0131. Konser \u00f6ncesi otel ve restoran rezervasyonunda patlama ya\u015fan\u0131rken, biletlerin de t\u00fckenmek \u00fczere oldu\u011fu \u00f6\u011frenildi.<\/p>\n<p><img loading=\"lazy\" decoding=\"async\" class=\"alignnone size-full wp-image-210471\" src=\"https:\/\/www.tgrthaber.com\/mavikadin\/wp-content\/uploads\/justin-2-1.png\" alt=\"\" width=\"1208\" height=\"680\" title=\"\" srcset=\"https:\/\/www.tgrthaber.com\/mavikadin\/wp-content\/uploads\/justin-2-1.png 1208w, https:\/\/www.tgrthaber.com\/mavikadin\/wp-content\/uploads\/justin-2-1-300x169.png 300w, https:\/\/www.tgrthaber.com\/mavikadin\/wp-content\/uploads\/justin-2-1-1024x576.png 1024w, https:\/\/www.tgrthaber.com\/mavikadin\/wp-content\/uploads\/justin-2-1-768x432.png 768w\" sizes=\"(max-width: 1208px) 100vw, 1208px\" \/><\/p>\n<hr \/>\n<h3>KONSERE \u00dcNL\u00dc AKIMI OLACAK<\/h3>\n<p>Konser gecesi \u0130stanbul\u2019un y\u0131ld\u0131z haritas\u0131 gibi parlayaca\u011f\u0131 konu\u015fuluyor. T\u00fcrkiye\u2019nin en pop\u00fcler oyuncu ve m\u00fczisyenlerinin Timberlake\u2019i izlemek i\u00e7in stadyumda olaca\u011f\u0131 kulislerde \u015fimdiden konu\u015fuluyor.<\/p>\n<p><img loading=\"lazy\" decoding=\"async\" class=\"alignnone size-full wp-image-210472\" src=\"https:\/\/www.tgrthaber.com\/mavikadin\/wp-content\/uploads\/justin-4.png\" alt=\"\" width=\"1208\" height=\"680\" title=\"\" srcset=\"https:\/\/www.tgrthaber.com\/mavikadin\/wp-content\/uploads\/justin-4.png 1208w, https:\/\/www.tgrthaber.com\/mavikadin\/wp-content\/uploads\/justin-4-300x169.png 300w, https:\/\/www.tgrthaber.com\/mavikadin\/wp-content\/uploads\/justin-4-1024x576.png 1024w, https:\/\/www.tgrthaber.com\/mavikadin\/wp-content\/uploads\/justin-4-768x432.png 768w\" sizes=\"(max-width: 1208px) 100vw, 1208px\" \/><\/p>\n<hr \/>\n<p>Fahriye Evcen, Burak \u00d6z\u00e7ivit, Aras Bulut \u0130ynemli gibi ekranlar\u0131n sevilen y\u00fczlerinin yan\u0131 s\u0131ra, Melek Mosso, G\u00fcl\u015fen, Ozan \u00c7olako\u011flu, Hadise, Merve \u00d6zbey, Beng\u00fc, Berkay ve Kenan Do\u011fulu gibi isimlerin de konseri yerinden takip edece\u011fi \u00f6\u011frenildi.<\/p>\n<p><img loading=\"lazy\" decoding=\"async\" class=\"alignnone size-full wp-image-210473\" src=\"https:\/\/www.tgrthaber.com\/mavikadin\/wp-content\/uploads\/justin-5-1.png\" alt=\"\" width=\"1208\" height=\"680\" title=\"\" srcset=\"https:\/\/www.tgrthaber.com\/mavikadin\/wp-content\/uploads\/justin-5-1.png 1208w, https:\/\/www.tgrthaber.com\/mavikadin\/wp-content\/uploads\/justin-5-1-300x169.png 300w, https:\/\/www.tgrthaber.com\/mavikadin\/wp-content\/uploads\/justin-5-1-1024x576.png 1024w, https:\/\/www.tgrthaber.com\/mavikadin\/wp-content\/uploads\/justin-5-1-768x432.png 768w\" sizes=\"(max-width: 1208px) 100vw, 1208px\" \/><\/p>\n<hr \/>\n<p>Konser sonras\u0131 Justin\u2019\u0131n bo\u011fazda bir yal\u0131da after partiye kat\u0131laca\u011f\u0131 da s\u00f6yleniyor. Y\u0131l\u0131n en b\u00fcy\u00fck m\u00fczik etkinliklerinden biri olarak g\u00f6sterilen bu konser, \u0130stanbul\u2019a unutulmaz bir gece ya\u015fatmaya haz\u0131rlan\u0131yor.<\/p>\n","protected":false},"excerpt":{"rendered":"<p>\u00dcnl\u00fc sanat\u00e7\u0131 Justin Timberlake \u0130stanbul\u2019a m\u00fczik r\u00fczgar\u0131 estirmeye geliyor. 2025 d\u00fcnya turnesinin finalini yapmaya haz\u0131rlanan \u00fcnl\u00fc isim \u015fimdiden merak konusu oldu.<\/p>\n","protected":false},"author":5,"featured_media":210470,"comment_status":"closed","ping_status":"closed","sticky":false,"template":"","format":"standard","meta":{"rank_math_lock_modified_date":false,"footnotes":""},"categories":[76],"tags":[20204,29451,20910,133],"class_list":["post-210465","post","type-post","status-publish","format-standard","has-post-thumbnail","hentry","category-magazin","tag-justin-timberlake","tag-justin-timberlake-itu","tag-justin-timberlake-konser","tag-magazin"],"_links":{"self":[{"href":"https:\/\/www.tgrthaber.com\/mavikadin\/wp-json\/wp\/v2\/posts\/210465"}],"collection":[{"href":"https:\/\/www.tgrthaber.com\/mavikadin\/wp-json\/wp\/v2\/posts"}],"about":[{"href":"https:\/\/www.tgrthaber.com\/mavikadin\/wp-json\/wp\/v2\/types\/post"}],"author":[{"embeddable":true,"href":"https:\/\/www.tgrthaber.com\/mavikadin\/wp-json\/wp\/v2\/users\/5"}],"replies":[{"embeddable":true,"href":"https:\/\/www.tgrthaber.com\/mavikadin\/wp-json\/wp\/v2\/comments?post=210465"}],"version-history":[{"count":1,"href":"https:\/\/www.tgrthaber.com\/mavikadin\/wp-json\/wp\/v2\/posts\/210465\/revisions"}],"predecessor-version":[{"id":210475,"href":"https:\/\/www.tgrthaber.com\/mavikadin\/wp-json\/wp\/v2\/posts\/210465\/revisions\/210475"}],"wp:featuredmedia":[{"embeddable":true,"href":"https:\/\/www.tgrthaber.com\/mavikadin\/wp-json\/wp\/v2\/media\/210470"}],"wp:attachment":[{"href":"https:\/\/www.tgrthaber.com\/mavikadin\/wp-json\/wp\/v2\/media?parent=210465"}],"wp:term":[{"taxonomy":"category","embeddable":true,"href":"https:\/\/www.tgrthaber.com\/mavikadin\/wp-json\/wp\/v2\/categories?post=210465"},{"taxonomy":"post_tag","embeddable":true,"href":"https:\/\/www.tgrthaber.com\/mavikadin\/wp-json\/wp\/v2\/tags?post=210465"}],"curies":[{"name":"wp","href":"https:\/\/api.w.org\/{rel}","templated":true}]}}