{"id":210676,"date":"2025-07-25T16:05:04","date_gmt":"2025-07-25T13:05:04","guid":{"rendered":"https:\/\/www.tgrthaber.com\/mavikadin\/?p=210676"},"modified":"2025-07-25T16:05:04","modified_gmt":"2025-07-25T13:05:04","slug":"gulcin-ergul-kimdir-kac-yasinda-gulcin-ergul-gruptan-ne-zaman-ayrildi","status":"publish","type":"post","link":"https:\/\/www.tgrthaber.com\/mavikadin\/gulcin-ergul-kimdir-kac-yasinda-gulcin-ergul-gruptan-ne-zaman-ayrildi\/","title":{"rendered":"G\u00fcl\u00e7in Erg\u00fcl kimdir ka\u00e7 ya\u015f\u0131nda? G\u00fcl\u00e7in Erg\u00fcl gruptan ne zaman ayr\u0131ld\u0131?"},"content":{"rendered":"<p>G\u00fcl\u00e7in Erg\u00fcl kimdir ka\u00e7 ya\u015f\u0131nda? merak konusu oldu. T\u00fcrk \u015fark\u0131c\u0131 olan G\u00fcl\u00e7in Erg\u00fcl bir d\u00f6neme Hepsi grubu ile damgas\u0131n\u0131 vurmu\u015ftu. Ancak Erg\u00fcl daha sonra gruptan ayr\u0131lm\u0131\u015f kariyerine tek ba\u015f\u0131na devam etmi\u015fti.<\/p>\n<h3>G\u00dcL\u00c7\u0130N ERG\u00dcL K\u0130MD\u0130R KA\u00c7 YA\u015eINDA?<\/h3>\n<p>G\u00fcl\u00e7in Erg\u00fcl 30 Ekim 1985\u2019te \u0130stanbul\u2019da d\u00fcnyaya geldi. 8 ya\u015f\u0131ndayken Pera G\u00fczel Sanatlar Akademisi&#8217;nde piyano e\u011fitimi almaya ba\u015flayan Erg\u00fcl ayn\u0131 zamanda AKM Devlet Opera ve Balesi&#8217;nin \u00e7ocuk korosunda yer ald\u0131.<\/p>\n<p><img loading=\"lazy\" decoding=\"async\" class=\"alignnone size-full wp-image-210677\" src=\"https:\/\/www.tgrthaber.com\/mavikadin\/wp-content\/uploads\/Gulcin-Ergul-1.png\" alt=\"\" width=\"1208\" height=\"680\" title=\"\" srcset=\"https:\/\/www.tgrthaber.com\/mavikadin\/wp-content\/uploads\/Gulcin-Ergul-1.png 1208w, https:\/\/www.tgrthaber.com\/mavikadin\/wp-content\/uploads\/Gulcin-Ergul-1-300x169.png 300w, https:\/\/www.tgrthaber.com\/mavikadin\/wp-content\/uploads\/Gulcin-Ergul-1-1024x576.png 1024w, https:\/\/www.tgrthaber.com\/mavikadin\/wp-content\/uploads\/Gulcin-Ergul-1-768x432.png 768w\" sizes=\"(max-width: 1208px) 100vw, 1208px\" \/><\/p>\n<hr \/>\n<p>Mimar Sinan \u00dcniversitesi G\u00fczel Sanatlar Akademisi Devlet Konservatuvar\u0131&#8217;n\u0131n bale b\u00f6l\u00fcm\u00fcn\u00fc kazanan Erg\u00fcl ortaokul ve lise y\u0131llar\u0131n\u0131 bale \u00fczerine bitirdi.\u00a0 AKM \u00e7ocuk balesinde \u00e7al\u0131\u015ft\u0131\u011f\u0131 yedi y\u0131l\u0131n ard\u0131ndan buradan ayr\u0131ld\u0131.<\/p>\n<p>K\u00fcl Kedisi, F\u0131nd\u0131kk\u0131ran, Ku\u015fadam ve Prens, Kral ve Ben, Uyuyan G\u00fczel, Midas&#8217;\u0131n Kulaklar\u0131, Turandot gibi oyunlarda \u00e7ocuk dans\u00e7\u0131 olarak oynad\u0131.<\/p>\n<p><img loading=\"lazy\" decoding=\"async\" class=\"alignnone size-full wp-image-210678\" src=\"https:\/\/www.tgrthaber.com\/mavikadin\/wp-content\/uploads\/Gulcin-Ergul-2.png\" alt=\"\" width=\"1208\" height=\"680\" title=\"\" srcset=\"https:\/\/www.tgrthaber.com\/mavikadin\/wp-content\/uploads\/Gulcin-Ergul-2.png 1208w, https:\/\/www.tgrthaber.com\/mavikadin\/wp-content\/uploads\/Gulcin-Ergul-2-300x169.png 300w, https:\/\/www.tgrthaber.com\/mavikadin\/wp-content\/uploads\/Gulcin-Ergul-2-1024x576.png 1024w, https:\/\/www.tgrthaber.com\/mavikadin\/wp-content\/uploads\/Gulcin-Ergul-2-768x432.png 768w\" sizes=\"(max-width: 1208px) 100vw, 1208px\" \/><\/p>\n<hr \/>\n<p>MSGS\u00dc Devlet Konservatuvar\u0131&#8217;n\u0131n Modern Dans b\u00f6l\u00fcm\u00fcne ge\u00e7ti. Bu d\u00f6nemde k\u0131z grubu kurma hayalini AKM&#8217;de ve MSGS\u00dc&#8217;de tan\u0131\u015fm\u0131\u015f oldu\u011fu arkada\u015flar\u0131 Eren Bak\u0131c\u0131, Yasemin Y\u00fcr\u00fck ve Cemre Kemer ile resmi olarak 2005&#8217;te ger\u00e7ekle\u015ftirdi.<\/p>\n<p>2006 y\u0131l\u0131nda Pepsi&#8217;nin reklamlar\u0131nda yer ald\u0131. 2007 y\u0131l\u0131nda ba\u015flayan iki sezon s\u00fcren Hepsi 1 isimli dizide G\u00fcl\u00e7in isimli bir karakteri oynad\u0131.<\/p>\n<p><img loading=\"lazy\" decoding=\"async\" class=\"alignnone size-full wp-image-210679\" src=\"https:\/\/www.tgrthaber.com\/mavikadin\/wp-content\/uploads\/Gulcin-Ergul-3.png\" alt=\"\" width=\"1208\" height=\"680\" title=\"\" srcset=\"https:\/\/www.tgrthaber.com\/mavikadin\/wp-content\/uploads\/Gulcin-Ergul-3.png 1208w, https:\/\/www.tgrthaber.com\/mavikadin\/wp-content\/uploads\/Gulcin-Ergul-3-300x169.png 300w, https:\/\/www.tgrthaber.com\/mavikadin\/wp-content\/uploads\/Gulcin-Ergul-3-1024x576.png 1024w, https:\/\/www.tgrthaber.com\/mavikadin\/wp-content\/uploads\/Gulcin-Ergul-3-768x432.png 768w\" sizes=\"(max-width: 1208px) 100vw, 1208px\" \/><\/p>\n<hr \/>\n<p>2009 y\u0131l\u0131nda Show TV&#8217;nin jenerik m\u00fcziklerini seslendirerek dikkatleri yeniden \u00fczerine toplad\u0131.<\/p>\n<p>2009 y\u0131l\u0131n\u0131n k\u0131\u015f aylar\u0131nda Hepsi grubundan ayr\u0131ld\u0131. G\u00fcl\u00e7in gruptan ayr\u0131lmas\u0131n\u0131 bir a\u00e7\u0131klama yaparak duyurdu. A\u00e7\u0131klamas\u0131nda gruptan ayr\u0131lma sebebinin \u00f6zel hayat\u0131 ile ilgisi olmad\u0131\u011f\u0131n\u0131, bu durumun mali nedenler ve anla\u015fmazl\u0131klar y\u00fcz\u00fcnden ortaya \u00e7\u0131kt\u0131\u011f\u0131n\u0131 ifade etti.<\/p>\n<p>Kariyerine tek ba\u015f\u0131na devam eden \u015fark\u0131c\u0131 Avrupa M\u00fczik ile bir anla\u015fma imzalad\u0131.<\/p>\n<p><img loading=\"lazy\" decoding=\"async\" class=\"alignnone size-full wp-image-210680\" src=\"https:\/\/www.tgrthaber.com\/mavikadin\/wp-content\/uploads\/Gulcin-Ergul-4.png\" alt=\"\" width=\"1208\" height=\"680\" title=\"\" srcset=\"https:\/\/www.tgrthaber.com\/mavikadin\/wp-content\/uploads\/Gulcin-Ergul-4.png 1208w, https:\/\/www.tgrthaber.com\/mavikadin\/wp-content\/uploads\/Gulcin-Ergul-4-300x169.png 300w, https:\/\/www.tgrthaber.com\/mavikadin\/wp-content\/uploads\/Gulcin-Ergul-4-1024x576.png 1024w, https:\/\/www.tgrthaber.com\/mavikadin\/wp-content\/uploads\/Gulcin-Ergul-4-768x432.png 768w\" sizes=\"(max-width: 1208px) 100vw, 1208px\" \/><\/p>\n<hr \/>\n<p>G\u00fcl\u00e7in&#8217;in iki hareketli, bir slow \u015fark\u0131, bir remix ve intro&#8217;dan meydana gelen Bravo isimli ilk solo alb\u00fcm\u00fc 2011&#8217;in Ocak ay\u0131nda piyasaya s\u00fcr\u00fcld\u00fc.<\/p>\n<p>2010 y\u0131l\u0131n\u0131n Kas\u0131m ay\u0131nda Cosmo Girl ve Hey Girl dergilerindeki r\u00f6portajlar\u0131na g\u00f6re alb\u00fcmde kendi yazd\u0131\u011f\u0131 ve besteledi\u011fi \u015fark\u0131lar yer al\u0131yor.<\/p>\n<p><img loading=\"lazy\" decoding=\"async\" class=\"alignnone size-full wp-image-210684\" src=\"https:\/\/www.tgrthaber.com\/mavikadin\/wp-content\/uploads\/Gulcin-Ergul-7.png\" alt=\"\" width=\"1208\" height=\"680\" title=\"\" srcset=\"https:\/\/www.tgrthaber.com\/mavikadin\/wp-content\/uploads\/Gulcin-Ergul-7.png 1208w, https:\/\/www.tgrthaber.com\/mavikadin\/wp-content\/uploads\/Gulcin-Ergul-7-300x169.png 300w, https:\/\/www.tgrthaber.com\/mavikadin\/wp-content\/uploads\/Gulcin-Ergul-7-1024x576.png 1024w, https:\/\/www.tgrthaber.com\/mavikadin\/wp-content\/uploads\/Gulcin-Ergul-7-768x432.png 768w\" sizes=\"(max-width: 1208px) 100vw, 1208px\" \/><\/p>\n<hr \/>\n<p>\u015eark\u0131c\u0131 ilk klibini TTNET M\u00fczik&#8217;te En \u00c7ok Dinlenilen ikinci \u015fark\u0131 olan &#8220;Ara Ara&#8221; isimli \u015fark\u0131ya \u00e7ekti.<\/p>\n<p>Dijital olarak bir hayli ses getiren &#8220;Bir Tanecik A\u015fk\u0131m&#8221; maksi single&#8217;n\u0131n ard\u0131ndan s\u00f6z ve m\u00fczi\u011finin kendisine d\u00fczenlemesinin ise \u0130skender Payda\u015f&#8217;a ait oldu\u011fu &#8220;Harabeyim&#8221; isimli yeni single&#8217;\u0131 1 Nisan 2016 tarihi itibar\u0131 ile \u00e7\u0131kard\u0131.<\/p>\n<p><img loading=\"lazy\" decoding=\"async\" class=\"alignnone size-full wp-image-210685\" src=\"https:\/\/www.tgrthaber.com\/mavikadin\/wp-content\/uploads\/Gulcin-Ergul-6.png\" alt=\"\" width=\"1208\" height=\"680\" title=\"\" srcset=\"https:\/\/www.tgrthaber.com\/mavikadin\/wp-content\/uploads\/Gulcin-Ergul-6.png 1208w, https:\/\/www.tgrthaber.com\/mavikadin\/wp-content\/uploads\/Gulcin-Ergul-6-300x169.png 300w, https:\/\/www.tgrthaber.com\/mavikadin\/wp-content\/uploads\/Gulcin-Ergul-6-1024x576.png 1024w, https:\/\/www.tgrthaber.com\/mavikadin\/wp-content\/uploads\/Gulcin-Ergul-6-768x432.png 768w\" sizes=\"(max-width: 1208px) 100vw, 1208px\" \/><\/p>\n<hr \/>\n<h3>G\u00dcL\u00c7\u0130N ERG\u00dcL GRUPTAN NE ZAMAN AYRILDI?<\/h3>\n<p>G\u00fcl\u00e7in Erg\u00fcl Hepsi Grubuyla Ayr\u0131l\u0131k D\u00f6neminde Ya\u015fad\u0131klar\u0131n\u0131 G\u00f6zya\u015flar\u0131 \u0130\u00e7inde kat\u0131ld\u0131\u011f\u0131 bir programda anlatt\u0131.<\/p>\n<p>Hepsi Grubu 2009 y\u0131l\u0131nda G\u00fcl\u00e7in Erg\u00fcl&#8217;\u00fcn gruptan ayr\u0131lmas\u0131yla son buldu.<\/p>\n","protected":false},"excerpt":{"rendered":"<p>G\u00fcl\u00e7in Erg\u00fcl kimdir ka\u00e7 ya\u015f\u0131nda? merak ediliyor. T\u00fcrk \u015fark\u0131c\u0131 olan \u00fcnl\u00fc isim Hepsi grubuyla ad\u0131n\u0131 duyurmu\u015f ancak gruptan daha sonra ayr\u0131lm\u0131\u015ft\u0131.<\/p>\n","protected":false},"author":5,"featured_media":210686,"comment_status":"closed","ping_status":"closed","sticky":false,"template":"","format":"standard","meta":{"rank_math_lock_modified_date":false,"footnotes":""},"categories":[491],"tags":[12417,29474,2605,1816,3006],"class_list":["post-210676","post","type-post","status-publish","format-standard","has-post-thumbnail","hentry","category-biyografi","tag-cemre-kemer","tag-eren-bakici","tag-gulcin-ergul","tag-hepsi","tag-yasemin-yuruk"],"_links":{"self":[{"href":"https:\/\/www.tgrthaber.com\/mavikadin\/wp-json\/wp\/v2\/posts\/210676"}],"collection":[{"href":"https:\/\/www.tgrthaber.com\/mavikadin\/wp-json\/wp\/v2\/posts"}],"about":[{"href":"https:\/\/www.tgrthaber.com\/mavikadin\/wp-json\/wp\/v2\/types\/post"}],"author":[{"embeddable":true,"href":"https:\/\/www.tgrthaber.com\/mavikadin\/wp-json\/wp\/v2\/users\/5"}],"replies":[{"embeddable":true,"href":"https:\/\/www.tgrthaber.com\/mavikadin\/wp-json\/wp\/v2\/comments?post=210676"}],"version-history":[{"count":1,"href":"https:\/\/www.tgrthaber.com\/mavikadin\/wp-json\/wp\/v2\/posts\/210676\/revisions"}],"predecessor-version":[{"id":210687,"href":"https:\/\/www.tgrthaber.com\/mavikadin\/wp-json\/wp\/v2\/posts\/210676\/revisions\/210687"}],"wp:featuredmedia":[{"embeddable":true,"href":"https:\/\/www.tgrthaber.com\/mavikadin\/wp-json\/wp\/v2\/media\/210686"}],"wp:attachment":[{"href":"https:\/\/www.tgrthaber.com\/mavikadin\/wp-json\/wp\/v2\/media?parent=210676"}],"wp:term":[{"taxonomy":"category","embeddable":true,"href":"https:\/\/www.tgrthaber.com\/mavikadin\/wp-json\/wp\/v2\/categories?post=210676"},{"taxonomy":"post_tag","embeddable":true,"href":"https:\/\/www.tgrthaber.com\/mavikadin\/wp-json\/wp\/v2\/tags?post=210676"}],"curies":[{"name":"wp","href":"https:\/\/api.w.org\/{rel}","templated":true}]}}