{"id":210715,"date":"2025-07-25T17:12:47","date_gmt":"2025-07-25T14:12:47","guid":{"rendered":"https:\/\/www.tgrthaber.com\/mavikadin\/?p=210715"},"modified":"2025-07-25T17:12:47","modified_gmt":"2025-07-25T14:12:47","slug":"meral-kaplan-kimdir-kac-yasinda-meral-kaplan-neden-gozaltina-alindi","status":"publish","type":"post","link":"https:\/\/www.tgrthaber.com\/mavikadin\/meral-kaplan-kimdir-kac-yasinda-meral-kaplan-neden-gozaltina-alindi\/","title":{"rendered":"Meral Kaplan kimdir ka\u00e7 ya\u015f\u0131nda? Meral Kaplan neden g\u00f6zalt\u0131na al\u0131nd\u0131?"},"content":{"rendered":"<p class=\"p1\">Bir d\u00f6neme damga vuran ve ekranlarda b\u00fcy\u00fck ilgiyle takip edilen &#8216;Sevda \u00c7i\u00e7e\u011fi&#8217; dizisinin Nalan\u2019\u0131 Meral Kaplan doland\u0131r\u0131c\u0131l\u0131k su\u00e7lamas\u0131yla g\u00f6zalt\u0131na al\u0131nd\u0131. Magazin bas\u0131n\u0131n\u0131n yak\u0131ndan tan\u0131d\u0131\u011f\u0131 \u00fcnl\u00fc oyuncunun g\u00f6zalt\u0131 haberi sonras\u0131 sosyal medya kullan\u0131c\u0131lar\u0131, \u2018Meral Kaplan kimdir, ka\u00e7 ya\u015f\u0131nda?\u2019 \u2018Meral Kaplan neden g\u00f6zalt\u0131na al\u0131nd\u0131?\u2019 sorular\u0131n\u0131n cevaplar\u0131n\u0131 ara\u015ft\u0131rmaya ba\u015flad\u0131. \u0130\u015fte detaylar..<\/p>\n<h3 class=\"p1\">\u00dcNL\u00dc OYUNCU MERAL KAPLAN\u2019A DOLANDIRICILIK SU\u00c7LAMASI<\/h3>\n<p class=\"p1\">Yay\u0131nland\u0131\u011f\u0131 d\u00f6nem b\u00fcy\u00fck bir ilgi ile takip edilen &#8216;Sevda \u00c7i\u00e7e\u011fi&#8217; diziside oynad\u0131\u011f\u0131 Nalan karakteri ile izleyicinin be\u011fenisini kazanan Meral Kaplan doland\u0131r\u0131c\u0131l\u0131k su\u00e7lamas\u0131 nedeniyle g\u00f6zalt\u0131na al\u0131nd\u0131.<span class=\"Apple-converted-space\">\u00a0<\/span><\/p>\n<p><img loading=\"lazy\" decoding=\"async\" class=\"alignnone wp-image-210733 size-large\" src=\"https:\/\/www.tgrthaber.com\/mavikadin\/wp-content\/uploads\/Ekran-Resmi-2025-07-25-17.04.27-1024x615.png\" alt=\"\" width=\"1024\" height=\"615\" title=\"\" srcset=\"https:\/\/www.tgrthaber.com\/mavikadin\/wp-content\/uploads\/Ekran-Resmi-2025-07-25-17.04.27-1024x615.png 1024w, https:\/\/www.tgrthaber.com\/mavikadin\/wp-content\/uploads\/Ekran-Resmi-2025-07-25-17.04.27-300x180.png 300w, https:\/\/www.tgrthaber.com\/mavikadin\/wp-content\/uploads\/Ekran-Resmi-2025-07-25-17.04.27-768x461.png 768w, https:\/\/www.tgrthaber.com\/mavikadin\/wp-content\/uploads\/Ekran-Resmi-2025-07-25-17.04.27-1536x922.png 1536w, https:\/\/www.tgrthaber.com\/mavikadin\/wp-content\/uploads\/Ekran-Resmi-2025-07-25-17.04.27.png 1562w\" sizes=\"(max-width: 1024px) 100vw, 1024px\" \/><\/p>\n<hr \/>\n<p class=\"p1\">Kaplan\u2019\u0131n sahte belgeyle arazi sat\u0131\u015f\u0131 yapt\u0131\u011f\u0131 iddia edildi. \u0130ddiaya g\u00f6re bir firma Meral Kaplan\u2019\u0131n arazisine talip oldu. G\u00f6r\u00fc\u015fmeler yap\u0131ld\u0131 anla\u015fma sa\u011fland\u0131.<\/p>\n<p><img loading=\"lazy\" decoding=\"async\" class=\"alignnone wp-image-210738 \" src=\"https:\/\/www.tgrthaber.com\/mavikadin\/wp-content\/uploads\/Ekran-Resmi-2025-07-25-17.07.31.png\" alt=\"\" width=\"989\" height=\"585\" title=\"\" srcset=\"https:\/\/www.tgrthaber.com\/mavikadin\/wp-content\/uploads\/Ekran-Resmi-2025-07-25-17.07.31.png 970w, https:\/\/www.tgrthaber.com\/mavikadin\/wp-content\/uploads\/Ekran-Resmi-2025-07-25-17.07.31-300x178.png 300w, https:\/\/www.tgrthaber.com\/mavikadin\/wp-content\/uploads\/Ekran-Resmi-2025-07-25-17.07.31-768x454.png 768w\" sizes=\"(max-width: 989px) 100vw, 989px\" \/><\/p>\n<hr \/>\n<p class=\"p1\">Sat\u0131\u015f i\u00e7in d\u00fczenlenen belgenin sahte \u00e7\u0131kmas\u0131 ve para transferinin de sa\u011flanmas\u0131yla birlikte ortal\u0131k kar\u0131\u015ft\u0131. Ekol Tv&#8217;den \u00c7a\u011fda\u015f Evren&#8217;in haberine g\u00f6re; firma sahipleri doland\u0131r\u0131ld\u0131\u011f\u0131n\u0131 d\u00fc\u015f\u00fcnd\u00fc ve solu\u011fu emniyette ald\u0131.<\/p>\n<p><img loading=\"lazy\" decoding=\"async\" class=\"alignnone wp-image-210734 size-large\" src=\"https:\/\/www.tgrthaber.com\/mavikadin\/wp-content\/uploads\/Ekran-Resmi-2025-07-25-17.04.31-1024x665.png\" alt=\"\" width=\"1024\" height=\"665\" title=\"\" srcset=\"https:\/\/www.tgrthaber.com\/mavikadin\/wp-content\/uploads\/Ekran-Resmi-2025-07-25-17.04.31-1024x665.png 1024w, https:\/\/www.tgrthaber.com\/mavikadin\/wp-content\/uploads\/Ekran-Resmi-2025-07-25-17.04.31-300x195.png 300w, https:\/\/www.tgrthaber.com\/mavikadin\/wp-content\/uploads\/Ekran-Resmi-2025-07-25-17.04.31-768x499.png 768w, https:\/\/www.tgrthaber.com\/mavikadin\/wp-content\/uploads\/Ekran-Resmi-2025-07-25-17.04.31-1536x998.png 1536w, https:\/\/www.tgrthaber.com\/mavikadin\/wp-content\/uploads\/Ekran-Resmi-2025-07-25-17.04.31.png 1564w\" sizes=\"(max-width: 1024px) 100vw, 1024px\" \/><\/p>\n<hr \/>\n<p class=\"p1\">Firma sahiplerinin emniyete ba\u015fvurmas\u0131 sonras\u0131 Meral Kaplan apar topar g\u00f6zalt\u0131na al\u0131nd\u0131. \u00dcnl\u00fc oyuncu ifadesinde hakk\u0131nda \u00e7\u0131kan su\u00e7lamalar\u0131 reddetti. Adli kontrol \u015fart\u0131yla serbest b\u0131rak\u0131lan oyuncunun bas\u0131n a\u00e7\u0131klamas\u0131 yap\u0131p yapmayaca\u011f\u0131 merak edildi.<\/p>\n<h3>MERAL KAPLAN K\u0130MD\u0130R KA\u00c7 YA\u015eINDA?<\/h3>\n<p class=\"p1\">Meral Kaplan 1984 tarihinde d\u00fcnyaya gelmi\u015ftir. K\u0131rklareli\u2019de do\u011fan Meral Kaplan liseyi bitirdikten sonra<span class=\"Apple-converted-space\">\u00a0 <\/span>Trakya \u00dcniversitesi\u2019nde Turizm ve Otelcilik b\u00f6l\u00fcm\u00fcn\u00fc bitirmi\u015ftir. \u00dcniversite e\u011fitimini bitirdikten sonra \u0130stanbul\u2019a gelen ve diksiyon e\u011fitimi alan Meral Kaplan oyunculuk e\u011fitimleri de alm\u0131\u015ft\u0131r.<\/p>\n<p><img loading=\"lazy\" decoding=\"async\" class=\"alignnone wp-image-210735 \" src=\"https:\/\/www.tgrthaber.com\/mavikadin\/wp-content\/uploads\/Ekran-Resmi-2025-07-25-17.04.50.png\" alt=\"\" width=\"1001\" height=\"554\" title=\"\" srcset=\"https:\/\/www.tgrthaber.com\/mavikadin\/wp-content\/uploads\/Ekran-Resmi-2025-07-25-17.04.50.png 940w, https:\/\/www.tgrthaber.com\/mavikadin\/wp-content\/uploads\/Ekran-Resmi-2025-07-25-17.04.50-300x166.png 300w, https:\/\/www.tgrthaber.com\/mavikadin\/wp-content\/uploads\/Ekran-Resmi-2025-07-25-17.04.50-768x425.png 768w\" sizes=\"(max-width: 1001px) 100vw, 1001px\" \/><\/p>\n<hr \/>\n<p class=\"p1\">\u0130lk ekran maceras\u0131 &#8216;Sevda \u00c7i\u00e7e\u011fi&#8217; dizisiyle olmu\u015ftur. Dizide oynad\u0131\u011f\u0131 Nalan karakteri ile izleyicinin be\u011fenisini kazanm\u0131\u015ft\u0131r. Ya\u011fmurdan Sonra isimli dizide G\u00fcl\u00e7in karakterini oynayan oyuncu dizide Y\u0131ld\u0131z \u00c7a\u011fr\u0131 Atiksoy, Ali S\u00fcrmeli, Atilla Olga\u00e7, Kayra Senocak ve Bar\u0131\u015f \u00c7akmak gibi profesyonel isimlerle dizide rol alm\u0131\u015ft\u0131r. \u0130\u015f adam\u0131 Erhan Kiani ile 2011 y\u0131l\u0131nda evlenen ve k\u0131z\u0131 olan g\u00fczel oyuncu e\u015fin 2015 y\u0131l\u0131nda \u015fiddetli ge\u00e7imsizlikten dolay\u0131 ayr\u0131lm\u0131\u015ft\u0131r.<\/p>\n<p><img loading=\"lazy\" decoding=\"async\" class=\"alignnone wp-image-210736 size-full\" src=\"https:\/\/www.tgrthaber.com\/mavikadin\/wp-content\/uploads\/Ekran-Resmi-2025-07-25-17.04.54.png\" alt=\"\" width=\"992\" height=\"574\" title=\"\" srcset=\"https:\/\/www.tgrthaber.com\/mavikadin\/wp-content\/uploads\/Ekran-Resmi-2025-07-25-17.04.54.png 992w, https:\/\/www.tgrthaber.com\/mavikadin\/wp-content\/uploads\/Ekran-Resmi-2025-07-25-17.04.54-300x174.png 300w, https:\/\/www.tgrthaber.com\/mavikadin\/wp-content\/uploads\/Ekran-Resmi-2025-07-25-17.04.54-768x444.png 768w\" sizes=\"(max-width: 992px) 100vw, 992px\" \/><\/p>\n<hr \/>\n<h3>MERAL KAPLAN NEDEN G\u00d6ZALTINA ALINDI?<\/h3>\n<p>Meral Kaplan sahte belgeyle arazi sat\u0131\u015f\u0131 yapt\u0131\u011f\u0131 iddias\u0131yla g\u00f6zalt\u0131na al\u0131nd\u0131. \u0130ddialara g\u00f6re bir firma Meral Kaplan&#8217;\u0131n sat\u0131\u015fa \u00e7\u0131kard\u0131\u011f\u0131 araziye talip oldu ve Kaplan&#8217;a 2o milyon TL verildi.<\/p>\n<p><img loading=\"lazy\" decoding=\"async\" class=\"alignnone wp-image-210737 size-large\" src=\"https:\/\/www.tgrthaber.com\/mavikadin\/wp-content\/uploads\/Ekran-Resmi-2025-07-25-17.04.36-1024x604.png\" alt=\"\" width=\"1024\" height=\"604\" title=\"\" srcset=\"https:\/\/www.tgrthaber.com\/mavikadin\/wp-content\/uploads\/Ekran-Resmi-2025-07-25-17.04.36-1024x604.png 1024w, https:\/\/www.tgrthaber.com\/mavikadin\/wp-content\/uploads\/Ekran-Resmi-2025-07-25-17.04.36-300x177.png 300w, https:\/\/www.tgrthaber.com\/mavikadin\/wp-content\/uploads\/Ekran-Resmi-2025-07-25-17.04.36-768x453.png 768w, https:\/\/www.tgrthaber.com\/mavikadin\/wp-content\/uploads\/Ekran-Resmi-2025-07-25-17.04.36.png 1384w\" sizes=\"(max-width: 1024px) 100vw, 1024px\" \/><\/p>\n<hr \/>\n<p>Anla\u015fma sa\u011fland\u0131 hatta belge bile d\u00fczenlendi. Fakat devir i\u015flemi ger\u00e7ekle\u015fmeyince, d\u00fczenlenen belgenin de sahte \u00e7\u0131kmas\u0131yla firma sahipleri, doland\u0131r\u0131c\u0131l\u0131k iddias\u0131yla solu\u011fu emniyette ald\u0131.<\/p>\n","protected":false},"excerpt":{"rendered":"<p>&#8216;Sevda \u00c7i\u00e7e\u011fi&#8217; dizisinde oynad\u0131\u011f\u0131 Nalan karakteri ile sevilen Meral Kaplan&#8217;a \u015fok su\u00e7lama! G\u00fczel oyuncunun sahte arazi sat\u0131\u015f\u0131 yapt\u0131\u011f\u0131 iddias\u0131 magazin d\u00fcnyas\u0131n\u0131 sallad\u0131. Doland\u0131r\u0131c\u0131l\u0131k iddialar\u0131yla g\u00fcndeme gelen Meral Kaplan&#8217;\u0131n hayat\u0131 yeniden merak edildi. Peki Meral Kaplan kimdir, ka\u00e7 ya\u015f\u0131nda? meral Kaplan neden g\u00f6zalt\u0131na al\u0131nd\u0131? \u0130\u015fte merak edilen sorular\u0131n detaylar\u0131&#8230; <\/p>\n","protected":false},"author":16,"featured_media":210739,"comment_status":"closed","ping_status":"closed","sticky":false,"template":"","format":"standard","meta":{"rank_math_lock_modified_date":false,"footnotes":""},"categories":[491],"tags":[3374,16521,29484,29483,29485],"class_list":["post-210715","post","type-post","status-publish","format-standard","has-post-thumbnail","hentry","category-biyografi","tag-biyografi","tag-biyografi-haberleri","tag-meral-kaplan-kac-yasinda","tag-meral-kaplan-kimdir","tag-meral-kaplan-neden-gozaltina-alindi"],"_links":{"self":[{"href":"https:\/\/www.tgrthaber.com\/mavikadin\/wp-json\/wp\/v2\/posts\/210715"}],"collection":[{"href":"https:\/\/www.tgrthaber.com\/mavikadin\/wp-json\/wp\/v2\/posts"}],"about":[{"href":"https:\/\/www.tgrthaber.com\/mavikadin\/wp-json\/wp\/v2\/types\/post"}],"author":[{"embeddable":true,"href":"https:\/\/www.tgrthaber.com\/mavikadin\/wp-json\/wp\/v2\/users\/16"}],"replies":[{"embeddable":true,"href":"https:\/\/www.tgrthaber.com\/mavikadin\/wp-json\/wp\/v2\/comments?post=210715"}],"version-history":[{"count":2,"href":"https:\/\/www.tgrthaber.com\/mavikadin\/wp-json\/wp\/v2\/posts\/210715\/revisions"}],"predecessor-version":[{"id":210742,"href":"https:\/\/www.tgrthaber.com\/mavikadin\/wp-json\/wp\/v2\/posts\/210715\/revisions\/210742"}],"wp:featuredmedia":[{"embeddable":true,"href":"https:\/\/www.tgrthaber.com\/mavikadin\/wp-json\/wp\/v2\/media\/210739"}],"wp:attachment":[{"href":"https:\/\/www.tgrthaber.com\/mavikadin\/wp-json\/wp\/v2\/media?parent=210715"}],"wp:term":[{"taxonomy":"category","embeddable":true,"href":"https:\/\/www.tgrthaber.com\/mavikadin\/wp-json\/wp\/v2\/categories?post=210715"},{"taxonomy":"post_tag","embeddable":true,"href":"https:\/\/www.tgrthaber.com\/mavikadin\/wp-json\/wp\/v2\/tags?post=210715"}],"curies":[{"name":"wp","href":"https:\/\/api.w.org\/{rel}","templated":true}]}}