{"id":212525,"date":"2025-07-28T22:26:48","date_gmt":"2025-07-28T19:26:48","guid":{"rendered":"https:\/\/www.tgrthaber.com\/mavikadin\/?p=212525"},"modified":"2025-07-28T22:26:48","modified_gmt":"2025-07-28T19:26:48","slug":"masterchef-2025-murat-can-akpinar-kimdir-ne-is-yapiyor-sefler-ovgu-yagdirdi-sende-ciddi-bir-potansiyel-var","status":"publish","type":"post","link":"https:\/\/www.tgrthaber.com\/mavikadin\/masterchef-2025-murat-can-akpinar-kimdir-ne-is-yapiyor-sefler-ovgu-yagdirdi-sende-ciddi-bir-potansiyel-var\/","title":{"rendered":"Masterchef 2025 Murat Can Akp\u0131nar kimdir ne i\u015f yap\u0131yor? \u015eefler \u00f6vg\u00fc ya\u011fd\u0131rd\u0131 sende ciddi bir potansiyel var!"},"content":{"rendered":"<p>TV8 ekranlar\u0131n\u0131n sevilerek seyredilen yemek yar\u0131\u015fmas\u0131 program\u0131 MasterChef T\u00fcrkiye&#8217;de ana kadro i\u00e7in son bilet! Birbirinden yetenekli yar\u0131\u015fmac\u0131lar kadroda yer alabilmek i\u00e7in k\u0131yas\u0131ya m\u00fccadele ediyor. Yar\u0131\u015fmac\u0131lar\u0131n ba\u015far\u0131l\u0131 tabaklar\u0131n\u0131n yan\u0131 s\u0131ra \u00f6zel hayatlar\u0131 da merak ediliyor. \u015eeflerin &#8216;Sende ciddi bir potansiyel var&#8217; dedi\u011fi yar\u0131\u015fmac\u0131 Murat Can Akp\u0131nar&#8217;da onlardan biri oldu. Ba\u015far\u0131l\u0131 tabaklar\u0131yla dikkat \u00e7eken fakat hen\u00fcz kadroya giremeyen Murat Can Akp\u0131nar&#8217;\u0131n hayat\u0131 merak edildi. Peki MasterChef 2025 yar\u0131\u015fmac\u0131s\u0131 Murat Can Akp\u0131nar kimdir ne i\u015f yap\u0131yor? \u0130\u015fte detaylar&#8230;<\/p>\n<h3>MASTERCHEF 2025 MURAT CAN AKPINAR K\u0130MD\u0130R NE \u0130\u015e YAPIYOR?<\/h3>\n<p>MasterChef T\u00fcrkiye 2025 sezonunun dikkat \u00e7eken yar\u0131\u015fmac\u0131lar\u0131ndan biri olan Murat Can Akp\u0131nar, ba\u015far\u0131l\u0131 tabaklar\u0131 ile \u015feflerin be\u011fenisini kazan\u0131yor. Hen\u00fcz kadroda yer almayan yar\u0131\u015fmac\u0131 \u015feflerin verdi\u011fi kuzu y\u00fcre\u011fi ile \u00e7\u0131kard\u0131\u011f\u0131 taba\u011f\u0131nda \u015feflerin \u00f6vg\u00fcs\u00fcn\u00fc kazanm\u0131\u015ft\u0131. Y\u00fcre\u011fin \u00e7ok g\u00fczel bir \u015fekilde pi\u015firen Murat Can, \u015feflerden &#8216;Sende ciddi bir potansiyel var&#8217; \u015feklinde \u00f6vg\u00fc alm\u0131\u015ft\u0131.<\/p>\n<p><img loading=\"lazy\" decoding=\"async\" class=\"alignnone wp-image-212537 size-large\" src=\"https:\/\/www.tgrthaber.com\/mavikadin\/wp-content\/uploads\/Ekran-Resmi-2025-07-28-22.18.06-1024x580.png\" alt=\"\" width=\"1024\" height=\"580\" title=\"\" srcset=\"https:\/\/www.tgrthaber.com\/mavikadin\/wp-content\/uploads\/Ekran-Resmi-2025-07-28-22.18.06-1024x580.png 1024w, https:\/\/www.tgrthaber.com\/mavikadin\/wp-content\/uploads\/Ekran-Resmi-2025-07-28-22.18.06-300x170.png 300w, https:\/\/www.tgrthaber.com\/mavikadin\/wp-content\/uploads\/Ekran-Resmi-2025-07-28-22.18.06-768x435.png 768w, https:\/\/www.tgrthaber.com\/mavikadin\/wp-content\/uploads\/Ekran-Resmi-2025-07-28-22.18.06.png 1056w\" sizes=\"(max-width: 1024px) 100vw, 1024px\" \/><\/p>\n<hr \/>\n<p>Bu ak\u015fam ana kadroya girebilmek i\u00e7in son kez m\u00fccadele edecek olan yar\u0131\u015fmac\u0131n\u0131n kadroda yer al\u0131p almayaca\u011f\u0131 merak ediliyor. Murat Can Akp\u0131nar, 27 ya\u015f\u0131nda ve \u0130stanbul&#8217;da 5 y\u0131ld\u0131zl\u0131 bir otelde sous chef (yard\u0131mc\u0131 \u015fef) olarak \u00e7al\u0131\u015f\u0131yor.<\/p>\n<p><img loading=\"lazy\" decoding=\"async\" class=\"alignnone wp-image-212542 size-full\" src=\"https:\/\/www.tgrthaber.com\/mavikadin\/wp-content\/uploads\/Ekran-Resmi-2025-07-28-22.18.11.png\" alt=\"\" width=\"994\" height=\"586\" title=\"\" srcset=\"https:\/\/www.tgrthaber.com\/mavikadin\/wp-content\/uploads\/Ekran-Resmi-2025-07-28-22.18.11.png 994w, https:\/\/www.tgrthaber.com\/mavikadin\/wp-content\/uploads\/Ekran-Resmi-2025-07-28-22.18.11-300x177.png 300w, https:\/\/www.tgrthaber.com\/mavikadin\/wp-content\/uploads\/Ekran-Resmi-2025-07-28-22.18.11-768x453.png 768w\" sizes=\"(max-width: 994px) 100vw, 994px\" \/><\/p>\n<hr \/>\n<h3>MASTERCHEF ANA KADROYA G\u0130REN YARI\u015eMACILAR K\u0130MLER?<\/h3>\n<p>Furkan<\/p>\n<p>Eyl\u00fcl<\/p>\n<p>\u00c7a\u011fatay<\/p>\n<p>Onur<\/p>\n<p><img loading=\"lazy\" decoding=\"async\" class=\"alignnone wp-image-212538 size-full\" src=\"https:\/\/www.tgrthaber.com\/mavikadin\/wp-content\/uploads\/Ekran-Resmi-2025-07-28-20.06.49-1.png\" alt=\"\" width=\"1004\" height=\"592\" title=\"\" srcset=\"https:\/\/www.tgrthaber.com\/mavikadin\/wp-content\/uploads\/Ekran-Resmi-2025-07-28-20.06.49-1.png 1004w, https:\/\/www.tgrthaber.com\/mavikadin\/wp-content\/uploads\/Ekran-Resmi-2025-07-28-20.06.49-1-300x177.png 300w, https:\/\/www.tgrthaber.com\/mavikadin\/wp-content\/uploads\/Ekran-Resmi-2025-07-28-20.06.49-1-768x453.png 768w\" sizes=\"(max-width: 1004px) 100vw, 1004px\" \/><\/p>\n<hr \/>\n<p>Sercan<\/p>\n<p>Ayla<\/p>\n<p>\u0130hsan<\/p>\n<p>Ayten<\/p>\n<p>\u00c7a\u011flar<\/p>\n<p>Semih<\/p>\n<p>Cansu<\/p>\n<p>\u00d6zkan<\/p>\n<p>Hilal<\/p>\n<p>\u0130rem<\/p>\n<p><img loading=\"lazy\" decoding=\"async\" class=\"alignnone wp-image-212539 size-large\" src=\"https:\/\/www.tgrthaber.com\/mavikadin\/wp-content\/uploads\/Ekran-Resmi-2025-07-28-20.06.42-1-1024x561.png\" alt=\"\" width=\"1024\" height=\"561\" title=\"\" srcset=\"https:\/\/www.tgrthaber.com\/mavikadin\/wp-content\/uploads\/Ekran-Resmi-2025-07-28-20.06.42-1-1024x561.png 1024w, https:\/\/www.tgrthaber.com\/mavikadin\/wp-content\/uploads\/Ekran-Resmi-2025-07-28-20.06.42-1-300x164.png 300w, https:\/\/www.tgrthaber.com\/mavikadin\/wp-content\/uploads\/Ekran-Resmi-2025-07-28-20.06.42-1-768x421.png 768w, https:\/\/www.tgrthaber.com\/mavikadin\/wp-content\/uploads\/Ekran-Resmi-2025-07-28-20.06.42-1.png 1040w\" sizes=\"(max-width: 1024px) 100vw, 1024px\" \/><\/p>\n<hr \/>\n<h3>MASTERCHEF ANA KADROYA G\u0130REN YEDEK YARI\u015eMACILAR K\u0130MLER?<\/h3>\n<p class=\"p1\">22 Temmuz 2025 tarihli b\u00f6l\u00fcmde \u015feflerin yapt\u0131\u011f\u0131 de\u011ferlendirmeler sonucu MasterChef\u2019e yedek yar\u0131\u015fmac\u0131lar Nisa, Bar\u0131\u015f, Alperen ve Deniz olmu\u015ftu.<\/p>\n<p><img loading=\"lazy\" decoding=\"async\" class=\"alignnone wp-image-212540 \" src=\"https:\/\/www.tgrthaber.com\/mavikadin\/wp-content\/uploads\/Ekran-Resmi-2025-07-28-20.06.36-1.png\" alt=\"\" width=\"983\" height=\"577\" title=\"\" srcset=\"https:\/\/www.tgrthaber.com\/mavikadin\/wp-content\/uploads\/Ekran-Resmi-2025-07-28-20.06.36-1.png 974w, https:\/\/www.tgrthaber.com\/mavikadin\/wp-content\/uploads\/Ekran-Resmi-2025-07-28-20.06.36-1-300x176.png 300w, https:\/\/www.tgrthaber.com\/mavikadin\/wp-content\/uploads\/Ekran-Resmi-2025-07-28-20.06.36-1-768x451.png 768w\" sizes=\"(max-width: 983px) 100vw, 983px\" \/><\/p>\n<hr \/>\n<h3>MASTERCHEF ANA KADROYA G\u0130REN 15. YARI\u015eMACI K\u0130M OLDU?<\/h3>\n<p>Masterhef ana kadroya giren 15. yar\u0131\u015fmac\u0131 \u0130rem Tu\u011frul oldu. \u0130rem \u015feflerin verdi\u011fi taba\u011f\u0131 en g\u00fczel \u015fekilde yaparak Murat Can&#8217;la kald\u0131\u011f\u0131 d\u00fcelloda Murat Can&#8217;a fark atarak ismini kadroya yazd\u0131ran son ki\u015fi olmu\u015ftu.<\/p>\n<p><img loading=\"lazy\" decoding=\"async\" class=\"alignnone wp-image-212541 size-full\" src=\"https:\/\/www.tgrthaber.com\/mavikadin\/wp-content\/uploads\/Ekran-Resmi-2025-07-28-22.22.53.png\" alt=\"\" width=\"1016\" height=\"608\" title=\"\" srcset=\"https:\/\/www.tgrthaber.com\/mavikadin\/wp-content\/uploads\/Ekran-Resmi-2025-07-28-22.22.53.png 1016w, https:\/\/www.tgrthaber.com\/mavikadin\/wp-content\/uploads\/Ekran-Resmi-2025-07-28-22.22.53-300x180.png 300w, https:\/\/www.tgrthaber.com\/mavikadin\/wp-content\/uploads\/Ekran-Resmi-2025-07-28-22.22.53-768x460.png 768w\" sizes=\"(max-width: 1016px) 100vw, 1016px\" \/><\/p>\n<hr \/>\n<p>\u0130rem&#8217;le Murat Can&#8217;\u0131n taba\u011f\u0131 lezzet olarak birbirine \u00e7ok yak\u0131n olsa da \u0130rem yapt\u0131\u011f\u0131 sosla \u00f6ne \u00e7\u0131km\u0131\u015f, ana kadroya giren 15. yar\u0131\u015fmac\u0131 olmu\u015ftu.<\/p>\n","protected":false},"excerpt":{"rendered":"<p>MasterChef T\u00fcrkiye&#8217;de bu sezon da yine birbirinden yetenekli yar\u0131\u015fmac\u0131lar yer al\u0131yor.  Ana kadro sava\u015flar\u0131n\u0131n s\u00fcrd\u00fc\u011f\u00fc yar\u0131\u015fmada, baz\u0131 yar\u0131\u015fmac\u0131lar yapt\u0131\u011f\u0131 ba\u015far\u0131l\u0131 tabaklarla ad\u0131ndan s\u00f6z ettiriyor. Bu sezona damga vuran yar\u0131\u015fmac\u0131lardan biri de Murat Can Akp\u0131nar oldu. \u0130zleyiciler, &#8216;Murat Can Akp\u0131nar kimdir, ne i\u015f yap\u0131yor?&#8217; sorusunun cevab\u0131n\u0131 ara\u015ft\u0131r\u0131yor. \u0130\u015fte detaylar.. <\/p>\n","protected":false},"author":16,"featured_media":212526,"comment_status":"closed","ping_status":"closed","sticky":false,"template":"","format":"standard","meta":{"rank_math_lock_modified_date":false,"footnotes":""},"categories":[491],"tags":[3374,16521,29856,29857,29858],"class_list":["post-212525","post","type-post","status-publish","format-standard","has-post-thumbnail","hentry","category-biyografi","tag-biyografi","tag-biyografi-haberleri","tag-masterchef-2025-murat-can-akpinar-kimdir","tag-masterchef-2025-murat-can-akpinar-ne-is-yapiyor","tag-masterchef-murat-can-akpinar-kimdir"],"_links":{"self":[{"href":"https:\/\/www.tgrthaber.com\/mavikadin\/wp-json\/wp\/v2\/posts\/212525"}],"collection":[{"href":"https:\/\/www.tgrthaber.com\/mavikadin\/wp-json\/wp\/v2\/posts"}],"about":[{"href":"https:\/\/www.tgrthaber.com\/mavikadin\/wp-json\/wp\/v2\/types\/post"}],"author":[{"embeddable":true,"href":"https:\/\/www.tgrthaber.com\/mavikadin\/wp-json\/wp\/v2\/users\/16"}],"replies":[{"embeddable":true,"href":"https:\/\/www.tgrthaber.com\/mavikadin\/wp-json\/wp\/v2\/comments?post=212525"}],"version-history":[{"count":2,"href":"https:\/\/www.tgrthaber.com\/mavikadin\/wp-json\/wp\/v2\/posts\/212525\/revisions"}],"predecessor-version":[{"id":212544,"href":"https:\/\/www.tgrthaber.com\/mavikadin\/wp-json\/wp\/v2\/posts\/212525\/revisions\/212544"}],"wp:featuredmedia":[{"embeddable":true,"href":"https:\/\/www.tgrthaber.com\/mavikadin\/wp-json\/wp\/v2\/media\/212526"}],"wp:attachment":[{"href":"https:\/\/www.tgrthaber.com\/mavikadin\/wp-json\/wp\/v2\/media?parent=212525"}],"wp:term":[{"taxonomy":"category","embeddable":true,"href":"https:\/\/www.tgrthaber.com\/mavikadin\/wp-json\/wp\/v2\/categories?post=212525"},{"taxonomy":"post_tag","embeddable":true,"href":"https:\/\/www.tgrthaber.com\/mavikadin\/wp-json\/wp\/v2\/tags?post=212525"}],"curies":[{"name":"wp","href":"https:\/\/api.w.org\/{rel}","templated":true}]}}