{"id":212903,"date":"2025-07-29T14:55:53","date_gmt":"2025-07-29T11:55:53","guid":{"rendered":"https:\/\/www.tgrthaber.com\/mavikadin\/?p=212903"},"modified":"2025-07-29T14:55:54","modified_gmt":"2025-07-29T11:55:54","slug":"yanginlari-cocuklara-nasil-anlatmaliyiz-uzman-isim-gulsu-arpaci-anlatti","status":"publish","type":"post","link":"https:\/\/www.tgrthaber.com\/mavikadin\/yanginlari-cocuklara-nasil-anlatmaliyiz-uzman-isim-gulsu-arpaci-anlatti\/","title":{"rendered":"Yang\u0131nlar\u0131 \u00e7ocuklara nas\u0131l anlatmal\u0131y\u0131z? Uzman isim G\u00fclsu Arpac\u0131 anlatt\u0131"},"content":{"rendered":"<p>Haziran ve temmuz aylar\u0131nda T\u00fcrkiye&#8217;nin \u00e7e\u015fitli b\u00f6lgelerinde s\u0131k\u00e7a \u00e7\u0131kan yang\u0131nlar, yaln\u0131zca do\u011fay\u0131 de\u011fil, yerle\u015fim alanlar\u0131n\u0131 ve insanlar\u0131n ya\u015famlar\u0131n\u0131 da tehdit etti. Yang\u0131nlardan dolay\u0131 80 bin hektardan fazla alan k\u00fcl olurken, binlerce canl\u0131 telef oldu. 13 ki\u015fi de orman yang\u0131n\u0131yla m\u00fccadele ederken \u015fehit oldu. \u00dclkemizi bu kadar derinden etkileyen orman yang\u0131nlar\u0131n\u0131 \u00e7ocuklar\u0131m\u0131za nas\u0131l anlatmal\u0131y\u0131z peki?<\/p>\n<h3>YANGINLARI \u00c7OCUKLARA NASIL ANLATMALIYIZ?<\/h3>\n<p>Aile Dan\u0131\u015fman\u0131 ve \u00c7ocuk Geli\u015fim Uzman\u0131 G\u00fclsu Arpac\u0131 \u2018Yang\u0131nlar\u0131 \u00e7ocuklara nas\u0131l anlatmal\u0131y\u0131z?\u2019 sorusunun cevab\u0131n\u0131 anlat\u0131yor. \u00c7ocuklar\u0131m\u0131za orman yang\u0131nlar\u0131n\u0131 anlat\u0131rken karma\u015f\u0131k terimlerden ka\u00e7\u0131narak basit ve anla\u015f\u0131l\u0131r bir dil kullanmak \u00f6nemlidir. Peki Yang\u0131nlar\u0131 \u00e7ocuklara nas\u0131l anlatmal\u0131y\u0131z?<\/p>\n<h3><img loading=\"lazy\" decoding=\"async\" class=\"alignnone size-full wp-image-212909\" style=\"font-size: 16px; font-weight: 400;\" src=\"https:\/\/www.tgrthaber.com\/mavikadin\/wp-content\/uploads\/yangin-7.png\" alt=\"\" width=\"1208\" height=\"680\" title=\"\" srcset=\"https:\/\/www.tgrthaber.com\/mavikadin\/wp-content\/uploads\/yangin-7.png 1208w, https:\/\/www.tgrthaber.com\/mavikadin\/wp-content\/uploads\/yangin-7-300x169.png 300w, https:\/\/www.tgrthaber.com\/mavikadin\/wp-content\/uploads\/yangin-7-1024x576.png 1024w, https:\/\/www.tgrthaber.com\/mavikadin\/wp-content\/uploads\/yangin-7-768x432.png 768w\" sizes=\"(max-width: 1208px) 100vw, 1208px\" \/><\/h3>\n<hr \/>\n<p>\u00c7ocuklar afet ve acil durumlar\u0131n kendisi kadar, etraf\u0131ndaki insanlar\u0131n tepkilerinden de etkilenebiliyorlar. \u00c7ocuklar\u0131n her \u015feyin fark\u0131nda oldu\u011funu bilerekten l\u00fctfen ya\u015fananlar \u00fczerine konu\u015fmak i\u00e7in zaman ay\u0131r\u0131n. \u00c7ocuklar ate\u015f kavram\u0131n\u0131 \u00e7akmaktan, mumdan ve ocaktan bilirler. &#8220;\u0130\u015fte bu ate\u015fin evi, a\u011fa\u00e7lar\u0131 yakmas\u0131na yang\u0131n denir.&#8221; diyerek \u00f6ncelikle bir tan\u0131m yap\u0131labilir.<\/p>\n<p><img loading=\"lazy\" decoding=\"async\" class=\"alignnone size-full wp-image-212911\" src=\"https:\/\/www.tgrthaber.com\/mavikadin\/wp-content\/uploads\/yangin-5.png\" alt=\"\" width=\"1208\" height=\"680\" title=\"\" srcset=\"https:\/\/www.tgrthaber.com\/mavikadin\/wp-content\/uploads\/yangin-5.png 1208w, https:\/\/www.tgrthaber.com\/mavikadin\/wp-content\/uploads\/yangin-5-300x169.png 300w, https:\/\/www.tgrthaber.com\/mavikadin\/wp-content\/uploads\/yangin-5-1024x576.png 1024w, https:\/\/www.tgrthaber.com\/mavikadin\/wp-content\/uploads\/yangin-5-768x432.png 768w\" sizes=\"(max-width: 1208px) 100vw, 1208px\" \/><\/p>\n<hr \/>\n<p>Yang\u0131n\u0131 a\u00e7\u0131klarken demirin ve cam\u0131n g\u00fc\u00e7l\u00fc olup yanmad\u0131\u011f\u0131n\u0131 ama k\u00e2\u011f\u0131d\u0131n, plasti\u011fin, tahtan\u0131n, bezin, hal\u0131n\u0131n, perdenin kolayca yanabildi\u011fini anlatabiliriz. Ev gezilerek hangi nesnenin kolayca yan\u0131p hangisinin yanmayaca\u011f\u0131n\u0131 \u00e7ocukla birlikte de\u011ferlendirebiliriz.<\/p>\n<p><img loading=\"lazy\" decoding=\"async\" class=\"alignnone size-full wp-image-212913\" src=\"https:\/\/www.tgrthaber.com\/mavikadin\/wp-content\/uploads\/yangin-2.png\" alt=\"\" width=\"1208\" height=\"680\" title=\"\" srcset=\"https:\/\/www.tgrthaber.com\/mavikadin\/wp-content\/uploads\/yangin-2.png 1208w, https:\/\/www.tgrthaber.com\/mavikadin\/wp-content\/uploads\/yangin-2-300x169.png 300w, https:\/\/www.tgrthaber.com\/mavikadin\/wp-content\/uploads\/yangin-2-1024x576.png 1024w, https:\/\/www.tgrthaber.com\/mavikadin\/wp-content\/uploads\/yangin-2-768x432.png 768w\" sizes=\"(max-width: 1208px) 100vw, 1208px\" \/><\/p>\n<hr \/>\n<p>Sonras\u0131nda orman yang\u0131nlar\u0131na ge\u00e7ebiliriz. Ormanda yak\u0131lan ate\u015fin, piknikten sonra s\u00f6nd\u00fcr\u00fclmeyen k\u00f6z\u00fcn, s\u00f6nmeden at\u0131lan sigaran\u0131n, k\u0131r\u0131k cam par\u00e7alar\u0131n\u0131n nas\u0131l yang\u0131na neden oldu\u011funu izah edebiliriz.<\/p>\n<p><img loading=\"lazy\" decoding=\"async\" class=\"alignnone size-full wp-image-212907\" src=\"https:\/\/www.tgrthaber.com\/mavikadin\/wp-content\/uploads\/yangin-3.png\" alt=\"\" width=\"1208\" height=\"680\" title=\"\" srcset=\"https:\/\/www.tgrthaber.com\/mavikadin\/wp-content\/uploads\/yangin-3.png 1208w, https:\/\/www.tgrthaber.com\/mavikadin\/wp-content\/uploads\/yangin-3-300x169.png 300w, https:\/\/www.tgrthaber.com\/mavikadin\/wp-content\/uploads\/yangin-3-1024x576.png 1024w, https:\/\/www.tgrthaber.com\/mavikadin\/wp-content\/uploads\/yangin-3-768x432.png 768w\" sizes=\"(max-width: 1208px) 100vw, 1208px\" \/><\/p>\n<hr \/>\n<p>Yang\u0131n a\u00e7\u0131klamas\u0131ndan sonra itfaiyecilik mesle\u011fini \u00e7ocu\u011fa anlat\u0131p nas\u0131l \u00e7al\u0131\u015ft\u0131klar\u0131na dair videolar izletebiliriz. Son olarak \u00e7ocu\u011fa binadaki yang\u0131n t\u00fcpleri, detekt\u00f6rleri ve merdivenleri g\u00f6sterilebilir ve nas\u0131l \u00e7al\u0131\u015ft\u0131\u011f\u0131 yang\u0131n esnas\u0131nda ne yapaca\u011f\u0131m\u0131z\u0131 s\u00f6yleyebiliriz. Yang\u0131nlar\u0131 azaltman\u0131n temel yolu, bilincimizi ve \u00f6nlemlerimizi artt\u0131rmakt\u0131r.<\/p>\n<p><img loading=\"lazy\" decoding=\"async\" class=\"alignnone size-full wp-image-212910\" src=\"https:\/\/www.tgrthaber.com\/mavikadin\/wp-content\/uploads\/yangin-1.png\" alt=\"\" width=\"1208\" height=\"680\" title=\"\" srcset=\"https:\/\/www.tgrthaber.com\/mavikadin\/wp-content\/uploads\/yangin-1.png 1208w, https:\/\/www.tgrthaber.com\/mavikadin\/wp-content\/uploads\/yangin-1-300x169.png 300w, https:\/\/www.tgrthaber.com\/mavikadin\/wp-content\/uploads\/yangin-1-1024x576.png 1024w, https:\/\/www.tgrthaber.com\/mavikadin\/wp-content\/uploads\/yangin-1-768x432.png 768w\" sizes=\"(max-width: 1208px) 100vw, 1208px\" \/><\/p>\n","protected":false},"excerpt":{"rendered":"<p>T\u00fcrkiye&#8217;nin \u00e7e\u015fitli b\u00f6lgelerinde \u00e7\u0131kan yang\u0131n haberlerini \u00e7ocuklara nas\u0131l anlatmal\u0131y\u0131z? Sadece do\u011fay\u0131 de\u011fil yerle\u015fim b\u00f6lgelerini de tehdit eden yang\u0131nlar \u00e7ocu\u011funuzun psikolojisini k\u00f6t\u00fc etkilemesin. Uzman isim Aile Dan\u0131\u015fman\u0131 ve \u00c7ocuk Geli\u015fim Uzman\u0131 G\u00fclsu Arpac\u0131 \u00e7ocuklara kar\u015f\u0131 nas\u0131l bir tutum sergilememiz gerekti\u011fini anlatt\u0131.\u00a0<\/p>\n","protected":false},"author":5,"featured_media":212912,"comment_status":"closed","ping_status":"closed","sticky":false,"template":"","format":"standard","meta":{"rank_math_lock_modified_date":false,"footnotes":""},"categories":[111],"tags":[2946,23766,6044,29929],"class_list":["post-212903","post","type-post","status-publish","format-standard","has-post-thumbnail","hentry","category-anne-cocuk","tag-anne-cocuk","tag-cocuk-psikolojisi","tag-yangin","tag-yangin-nasil-anlatilir"],"_links":{"self":[{"href":"https:\/\/www.tgrthaber.com\/mavikadin\/wp-json\/wp\/v2\/posts\/212903"}],"collection":[{"href":"https:\/\/www.tgrthaber.com\/mavikadin\/wp-json\/wp\/v2\/posts"}],"about":[{"href":"https:\/\/www.tgrthaber.com\/mavikadin\/wp-json\/wp\/v2\/types\/post"}],"author":[{"embeddable":true,"href":"https:\/\/www.tgrthaber.com\/mavikadin\/wp-json\/wp\/v2\/users\/5"}],"replies":[{"embeddable":true,"href":"https:\/\/www.tgrthaber.com\/mavikadin\/wp-json\/wp\/v2\/comments?post=212903"}],"version-history":[{"count":2,"href":"https:\/\/www.tgrthaber.com\/mavikadin\/wp-json\/wp\/v2\/posts\/212903\/revisions"}],"predecessor-version":[{"id":212915,"href":"https:\/\/www.tgrthaber.com\/mavikadin\/wp-json\/wp\/v2\/posts\/212903\/revisions\/212915"}],"wp:featuredmedia":[{"embeddable":true,"href":"https:\/\/www.tgrthaber.com\/mavikadin\/wp-json\/wp\/v2\/media\/212912"}],"wp:attachment":[{"href":"https:\/\/www.tgrthaber.com\/mavikadin\/wp-json\/wp\/v2\/media?parent=212903"}],"wp:term":[{"taxonomy":"category","embeddable":true,"href":"https:\/\/www.tgrthaber.com\/mavikadin\/wp-json\/wp\/v2\/categories?post=212903"},{"taxonomy":"post_tag","embeddable":true,"href":"https:\/\/www.tgrthaber.com\/mavikadin\/wp-json\/wp\/v2\/tags?post=212903"}],"curies":[{"name":"wp","href":"https:\/\/api.w.org\/{rel}","templated":true}]}}