{"id":226541,"date":"2025-08-25T14:31:05","date_gmt":"2025-08-25T11:31:05","guid":{"rendered":"https:\/\/www.tgrthaber.com\/mavikadin\/?p=226541"},"modified":"2025-08-25T14:31:05","modified_gmt":"2025-08-25T11:31:05","slug":"burasi-isvicre-daglari-degil-hakkari-cilo-dagina-ne-zaman-gidilmeli","status":"publish","type":"post","link":"https:\/\/www.tgrthaber.com\/mavikadin\/burasi-isvicre-daglari-degil-hakkari-cilo-dagina-ne-zaman-gidilmeli\/","title":{"rendered":"Buras\u0131 \u0130svi\u00e7re da\u011flar\u0131 de\u011fil! Hakkari Cilo Da\u011f\u0131na ne zaman gidilmeli?"},"content":{"rendered":"<p>\u00dclkemizin bir\u00e7ok noktas\u0131nda \u0130svi\u00e7re kadar g\u00fczel yerler bulunuyor. Peki, siz Hakkari Cilo da\u011f\u0131n\u0131n \u0130svi\u00e7re kadar g\u00fczel oldu\u011funu biliyor musunuz? T\u00fcm do\u011fa g\u00fczelli\u011fiyle kendisine hayran b\u0131rakacak olan Cilo Da\u011f\u0131 hakk\u0131nda bilinmeyenleri sizin i\u00e7in ara\u015ft\u0131rd\u0131k. Sizde \u0130svi\u00e7re\u2019ye gitmek yerine T\u00fcrkiye\u2019nin do\u011fal g\u00fczellerini g\u00f6rmek istiyorsan\u0131z, Cilo da\u011f\u0131ndan ba\u015flayabilirsiniz. \u0130\u015fte \u0130svi\u00e7re kadar g\u00fczel Hakkari Cilo Da\u011f\u0131 hakk\u0131nda bilinmeyenler\u2026<\/p>\n<h3>HAKKAR\u0130 C\u0130LO DA\u011eI \u0130SV\u0130\u00c7RE DA\u011eLARINI ARATMIYOR!<\/h3>\n<p>T\u00fcrkiye\u2019nin g\u00f6\u011fe en yak\u0131n noktalar\u0131ndan biri olan Cilo Da\u011f\u0131, buzul vadileri, dik kayal\u0131klar\u0131 ve el de\u011fmemi\u015f do\u011fas\u0131yla ziyaret\u00e7ilerini etkiliyor. Endemik bitkilerle \u00e7evrili bu muhte\u015fem co\u011frafya, yaln\u0131zca do\u011fa rotas\u0131 de\u011fil, ayn\u0131 zamanda kafa dinleme ve de\u015farj olma alan\u0131 olarak kar\u015f\u0131m\u0131za \u00e7\u0131k\u0131yor.<\/p>\n<p><img loading=\"lazy\" decoding=\"async\" class=\"alignnone wp-image-226551\" src=\"https:\/\/www.tgrthaber.com\/mavikadin\/wp-content\/uploads\/Cilo-Dagi-Hakkari-7-1024x576.jpg\" alt=\"Buras\u0131 \u0130svi\u00e7re da\u011flar\u0131 de\u011fil! Hakkari Cilo Da\u011f\u0131na ne zaman gidilmeli?\" width=\"1208\" height=\"680\" title=\"\" srcset=\"https:\/\/www.tgrthaber.com\/mavikadin\/wp-content\/uploads\/Cilo-Dagi-Hakkari-7-1024x576.jpg 1024w, https:\/\/www.tgrthaber.com\/mavikadin\/wp-content\/uploads\/Cilo-Dagi-Hakkari-7-300x169.jpg 300w, https:\/\/www.tgrthaber.com\/mavikadin\/wp-content\/uploads\/Cilo-Dagi-Hakkari-7-768x432.jpg 768w, https:\/\/www.tgrthaber.com\/mavikadin\/wp-content\/uploads\/Cilo-Dagi-Hakkari-7.jpg 1208w\" sizes=\"(max-width: 1208px) 100vw, 1208px\" \/><\/p>\n<hr \/>\n<p>Cilo Da\u011f\u0131, buzul vadileri, karstik yap\u0131lar\u0131, da\u011f g\u00f6lleri ve endemik bitki topluluklar\u0131yla \u0130svi\u00e7re da\u011flar\u0131n\u0131 aratm\u0131yor. G\u00f6renlerin neredeyse \u0130svi\u00e7re sand\u0131\u011f\u0131 bu e\u015fsiz do\u011fa harikas\u0131, yayla turizmi, su sporlar\u0131, da\u011f turizmi, yama\u00e7 para\u015f\u00fct\u00fc, da\u011f bisikleti, kamp\u00e7\u0131l\u0131k ve foto safari gibi etkinliklerin adresi oluyor.<\/p>\n<p><img loading=\"lazy\" decoding=\"async\" class=\"alignnone wp-image-226552\" src=\"https:\/\/www.tgrthaber.com\/mavikadin\/wp-content\/uploads\/Cilo-Dagi-Hakkari-8-1024x576.jpg\" alt=\"Buras\u0131 \u0130svi\u00e7re da\u011flar\u0131 de\u011fil! Hakkari Cilo Da\u011f\u0131na ne zaman gidilmeli?\" width=\"1208\" height=\"680\" title=\"\" srcset=\"https:\/\/www.tgrthaber.com\/mavikadin\/wp-content\/uploads\/Cilo-Dagi-Hakkari-8-1024x576.jpg 1024w, https:\/\/www.tgrthaber.com\/mavikadin\/wp-content\/uploads\/Cilo-Dagi-Hakkari-8-300x169.jpg 300w, https:\/\/www.tgrthaber.com\/mavikadin\/wp-content\/uploads\/Cilo-Dagi-Hakkari-8-768x432.jpg 768w, https:\/\/www.tgrthaber.com\/mavikadin\/wp-content\/uploads\/Cilo-Dagi-Hakkari-8.jpg 1208w\" sizes=\"(max-width: 1208px) 100vw, 1208px\" \/><\/p>\n<hr \/>\n<p>Bir\u00e7ok do\u011fa sporuna ev sahipli\u011fi yapan Cilo Da\u011f\u0131, g\u00fcn\u00fcbirlik do\u011fa y\u00fcr\u00fcy\u00fc\u015fleri ve \u00e7e\u015fitli a\u00e7\u0131k alan etkinliklerini de beraberinde g\u00f6t\u00fcr\u00fcyor. Ayn\u0131 zamanda T\u00fcrkiye\u2019nin ikinci en y\u00fcksek zirvesi olan \u2018Uludoruk Zirvesi\u2019de Cilo Da\u011f\u0131\u2019nda bulunuyor. T\u00fcrkiye\u2019nin en g\u00f6rkemli ve en etkileyici do\u011fa harikalar\u0131ndan biri olan Cilo Da\u011f\u0131, 2020 y\u0131l\u0131nda milli park olarak ilan edilmi\u015f ve g\u00fcn\u00fcm\u00fczde ziyaret\u00e7ilerine ev sahipli\u011fi yapmaya devam ediyor.<\/p>\n<p><img loading=\"lazy\" decoding=\"async\" class=\"alignnone wp-image-226553\" src=\"https:\/\/www.tgrthaber.com\/mavikadin\/wp-content\/uploads\/Cilo-Dagi-Hakkari-9-1024x576.jpg\" alt=\"Buras\u0131 \u0130svi\u00e7re da\u011flar\u0131 de\u011fil! Hakkari Cilo Da\u011f\u0131na ne zaman gidilmeli?\" width=\"1208\" height=\"680\" title=\"\" srcset=\"https:\/\/www.tgrthaber.com\/mavikadin\/wp-content\/uploads\/Cilo-Dagi-Hakkari-9-1024x576.jpg 1024w, https:\/\/www.tgrthaber.com\/mavikadin\/wp-content\/uploads\/Cilo-Dagi-Hakkari-9-300x169.jpg 300w, https:\/\/www.tgrthaber.com\/mavikadin\/wp-content\/uploads\/Cilo-Dagi-Hakkari-9-768x432.jpg 768w, https:\/\/www.tgrthaber.com\/mavikadin\/wp-content\/uploads\/Cilo-Dagi-Hakkari-9.jpg 1208w\" sizes=\"(max-width: 1208px) 100vw, 1208px\" \/><\/p>\n<hr \/>\n<h3>\u0130NSAN EL\u0130N\u0130N DE\u011eMED\u0130\u011e\u0130 C\u0130LO DA\u011eI!<\/h3>\n<p>Cilo Da\u011f\u0131, do\u011fan\u0131n hala kendini unutturmadan var olabildi\u011fi, insan elinin de\u011fmedi\u011fi nadir noktalardan biri oluyor. Her zirvesi ve her vadisi birer do\u011fa harikas\u0131 olan Cilo Da\u011f\u0131, kendine hayran b\u0131rak\u0131yor. Yaz ve k\u0131\u015f mevsiminin bir arada ya\u015fand\u0131\u011f\u0131 Cilo Da\u011f\u0131 ve Sat Buzul G\u00f6lleri Milli Park\u0131, zengin bitki \u00f6rt\u00fcs\u00fc ve do\u011fal g\u00fczellikleriyle ziyaret\u00e7ilerini a\u011f\u0131rl\u0131yor.<\/p>\n<p><img loading=\"lazy\" decoding=\"async\" class=\"alignnone wp-image-226554\" src=\"https:\/\/www.tgrthaber.com\/mavikadin\/wp-content\/uploads\/Cilo-Dagi-Hakkari-10-1024x576.jpg\" alt=\"Buras\u0131 \u0130svi\u00e7re da\u011flar\u0131 de\u011fil! Hakkari Cilo Da\u011f\u0131na ne zaman gidilmeli?\" width=\"1208\" height=\"680\" title=\"\" srcset=\"https:\/\/www.tgrthaber.com\/mavikadin\/wp-content\/uploads\/Cilo-Dagi-Hakkari-10-1024x576.jpg 1024w, https:\/\/www.tgrthaber.com\/mavikadin\/wp-content\/uploads\/Cilo-Dagi-Hakkari-10-300x169.jpg 300w, https:\/\/www.tgrthaber.com\/mavikadin\/wp-content\/uploads\/Cilo-Dagi-Hakkari-10-768x432.jpg 768w, https:\/\/www.tgrthaber.com\/mavikadin\/wp-content\/uploads\/Cilo-Dagi-Hakkari-10.jpg 1208w\" sizes=\"(max-width: 1208px) 100vw, 1208px\" \/><\/p>\n<hr \/>\n<p>T\u00fcrkiye\u2019nin ikinci en y\u00fcksek da\u011f\u0131 olan Cilo Da\u011f\u0131, d\u00f6rt mevsim boyunca erimeyen kar ve buz \u00f6rt\u00fcs\u00fcyle kapl\u0131 tektonik da\u011f, G\u00fcneydo\u011fu Toroslar&#8217;\u0131n en do\u011fu uzant\u0131s\u0131n\u0131 olu\u015fturuyor. E\u015fsiz g\u00fczellikleriyle ziyaret\u00e7ilerini etkileyeme devam eden Cilo Da\u011f\u0131, \u0130svi\u00e7re Alpleri\u2019ni and\u0131ran g\u00f6rkemli manzaras\u0131yla hem do\u011fa severlerin hem de foto\u011fraf tutkunlar\u0131n\u0131n u\u011frak noktas\u0131 oluyor.<\/p>\n<p><img loading=\"lazy\" decoding=\"async\" class=\"alignnone wp-image-226555\" src=\"https:\/\/www.tgrthaber.com\/mavikadin\/wp-content\/uploads\/Cilo-Dagi-Hakkari-12-1024x576.jpg\" alt=\"Buras\u0131 \u0130svi\u00e7re da\u011flar\u0131 de\u011fil! Hakkari Cilo Da\u011f\u0131na ne zaman gidilmeli?\" width=\"1208\" height=\"680\" title=\"\" srcset=\"https:\/\/www.tgrthaber.com\/mavikadin\/wp-content\/uploads\/Cilo-Dagi-Hakkari-12-1024x576.jpg 1024w, https:\/\/www.tgrthaber.com\/mavikadin\/wp-content\/uploads\/Cilo-Dagi-Hakkari-12-300x169.jpg 300w, https:\/\/www.tgrthaber.com\/mavikadin\/wp-content\/uploads\/Cilo-Dagi-Hakkari-12-768x432.jpg 768w, https:\/\/www.tgrthaber.com\/mavikadin\/wp-content\/uploads\/Cilo-Dagi-Hakkari-12.jpg 1208w\" sizes=\"(max-width: 1208px) 100vw, 1208px\" \/><\/p>\n<hr \/>\n<h3>HAKKAR\u0130 C\u0130LO DA\u011eINA NE ZAMAN G\u0130D\u0130LMEL\u0130?<\/h3>\n<p>T\u00fcrkiye&#8217;nin G\u00fcneydo\u011fu ucunda, Hakk\u00e2ri ilinin s\u0131n\u0131rlar\u0131 i\u00e7erisinde yer alan Cilo Da\u011f\u0131, 4.135 metre y\u00fcksekli\u011fiyle T\u00fcrkiye\u2019nin en y\u00fcksek ikinci da\u011f\u0131 oluyor. Y\u00fcksek zirveleri, buzullar\u0131, yaylalar\u0131 ve endemik bitki t\u00fcrleriyle tam bir do\u011fa harikas\u0131 olan Cilo Da\u011f\u0131, y\u0131l\u0131n her mevsimi farkl\u0131 bir g\u00fczellikleriyle kendine hayran b\u0131rak\u0131yor.<\/p>\n<p><img loading=\"lazy\" decoding=\"async\" class=\"alignnone wp-image-226556\" src=\"https:\/\/www.tgrthaber.com\/mavikadin\/wp-content\/uploads\/Cilo-Dagi-Hakkari-17-1024x576.jpg\" alt=\"Buras\u0131 \u0130svi\u00e7re da\u011flar\u0131 de\u011fil! Hakkari Cilo Da\u011f\u0131na ne zaman gidilmeli?\" width=\"1208\" height=\"680\" title=\"\" srcset=\"https:\/\/www.tgrthaber.com\/mavikadin\/wp-content\/uploads\/Cilo-Dagi-Hakkari-17-1024x576.jpg 1024w, https:\/\/www.tgrthaber.com\/mavikadin\/wp-content\/uploads\/Cilo-Dagi-Hakkari-17-300x169.jpg 300w, https:\/\/www.tgrthaber.com\/mavikadin\/wp-content\/uploads\/Cilo-Dagi-Hakkari-17-768x432.jpg 768w, https:\/\/www.tgrthaber.com\/mavikadin\/wp-content\/uploads\/Cilo-Dagi-Hakkari-17.jpg 1208w\" sizes=\"(max-width: 1208px) 100vw, 1208px\" \/><\/p>\n<hr \/>\n<p>Cilo Da\u011f\u0131 i\u00e7in en uygun d\u00f6nem yaz aylar\u0131 oluyor. Y\u0131l\u0131n her mevsimi farkl\u0131 bir g\u00fczellikle ziyaret\u00e7ilerine ev sahipli\u011fi yapan Cilo Da\u011f\u0131\u2019na, \u00f6zellikle Haziran-Temmuz aylar\u0131nda gidilmesi gerekiyor. Bu aylarda Cilo Da\u011f\u0131\u2019n\u0131 ziyaret edenler, buzullar\u0131n erimesiyle g\u00f6llerin en canl\u0131 halini g\u00f6rebiliyor. Yine Haziran-Temmuz ay\u0131nda \u00e7i\u00e7eklerle kaplanan yaylalar, olduk\u00e7a etkileyici bir manzara olu\u015fturuyor.<\/p>\n<p><img loading=\"lazy\" decoding=\"async\" class=\"alignnone wp-image-226557\" src=\"https:\/\/www.tgrthaber.com\/mavikadin\/wp-content\/uploads\/Cilo-Dagi-Hakkari-14-1024x576.jpg\" alt=\"Buras\u0131 \u0130svi\u00e7re da\u011flar\u0131 de\u011fil! Hakkari Cilo Da\u011f\u0131na ne zaman gidilmeli?\" width=\"1208\" height=\"680\" title=\"\" srcset=\"https:\/\/www.tgrthaber.com\/mavikadin\/wp-content\/uploads\/Cilo-Dagi-Hakkari-14-1024x576.jpg 1024w, https:\/\/www.tgrthaber.com\/mavikadin\/wp-content\/uploads\/Cilo-Dagi-Hakkari-14-300x169.jpg 300w, https:\/\/www.tgrthaber.com\/mavikadin\/wp-content\/uploads\/Cilo-Dagi-Hakkari-14-768x432.jpg 768w, https:\/\/www.tgrthaber.com\/mavikadin\/wp-content\/uploads\/Cilo-Dagi-Hakkari-14.jpg 1208w\" sizes=\"(max-width: 1208px) 100vw, 1208px\" \/><\/p>\n<hr \/>\n<p>A\u011fustos-Eyl\u00fcl aylar\u0131 da Cilo Da\u011f\u0131\u2019na gitmek i\u00e7in do\u011fru bir zaman oluyor. Havan\u0131n daha \u0131l\u0131man oldu\u011fu bu aylar, do\u011fa y\u00fcr\u00fcy\u00fc\u015f\u00fc ve kamp yapmak i\u00e7in ideal zamanlar aras\u0131nda yer al\u0131yor.<\/p>\n<p>Cilo Da\u011f\u0131\u2019na \u00e7\u0131kmak i\u00e7in genellikle Haziran, Temmuz, A\u011fustos ve Eyl\u00fcl aylar\u0131 tercih ediliyor. Bu aylarda Cilo Da\u011f\u0131 en g\u00fczel d\u00f6nemini ya\u015fad\u0131\u011f\u0131ndan dolay\u0131 olduk\u00e7a fazla misafire ev sahipli\u011fi de yap\u0131yor. K\u0131\u015f aylar\u0131 ise Cilo Da\u011f\u0131\u2019na gitmek i\u00e7in pek uygun g\u00f6z\u00fckm\u00fcyor. Yo\u011fun kar ve zorlu hava ko\u015fullar\u0131 nedeniyle da\u011fa \u00e7\u0131k\u0131\u015flar olduk\u00e7a g\u00fc\u00e7le\u015fiyor.<\/p>\n<p><img loading=\"lazy\" decoding=\"async\" class=\"alignnone wp-image-226558\" src=\"https:\/\/www.tgrthaber.com\/mavikadin\/wp-content\/uploads\/Cilo-Dagi-Hakkari-15-1024x576.jpg\" alt=\"Buras\u0131 \u0130svi\u00e7re da\u011flar\u0131 de\u011fil! Hakkari Cilo Da\u011f\u0131na ne zaman gidilmeli?\" width=\"1208\" height=\"680\" title=\"\" srcset=\"https:\/\/www.tgrthaber.com\/mavikadin\/wp-content\/uploads\/Cilo-Dagi-Hakkari-15-1024x576.jpg 1024w, https:\/\/www.tgrthaber.com\/mavikadin\/wp-content\/uploads\/Cilo-Dagi-Hakkari-15-300x169.jpg 300w, https:\/\/www.tgrthaber.com\/mavikadin\/wp-content\/uploads\/Cilo-Dagi-Hakkari-15-768x432.jpg 768w, https:\/\/www.tgrthaber.com\/mavikadin\/wp-content\/uploads\/Cilo-Dagi-Hakkari-15.jpg 1208w\" sizes=\"(max-width: 1208px) 100vw, 1208px\" \/><\/p>\n<hr \/>\n<h3>SIK\u00c7A SORULAN SORULAR<\/h3>\n<h3>Cilo Da\u011f\u0131 nerededir?<\/h3>\n<p>Cilo Da\u011f\u0131, T\u00fcrkiye\u2019nin G\u00fcneydo\u011fu ucunda, Hakkari ilinin s\u0131n\u0131rlar\u0131 i\u00e7erisindedir.<\/p>\n<h3>Hakkari&#8217;de hangi da\u011f var?<\/h3>\n<p>Hakkari\u2019de birbirinden g\u00fczel bir\u00e7ok da\u011f bulunuyor. Hakkari\u2019de yer alan da\u011flar aras\u0131nda; Cilo Buzul S\u0131rada\u011flar\u0131, Suppa Durek, B\u00fcy\u00fck Hamza, K\u00fc\u00e7\u00fck Hamza, Bobek, K\u00f6\u015fedire\u011fi, Kad\u0131n Parma\u011f\u0131 ve Poyraz bulunuyor.<\/p>\n<h3>Cilo buzullar\u0131 rak\u0131m\u0131 ka\u00e7t\u0131r?<\/h3>\n<p>T\u00fcrkiye\u2019nin ikinci en y\u00fcksek da\u011f\u0131 olan Cilo Da\u011f\u0131\u2019n\u0131n y\u00fcksekli\u011fi 4.135 metre olarak kar\u015f\u0131m\u0131za \u00e7\u0131k\u0131yor.<\/p>\n","protected":false},"excerpt":{"rendered":"<p>Hakkari Cilo Da\u011flar\u0131\u2019n\u0131n \u0130svi\u00e7re kadar g\u00fczel oldu\u011funu biliyor musunuz? Hakkari Cilo Da\u011f\u0131 hakk\u0131nda merak edilenleri sizin i\u00e7in ara\u015ft\u0131rd\u0131k. \u0130\u015fte detaylar\u2026<\/p>\n","protected":false},"author":26,"featured_media":226550,"comment_status":"closed","ping_status":"closed","sticky":false,"template":"","format":"standard","meta":{"rank_math_lock_modified_date":false,"footnotes":""},"categories":[1301],"tags":[60818,60673,20238,25123,60817,31358],"class_list":["post-226541","post","type-post","status-publish","format-standard","has-post-thumbnail","hentry","category-gezi","tag-cilo-dagi","tag-gezi","tag-gezi-haberleri","tag-hakkari","tag-hakkari-cilo-dagi","tag-isvicre"],"_links":{"self":[{"href":"https:\/\/www.tgrthaber.com\/mavikadin\/wp-json\/wp\/v2\/posts\/226541"}],"collection":[{"href":"https:\/\/www.tgrthaber.com\/mavikadin\/wp-json\/wp\/v2\/posts"}],"about":[{"href":"https:\/\/www.tgrthaber.com\/mavikadin\/wp-json\/wp\/v2\/types\/post"}],"author":[{"embeddable":true,"href":"https:\/\/www.tgrthaber.com\/mavikadin\/wp-json\/wp\/v2\/users\/26"}],"replies":[{"embeddable":true,"href":"https:\/\/www.tgrthaber.com\/mavikadin\/wp-json\/wp\/v2\/comments?post=226541"}],"version-history":[{"count":2,"href":"https:\/\/www.tgrthaber.com\/mavikadin\/wp-json\/wp\/v2\/posts\/226541\/revisions"}],"predecessor-version":[{"id":226560,"href":"https:\/\/www.tgrthaber.com\/mavikadin\/wp-json\/wp\/v2\/posts\/226541\/revisions\/226560"}],"wp:featuredmedia":[{"embeddable":true,"href":"https:\/\/www.tgrthaber.com\/mavikadin\/wp-json\/wp\/v2\/media\/226550"}],"wp:attachment":[{"href":"https:\/\/www.tgrthaber.com\/mavikadin\/wp-json\/wp\/v2\/media?parent=226541"}],"wp:term":[{"taxonomy":"category","embeddable":true,"href":"https:\/\/www.tgrthaber.com\/mavikadin\/wp-json\/wp\/v2\/categories?post=226541"},{"taxonomy":"post_tag","embeddable":true,"href":"https:\/\/www.tgrthaber.com\/mavikadin\/wp-json\/wp\/v2\/tags?post=226541"}],"curies":[{"name":"wp","href":"https:\/\/api.w.org\/{rel}","templated":true}]}}