{"id":227887,"date":"2025-08-28T17:14:05","date_gmt":"2025-08-28T14:14:05","guid":{"rendered":"https:\/\/www.tgrthaber.com\/mavikadin\/?p=227887"},"modified":"2025-08-28T17:14:05","modified_gmt":"2025-08-28T14:14:05","slug":"aronya-akcaabattan-dunya-pazarina-aciliyor-stratejik-oneme-sahip","status":"publish","type":"post","link":"https:\/\/www.tgrthaber.com\/mavikadin\/aronya-akcaabattan-dunya-pazarina-aciliyor-stratejik-oneme-sahip\/","title":{"rendered":"Aronya Ak\u00e7aabat&#8217;tan d\u00fcnya pazar\u0131na a\u00e7\u0131l\u0131yor! Stratejik \u00f6neme sahip"},"content":{"rendered":"<p>Sa\u011fl\u0131k Turizmi Konfederasyonu (SATKOF) Genel Ba\u015fkan\u0131 Prof. Dr. Aysun Bay, Ak\u00e7aabat&#8217;ta aronya \u00fcretim alanlar\u0131n\u0131 ziyaret ederek yerel \u00fcreticilerle bir araya geldi. Ziyarette, t\u0131bbi aromatik bitkilerin sa\u011fl\u0131k turizmi ve d\u00fcnya pazarlar\u0131 a\u00e7\u0131s\u0131ndan ta\u015f\u0131d\u0131\u011f\u0131 stratejik \u00f6neme dikkat \u00e7ekildi.<\/p>\n<h3>ARONYA AK\u00c7AABAT&#8217;TAN D\u00dcNYA PAZARINA A\u00c7ILIYOR!<\/h3>\n<p>T\u00fcrkiye&#8217;nin bereketli topraklar\u0131ndan \u00e7\u0131kan aronya ve benzeri t\u0131bbi aromatik bitkilerin, katma de\u011feri y\u00fcksek \u00fcr\u00fcnler olarak uluslararas\u0131 pazarlara a\u00e7\u0131lmas\u0131n\u0131n hem \u00fcretici hem de \u00fclke ekonomisi i\u00e7in b\u00fcy\u00fck katk\u0131 sa\u011flayaca\u011f\u0131 belirtildi. Prof. Dr. Bay, &#8220;\u00dcreticinin hak etti\u011fi de\u011fere ula\u015fmas\u0131 ve eme\u011finin kar\u015f\u0131l\u0131\u011f\u0131n\u0131 bulmas\u0131, s\u00fcrd\u00fcr\u00fclebilirlik a\u00e7\u0131s\u0131ndan fevkalade \u00f6nemlidir&#8221; dedi.<\/p>\n<p><img loading=\"lazy\" decoding=\"async\" class=\"aligncenter size-full wp-image-227888\" src=\"https:\/\/www.tgrthaber.com\/mavikadin\/wp-content\/uploads\/aronya-1.png\" alt=\"\" width=\"1208\" height=\"680\" title=\"\" srcset=\"https:\/\/www.tgrthaber.com\/mavikadin\/wp-content\/uploads\/aronya-1.png 1208w, https:\/\/www.tgrthaber.com\/mavikadin\/wp-content\/uploads\/aronya-1-300x169.png 300w, https:\/\/www.tgrthaber.com\/mavikadin\/wp-content\/uploads\/aronya-1-1024x576.png 1024w, https:\/\/www.tgrthaber.com\/mavikadin\/wp-content\/uploads\/aronya-1-768x432.png 768w\" sizes=\"(max-width: 1208px) 100vw, 1208px\" \/><\/p>\n<hr \/>\n<p>Ziyarette ayr\u0131ca, t\u0131bbi aromatik bitkilerin i\u015flenerek sa\u011fl\u0131k turizmi alan\u0131nda kullan\u0131lmas\u0131n\u0131n ve katma de\u011ferli \u00fcr\u00fcnlere d\u00f6n\u00fc\u015ft\u00fcr\u00fclmesinin \u00f6nemi vurguland\u0131. T\u00fcrkiye markas\u0131yla uluslararas\u0131 pazarlarda tan\u0131t\u0131lacak bu \u00fcr\u00fcnlerin, tar\u0131m ve sa\u011fl\u0131k sekt\u00f6rlerinin yan\u0131 s\u0131ra yerel kalk\u0131nma ve istihdam alanlar\u0131na da katk\u0131 sunaca\u011f\u0131 ifade edildi. Prof. Dr. Bay, &#8220;Bu s\u00fcre\u00e7ler sadece sekt\u00f6rel de\u011fil, ayn\u0131 zamanda T\u00fcrkiye&#8217;nin k\u00fcresel sa\u011fl\u0131k vizyonuna \u00f6nemli katk\u0131lar sa\u011flayacak&#8221; a\u00e7\u0131klamas\u0131nda bulundu.<\/p>\n<p><img loading=\"lazy\" decoding=\"async\" class=\"aligncenter size-full wp-image-227889\" src=\"https:\/\/www.tgrthaber.com\/mavikadin\/wp-content\/uploads\/aronya-3.png\" alt=\"\" width=\"1208\" height=\"680\" title=\"\" srcset=\"https:\/\/www.tgrthaber.com\/mavikadin\/wp-content\/uploads\/aronya-3.png 1208w, https:\/\/www.tgrthaber.com\/mavikadin\/wp-content\/uploads\/aronya-3-300x169.png 300w, https:\/\/www.tgrthaber.com\/mavikadin\/wp-content\/uploads\/aronya-3-1024x576.png 1024w, https:\/\/www.tgrthaber.com\/mavikadin\/wp-content\/uploads\/aronya-3-768x432.png 768w\" sizes=\"(max-width: 1208px) 100vw, 1208px\" \/><\/p>\n<hr \/>\n<p>Sa\u011fl\u0131k Turizmi Konfederasyonu, T\u00fcrkiye&#8217;nin do\u011fal kaynaklar\u0131 ve \u00fcretim g\u00fcc\u00fcn\u00fc sa\u011fl\u0131k turizmi ve s\u00fcrd\u00fcr\u00fclebilir kalk\u0131nmayla entegre ederek \u00fclkeyi uluslararas\u0131 sa\u011fl\u0131k ve tar\u0131m ekonomisinin \u00f6nc\u00fc merkezlerinden biri haline getirmeyi hedefliyor.<\/p>\n","protected":false},"excerpt":{"rendered":"<p>Aronya ve benzeri t\u0131bbi aromatik bitkilerin, katma de\u011feri y\u00fcksek \u00fcr\u00fcnler olarak uluslararas\u0131 pazarlara a\u00e7\u0131l\u0131yor. Sa\u011fl\u0131k Turizmi Konfederasyonu (SATKOF) Genel Ba\u015fkan\u0131 Prof. Dr. Aysun Bay, aronyan\u0131n d\u00fcnya pazar\u0131na a\u00e7\u0131lmas\u0131n\u0131 hem \u00fcretici hem de \u00fclke ekonomisi i\u00e7in de\u011ferlendirdi.<\/p>\n","protected":false},"author":5,"featured_media":227890,"comment_status":"closed","ping_status":"closed","sticky":false,"template":"","format":"standard","meta":{"rank_math_lock_modified_date":false,"footnotes":""},"categories":[1991],"tags":[46671,60998,60997],"class_list":["post-227887","post","type-post","status-publish","format-standard","has-post-thumbnail","hentry","category-saglik","tag-aronya","tag-aronya-uretim-alanlari","tag-saglik-turizmi-konfederasyonu"],"_links":{"self":[{"href":"https:\/\/www.tgrthaber.com\/mavikadin\/wp-json\/wp\/v2\/posts\/227887"}],"collection":[{"href":"https:\/\/www.tgrthaber.com\/mavikadin\/wp-json\/wp\/v2\/posts"}],"about":[{"href":"https:\/\/www.tgrthaber.com\/mavikadin\/wp-json\/wp\/v2\/types\/post"}],"author":[{"embeddable":true,"href":"https:\/\/www.tgrthaber.com\/mavikadin\/wp-json\/wp\/v2\/users\/5"}],"replies":[{"embeddable":true,"href":"https:\/\/www.tgrthaber.com\/mavikadin\/wp-json\/wp\/v2\/comments?post=227887"}],"version-history":[{"count":1,"href":"https:\/\/www.tgrthaber.com\/mavikadin\/wp-json\/wp\/v2\/posts\/227887\/revisions"}],"predecessor-version":[{"id":227891,"href":"https:\/\/www.tgrthaber.com\/mavikadin\/wp-json\/wp\/v2\/posts\/227887\/revisions\/227891"}],"wp:featuredmedia":[{"embeddable":true,"href":"https:\/\/www.tgrthaber.com\/mavikadin\/wp-json\/wp\/v2\/media\/227890"}],"wp:attachment":[{"href":"https:\/\/www.tgrthaber.com\/mavikadin\/wp-json\/wp\/v2\/media?parent=227887"}],"wp:term":[{"taxonomy":"category","embeddable":true,"href":"https:\/\/www.tgrthaber.com\/mavikadin\/wp-json\/wp\/v2\/categories?post=227887"},{"taxonomy":"post_tag","embeddable":true,"href":"https:\/\/www.tgrthaber.com\/mavikadin\/wp-json\/wp\/v2\/tags?post=227887"}],"curies":[{"name":"wp","href":"https:\/\/api.w.org\/{rel}","templated":true}]}}