{"id":228037,"date":"2025-08-28T23:57:50","date_gmt":"2025-08-28T20:57:50","guid":{"rendered":"https:\/\/www.tgrthaber.com\/mavikadin\/?p=228037"},"modified":"2025-08-28T23:57:50","modified_gmt":"2025-08-28T20:57:50","slug":"yaz-tatili-sonrasi-yapilan-en-buyuk-hatalar-cocuk-doktorlarindan-uyari","status":"publish","type":"post","link":"https:\/\/www.tgrthaber.com\/mavikadin\/yaz-tatili-sonrasi-yapilan-en-buyuk-hatalar-cocuk-doktorlarindan-uyari\/","title":{"rendered":"Yaz tatili sonras\u0131 yap\u0131lan en b\u00fcy\u00fck hatalar! \u00c7ocuk doktorlar\u0131ndan uyar\u0131"},"content":{"rendered":"<p>Okullar\u0131n a\u00e7\u0131lmas\u0131na ramak kalm\u0131\u015fken, yaz tatilinin rehavetine kap\u0131lan minikler yeni bir d\u00f6neme ad\u0131m atmaya haz\u0131rlan\u0131yor. Fakat bu s\u00fcre\u00e7te yap\u0131lan baz\u0131 yanl\u0131\u015flar \u00e7ocuklar\u0131n hem sa\u011fl\u0131k hem de okuldaki ba\u015far\u0131s\u0131n\u0131 etkileyebiliyor. Tatilin ard\u0131ndan beslenme, uyku ve sosyal al\u0131\u015fkanl\u0131klara dikkat edilmezse, okula uyum s\u00fcreci daha sanc\u0131l\u0131 olabiliyor. \u00c7ocuk doktorlar\u0131 ise bu konuda aileleri bilin\u00e7li olma konusunda uyar\u0131yor. Peki yaz tatili sonras\u0131 nelere dikkat etmek gerekiyor? \u0130\u015fte \u00e7ocuk doktorlar\u0131ndan bu konuda gelen kritik uyar\u0131lar&#8230;<\/p>\n<h3>YAZ TAT\u0130L\u0130 SONRASI YAPILAN EN B\u00dcY\u00dcK HATALAR! \u00c7OCUK DOKTORLARINDAN UYARI<\/h3>\n<p>Yaz tatilinde uyku ve beslenme d\u00fczeni \u00e7ocuklarda biraz \u015fa\u015far. Tatil boyunca \u00e7ocuklar yeterince uyumama, odaklanamama ve yorgunluk ya\u015fayabiliyor.<\/p>\n<p><img loading=\"lazy\" decoding=\"async\" class=\"alignnone wp-image-228039\" src=\"https:\/\/www.tgrthaber.com\/mavikadin\/wp-content\/uploads\/1200x628-2-1-300x157.jpg\" alt=\"\" width=\"1208\" height=\"633\" title=\"\" srcset=\"https:\/\/www.tgrthaber.com\/mavikadin\/wp-content\/uploads\/1200x628-2-1-300x157.jpg 300w, https:\/\/www.tgrthaber.com\/mavikadin\/wp-content\/uploads\/1200x628-2-1-1024x537.jpg 1024w, https:\/\/www.tgrthaber.com\/mavikadin\/wp-content\/uploads\/1200x628-2-1-768x403.jpg 768w, https:\/\/www.tgrthaber.com\/mavikadin\/wp-content\/uploads\/1200x628-2-1.jpg 1198w\" sizes=\"(max-width: 1208px) 100vw, 1208px\" \/><\/p>\n<hr \/>\n<p>Tatilde ge\u00e7 saatlere kadar oturmak \u00e7o\u011fu \u00e7ocukta g\u00f6r\u00fclebiliyor. Okula ba\u015flay\u0131nca bir anda erken yatma al\u0131\u015fkanl\u0131\u011f\u0131 da \u00e7ocuklar i\u00e7in zorlay\u0131c\u0131 olabilir. Bu konuda kademli uykuya dikkat \u00e7ekiliyor. Aksi halde sabah uyanamayan \u00e7ocuk okulda derslerine odaklanamayabiliyor.<\/p>\n<p><img loading=\"lazy\" decoding=\"async\" class=\"alignnone wp-image-228040\" src=\"https:\/\/www.tgrthaber.com\/mavikadin\/wp-content\/uploads\/junk-food-300x184.jpg\" alt=\"\" width=\"1208\" height=\"740\" title=\"\" srcset=\"https:\/\/www.tgrthaber.com\/mavikadin\/wp-content\/uploads\/junk-food-300x184.jpg 300w, https:\/\/www.tgrthaber.com\/mavikadin\/wp-content\/uploads\/junk-food-768x470.jpg 768w, https:\/\/www.tgrthaber.com\/mavikadin\/wp-content\/uploads\/junk-food.jpg 980w\" sizes=\"(max-width: 1208px) 100vw, 1208px\" \/><\/p>\n<hr \/>\n<p>Doktorlar\u0131n bir di\u011fer dikkat \u00e7ekti\u011fi konu ise tatilde edinilen beslenme al\u0131\u015fkanl\u0131\u011f\u0131d\u0131r. Tatil boyunca abur cubur ve fast food t\u00fcketimine daha fazla y\u00f6nelen \u00e7ocu\u011fun, okul d\u00f6neminde daha d\u00fczenli ve dengeli beslenmeye ge\u00e7mesi de zorla\u015fabiliyor. Uzmanlar sabah kahvalt\u0131s\u0131n\u0131n bu noktada alt\u0131n\u0131 \u00e7iziyor. \u00c7ocu\u011fun protein ve lif a\u00e7\u0131s\u0131ndan zengin bir kahvalt\u0131yla ba\u015flamas\u0131 derslerdeki dikkatini ve g\u00fcn i\u00e7indeki enerjisini do\u011frudan etkiliyor.<\/p>\n<p><img loading=\"lazy\" decoding=\"async\" class=\"aligncenter wp-image-228041\" src=\"https:\/\/www.tgrthaber.com\/mavikadin\/wp-content\/uploads\/6854159f800566f0ba3ec625-300x225.webp\" alt=\"\" width=\"1208\" height=\"906\" title=\"\" srcset=\"https:\/\/www.tgrthaber.com\/mavikadin\/wp-content\/uploads\/6854159f800566f0ba3ec625-300x225.webp 300w, https:\/\/www.tgrthaber.com\/mavikadin\/wp-content\/uploads\/6854159f800566f0ba3ec625-768x576.webp 768w, https:\/\/www.tgrthaber.com\/mavikadin\/wp-content\/uploads\/6854159f800566f0ba3ec625.webp 800w\" sizes=\"(max-width: 1208px) 100vw, 1208px\" \/><\/p>\n<hr \/>\n<h3>EKRAN S\u00dcRES\u0130NE D\u0130KKAT ED\u0130LMEL\u0130<\/h3>\n<p>Yaz tatilinde her \u00e7ocuklu ailenin ortak sorunu da ekranda ge\u00e7irilen zaman\u0131n uzamas\u0131d\u0131r. \u00d6zellikle kavurucu s\u0131caklarda d\u0131\u015far\u0131da fazla zaman ge\u00e7iremeyen \u00e7ocuklar ekranlara y\u00f6neldi. Fakat bu al\u0131\u015fkanl\u0131\u011f\u0131n okul d\u00f6neminde de devam etmesi \u00e7ocuklar a\u00e7\u0131s\u0131ndan y\u0131prat\u0131c\u0131 olabiliyor. Ayr\u0131ca hem fiziksel hem de zihinsel geli\u015fim a\u00e7\u0131s\u0131ndan risk te\u015fkil ediyor.<\/p>\n<p><img loading=\"lazy\" decoding=\"async\" class=\"alignnone wp-image-228042\" src=\"https:\/\/www.tgrthaber.com\/mavikadin\/wp-content\/uploads\/1ca408ff-d072-e811-80dc-a0369f7d1486-300x175.jpg\" alt=\"\" width=\"1208\" height=\"705\" title=\"\" srcset=\"https:\/\/www.tgrthaber.com\/mavikadin\/wp-content\/uploads\/1ca408ff-d072-e811-80dc-a0369f7d1486-300x175.jpg 300w, https:\/\/www.tgrthaber.com\/mavikadin\/wp-content\/uploads\/1ca408ff-d072-e811-80dc-a0369f7d1486.jpg 600w\" sizes=\"(max-width: 1208px) 100vw, 1208px\" \/><\/p>\n<hr \/>\n<p>\u00c7ocuk doktorlar\u0131 okul d\u00f6neminde ekran s\u00fcrelerinin muhakkak k\u0131s\u0131tlanmas\u0131 gerekti\u011fini vurguluyor. 1 ya da 2 saati a\u015fmayan ekran kullan\u0131m\u0131, aileler taraf\u0131ndan belirlenen \u00e7ocu\u011fa uygun programlarla net bir \u015fekilde s\u0131n\u0131rland\u0131r\u0131lmal\u0131. Ancak burada dikkat edilmesi gereken kural, ekran s\u00fcresini yasaklama \u015feklinde de\u011fil, alternatif baz\u0131 e\u011fitimsel aktivitelerle desteklenmesidir.<\/p>\n<p>\u00c7ocu\u011fa uygun ve ilgisini \u00e7ekecek spor aktiviteleri, kitap okuma saatleri gibi \u00e7ocu\u011fa fayda sa\u011flayacak etkinliklere yer verilmelidir.\u00c7ocuklarla birlikte ge\u00e7irilen etkili zaman da ekran s\u00fcresini azaltmada \u00f6ncelikli ad\u0131m olarak g\u00f6r\u00fcl\u00fcyor.<\/p>\n<p><img loading=\"lazy\" decoding=\"async\" class=\"alignnone wp-image-228047\" src=\"https:\/\/www.tgrthaber.com\/mavikadin\/wp-content\/uploads\/6802-300x204.jpg\" alt=\"\" width=\"1208\" height=\"822\" title=\"\" srcset=\"https:\/\/www.tgrthaber.com\/mavikadin\/wp-content\/uploads\/6802-300x204.jpg 300w, https:\/\/www.tgrthaber.com\/mavikadin\/wp-content\/uploads\/6802-768x522.jpg 768w, https:\/\/www.tgrthaber.com\/mavikadin\/wp-content\/uploads\/6802.jpg 810w\" sizes=\"(max-width: 1208px) 100vw, 1208px\" \/><\/p>\n<hr \/>\n<p>&nbsp;<\/p>\n<h3>EN SIK SORULAN SORULAR VE CEVAPLARI<\/h3>\n<p><img loading=\"lazy\" decoding=\"async\" class=\"alignnone wp-image-228044\" src=\"https:\/\/www.tgrthaber.com\/mavikadin\/wp-content\/uploads\/6d55b6a2-8efa-ee11-b165-a0369f7d1d8e-300x200.jpg\" alt=\"\" width=\"1208\" height=\"805\" title=\"\" srcset=\"https:\/\/www.tgrthaber.com\/mavikadin\/wp-content\/uploads\/6d55b6a2-8efa-ee11-b165-a0369f7d1d8e-300x200.jpg 300w, https:\/\/www.tgrthaber.com\/mavikadin\/wp-content\/uploads\/6d55b6a2-8efa-ee11-b165-a0369f7d1d8e.jpg 660w\" sizes=\"(max-width: 1208px) 100vw, 1208px\" \/><\/p>\n<hr \/>\n<h3>\u00c7ocuklarda yaz tatili sonras\u0131 uyku d\u00fczeni nas\u0131l al\u0131\u015ft\u0131r\u0131l\u0131r?<\/h3>\n<p>Uyku saatlerinde d\u00fczen sa\u011flamak i\u00e7in aniden de\u011fil, kademeli olarak ger\u00e7ekle\u015ftirilmelidir. Mesela her g\u00fcn uyku saatini 15 ila 20 dakika \u00f6ne \u00e7ekerek i\u015fe ba\u015flayabilirsiniz.<\/p>\n<h3>Okul d\u00f6neminde en \u00f6nemli \u00f6\u011f\u00fcn hangisidir?<\/h3>\n<p>Kahvalt\u0131 okul \u00e7a\u011f\u0131ndaki \u00e7ocuklar\u0131n en \u00f6nemli \u00f6\u011f\u00fcn\u00fcd\u00fcr. Sa\u011flam bir kahvalt\u0131 \u00e7ocu\u011fun g\u00fcn boyu enerjik olmas\u0131n\u0131 sa\u011flar ve derslerde dikkatini art\u0131r\u0131r.<\/p>\n<p><img loading=\"lazy\" decoding=\"async\" class=\"alignnone wp-image-228045\" src=\"https:\/\/www.tgrthaber.com\/mavikadin\/wp-content\/uploads\/0x0-uzmanindan-yaz-tatilinde-ailelere-uyari-cocuklar-buna-mutlaka-vakit-ayirmali-1719842175432-300x200.webp\" alt=\"\" width=\"1208\" height=\"805\" title=\"\" srcset=\"https:\/\/www.tgrthaber.com\/mavikadin\/wp-content\/uploads\/0x0-uzmanindan-yaz-tatilinde-ailelere-uyari-cocuklar-buna-mutlaka-vakit-ayirmali-1719842175432-300x200.webp 300w, https:\/\/www.tgrthaber.com\/mavikadin\/wp-content\/uploads\/0x0-uzmanindan-yaz-tatilinde-ailelere-uyari-cocuklar-buna-mutlaka-vakit-ayirmali-1719842175432.webp 600w\" sizes=\"(max-width: 1208px) 100vw, 1208px\" \/><\/p>\n<hr \/>\n<h3>Tatil d\u00f6n\u00fc\u015f\u00fc \u00e7ocu\u011fun okula daha kolay uyum sa\u011flamas\u0131 i\u00e7in aileler ne yapmal\u0131?<\/h3>\n<p>Tatil sonras\u0131 okula d\u00f6n\u00fc\u015f \u00e7o\u011fu \u00e7ocukta kayg\u0131 ve endi\u015fe olu\u015fturabiliyor. Bu s\u00fcre\u00e7te aileler \u00e7ocuklar\u0131n\u0131 dinlemeli ve sab\u0131rl\u0131 olmal\u0131d\u0131r.<\/p>\n","protected":false},"excerpt":{"rendered":"<p>Okullar\u0131n a\u00e7\u0131lmas\u0131na say\u0131l\u0131 g\u00fcnler kald\u0131. Tatilin getirdi\u011fi baz\u0131 yeni al\u0131\u015fkanl\u0131klardan sonra yap\u0131lan baz\u0131 yanl\u0131\u015flar, \u00e7ocuklar\u0131 hem beden olarak hem de ruhsal olarak y\u0131pratabiliyor. \u00c7ocuk doktorlar\u0131 \u00f6zellikle yaz tatili sonras\u0131 yap\u0131lan hatalara kar\u015f\u0131 ebeveynleri uyar\u0131yor. \u0130\u015fte her anne baban\u0131n bilmesi gereken kritik detaylar&#8230;<\/p>\n","protected":false},"author":35,"featured_media":228046,"comment_status":"closed","ping_status":"closed","sticky":false,"template":"","format":"standard","meta":{"rank_math_lock_modified_date":false,"footnotes":""},"categories":[111],"tags":[2946,61030,61032,25335,61031],"class_list":["post-228037","post","type-post","status-publish","format-standard","has-post-thumbnail","hentry","category-anne-cocuk","tag-anne-cocuk","tag-doktor-uyarisi","tag-tatil-sonrasi-okula-donus","tag-yaz-tatili","tag-yaz-tatili-sonrasi-ne-yapmali"],"_links":{"self":[{"href":"https:\/\/www.tgrthaber.com\/mavikadin\/wp-json\/wp\/v2\/posts\/228037"}],"collection":[{"href":"https:\/\/www.tgrthaber.com\/mavikadin\/wp-json\/wp\/v2\/posts"}],"about":[{"href":"https:\/\/www.tgrthaber.com\/mavikadin\/wp-json\/wp\/v2\/types\/post"}],"author":[{"embeddable":true,"href":"https:\/\/www.tgrthaber.com\/mavikadin\/wp-json\/wp\/v2\/users\/35"}],"replies":[{"embeddable":true,"href":"https:\/\/www.tgrthaber.com\/mavikadin\/wp-json\/wp\/v2\/comments?post=228037"}],"version-history":[{"count":1,"href":"https:\/\/www.tgrthaber.com\/mavikadin\/wp-json\/wp\/v2\/posts\/228037\/revisions"}],"predecessor-version":[{"id":228048,"href":"https:\/\/www.tgrthaber.com\/mavikadin\/wp-json\/wp\/v2\/posts\/228037\/revisions\/228048"}],"wp:featuredmedia":[{"embeddable":true,"href":"https:\/\/www.tgrthaber.com\/mavikadin\/wp-json\/wp\/v2\/media\/228046"}],"wp:attachment":[{"href":"https:\/\/www.tgrthaber.com\/mavikadin\/wp-json\/wp\/v2\/media?parent=228037"}],"wp:term":[{"taxonomy":"category","embeddable":true,"href":"https:\/\/www.tgrthaber.com\/mavikadin\/wp-json\/wp\/v2\/categories?post=228037"},{"taxonomy":"post_tag","embeddable":true,"href":"https:\/\/www.tgrthaber.com\/mavikadin\/wp-json\/wp\/v2\/tags?post=228037"}],"curies":[{"name":"wp","href":"https:\/\/api.w.org\/{rel}","templated":true}]}}