{"id":228390,"date":"2025-08-29T17:11:40","date_gmt":"2025-08-29T14:11:40","guid":{"rendered":"https:\/\/www.tgrthaber.com\/mavikadin\/?p=228390"},"modified":"2025-09-12T18:30:12","modified_gmt":"2025-09-12T15:30:12","slug":"psikologlar-uyardi-cocuklarin-buna-ihtiyaci-var","status":"publish","type":"post","link":"https:\/\/www.tgrthaber.com\/mavikadin\/psikologlar-uyardi-cocuklarin-buna-ihtiyaci-var\/","title":{"rendered":"Psikologlar uyard\u0131! \u00c7ocuklar\u0131n buna ihtiyac\u0131 var"},"content":{"rendered":"<p>Her insan gibi \u00e7ocuklar\u0131n da d\u00f6nem d\u00f6nem psikolojilerinde de\u011fi\u015fmeler oluyor. Ancak ebeveynlerin korkmas\u0131 gereken bir durumun olmad\u0131\u011f\u0131n\u0131 s\u00f6yleyebiliriz. Psikolog yard\u0131m\u0131 ile halledilebilen bu durumlar \u00e7ocuklar\u0131n ihtiyac\u0131 do\u011frultusunda psikologlar taraf\u0131ndan uyar\u0131l\u0131yor. \u0130\u015fte detaylar\u2026<\/p>\n<h3>PS\u0130KOLOGLAR UYARDI!<\/h3>\n<p>\u00c7ocuklar\u0131n psikolojik ihtiya\u00e7lar\u0131 \u015fen az fiziksel ve sosyal ihtiya\u00e7lar\u0131 kadar \u00f6nemli bir nokta da yer al\u0131yor. \u00d6zellikle ailelerin, \u00e7ocuklar\u0131n\u0131n ihtiya\u00e7lar\u0131na her zaman olanak sa\u011flamas\u0131 gerekir. \u00c7ocuklar\u0131na verdikleri tepkiler, \u00e7ocuklar\u0131n da ya\u015fad\u0131klar\u0131 d\u00fcnya ve olaylara kar\u015f\u0131 verdikleri tepkileri de etkilemektedir.<\/p>\n<p><img loading=\"lazy\" decoding=\"async\" class=\"alignnone size-full wp-image-228395\" src=\"https:\/\/www.tgrthaber.com\/mavikadin\/wp-content\/uploads\/ARZU-2025-08-29T170740.072.jpg\" alt=\"Psikologlar uyard\u0131! \u00c7ocuklar\u0131n buna ihtiyac\u0131 var\" width=\"1208\" height=\"680\" title=\"\" srcset=\"https:\/\/www.tgrthaber.com\/mavikadin\/wp-content\/uploads\/ARZU-2025-08-29T170740.072.jpg 1208w, https:\/\/www.tgrthaber.com\/mavikadin\/wp-content\/uploads\/ARZU-2025-08-29T170740.072-300x169.jpg 300w, https:\/\/www.tgrthaber.com\/mavikadin\/wp-content\/uploads\/ARZU-2025-08-29T170740.072-1024x576.jpg 1024w, https:\/\/www.tgrthaber.com\/mavikadin\/wp-content\/uploads\/ARZU-2025-08-29T170740.072-768x432.jpg 768w\" sizes=\"(max-width: 1208px) 100vw, 1208px\" \/><\/p>\n<hr \/>\n<p>\u00c7ocuklar kendilerini g\u00fcvende hissetmeyi, sevilmeyi ve duygusal anlamda olan her \u015feyi ilk olarak aileden g\u00f6r\u00fcr. Ebeveynler, \u00e7ocuklar\u0131n\u0131n ihtiya\u00e7lar\u0131 konusunda duydu\u011fu merak\u0131 ve ilgiyi \u00e7ocuklara g\u00f6stermesi durumunda o \u00e7ocuk psikolojik anlamda daha sa\u011flam olur.<\/p>\n<p><img loading=\"lazy\" decoding=\"async\" class=\"alignnone size-full wp-image-228396\" src=\"https:\/\/www.tgrthaber.com\/mavikadin\/wp-content\/uploads\/ARZU-2025-08-29T170728.542.jpg\" alt=\"Psikologlar uyard\u0131! \u00c7ocuklar\u0131n buna ihtiyac\u0131 var\" width=\"1208\" height=\"680\" title=\"\" srcset=\"https:\/\/www.tgrthaber.com\/mavikadin\/wp-content\/uploads\/ARZU-2025-08-29T170728.542.jpg 1208w, https:\/\/www.tgrthaber.com\/mavikadin\/wp-content\/uploads\/ARZU-2025-08-29T170728.542-300x169.jpg 300w, https:\/\/www.tgrthaber.com\/mavikadin\/wp-content\/uploads\/ARZU-2025-08-29T170728.542-1024x576.jpg 1024w, https:\/\/www.tgrthaber.com\/mavikadin\/wp-content\/uploads\/ARZU-2025-08-29T170728.542-768x432.jpg 768w\" sizes=\"(max-width: 1208px) 100vw, 1208px\" \/><\/p>\n<hr \/>\n<p>Ebeveynler, \u00e7ocuklar\u0131n psikolojik ihtiya\u00e7lar\u0131 \u00e7ok \u00e7e\u015fitli olmas\u0131 ile baz\u0131 temel psikolojik ihtiya\u00e7lar\u0131 da i\u00e7inde bar\u0131nd\u0131r\u0131yor. Psikolojik ihtiya\u00e7lar sevme ve sevilme ihtiyac\u0131, \u00f6z sayg\u0131 (benlik sayg\u0131s\u0131) e\u011fitim, bilgi (Kendini ger\u00e7ekle\u015ftirme) ihtiyac\u0131 olarak s\u0131ralanabilir.<\/p>\n<p><img loading=\"lazy\" decoding=\"async\" class=\"alignnone size-full wp-image-228398\" src=\"https:\/\/www.tgrthaber.com\/mavikadin\/wp-content\/uploads\/ARZU-2025-08-29T170709.576.jpg\" alt=\"Psikologlar uyard\u0131! \u00c7ocuklar\u0131n buna ihtiyac\u0131 var\" width=\"1208\" height=\"680\" title=\"\" srcset=\"https:\/\/www.tgrthaber.com\/mavikadin\/wp-content\/uploads\/ARZU-2025-08-29T170709.576.jpg 1208w, https:\/\/www.tgrthaber.com\/mavikadin\/wp-content\/uploads\/ARZU-2025-08-29T170709.576-300x169.jpg 300w, https:\/\/www.tgrthaber.com\/mavikadin\/wp-content\/uploads\/ARZU-2025-08-29T170709.576-1024x576.jpg 1024w, https:\/\/www.tgrthaber.com\/mavikadin\/wp-content\/uploads\/ARZU-2025-08-29T170709.576-768x432.jpg 768w\" sizes=\"(max-width: 1208px) 100vw, 1208px\" \/><\/p>\n<hr \/>\n<p>\u0130nsanlar\u0131n genellikle yaln\u0131zl\u0131k ve soyutlama gibi psikolojiyi olumsuz etkileyen duygular ile ba\u015fa \u00e7\u0131kabilme y\u00f6ntemleri farkl\u0131l\u0131k g\u00f6sterir. Kimi ki\u015fi, di\u011fer insanlarla duygusal yak\u0131nl\u0131k kurabilmeleri ve aidiyet hissine sahip olmalar\u0131yla yak\u0131ndan ilgili olur.<\/p>\n<p><img loading=\"lazy\" decoding=\"async\" class=\"alignnone size-full wp-image-228393\" src=\"https:\/\/www.tgrthaber.com\/mavikadin\/wp-content\/uploads\/ARZU-2025-08-29T170759.776.jpg\" alt=\"Psikologlar uyard\u0131! \u00c7ocuklar\u0131n buna ihtiyac\u0131 var\" width=\"1208\" height=\"680\" title=\"\" srcset=\"https:\/\/www.tgrthaber.com\/mavikadin\/wp-content\/uploads\/ARZU-2025-08-29T170759.776.jpg 1208w, https:\/\/www.tgrthaber.com\/mavikadin\/wp-content\/uploads\/ARZU-2025-08-29T170759.776-300x169.jpg 300w, https:\/\/www.tgrthaber.com\/mavikadin\/wp-content\/uploads\/ARZU-2025-08-29T170759.776-1024x576.jpg 1024w, https:\/\/www.tgrthaber.com\/mavikadin\/wp-content\/uploads\/ARZU-2025-08-29T170759.776-768x432.jpg 768w\" sizes=\"(max-width: 1208px) 100vw, 1208px\" \/><\/p>\n<hr \/>\n<p>Bu durum \u00e7ocuklar i\u00e7in de ge\u00e7erli olur. \u00a0\u00c7ocuklar da sevilmek ister aidiyet duygusunu benimserler ve o duygu \u00fczerinden hareket eder. \u00c7ocuklar\u0131n genellikle bu duygular\u0131 ya\u015famlar\u0131nda hissedebilmelerini sa\u011flayan baz\u0131 durumlar olabilir.<\/p>\n<p><img loading=\"lazy\" decoding=\"async\" class=\"alignnone size-full wp-image-228394\" src=\"https:\/\/www.tgrthaber.com\/mavikadin\/wp-content\/uploads\/ARZU-2025-08-29T170745.640.jpg\" alt=\"Psikologlar uyard\u0131! \u00c7ocuklar\u0131n buna ihtiyac\u0131 var\" width=\"1208\" height=\"680\" title=\"\" srcset=\"https:\/\/www.tgrthaber.com\/mavikadin\/wp-content\/uploads\/ARZU-2025-08-29T170745.640.jpg 1208w, https:\/\/www.tgrthaber.com\/mavikadin\/wp-content\/uploads\/ARZU-2025-08-29T170745.640-300x169.jpg 300w, https:\/\/www.tgrthaber.com\/mavikadin\/wp-content\/uploads\/ARZU-2025-08-29T170745.640-1024x576.jpg 1024w, https:\/\/www.tgrthaber.com\/mavikadin\/wp-content\/uploads\/ARZU-2025-08-29T170745.640-768x432.jpg 768w\" sizes=\"(max-width: 1208px) 100vw, 1208px\" \/><\/p>\n<hr \/>\n<p>Bu durumlar \u00e7ocuklar\u0131n di\u011fer insanlar ile nas\u0131l ileti\u015fim kurmalar\u0131 gerekti\u011fi ve sevgisini g\u00f6sterebilece\u011fini \u00f6\u011fretmek, sar\u0131lmak, \u00f6pmek ya da ona iyi hissettirmek sevginin fiziksel olarak ifade edilebilir.<\/p>\n<p><img loading=\"lazy\" decoding=\"async\" class=\"alignnone size-full wp-image-228403\" src=\"https:\/\/www.tgrthaber.com\/mavikadin\/wp-content\/uploads\/ARZU-2025-08-29T170629.295.jpg\" alt=\"Psikologlar uyard\u0131! \u00c7ocuklar\u0131n buna ihtiyac\u0131 var\" width=\"1208\" height=\"680\" title=\"\" srcset=\"https:\/\/www.tgrthaber.com\/mavikadin\/wp-content\/uploads\/ARZU-2025-08-29T170629.295.jpg 1208w, https:\/\/www.tgrthaber.com\/mavikadin\/wp-content\/uploads\/ARZU-2025-08-29T170629.295-300x169.jpg 300w, https:\/\/www.tgrthaber.com\/mavikadin\/wp-content\/uploads\/ARZU-2025-08-29T170629.295-1024x576.jpg 1024w, https:\/\/www.tgrthaber.com\/mavikadin\/wp-content\/uploads\/ARZU-2025-08-29T170629.295-768x432.jpg 768w\" sizes=\"(max-width: 1208px) 100vw, 1208px\" \/><\/p>\n<hr \/>\n<p>Sayg\u0131l\u0131 ve ilgili bir ebeveyn olmak isteyenleri en \u00e7ok yapmas\u0131 gereken \u00e7ocuklar\u0131n ihtiya\u00e7lar\u0131 ve hisleri hakk\u0131nda bilgi sahibi olmakt\u0131r. \u00c7ocuklar\u0131n sevgi ve ilgi ihtiyac\u0131n\u0131 t\u00fcm \u015fefkat ile t\u00fcm dikkatler ona verilmelidir.<\/p>\n<p><img loading=\"lazy\" decoding=\"async\" class=\"alignnone size-full wp-image-228402\" src=\"https:\/\/www.tgrthaber.com\/mavikadin\/wp-content\/uploads\/ARZU-2025-08-29T170639.000.jpg\" alt=\"Psikologlar uyard\u0131! \u00c7ocuklar\u0131n buna ihtiyac\u0131 var\" width=\"1208\" height=\"680\" title=\"\" srcset=\"https:\/\/www.tgrthaber.com\/mavikadin\/wp-content\/uploads\/ARZU-2025-08-29T170639.000.jpg 1208w, https:\/\/www.tgrthaber.com\/mavikadin\/wp-content\/uploads\/ARZU-2025-08-29T170639.000-300x169.jpg 300w, https:\/\/www.tgrthaber.com\/mavikadin\/wp-content\/uploads\/ARZU-2025-08-29T170639.000-1024x576.jpg 1024w, https:\/\/www.tgrthaber.com\/mavikadin\/wp-content\/uploads\/ARZU-2025-08-29T170639.000-768x432.jpg 768w\" sizes=\"(max-width: 1208px) 100vw, 1208px\" \/><\/p>\n<hr \/>\n<p>Bu durum ger\u00e7ekle\u015firse \u00e7ocuk de\u011fer g\u00f6rd\u00fc\u011f\u00fcn\u00fc ve sevildi\u011fini hissedecektir. Bu da gelecek y\u0131llar da ona ya\u015fam\u0131nda daha sa\u011flam ad\u0131mlar att\u0131racak. Gelece\u011fi daha sa\u011flam temelle kurulan \u00e7ok sevgiyi de \u00e7ok iyi hissettirler.<\/p>\n<h3><img loading=\"lazy\" decoding=\"async\" class=\"alignnone size-full wp-image-228401\" src=\"https:\/\/www.tgrthaber.com\/mavikadin\/wp-content\/uploads\/ARZU-2025-08-29T170647.272.jpg\" alt=\"Psikologlar uyard\u0131! \u00c7ocuklar\u0131n buna ihtiyac\u0131 var\" width=\"1208\" height=\"680\" title=\"\" srcset=\"https:\/\/www.tgrthaber.com\/mavikadin\/wp-content\/uploads\/ARZU-2025-08-29T170647.272.jpg 1208w, https:\/\/www.tgrthaber.com\/mavikadin\/wp-content\/uploads\/ARZU-2025-08-29T170647.272-300x169.jpg 300w, https:\/\/www.tgrthaber.com\/mavikadin\/wp-content\/uploads\/ARZU-2025-08-29T170647.272-1024x576.jpg 1024w, https:\/\/www.tgrthaber.com\/mavikadin\/wp-content\/uploads\/ARZU-2025-08-29T170647.272-768x432.jpg 768w\" sizes=\"(max-width: 1208px) 100vw, 1208px\" \/><\/h3>\n<hr \/>\n<h3>\u00c7OCUKLARIN BUNA \u0130HT\u0130YACI VAR<\/h3>\n<p>\u00c7ocuklar\u0131n hayatlar\u0131nda daha emin ad\u0131mlar atmas\u0131na yard\u0131mc\u0131 olacak olan psikolojik ihtiya\u00e7lar gelecek y\u0131lla i\u00e7in yat\u0131r\u0131m olacak. \u00d6zellikle \u00e7ocuklar, kendilerini g\u00fcvende hissedebilecekleri bir aile ortam\u0131 olu\u015fturmak gerekir.<\/p>\n<p><img loading=\"lazy\" decoding=\"async\" class=\"alignnone size-full wp-image-228400\" src=\"https:\/\/www.tgrthaber.com\/mavikadin\/wp-content\/uploads\/ARZU-2025-08-29T170654.398.jpg\" alt=\"Psikologlar uyard\u0131! \u00c7ocuklar\u0131n buna ihtiyac\u0131 var\" width=\"1208\" height=\"680\" title=\"\" srcset=\"https:\/\/www.tgrthaber.com\/mavikadin\/wp-content\/uploads\/ARZU-2025-08-29T170654.398.jpg 1208w, https:\/\/www.tgrthaber.com\/mavikadin\/wp-content\/uploads\/ARZU-2025-08-29T170654.398-300x169.jpg 300w, https:\/\/www.tgrthaber.com\/mavikadin\/wp-content\/uploads\/ARZU-2025-08-29T170654.398-1024x576.jpg 1024w, https:\/\/www.tgrthaber.com\/mavikadin\/wp-content\/uploads\/ARZU-2025-08-29T170654.398-768x432.jpg 768w\" sizes=\"(max-width: 1208px) 100vw, 1208px\" \/><\/p>\n<hr \/>\n<p>Anne ve baban\u0131n sevgisini her ko\u015fulda hissetmesi laz\u0131m. Disiplin kurallar\u0131 cezaland\u0131rma y\u00f6ntemi olarak de\u011fil de d\u00fczenli ve net s\u0131n\u0131rlar olmal\u0131d\u0131r. \u00c7ocuklar genel de s\u0131n\u0131rlar da kendini daha g\u00fcvende hisseder. Oyun, \u00e7ocuklar\u0131n duygular\u0131n\u0131 ve d\u00fc\u015f\u00fcncelerini ifade etme \u015feklidir.<\/p>\n<p>\u00c7ocuklar\u0131n konu\u015ftuklar\u0131n\u0131 dinlemek onlar\u0131 sakin bir \u015fekilde cevaplamak da onlara iyi gelecektir. \u00c7ocuklara iyi \u00f6rnek olmak i\u00e7in sa\u011fl\u0131kl\u0131 ili\u015fkiler kurulmal\u0131d\u0131r.<\/p>\n<h3><img loading=\"lazy\" decoding=\"async\" class=\"alignnone size-full wp-image-228399\" src=\"https:\/\/www.tgrthaber.com\/mavikadin\/wp-content\/uploads\/ARZU-2025-08-29T170700.287.jpg\" alt=\"Psikologlar uyard\u0131! \u00c7ocuklar\u0131n buna ihtiyac\u0131 var\" width=\"1208\" height=\"680\" title=\"\" srcset=\"https:\/\/www.tgrthaber.com\/mavikadin\/wp-content\/uploads\/ARZU-2025-08-29T170700.287.jpg 1208w, https:\/\/www.tgrthaber.com\/mavikadin\/wp-content\/uploads\/ARZU-2025-08-29T170700.287-300x169.jpg 300w, https:\/\/www.tgrthaber.com\/mavikadin\/wp-content\/uploads\/ARZU-2025-08-29T170700.287-1024x576.jpg 1024w, https:\/\/www.tgrthaber.com\/mavikadin\/wp-content\/uploads\/ARZU-2025-08-29T170700.287-768x432.jpg 768w\" sizes=\"(max-width: 1208px) 100vw, 1208px\" \/><\/h3>\n<h3>SIK\u00c7A SORULAN SORULAR<\/h3>\n<ul>\n<li><strong>\u00c7ocuklar\u0131n en \u00e7ok neye ihtiyac\u0131 var?<\/strong><\/li>\n<\/ul>\n<p>\u00c7ocuklar\u0131n temel ihtiya\u00e7lar\u0131ndan biri olan g\u00fcvenli bir ba\u011f kurmak ve sevildiklerini hissettirmektir.<\/p>\n<ul>\n<li><strong>\u00c7ocu\u011fun duygusal ihtiya\u00e7lar\u0131 nas\u0131l fark edilebilir?<\/strong><\/li>\n<\/ul>\n<p>S\u0131k s\u0131k huzursuzluk, \u00f6fke, i\u00e7ine kapanma ya da a\u015f\u0131r\u0131 ba\u011f\u0131ml\u0131l\u0131k gibi davran\u0131\u015flar var ise duygusal ihtiya\u00e7lar\u0131 i\u015faret eder.<\/p>\n","protected":false},"excerpt":{"rendered":"<p>\u00c7ocuklar\u0131n zaman zaman psikolojik a\u00e7\u0131dan de\u011fi\u015ftiklerini g\u00f6rebiliyoruz. Bu durumda psikologlar\u0131n uyar\u0131lar\u0131n\u0131 da dikkate almam\u0131z gerekiyor. \u00c7\u00fcnk\u00fc \u00e7ocuklar\u0131n bunlara ihtiyac\u0131 olabiliyor. \u0130\u015fte detaylar\u2026<\/p>\n","protected":false},"author":34,"featured_media":228397,"comment_status":"closed","ping_status":"closed","sticky":false,"template":"","format":"standard","meta":{"rank_math_lock_modified_date":false,"footnotes":""},"categories":[111],"tags":[18350,113,23766,238],"class_list":["post-228390","post","type-post","status-publish","format-standard","has-post-thumbnail","hentry","category-anne-cocuk","tag-anne-cocuk-haberleri","tag-cocuk","tag-cocuk-psikolojisi","tag-psikoloji"],"_links":{"self":[{"href":"https:\/\/www.tgrthaber.com\/mavikadin\/wp-json\/wp\/v2\/posts\/228390"}],"collection":[{"href":"https:\/\/www.tgrthaber.com\/mavikadin\/wp-json\/wp\/v2\/posts"}],"about":[{"href":"https:\/\/www.tgrthaber.com\/mavikadin\/wp-json\/wp\/v2\/types\/post"}],"author":[{"embeddable":true,"href":"https:\/\/www.tgrthaber.com\/mavikadin\/wp-json\/wp\/v2\/users\/34"}],"replies":[{"embeddable":true,"href":"https:\/\/www.tgrthaber.com\/mavikadin\/wp-json\/wp\/v2\/comments?post=228390"}],"version-history":[{"count":2,"href":"https:\/\/www.tgrthaber.com\/mavikadin\/wp-json\/wp\/v2\/posts\/228390\/revisions"}],"predecessor-version":[{"id":228405,"href":"https:\/\/www.tgrthaber.com\/mavikadin\/wp-json\/wp\/v2\/posts\/228390\/revisions\/228405"}],"wp:featuredmedia":[{"embeddable":true,"href":"https:\/\/www.tgrthaber.com\/mavikadin\/wp-json\/wp\/v2\/media\/228397"}],"wp:attachment":[{"href":"https:\/\/www.tgrthaber.com\/mavikadin\/wp-json\/wp\/v2\/media?parent=228390"}],"wp:term":[{"taxonomy":"category","embeddable":true,"href":"https:\/\/www.tgrthaber.com\/mavikadin\/wp-json\/wp\/v2\/categories?post=228390"},{"taxonomy":"post_tag","embeddable":true,"href":"https:\/\/www.tgrthaber.com\/mavikadin\/wp-json\/wp\/v2\/tags?post=228390"}],"curies":[{"name":"wp","href":"https:\/\/api.w.org\/{rel}","templated":true}]}}