{"id":228626,"date":"2025-08-30T09:32:19","date_gmt":"2025-08-30T06:32:19","guid":{"rendered":"https:\/\/www.tgrthaber.com\/mavikadin\/?p=228626"},"modified":"2025-08-30T09:32:19","modified_gmt":"2025-08-30T06:32:19","slug":"cennetin-cocuklari-3-yeni-tanitimiyla-ekranlara-gozdagi-verdi-iskenderin-hikayesi-merak-ediliyor","status":"publish","type":"post","link":"https:\/\/www.tgrthaber.com\/mavikadin\/cennetin-cocuklari-3-yeni-tanitimiyla-ekranlara-gozdagi-verdi-iskenderin-hikayesi-merak-ediliyor\/","title":{"rendered":"Cennetin \u00c7ocuklar\u0131 3. yeni tan\u0131t\u0131m\u0131yla ekranlara g\u00f6zda\u011f\u0131 verdi! \u0130skender&#8217;in hikayesi merak ediliyor"},"content":{"rendered":"<p>Merakla beklenen Cennetin \u00c7ocuklar\u0131 yepyeni 3. tan\u0131t\u0131m\u0131yla yo\u011fun ilgi g\u00f6rd\u00fc. Ba\u015frol oyuncu \u0130smail Hac\u0131o\u011flu&#8217;nun \u0130skender rol\u00fcyle ekranlara d\u00f6nmesi Cennetin \u00c7ocuklar\u0131&#8217;na kar\u015f\u0131 heyecan\u0131 daha da art\u0131r\u0131yorken, 3. tan\u0131t\u0131mda yer alan \u0130skender&#8217;in sahneleri de yine \u00e7ok konu\u015fuluyor. TRT 1 ekranlar\u0131n\u0131n yeni g\u00f6zdesi olmaya haz\u0131rlanan Cennetin \u00c7ocuklar\u0131 3. tan\u0131t\u0131m fragman\u0131 haberimizde&#8230;<\/p>\n<h3>CENNET\u0130N \u00c7OCUKLARI 3. YEN\u0130 TANITIMIYLA EKRANLARA G\u00d6ZDA\u011eI VERD\u0130!<\/h3>\n<p>TRT 1&#8217;in yolda olan bomba projesi Cennetin \u00c7ocuklar\u0131 yay\u0131nlad\u0131\u011f\u0131 3. fragmanla ekranlara adeta g\u00f6zda\u011f\u0131 verdi.<\/p>\n<p><img loading=\"lazy\" decoding=\"async\" class=\"alignnone wp-image-228628\" src=\"https:\/\/www.tgrthaber.com\/mavikadin\/wp-content\/uploads\/Ekran-goruntusu-2025-08-30-090416-300x155.png\" alt=\"\" width=\"1208\" height=\"626\" title=\"\" srcset=\"https:\/\/www.tgrthaber.com\/mavikadin\/wp-content\/uploads\/Ekran-goruntusu-2025-08-30-090416-300x155.png 300w, https:\/\/www.tgrthaber.com\/mavikadin\/wp-content\/uploads\/Ekran-goruntusu-2025-08-30-090416-768x398.png 768w, https:\/\/www.tgrthaber.com\/mavikadin\/wp-content\/uploads\/Ekran-goruntusu-2025-08-30-090416.png 986w\" sizes=\"(max-width: 1208px) 100vw, 1208px\" \/><\/p>\n<hr \/>\n<p>G\u00fc\u00e7l\u00fc ve s\u00fcr\u00fckleyici hikayesi daha \u015fimdiden ilgi oda\u011f\u0131yken, oyuncu kadrosunun dikkat \u00e7eken isimlerden olu\u015fmas\u0131 da dizinin daha \u015fimdiden izleyiciye olan etkisini g\u00f6sterir cinsten. Ba\u015frolde yer alan \u0130smail Hac\u0131o\u011flu \u0130skender rol\u00fcyle izleyiciyi koltuklara \u00e7ivileyecek gibi g\u00f6r\u00fcn\u00fcyor.<\/p>\n<p><img loading=\"lazy\" decoding=\"async\" class=\"alignnone wp-image-228629\" src=\"https:\/\/www.tgrthaber.com\/mavikadin\/wp-content\/uploads\/maxresdefault-5-7-300x169.jpg\" alt=\"\" width=\"1208\" height=\"680\" title=\"\" srcset=\"https:\/\/www.tgrthaber.com\/mavikadin\/wp-content\/uploads\/maxresdefault-5-7-300x169.jpg 300w, https:\/\/www.tgrthaber.com\/mavikadin\/wp-content\/uploads\/maxresdefault-5-7-1024x576.jpg 1024w, https:\/\/www.tgrthaber.com\/mavikadin\/wp-content\/uploads\/maxresdefault-5-7-768x432.jpg 768w, https:\/\/www.tgrthaber.com\/mavikadin\/wp-content\/uploads\/maxresdefault-5-7.jpg 1280w\" sizes=\"(max-width: 1208px) 100vw, 1208px\" \/><\/p>\n<hr \/>\n<p>3. tan\u0131t\u0131m filmiyle yine \u0130skender&#8217;in sahneleri sosyal medyan\u0131n merkezine oturdu. Mafya d\u00fcnyas\u0131n\u0131n karanl\u0131k y\u00fcz\u00fcn\u00fc aile ba\u011flar\u0131yla harmanlayan dizi, yeni seoznun en iddial\u0131 yap\u0131mlar\u0131 aras\u0131nda yerini ald\u0131.<\/p>\n<p><img loading=\"lazy\" decoding=\"async\" class=\"alignnone wp-image-228632\" src=\"https:\/\/www.tgrthaber.com\/mavikadin\/wp-content\/uploads\/Ekran-goruntusu-2025-08-30-090440-300x160.png\" alt=\"\" width=\"1208\" height=\"643\" title=\"\" srcset=\"https:\/\/www.tgrthaber.com\/mavikadin\/wp-content\/uploads\/Ekran-goruntusu-2025-08-30-090440-300x160.png 300w, https:\/\/www.tgrthaber.com\/mavikadin\/wp-content\/uploads\/Ekran-goruntusu-2025-08-30-090440-768x409.png 768w, https:\/\/www.tgrthaber.com\/mavikadin\/wp-content\/uploads\/Ekran-goruntusu-2025-08-30-090440.png 965w\" sizes=\"(max-width: 1208px) 100vw, 1208px\" \/><\/p>\n<hr \/>\n<h3>\u0130SKENDER&#8217;\u0130N H\u0130KAYES\u0130 MERAK ED\u0130L\u0130YOR<\/h3>\n<p>Hac\u0131 \u0130smailo\u011flu2nun oynad\u0131\u011f\u0131 \u0130skender, daha k\u00fc\u00e7\u00fck ya\u015fta hapse d\u00fc\u015fer. Y\u0131llar sonra \u00f6zg\u00fcrl\u00fc\u011f\u00fcn\u00fc eline alan \u0130skender dizide, su\u00e7lardan ar\u0131nma ve asl\u0131nda yeniden do\u011fu\u015f2un simgesi olur. <a href=\"https:\/\/www.tgrthaber.com\/mavikadin\/trt-1in-yeni-bombasi-cennetin-cocuklari-2-tanitimiyla-ortaligi-salladi-buyuk-iskenderin-sahnesi-konusuluyor\/\">2. tan\u0131t\u0131mda<\/a> yer alan bu sahneleri hat\u0131rlars\u0131n\u0131z.<\/p>\n<p><img loading=\"lazy\" decoding=\"async\" class=\"alignnone wp-image-228634\" src=\"https:\/\/www.tgrthaber.com\/mavikadin\/wp-content\/uploads\/Ekran-goruntusu-2025-08-30-090425-300x158.png\" alt=\"\" width=\"1208\" height=\"638\" title=\"\" srcset=\"https:\/\/www.tgrthaber.com\/mavikadin\/wp-content\/uploads\/Ekran-goruntusu-2025-08-30-090425-300x158.png 300w, https:\/\/www.tgrthaber.com\/mavikadin\/wp-content\/uploads\/Ekran-goruntusu-2025-08-30-090425-768x406.png 768w, https:\/\/www.tgrthaber.com\/mavikadin\/wp-content\/uploads\/Ekran-goruntusu-2025-08-30-090425.png 971w\" sizes=\"(max-width: 1208px) 100vw, 1208px\" \/><\/p>\n<hr \/>\n<p>Ailesini bulmak i\u00e7in kollar\u0131 s\u0131vayan \u0130skender, Ayval\u0131k&#8217;ta bamba\u015fka bir hikayeye do\u011fru yola \u00e7\u0131kar. Ayval\u0131k&#8217;ta y\u0131llard\u0131r \u00f6zlemini duydu\u011fu aile s\u0131cakl\u0131\u011f\u0131n\u0131n i\u00e7erisinde bulur kendini. Fakat \u0130skender burada kay\u0131p Kamil zannedilir ve bu noktadan sonra hayat\u0131 da de\u011fi\u015fir.<\/p>\n<p><img loading=\"lazy\" decoding=\"async\" class=\"alignnone wp-image-228635\" src=\"https:\/\/www.tgrthaber.com\/mavikadin\/wp-content\/uploads\/IMG_2012-1-300x205.jpg\" alt=\"\" width=\"1208\" height=\"825\" title=\"\" srcset=\"https:\/\/www.tgrthaber.com\/mavikadin\/wp-content\/uploads\/IMG_2012-1-300x205.jpg 300w, https:\/\/www.tgrthaber.com\/mavikadin\/wp-content\/uploads\/IMG_2012-1-1024x700.jpg 1024w, https:\/\/www.tgrthaber.com\/mavikadin\/wp-content\/uploads\/IMG_2012-1-768x525.jpg 768w, https:\/\/www.tgrthaber.com\/mavikadin\/wp-content\/uploads\/IMG_2012-1-1536x1049.jpg 1536w, https:\/\/www.tgrthaber.com\/mavikadin\/wp-content\/uploads\/IMG_2012-1.jpg 1764w\" sizes=\"(max-width: 1208px) 100vw, 1208px\" \/><\/p>\n<hr \/>\n<h3>OYUNCU KADROSU G\u00d6Z DOLDURUYOR<\/h3>\n<p>Cennetin \u00c7ocuklar\u0131 sadece hikayesiyle de\u011fil oyuncu kadrosuyla da g\u00f6z dolduruyor. Dizide yer alan oyuncular ve rolleri\u00a0 ise \u015fu \u015fekilde;<\/p>\n<p>\u0130smail Hac\u0131o\u011fl\u0131 &#8211; \u0130skender<\/p>\n<p>Melisa \u015eenolsun &#8211; Ayla<\/p>\n<p>\u00d6zg\u00fcr Kaya &#8211; G\u00f6n\u00fcl<\/p>\n<p>Zafer Alg\u00f6z &#8211; \u015eeref<\/p>\n<p>Yurdaer Okur &#8211; Baytar Ahmet<\/p>\n<p><img loading=\"lazy\" decoding=\"async\" class=\"alignnone wp-image-228636\" src=\"https:\/\/www.tgrthaber.com\/mavikadin\/wp-content\/uploads\/Ekran-goruntusu-2025-08-30-090336-300x161.png\" alt=\"\" width=\"1208\" height=\"648\" title=\"\" srcset=\"https:\/\/www.tgrthaber.com\/mavikadin\/wp-content\/uploads\/Ekran-goruntusu-2025-08-30-090336-300x161.png 300w, https:\/\/www.tgrthaber.com\/mavikadin\/wp-content\/uploads\/Ekran-goruntusu-2025-08-30-090336-768x412.png 768w, https:\/\/www.tgrthaber.com\/mavikadin\/wp-content\/uploads\/Ekran-goruntusu-2025-08-30-090336.png 952w\" sizes=\"(max-width: 1208px) 100vw, 1208px\" \/><\/p>\n<hr \/>\n<p>\u015eebnem Do\u011fruer &#8211; Cennet<\/p>\n<p>Ali Se\u00e7kiner Al\u0131c\u0131 &#8211; Sar\u0131 Day\u0131<\/p>\n<p>Ecem \u00c7alhan &#8211; Sezen<\/p>\n<p>Birand Tunca &#8211; Bekir<\/p>\n<p>Cennetin \u00c7ocuklar\u0131 oyuncu ekibiyle ve hikayesiyle TRT 1 ekranlar\u0131nda g\u00f6r\u00fcnen o ki, f\u0131rt\u0131nalar estirecek. Son olarak payla\u015f\u0131lan Cennetin \u00c7ocuklar\u0131 3. tan\u0131t\u0131m videosuyla iyice dikkatleri \u00e7eken dizi, yine \u00f6zg\u00fcleri \u00fczerinde toplad\u0131.\u00a0 \u0130\u015fte Cennetin \u00c7ocuklar\u0131 yeni 3. tan\u0131t\u0131m fragman\u0131&#8230;<\/p>\n<div style=\"width: 640px;\" class=\"wp-video\"><!--[if lt IE 9]><script>document.createElement('video');<\/script><![endif]-->\n<video class=\"wp-video-shortcode\" id=\"video-228626-1\" width=\"640\" height=\"361\" preload=\"metadata\" controls=\"controls\"><source type=\"video\/mp4\" src=\"https:\/\/www.tgrthaber.com\/mavikadin\/wp-content\/uploads\/CENNETIN-COCUKLARI-yakinda-TRT1de-Tanitim-3.CennetinCocuklari-MottoYapim-Trt1-IsmailHac-3.mp4?_=1\" \/><a href=\"https:\/\/www.tgrthaber.com\/mavikadin\/wp-content\/uploads\/CENNETIN-COCUKLARI-yakinda-TRT1de-Tanitim-3.CennetinCocuklari-MottoYapim-Trt1-IsmailHac-3.mp4\">https:\/\/www.tgrthaber.com\/mavikadin\/wp-content\/uploads\/CENNETIN-COCUKLARI-yakinda-TRT1de-Tanitim-3.CennetinCocuklari-MottoYapim-Trt1-IsmailHac-3.mp4<\/a><\/video><\/div>\n<hr \/>\n<p>Yeni tan\u0131t\u0131m hem beklentileri y\u00fckseltirken, izleyici art\u0131k Cennetin \u00c7ocuklar\u0131 i\u00e7in sab\u0131rs\u0131zlanmaya ba\u015flad\u0131. Cennetin \u00c7ocuklar\u0131 \u00e7ok yak\u0131nda TRT 1 ekranlar\u0131nda olacak.<\/p>\n","protected":false},"excerpt":{"rendered":"<p>TRT 1&#8217;in yeni bomba dizisi Cennetin \u00c7ocuklar\u0131 3. yeni tan\u0131t\u0131m\u0131yla resmen ekranlara g\u00f6zda\u011f\u0131 verdi. Fragmanda \u00f6ne \u00e7\u0131kan \u0130skender&#8217;in sahneleri tan\u0131t\u0131mdan hemen sonra sosyal medyan\u0131n oda\u011f\u0131nda olurken, diziye dair merak g\u00fcn ge\u00e7tik\u00e7e art\u0131yor. Peki Cennetin \u00c7ocuklar\u0131 ne zaman ba\u015flayacak? \u0130\u015fte ekranlara damga vurmaya haz\u0131rlanan Cennetin \u00c7ocuklar\u0131 dizisinden yeni tan\u0131t\u0131m fragman\u0131 ve t\u00fcm detaylar&#8230;<\/p>\n","protected":false},"author":35,"featured_media":228627,"comment_status":"closed","ping_status":"closed","sticky":false,"template":"","format":"standard","meta":{"rank_math_lock_modified_date":false,"footnotes":""},"categories":[602],"tags":[28345,3602,61125,61124,60955],"class_list":["post-228626","post","type-post","status-publish","format-standard","has-post-thumbnail","hentry","category-diziler","tag-cennetin-cocuklari","tag-diziler","tag-iskender-sahnesi","tag-ismailhacioglu","tag-trt-1-dizisi"],"_links":{"self":[{"href":"https:\/\/www.tgrthaber.com\/mavikadin\/wp-json\/wp\/v2\/posts\/228626"}],"collection":[{"href":"https:\/\/www.tgrthaber.com\/mavikadin\/wp-json\/wp\/v2\/posts"}],"about":[{"href":"https:\/\/www.tgrthaber.com\/mavikadin\/wp-json\/wp\/v2\/types\/post"}],"author":[{"embeddable":true,"href":"https:\/\/www.tgrthaber.com\/mavikadin\/wp-json\/wp\/v2\/users\/35"}],"replies":[{"embeddable":true,"href":"https:\/\/www.tgrthaber.com\/mavikadin\/wp-json\/wp\/v2\/comments?post=228626"}],"version-history":[{"count":2,"href":"https:\/\/www.tgrthaber.com\/mavikadin\/wp-json\/wp\/v2\/posts\/228626\/revisions"}],"predecessor-version":[{"id":228638,"href":"https:\/\/www.tgrthaber.com\/mavikadin\/wp-json\/wp\/v2\/posts\/228626\/revisions\/228638"}],"wp:featuredmedia":[{"embeddable":true,"href":"https:\/\/www.tgrthaber.com\/mavikadin\/wp-json\/wp\/v2\/media\/228627"}],"wp:attachment":[{"href":"https:\/\/www.tgrthaber.com\/mavikadin\/wp-json\/wp\/v2\/media?parent=228626"}],"wp:term":[{"taxonomy":"category","embeddable":true,"href":"https:\/\/www.tgrthaber.com\/mavikadin\/wp-json\/wp\/v2\/categories?post=228626"},{"taxonomy":"post_tag","embeddable":true,"href":"https:\/\/www.tgrthaber.com\/mavikadin\/wp-json\/wp\/v2\/tags?post=228626"}],"curies":[{"name":"wp","href":"https:\/\/api.w.org\/{rel}","templated":true}]}}