{"id":229288,"date":"2025-09-01T15:12:50","date_gmt":"2025-09-01T12:12:50","guid":{"rendered":"https:\/\/www.tgrthaber.com\/mavikadin\/?p=229288"},"modified":"2025-09-01T15:12:50","modified_gmt":"2025-09-01T12:12:50","slug":"karacigeri-temizleyen-besin-son-yillarin-en-populeri-oldu","status":"publish","type":"post","link":"https:\/\/www.tgrthaber.com\/mavikadin\/karacigeri-temizleyen-besin-son-yillarin-en-populeri-oldu\/","title":{"rendered":"Karaci\u011feri temizleyen besin! Son y\u0131llar\u0131n en pop\u00fcleri oldu"},"content":{"rendered":"<p>Sa\u011fl\u0131\u011f\u0131 etkileyen fakt\u00f6rlerden biri olan karaci\u011fer son yollar\u0131n pop\u00fcler olan besini ile dikkatleri \u00fczerine \u00e7ekiyor. Sizin i\u00e7in son y\u0131llar\u0131n pop\u00fcler olan besini ara\u015ft\u0131rd\u0131k. Karaci\u011ferinizi temizleyen bu besin adeta sa\u011fl\u0131\u011f\u0131n\u0131za \u00e7ok iyi gelecek. \u0130\u015fte detaylar\u2026<\/p>\n<h3>KARAC\u0130\u011eER\u0130 TEM\u0130ZLEYEN BES\u0130N!<\/h3>\n<p>V\u00fccuttaki en \u00f6nemli organlar\u0131ndan biri olan karaci\u011fer ki\u015finin sa\u011fl\u0131kl\u0131 kalmas\u0131na bir\u00e7ok y\u00f6nden yard\u0131mc\u0131 olur. Sa\u011fl\u0131\u011f\u0131 etkileyen fakt\u00f6rler aras\u0131nda yer alan karaci\u011fer, uzun ve sa\u011fl\u0131kl\u0131 bir ya\u015fam s\u00fcrmek i\u00e7in karaci\u011fer sa\u011fl\u0131\u011f\u0131n\u0131 korumak olduk\u00e7a \u00f6nemlidir.<\/p>\n<p><img loading=\"lazy\" decoding=\"async\" class=\"alignnone size-full wp-image-229302\" src=\"https:\/\/www.tgrthaber.com\/mavikadin\/wp-content\/uploads\/ARZU-84-11.jpg\" alt=\"Karaci\u011feri temizleyen besin! Son y\u0131llar\u0131n en pop\u00fcleri oldu\" width=\"1208\" height=\"680\" title=\"\" srcset=\"https:\/\/www.tgrthaber.com\/mavikadin\/wp-content\/uploads\/ARZU-84-11.jpg 1208w, https:\/\/www.tgrthaber.com\/mavikadin\/wp-content\/uploads\/ARZU-84-11-300x169.jpg 300w, https:\/\/www.tgrthaber.com\/mavikadin\/wp-content\/uploads\/ARZU-84-11-1024x576.jpg 1024w, https:\/\/www.tgrthaber.com\/mavikadin\/wp-content\/uploads\/ARZU-84-11-768x432.jpg 768w\" sizes=\"(max-width: 1208px) 100vw, 1208px\" \/><\/p>\n<hr \/>\n<p>Karaci\u011fer, metabolizmay\u0131, ba\u011f\u0131\u015f\u0131kl\u0131\u011f\u0131, sindirimi, detoksifikasyonu ve vitamin depolamay\u0131 desteklemenin yan\u0131 s\u0131ra bir\u00e7ok \u00f6nemli i\u015flevden sorumlu bir organd\u0131r. Sa\u011fl\u0131kl\u0131 bir yeti\u015fkinde yakla\u015f\u0131k 1.5kg a\u011f\u0131rl\u0131\u011f\u0131nda olan karaci\u011fer, iki kan kayna\u011f\u0131na sahiptir. Bu da asl\u0131nda v\u00fccut i\u00e7in \u00f6nemini bir kere daha ortaya koyar.<\/p>\n<p><img loading=\"lazy\" decoding=\"async\" class=\"alignnone size-full wp-image-229303\" src=\"https:\/\/www.tgrthaber.com\/mavikadin\/wp-content\/uploads\/ARZU-83-12.jpg\" alt=\"Karaci\u011feri temizleyen besin! Son y\u0131llar\u0131n en pop\u00fcleri oldu\" width=\"1208\" height=\"680\" title=\"\" srcset=\"https:\/\/www.tgrthaber.com\/mavikadin\/wp-content\/uploads\/ARZU-83-12.jpg 1208w, https:\/\/www.tgrthaber.com\/mavikadin\/wp-content\/uploads\/ARZU-83-12-300x169.jpg 300w, https:\/\/www.tgrthaber.com\/mavikadin\/wp-content\/uploads\/ARZU-83-12-1024x576.jpg 1024w, https:\/\/www.tgrthaber.com\/mavikadin\/wp-content\/uploads\/ARZU-83-12-768x432.jpg 768w\" sizes=\"(max-width: 1208px) 100vw, 1208px\" \/><\/p>\n<hr \/>\n<p>Farkl\u0131 yiyecekler t\u00fcketmek, binlerce litrelik \u00e7e\u015fitli i\u00e7ecekler i\u00e7mek ve son derece zararl\u0131 olan ila\u00e7lar da i\u00e7ilmesi karaci\u011feri olduk\u00e7a k\u00f6t\u00fc etkiliyor. Karaci\u011ferin sa\u011fl\u0131\u011f\u0131 asl\u0131nda k\u00f6t\u00fc ya\u015fam al\u0131\u015fkanl\u0131klar\u0131ndan olduk\u00e7a etkileniyor.<\/p>\n<p><img loading=\"lazy\" decoding=\"async\" class=\"alignnone size-full wp-image-229304\" src=\"https:\/\/www.tgrthaber.com\/mavikadin\/wp-content\/uploads\/ARZU-82-11.jpg\" alt=\"Karaci\u011feri temizleyen besin! Son y\u0131llar\u0131n en pop\u00fcleri oldu\" width=\"1208\" height=\"680\" title=\"\" srcset=\"https:\/\/www.tgrthaber.com\/mavikadin\/wp-content\/uploads\/ARZU-82-11.jpg 1208w, https:\/\/www.tgrthaber.com\/mavikadin\/wp-content\/uploads\/ARZU-82-11-300x169.jpg 300w, https:\/\/www.tgrthaber.com\/mavikadin\/wp-content\/uploads\/ARZU-82-11-1024x576.jpg 1024w, https:\/\/www.tgrthaber.com\/mavikadin\/wp-content\/uploads\/ARZU-82-11-768x432.jpg 768w\" sizes=\"(max-width: 1208px) 100vw, 1208px\" \/><\/p>\n<hr \/>\n<p>Genellikle besleyici g\u0131dalar t\u00fcketilmedi\u011finde, y\u00fcr\u00fcyerek yemek yendi\u011finde, abur cubur t\u00fcketiminin fazla olmas\u0131 nedeniyle \u00e7ok miktarda yenilen ve kontrol edilemeyen bu yiyecekler karaci\u011fere fazla y\u00fckleme yapacakt\u0131r. \u00d6zellikle a\u015f\u0131r\u0131 yemek yeme ve a\u015f\u0131r\u0131 g\u00fcnl\u00fck yeme al\u0131\u015fkanl\u0131klar\u0131 dizlere d\u00fc\u015f\u00fck karaci\u011fer fonksiyonlar\u0131 gibi ba\u015fl\u0131ca rahats\u0131zl\u0131klar ile u\u011fra\u015ft\u0131racakt\u0131r.<\/p>\n<p><img loading=\"lazy\" decoding=\"async\" class=\"alignnone size-full wp-image-229311\" src=\"https:\/\/www.tgrthaber.com\/mavikadin\/wp-content\/uploads\/ARZU-75-11.jpg\" alt=\"Karaci\u011feri temizleyen besin! Son y\u0131llar\u0131n en pop\u00fcleri oldu\" width=\"1208\" height=\"680\" title=\"\" srcset=\"https:\/\/www.tgrthaber.com\/mavikadin\/wp-content\/uploads\/ARZU-75-11.jpg 1208w, https:\/\/www.tgrthaber.com\/mavikadin\/wp-content\/uploads\/ARZU-75-11-300x169.jpg 300w, https:\/\/www.tgrthaber.com\/mavikadin\/wp-content\/uploads\/ARZU-75-11-1024x576.jpg 1024w, https:\/\/www.tgrthaber.com\/mavikadin\/wp-content\/uploads\/ARZU-75-11-768x432.jpg 768w\" sizes=\"(max-width: 1208px) 100vw, 1208px\" \/><\/p>\n<hr \/>\n<p>Bu durumlar kar\u015f\u0131s\u0131nda ise yap\u0131lacak tek bir \u015fey vard\u0131r. Karaci\u011feri temizleyen besin olarak bilinen ejder meyvesi kar\u015f\u0131m\u0131za \u00e7\u0131k\u0131yor. Kakt\u00fcs t\u00fcrlerinden biri olan bu meyve bilimsel ad\u0131 ile hylocereus olarak bilinir. Tatl\u0131 pitaya \u015feklinde adland\u0131r\u0131lan bu meyve antioksidan a\u00e7\u0131s\u0131ndan zengin bir meyve.<\/p>\n<h3><img loading=\"lazy\" decoding=\"async\" class=\"alignnone size-full wp-image-229310\" src=\"https:\/\/www.tgrthaber.com\/mavikadin\/wp-content\/uploads\/ARZU-76-11.jpg\" alt=\"Karaci\u011feri temizleyen besin! Son y\u0131llar\u0131n en pop\u00fcleri oldu\" width=\"1208\" height=\"680\" title=\"\" srcset=\"https:\/\/www.tgrthaber.com\/mavikadin\/wp-content\/uploads\/ARZU-76-11.jpg 1208w, https:\/\/www.tgrthaber.com\/mavikadin\/wp-content\/uploads\/ARZU-76-11-300x169.jpg 300w, https:\/\/www.tgrthaber.com\/mavikadin\/wp-content\/uploads\/ARZU-76-11-1024x576.jpg 1024w, https:\/\/www.tgrthaber.com\/mavikadin\/wp-content\/uploads\/ARZU-76-11-768x432.jpg 768w\" sizes=\"(max-width: 1208px) 100vw, 1208px\" \/><\/h3>\n<hr \/>\n<h3>EJDER MEYVES\u0130 NASIL YEN\u0130R?<\/h3>\n<p>Ejder meyvesini bir b\u0131\u00e7ak yard\u0131m\u0131 ile kestikten sonra etli k\u0131sm\u0131 d\u0131\u015far\u0131 \u00e7\u0131kar\u0131l\u0131r. \u00c7\u0131kan etli k\u0131sm\u0131 direk \u00e7i\u011f bir \u015fekilde yiyebilirsiniz. \u0130sterseniz bu etli k\u0131sm\u0131n suyunu da \u00e7\u0131kartarak da kullanabilirsiniz. Meyveyi yerken sak\u0131n kabu\u011funu t\u00fcketmeyin kabu\u011fu \u00e7ok ac\u0131d\u0131r.<\/p>\n<h3><img loading=\"lazy\" decoding=\"async\" class=\"alignnone size-full wp-image-229309\" src=\"https:\/\/www.tgrthaber.com\/mavikadin\/wp-content\/uploads\/ARZU-77-11.jpg\" alt=\"Karaci\u011feri temizleyen besin! Son y\u0131llar\u0131n en pop\u00fcleri oldu\" width=\"1208\" height=\"680\" title=\"\" srcset=\"https:\/\/www.tgrthaber.com\/mavikadin\/wp-content\/uploads\/ARZU-77-11.jpg 1208w, https:\/\/www.tgrthaber.com\/mavikadin\/wp-content\/uploads\/ARZU-77-11-300x169.jpg 300w, https:\/\/www.tgrthaber.com\/mavikadin\/wp-content\/uploads\/ARZU-77-11-1024x576.jpg 1024w, https:\/\/www.tgrthaber.com\/mavikadin\/wp-content\/uploads\/ARZU-77-11-768x432.jpg 768w\" sizes=\"(max-width: 1208px) 100vw, 1208px\" \/><\/h3>\n<hr \/>\n<h3>SON YILLARIN EN POP\u00dcLER\u0130 OLDU<\/h3>\n<p>Son y\u0131llar\u0131n pop\u00fcler olan ejder meyvesi karaci\u011feri temizlemek i\u00e7in olduk\u00e7a s\u0131k\u00e7a tercih edilen besinler aras\u0131nda yer al\u0131yor. Antioksidan \u00f6zelli\u011fi sayesinde zararl\u0131 toksinler v\u00fccuttan at\u0131l\u0131r. Y\u00fcksek lif i\u00e7ermesi ile de dikkatleri \u00fczerine \u00e7eken ejder meyvesi, zay\u0131flama konusunda da olduk\u00e7a yard\u0131mc\u0131d\u0131r.<\/p>\n<p><img loading=\"lazy\" decoding=\"async\" class=\"alignnone size-full wp-image-229308\" src=\"https:\/\/www.tgrthaber.com\/mavikadin\/wp-content\/uploads\/ARZU-78-11.jpg\" alt=\"Karaci\u011feri temizleyen besin! Son y\u0131llar\u0131n en pop\u00fcleri oldu\" width=\"1208\" height=\"680\" title=\"\" srcset=\"https:\/\/www.tgrthaber.com\/mavikadin\/wp-content\/uploads\/ARZU-78-11.jpg 1208w, https:\/\/www.tgrthaber.com\/mavikadin\/wp-content\/uploads\/ARZU-78-11-300x169.jpg 300w, https:\/\/www.tgrthaber.com\/mavikadin\/wp-content\/uploads\/ARZU-78-11-1024x576.jpg 1024w, https:\/\/www.tgrthaber.com\/mavikadin\/wp-content\/uploads\/ARZU-78-11-768x432.jpg 768w\" sizes=\"(max-width: 1208px) 100vw, 1208px\" \/><\/p>\n<hr \/>\n<p>Ba\u011f\u0131rsak hastal\u0131klar\u0131na da iyi gelen ejder meyvesi diyet listelerinin ba\u015f\u0131n\u0131 \u00e7ekmektedir. Karaci\u011fer ya\u011flanmas\u0131 \u00f6zellikle \u00e7ok kilo al\u0131nd\u0131\u011f\u0131 zaman ortaya \u00e7\u0131kar. Bundan dolay\u0131 karaci\u011fere iyi gelen ejder meyvesi t\u00fcketilirse olduk\u00e7a \u00f6nemli bir kaplar.<\/p>\n<p><img loading=\"lazy\" decoding=\"async\" class=\"alignnone size-full wp-image-229306\" src=\"https:\/\/www.tgrthaber.com\/mavikadin\/wp-content\/uploads\/ARZU-80-11.jpg\" alt=\"Karaci\u011feri temizleyen besin! Son y\u0131llar\u0131n en pop\u00fcleri oldu\" width=\"1208\" height=\"680\" title=\"\" srcset=\"https:\/\/www.tgrthaber.com\/mavikadin\/wp-content\/uploads\/ARZU-80-11.jpg 1208w, https:\/\/www.tgrthaber.com\/mavikadin\/wp-content\/uploads\/ARZU-80-11-300x169.jpg 300w, https:\/\/www.tgrthaber.com\/mavikadin\/wp-content\/uploads\/ARZU-80-11-1024x576.jpg 1024w, https:\/\/www.tgrthaber.com\/mavikadin\/wp-content\/uploads\/ARZU-80-11-768x432.jpg 768w\" sizes=\"(max-width: 1208px) 100vw, 1208px\" \/><\/p>\n<hr \/>\n<p>Ayr\u0131ca g\u00f6z sa\u011fl\u0131\u011f\u0131na da iyi gelen ejder meyvesi, y\u00fcksek oranda c vitamini i\u00e7ermektedir. Ayn\u0131 zamanda potasyum i\u00e7ermesi ile de belirli bir ya\u015ftan sonra ortaya \u00e7\u0131kan katarakt\u0131 da geciktirir.<\/p>\n<h3><img loading=\"lazy\" decoding=\"async\" class=\"alignnone size-full wp-image-229307\" src=\"https:\/\/www.tgrthaber.com\/mavikadin\/wp-content\/uploads\/ARZU-79-12.jpg\" alt=\"Karaci\u011feri temizleyen besin! Son y\u0131llar\u0131n en pop\u00fcleri oldu\" width=\"1208\" height=\"680\" title=\"\" srcset=\"https:\/\/www.tgrthaber.com\/mavikadin\/wp-content\/uploads\/ARZU-79-12.jpg 1208w, https:\/\/www.tgrthaber.com\/mavikadin\/wp-content\/uploads\/ARZU-79-12-300x169.jpg 300w, https:\/\/www.tgrthaber.com\/mavikadin\/wp-content\/uploads\/ARZU-79-12-1024x576.jpg 1024w, https:\/\/www.tgrthaber.com\/mavikadin\/wp-content\/uploads\/ARZU-79-12-768x432.jpg 768w\" sizes=\"(max-width: 1208px) 100vw, 1208px\" \/><\/h3>\n<hr \/>\n<h3>SIK\u00c7A SORULAN SORULAR<\/h3>\n<ul>\n<li><strong>Ejder meyvesi karaci\u011fere nas\u0131l bir fayda sa\u011flar?<\/strong><\/li>\n<\/ul>\n<p>Ejder meyvesi i\u00e7eri\u011findeki antioksidanlar sayesinde karaci\u011feri toksinlerden ar\u0131nd\u0131r\u0131r ve h\u00fccre yenilenmesine yard\u0131mc\u0131 olur.<\/p>\n<ul>\n<li><strong>Ejder meyvesi ne s\u0131kl\u0131kla t\u00fcketilmelidir?<\/strong><\/li>\n<\/ul>\n<p>Hafta da birka\u00e7 kez t\u00fcketilmesi g\u00fcnde ise yar\u0131m ya da bir adet t\u00fcketmek iyidir.<\/p>\n<ul>\n<li><strong>Ejder meyvesi T\u00fcrkiye\u2019de yeti\u015fiyor mu?<\/strong><\/li>\n<\/ul>\n<p>Son y\u0131llarda \u00f6zellikle de Akdeniz ve Ege b\u00f6lgelerinde \u00fcretimi yap\u0131lmaya ba\u015fland\u0131.<\/p>\n","protected":false},"excerpt":{"rendered":"<p>Son y\u0131llar\u0131n en pop\u00fcleri olan besin, \u00f6zellikle karaci\u011feri temizlemesi ile g\u00fcndeme geliyor. Karaci\u011fer, insan v\u00fccudundaki en \u00f6nemli organlardan biri olarak kar\u015f\u0131m\u0131za \u00e7\u0131k\u0131yor. Biz de sizin i\u00e7in karaci\u011feri temizleyen bu besini ara\u015ft\u0131rd\u0131k. \u0130\u015fte detaylar\u2026<\/p>\n","protected":false},"author":34,"featured_media":229301,"comment_status":"closed","ping_status":"closed","sticky":false,"template":"","format":"standard","meta":{"rank_math_lock_modified_date":false,"footnotes":""},"categories":[1991],"tags":[34808,15816,61230,16668],"class_list":["post-229288","post","type-post","status-publish","format-standard","has-post-thumbnail","hentry","category-saglik","tag-ejder-meyvesi","tag-karaciger","tag-karaciger-temizleyen-besin","tag-saglik-haberleri"],"_links":{"self":[{"href":"https:\/\/www.tgrthaber.com\/mavikadin\/wp-json\/wp\/v2\/posts\/229288"}],"collection":[{"href":"https:\/\/www.tgrthaber.com\/mavikadin\/wp-json\/wp\/v2\/posts"}],"about":[{"href":"https:\/\/www.tgrthaber.com\/mavikadin\/wp-json\/wp\/v2\/types\/post"}],"author":[{"embeddable":true,"href":"https:\/\/www.tgrthaber.com\/mavikadin\/wp-json\/wp\/v2\/users\/34"}],"replies":[{"embeddable":true,"href":"https:\/\/www.tgrthaber.com\/mavikadin\/wp-json\/wp\/v2\/comments?post=229288"}],"version-history":[{"count":1,"href":"https:\/\/www.tgrthaber.com\/mavikadin\/wp-json\/wp\/v2\/posts\/229288\/revisions"}],"predecessor-version":[{"id":229312,"href":"https:\/\/www.tgrthaber.com\/mavikadin\/wp-json\/wp\/v2\/posts\/229288\/revisions\/229312"}],"wp:featuredmedia":[{"embeddable":true,"href":"https:\/\/www.tgrthaber.com\/mavikadin\/wp-json\/wp\/v2\/media\/229301"}],"wp:attachment":[{"href":"https:\/\/www.tgrthaber.com\/mavikadin\/wp-json\/wp\/v2\/media?parent=229288"}],"wp:term":[{"taxonomy":"category","embeddable":true,"href":"https:\/\/www.tgrthaber.com\/mavikadin\/wp-json\/wp\/v2\/categories?post=229288"},{"taxonomy":"post_tag","embeddable":true,"href":"https:\/\/www.tgrthaber.com\/mavikadin\/wp-json\/wp\/v2\/tags?post=229288"}],"curies":[{"name":"wp","href":"https:\/\/api.w.org\/{rel}","templated":true}]}}