{"id":229339,"date":"2025-09-01T16:25:25","date_gmt":"2025-09-01T13:25:25","guid":{"rendered":"https:\/\/www.tgrthaber.com\/mavikadin\/?p=229339"},"modified":"2025-09-01T16:25:25","modified_gmt":"2025-09-01T13:25:25","slug":"eylul-ayi-hacamat-takvimi-2025te-nasil-2025-eylul-ayi-hacamat-icin-altin-gunler-neler","status":"publish","type":"post","link":"https:\/\/www.tgrthaber.com\/mavikadin\/eylul-ayi-hacamat-takvimi-2025te-nasil-2025-eylul-ayi-hacamat-icin-altin-gunler-neler\/","title":{"rendered":"Eyl\u00fcl ay\u0131 hacamat takvimi 2025\u2019te nas\u0131l? 2025 Eyl\u00fcl ay\u0131 hacamat i\u00e7in alt\u0131n g\u00fcnler neler?"},"content":{"rendered":"<p>Hacamat hastal\u0131klara \u015fifa, dertlere devad\u0131r. Sevgili ve \u015eerefli Peygamberimiz Muhammed aleyhisselam belli g\u00fcnlerde hacamat olmay\u0131 tavsiye etmi\u015ftir. Eyl\u00fcl ay\u0131 hacamat takvimi 2025\u2019te nas\u0131l? 2025 Eyl\u00fcl ay\u0131 hacamat i\u00e7in alt\u0131n g\u00fcnler neler?<\/p>\n<h3>EYL\u00dcL 2025 HACAMAT TAKV\u0130M\u0130<\/h3>\n<p>2025 eyl\u00fcl ay\u0131nda hacamat i\u00e7in en uygun g\u00fcnler \u015f\u00f6yledir:<\/p>\n<ul>\n<li>1 Eyl\u00fcl Pazartesi g\u00fcn\u00fc<\/li>\n<li>2 Eyl\u00fcl Sal\u0131 g\u00fcn\u00fc<\/li>\n<li>7 Eyl\u00fcl Pazar g\u00fcn\u00fc<\/li>\n<li>8 Eyl\u00fcl Pazartesi g\u00fcn\u00fc<\/li>\n<li>9 Eyl\u00fcl Sal\u0131 g\u00fcn\u00fc (En ideal hacamat g\u00fcnlerinden, alt\u0131n g\u00fcnlerden)<\/li>\n<li>11 Eyl\u00fcl Per\u015fembe g\u00fcn\u00fc\u00a0 (En ideal hacamat g\u00fcnlerinden, alt\u0131n g\u00fcnlerden)<\/li>\n<\/ul>\n<p><img loading=\"lazy\" decoding=\"async\" class=\"size-full wp-image-229341 alignright\" src=\"https:\/\/www.tgrthaber.com\/mavikadin\/wp-content\/uploads\/eylul-ayi-hacamat-takvimi-2025-nasil-2025-eylul-ayi-hacamat-icin-altin-gunler-neler-5.jpg\" alt=\"\" width=\"1208\" height=\"680\" title=\"\" srcset=\"https:\/\/www.tgrthaber.com\/mavikadin\/wp-content\/uploads\/eylul-ayi-hacamat-takvimi-2025-nasil-2025-eylul-ayi-hacamat-icin-altin-gunler-neler-5.jpg 1208w, https:\/\/www.tgrthaber.com\/mavikadin\/wp-content\/uploads\/eylul-ayi-hacamat-takvimi-2025-nasil-2025-eylul-ayi-hacamat-icin-altin-gunler-neler-5-300x169.jpg 300w, https:\/\/www.tgrthaber.com\/mavikadin\/wp-content\/uploads\/eylul-ayi-hacamat-takvimi-2025-nasil-2025-eylul-ayi-hacamat-icin-altin-gunler-neler-5-1024x576.jpg 1024w, https:\/\/www.tgrthaber.com\/mavikadin\/wp-content\/uploads\/eylul-ayi-hacamat-takvimi-2025-nasil-2025-eylul-ayi-hacamat-icin-altin-gunler-neler-5-768x432.jpg 768w\" sizes=\"(max-width: 1208px) 100vw, 1208px\" \/><\/p>\n<hr \/>\n<ul>\n<li>14 Eyl\u00fcl Pazar g\u00fcn\u00fc<\/li>\n<li>15 Eyl\u00fcl Pazartesi g\u00fcn\u00fc<\/li>\n<li>16 Eyl\u00fcl Sal\u0131 g\u00fcn\u00fc<\/li>\n<li>21 Eyl\u00fcl Pazar g\u00fcn\u00fc<\/li>\n<li>22 Eyl\u00fcl Pazartesi g\u00fcn\u00fc<\/li>\n<li>23 Eyl\u00fcl Sal\u0131 g\u00fcn\u00fc<\/li>\n<li>28 Eyl\u00fcl Pazar g\u00fcn\u00fc<\/li>\n<li>29 Eyl\u00fcl Pazartesi g\u00fcn\u00fc<\/li>\n<li>30 Eyl\u00fcl Sal\u0131 g\u00fcn\u00fc<\/li>\n<\/ul>\n<p><img loading=\"lazy\" decoding=\"async\" class=\"size-full wp-image-229342 aligncenter\" src=\"https:\/\/www.tgrthaber.com\/mavikadin\/wp-content\/uploads\/eylul-ayi-hacamat-takvimi-2025-nasil-2025-eylul-ayi-hacamat-icin-altin-gunler-neler-3.jpg\" alt=\"\" width=\"1208\" height=\"680\" title=\"\" srcset=\"https:\/\/www.tgrthaber.com\/mavikadin\/wp-content\/uploads\/eylul-ayi-hacamat-takvimi-2025-nasil-2025-eylul-ayi-hacamat-icin-altin-gunler-neler-3.jpg 1208w, https:\/\/www.tgrthaber.com\/mavikadin\/wp-content\/uploads\/eylul-ayi-hacamat-takvimi-2025-nasil-2025-eylul-ayi-hacamat-icin-altin-gunler-neler-3-300x169.jpg 300w, https:\/\/www.tgrthaber.com\/mavikadin\/wp-content\/uploads\/eylul-ayi-hacamat-takvimi-2025-nasil-2025-eylul-ayi-hacamat-icin-altin-gunler-neler-3-1024x576.jpg 1024w, https:\/\/www.tgrthaber.com\/mavikadin\/wp-content\/uploads\/eylul-ayi-hacamat-takvimi-2025-nasil-2025-eylul-ayi-hacamat-icin-altin-gunler-neler-3-768x432.jpg 768w\" sizes=\"(max-width: 1208px) 100vw, 1208px\" \/><\/p>\n<hr \/>\n<h3>2025 EYL\u00dcL AYI HACAMAT \u0130\u00c7\u0130N ALTIN G\u00dcNLER NELER?<\/h3>\n<p>9 Eyl\u00fcl 2025 Pazartesi ve 11 Eyl\u00fcl 2025 Per\u015fembe, 2025 eyl\u00fcl hacamat i\u00e7in alt\u0131n g\u00fcnlerdir.<\/p>\n<p>9 Eyl\u00fcl 2025 Pazartesi, arabi aylardan Rebi\u00fclevvel ay\u0131n\u0131n 17\u2019sine, 11 Eyl\u00fcl 2025 Per\u015fembe ise arabi aylardan Rebi\u00fclevvel ay\u0131n\u0131n 19\u2019una denk gelmektedir.<\/p>\n<p><img loading=\"lazy\" decoding=\"async\" class=\"size-full wp-image-229343 aligncenter\" src=\"https:\/\/www.tgrthaber.com\/mavikadin\/wp-content\/uploads\/eylul-ayi-hacamat-takvimi-2025-nasil-2025-eylul-ayi-hacamat-icin-altin-gunler-neler-2.jpg\" alt=\"\" width=\"1208\" height=\"680\" title=\"\" srcset=\"https:\/\/www.tgrthaber.com\/mavikadin\/wp-content\/uploads\/eylul-ayi-hacamat-takvimi-2025-nasil-2025-eylul-ayi-hacamat-icin-altin-gunler-neler-2.jpg 1208w, https:\/\/www.tgrthaber.com\/mavikadin\/wp-content\/uploads\/eylul-ayi-hacamat-takvimi-2025-nasil-2025-eylul-ayi-hacamat-icin-altin-gunler-neler-2-300x169.jpg 300w, https:\/\/www.tgrthaber.com\/mavikadin\/wp-content\/uploads\/eylul-ayi-hacamat-takvimi-2025-nasil-2025-eylul-ayi-hacamat-icin-altin-gunler-neler-2-1024x576.jpg 1024w, https:\/\/www.tgrthaber.com\/mavikadin\/wp-content\/uploads\/eylul-ayi-hacamat-takvimi-2025-nasil-2025-eylul-ayi-hacamat-icin-altin-gunler-neler-2-768x432.jpg 768w\" sizes=\"(max-width: 1208px) 100vw, 1208px\" \/><\/p>\n<hr \/>\n<p>Hadis-i \u015ferifte \u201cArabi ay\u0131n 17, 19 veya 21. g\u00fcn\u00fc <a href=\"https:\/\/www.tgrthaber.com\/mavikadin\/hacamatin-cocuklara-faydalari-nelerdir-cocuklara-hacamat-kac-yasinda-yapilir\/\">hacamat<\/a> olmak, bir\u00e7ok derde \u015fifad\u0131r.\u201d<\/p>\n<h3>HANG\u0130 G\u00dcNLER HACAMAT OLMALI, HANG\u0130 G\u00dcNLER HACAMAT YAPTIRMAMALI?<\/h3>\n<p>Hadis-i \u015feriflerde Sevgili ve \u015eerefli Peygamberimiz Muhammed aleyhisselam buyurdu ki:<\/p>\n<p>(Pazartesi veya Sal\u0131 g\u00fcn\u00fc hacamat olun! ) [\u0130bni Mace]<\/p>\n<p><img loading=\"lazy\" decoding=\"async\" class=\"size-full wp-image-229344 aligncenter\" src=\"https:\/\/www.tgrthaber.com\/mavikadin\/wp-content\/uploads\/eylul-ayi-hacamat-takvimi-2025-nasil-2025-eylul-ayi-hacamat-icin-altin-gunler-neler-4.jpg\" alt=\"\" width=\"1208\" height=\"680\" title=\"\" srcset=\"https:\/\/www.tgrthaber.com\/mavikadin\/wp-content\/uploads\/eylul-ayi-hacamat-takvimi-2025-nasil-2025-eylul-ayi-hacamat-icin-altin-gunler-neler-4.jpg 1208w, https:\/\/www.tgrthaber.com\/mavikadin\/wp-content\/uploads\/eylul-ayi-hacamat-takvimi-2025-nasil-2025-eylul-ayi-hacamat-icin-altin-gunler-neler-4-300x169.jpg 300w, https:\/\/www.tgrthaber.com\/mavikadin\/wp-content\/uploads\/eylul-ayi-hacamat-takvimi-2025-nasil-2025-eylul-ayi-hacamat-icin-altin-gunler-neler-4-1024x576.jpg 1024w, https:\/\/www.tgrthaber.com\/mavikadin\/wp-content\/uploads\/eylul-ayi-hacamat-takvimi-2025-nasil-2025-eylul-ayi-hacamat-icin-altin-gunler-neler-4-768x432.jpg 768w\" sizes=\"(max-width: 1208px) 100vw, 1208px\" \/><\/p>\n<hr \/>\n<p>(Arabi ay\u0131n 17, 19 veya 21. g\u00fcn\u00fc hacamat olmak, bir\u00e7ok derde \u015fifad\u0131r.) [Hakim] (2025 Eyl\u00fcl ay\u0131nda arabi takvimin 17\u2019si 9 Eyl\u00fcl Sal\u0131 g\u00fcn\u00fc, arabi ay\u0131n 19\u2019u ise 11 Eyl\u00fcl Per\u015fembe g\u00fcn\u00fcd\u00fcr.)<\/p>\n<p>(Ay\u0131n 17\u2019sine rastlayan Sal\u0131 g\u00fcn\u00fc hacamat olmak, bir y\u0131ll\u0131k hastal\u0131\u011fa \u015fifad\u0131r.) [Bezzar]<\/p>\n<p>(\u00c7ar\u015famba veya Cumartesi g\u00fcn\u00fc hacamat olup da bir hastal\u0131\u011fa yakalanan, kendinden ba\u015fkas\u0131n\u0131 su\u00e7lamas\u0131n!) [Ebu Davud]<\/p>\n<p><img loading=\"lazy\" decoding=\"async\" class=\"size-full wp-image-229345 aligncenter\" src=\"https:\/\/www.tgrthaber.com\/mavikadin\/wp-content\/uploads\/eylul-ayi-hacamat-takvimi-2025-nasil-2025-eylul-ayi-hacamat-icin-altin-gunler-neler-6.jpg\" alt=\"\" width=\"1208\" height=\"680\" title=\"\" srcset=\"https:\/\/www.tgrthaber.com\/mavikadin\/wp-content\/uploads\/eylul-ayi-hacamat-takvimi-2025-nasil-2025-eylul-ayi-hacamat-icin-altin-gunler-neler-6.jpg 1208w, https:\/\/www.tgrthaber.com\/mavikadin\/wp-content\/uploads\/eylul-ayi-hacamat-takvimi-2025-nasil-2025-eylul-ayi-hacamat-icin-altin-gunler-neler-6-300x169.jpg 300w, https:\/\/www.tgrthaber.com\/mavikadin\/wp-content\/uploads\/eylul-ayi-hacamat-takvimi-2025-nasil-2025-eylul-ayi-hacamat-icin-altin-gunler-neler-6-1024x576.jpg 1024w, https:\/\/www.tgrthaber.com\/mavikadin\/wp-content\/uploads\/eylul-ayi-hacamat-takvimi-2025-nasil-2025-eylul-ayi-hacamat-icin-altin-gunler-neler-6-768x432.jpg 768w\" sizes=\"(max-width: 1208px) 100vw, 1208px\" \/><\/p>\n<hr \/>\n<h3>HACAMAT OLMAKLA \u0130LG\u0130L\u0130 HAD\u0130S\u0130 \u015eER\u0130FLER<\/h3>\n<p>Hacamat olmakla ilgili Hadis-i \u015feriflerde buyruldu ki:<\/p>\n<p>(Hazret-i Cebrail, hacamat\u0131 o kadar tavsiye etti ki mutlaka l\u00fczumlu zannettim.) [Deylemi]<\/p>\n<p>(\u015eifa veren \u00fc\u00e7 \u015feyden biri hacamatt\u0131r.) [Buhari]<\/p>\n<p>(Hacamat, akl\u0131 art\u0131r\u0131r, haf\u0131zay\u0131 kuvvetlendirir.) [Hakim]<\/p>\n<p>(Hacamat ne g\u00fczel \u00e2dettir.) [Deylemi]<\/p>\n<p>(Hacamat [kan ald\u0131rmak], en iyi tedavi usullerinden biridir.) [Hakim]<\/p>\n<p>(Hacamat bir\u00e7ok hastal\u0131\u011fa \u015fifad\u0131r. Aman hacamat olun!) [Deylemi]<\/p>\n<p>(Mirac gecesi, u\u011frad\u0131\u011f\u0131m her melek toplulu\u011fu, \u00fcmmetime hacamat\u0131 tavsiye etti.) [Hakim]<\/p>\n<p>(Hacamat, Peygamberlerin \u00e2detindendir.) [Tirmizi]<\/p>\n<p><img loading=\"lazy\" decoding=\"async\" class=\"size-full wp-image-229346 aligncenter\" src=\"https:\/\/www.tgrthaber.com\/mavikadin\/wp-content\/uploads\/eylul-ayi-hacamat-takvimi-2025-nasil-2025-eylul-ayi-hacamat-icin-altin-gunler-neler-7.jpg\" alt=\"\" width=\"1208\" height=\"680\" title=\"\" srcset=\"https:\/\/www.tgrthaber.com\/mavikadin\/wp-content\/uploads\/eylul-ayi-hacamat-takvimi-2025-nasil-2025-eylul-ayi-hacamat-icin-altin-gunler-neler-7.jpg 1208w, https:\/\/www.tgrthaber.com\/mavikadin\/wp-content\/uploads\/eylul-ayi-hacamat-takvimi-2025-nasil-2025-eylul-ayi-hacamat-icin-altin-gunler-neler-7-300x169.jpg 300w, https:\/\/www.tgrthaber.com\/mavikadin\/wp-content\/uploads\/eylul-ayi-hacamat-takvimi-2025-nasil-2025-eylul-ayi-hacamat-icin-altin-gunler-neler-7-1024x576.jpg 1024w, https:\/\/www.tgrthaber.com\/mavikadin\/wp-content\/uploads\/eylul-ayi-hacamat-takvimi-2025-nasil-2025-eylul-ayi-hacamat-icin-altin-gunler-neler-7-768x432.jpg 768w\" sizes=\"(max-width: 1208px) 100vw, 1208px\" \/><\/p>\n<hr \/>\n<p>(Hacamat [kan ald\u0131rmak], en iyi tedavi usullerinden biridir.) [Hakim]<\/p>\n<p>(A\u00e7 karn\u0131na hacamat olmak deva, tok karn\u0131na ise derttir.) [Deylemi]<\/p>\n<p>(\u00c7ar\u015famba veya Cumartesi g\u00fcn\u00fc hacamat olup da bir hastal\u0131\u011fa yakalanan, kendinden ba\u015fkas\u0131n\u0131 su\u00e7lamas\u0131n!) [Ebu Davud]<\/p>\n<p>(<a href=\"https:\/\/www.tgrthaber.com\/mavikadin\/bas-bolgesine-yapilan-hacamat-neye-iyi-gelir-hacamatin-faydalari\/\">Ba\u015f<\/a>\u0131n \u00e7ukurundan hacamat olmak unutkanl\u0131\u011fa sebep olur.) [Deylemi]<\/p>\n","protected":false},"excerpt":{"rendered":"<p>Hacamat kan ald\u0131rmak demektir, peygamberlerin 5 s\u00fcnnetinden biridir. Sevgili Peygamberimiz Muhammed aleyhisselam buyurdu ki: \u201cMirac gecesi, u\u011frad\u0131\u011f\u0131m her melek toplulu\u011fu, \u00fcmmetime hacamat\u0131 tavsiye etti.\u201d Eyl\u00fcl ay\u0131 hacamat takvimi 2025\u2019te nas\u0131l? 2025 Eyl\u00fcl ay\u0131 hacamat i\u00e7in alt\u0131n g\u00fcnler neler?<\/p>\n","protected":false},"author":30,"featured_media":229340,"comment_status":"closed","ping_status":"closed","sticky":false,"template":"","format":"standard","meta":{"rank_math_lock_modified_date":false,"footnotes":""},"categories":[1991],"tags":[61236,61234,61235,4375],"class_list":["post-229339","post","type-post","status-publish","format-standard","has-post-thumbnail","hentry","category-saglik","tag-2025-eylul-hacamat-gunleri","tag-eylul-ayi-hacamat-gunleri","tag-eylul-ayi-hacamat-takvimi","tag-hacamat"],"_links":{"self":[{"href":"https:\/\/www.tgrthaber.com\/mavikadin\/wp-json\/wp\/v2\/posts\/229339"}],"collection":[{"href":"https:\/\/www.tgrthaber.com\/mavikadin\/wp-json\/wp\/v2\/posts"}],"about":[{"href":"https:\/\/www.tgrthaber.com\/mavikadin\/wp-json\/wp\/v2\/types\/post"}],"author":[{"embeddable":true,"href":"https:\/\/www.tgrthaber.com\/mavikadin\/wp-json\/wp\/v2\/users\/30"}],"replies":[{"embeddable":true,"href":"https:\/\/www.tgrthaber.com\/mavikadin\/wp-json\/wp\/v2\/comments?post=229339"}],"version-history":[{"count":2,"href":"https:\/\/www.tgrthaber.com\/mavikadin\/wp-json\/wp\/v2\/posts\/229339\/revisions"}],"predecessor-version":[{"id":229349,"href":"https:\/\/www.tgrthaber.com\/mavikadin\/wp-json\/wp\/v2\/posts\/229339\/revisions\/229349"}],"wp:featuredmedia":[{"embeddable":true,"href":"https:\/\/www.tgrthaber.com\/mavikadin\/wp-json\/wp\/v2\/media\/229340"}],"wp:attachment":[{"href":"https:\/\/www.tgrthaber.com\/mavikadin\/wp-json\/wp\/v2\/media?parent=229339"}],"wp:term":[{"taxonomy":"category","embeddable":true,"href":"https:\/\/www.tgrthaber.com\/mavikadin\/wp-json\/wp\/v2\/categories?post=229339"},{"taxonomy":"post_tag","embeddable":true,"href":"https:\/\/www.tgrthaber.com\/mavikadin\/wp-json\/wp\/v2\/tags?post=229339"}],"curies":[{"name":"wp","href":"https:\/\/api.w.org\/{rel}","templated":true}]}}