{"id":229378,"date":"2025-09-01T17:35:18","date_gmt":"2025-09-01T14:35:18","guid":{"rendered":"https:\/\/www.tgrthaber.com\/mavikadin\/?p=229378"},"modified":"2025-09-01T17:35:18","modified_gmt":"2025-09-01T14:35:18","slug":"bon-appetit-your-majesty-5-bolum-fragmani-yayinlandi-mi-bon-appetit-your-majesty-5-bolum-ne-zaman","status":"publish","type":"post","link":"https:\/\/www.tgrthaber.com\/mavikadin\/bon-appetit-your-majesty-5-bolum-fragmani-yayinlandi-mi-bon-appetit-your-majesty-5-bolum-ne-zaman\/","title":{"rendered":"Bon Appetit Your Majesty 5. b\u00f6l\u00fcm fragman\u0131 yay\u0131nland\u0131 m\u0131? Bon Appetit Your Majesty 5. b\u00f6l\u00fcm ne zaman?"},"content":{"rendered":"<p>Dijital platformun yeni dizilerinden olan Bon Appetit Your Majesty, yo\u011fun ilgi ile takip edilmeye devam ediyor. Netflix\u2019te k\u0131sa s\u00fcrede zirveye yerle\u015fen dizi, \u015fimdilerde be\u015finci b\u00f6l\u00fcm\u00fc ile merak ediliyor. Peki, Bon Appetit Your Majesty 5. b\u00f6l\u00fcm fragman\u0131 yay\u0131nland\u0131 m\u0131? sorusunu sizin i\u00e7in ara\u015ft\u0131rd\u0131k. \u0130\u015fte detaylar\u2026<\/p>\n<h3>BON APPET\u0130T YOUR MAJESTY 5. B\u00d6L\u00dcM FRAGMANI YAYINLANDI MI?<\/h3>\n<p>Netflix ekranlar\u0131nda k\u0131sa s\u00fcrede yo\u011fun ilgi ile takip edilen <a href=\"https:\/\/www.tgrthaber.com\/mavikadin\/bon-appetit-your-majesty-dizisi-rekor-ustune-rekor-kiriyor-dizi-listelerinde-ust-siralarda-yer-aliyor\/\">Bon Appetit Your Majesty,<\/a> dikkatleri \u00fczerine \u00e7ekmeyi ba\u015fard\u0131. Yay\u0131n hayat\u0131na girdi\u011fi ilk haftadan beri b\u00fcy\u00fck ilgi ile takip edilen dizi, k\u0131sa s\u00fcre de en \u00e7ok izlenen diziler aras\u0131nda yer ald\u0131.<\/p>\n<p><img loading=\"lazy\" decoding=\"async\" class=\"alignnone size-full wp-image-229388\" src=\"https:\/\/www.tgrthaber.com\/mavikadin\/wp-content\/uploads\/ARZU-98-8.jpg\" alt=\"Bon Appetit Your Majesty 5. b\u00f6l\u00fcm fragman\u0131 yay\u0131nland\u0131 m\u0131? Bon Appetit Your Majesty 5. b\u00f6l\u00fcm ne zaman?\" width=\"1208\" height=\"680\" title=\"\" srcset=\"https:\/\/www.tgrthaber.com\/mavikadin\/wp-content\/uploads\/ARZU-98-8.jpg 1208w, https:\/\/www.tgrthaber.com\/mavikadin\/wp-content\/uploads\/ARZU-98-8-300x169.jpg 300w, https:\/\/www.tgrthaber.com\/mavikadin\/wp-content\/uploads\/ARZU-98-8-1024x576.jpg 1024w, https:\/\/www.tgrthaber.com\/mavikadin\/wp-content\/uploads\/ARZU-98-8-768x432.jpg 768w\" sizes=\"(max-width: 1208px) 100vw, 1208px\" \/><\/p>\n<hr \/>\n<p>31 A\u011fustos 2025 tarihinde izleyici ile bulu\u015fan Bon Appetit Your Majesty dizisi, romantik drama t\u00fcr\u00fc olan ve konusu ile dikkatleri \u00fczerine \u00e7ekti. Frans\u0131z mutfa\u011f\u0131nda uzmanla\u015fm\u0131\u015f bir G\u00fcney Koreli \u015fef, Yeon Ji-yeong\u2019un hikayesi ile ba\u015flayan dizi zamanda yolculuk ile izleyici kar\u015f\u0131s\u0131na \u00e7\u0131k\u0131yor.<\/p>\n<p><img loading=\"lazy\" decoding=\"async\" class=\"alignnone size-full wp-image-229389\" src=\"https:\/\/www.tgrthaber.com\/mavikadin\/wp-content\/uploads\/ARZU-97-9.jpg\" alt=\"Bon Appetit Your Majesty 5. b\u00f6l\u00fcm fragman\u0131 yay\u0131nland\u0131 m\u0131? Bon Appetit Your Majesty 5. b\u00f6l\u00fcm ne zaman?\" width=\"1208\" height=\"680\" title=\"\" srcset=\"https:\/\/www.tgrthaber.com\/mavikadin\/wp-content\/uploads\/ARZU-97-9.jpg 1208w, https:\/\/www.tgrthaber.com\/mavikadin\/wp-content\/uploads\/ARZU-97-9-300x169.jpg 300w, https:\/\/www.tgrthaber.com\/mavikadin\/wp-content\/uploads\/ARZU-97-9-1024x576.jpg 1024w, https:\/\/www.tgrthaber.com\/mavikadin\/wp-content\/uploads\/ARZU-97-9-768x432.jpg 768w\" sizes=\"(max-width: 1208px) 100vw, 1208px\" \/><\/p>\n<hr \/>\n<p>G\u00fcney Koreli \u015fefin bir yemek yar\u0131\u015fmas\u0131n\u0131 kazanmas\u0131n\u0131n ard\u0131ndan Joseon d\u00f6nemine s\u00fcrpriz bir \u015fekilde yapt\u0131\u011f\u0131 zaman yolculu\u011fu seyirciyi hem \u015fa\u015f\u0131rt\u0131yor hem de merakland\u0131r\u0131yor. Her hafta yeni b\u00f6l\u00fcmleri ile dikkatleri \u00fczerine \u00e7eken dizi, oyuncular\u0131 ile de g\u00fcndeme geliyor.<\/p>\n<p><img loading=\"lazy\" decoding=\"async\" class=\"alignnone size-full wp-image-229391\" src=\"https:\/\/www.tgrthaber.com\/mavikadin\/wp-content\/uploads\/ARZU-95-9.jpg\" alt=\"Bon Appetit Your Majesty 5. b\u00f6l\u00fcm fragman\u0131 yay\u0131nland\u0131 m\u0131? Bon Appetit Your Majesty 5. b\u00f6l\u00fcm ne zaman?\" width=\"1208\" height=\"680\" title=\"\" srcset=\"https:\/\/www.tgrthaber.com\/mavikadin\/wp-content\/uploads\/ARZU-95-9.jpg 1208w, https:\/\/www.tgrthaber.com\/mavikadin\/wp-content\/uploads\/ARZU-95-9-300x169.jpg 300w, https:\/\/www.tgrthaber.com\/mavikadin\/wp-content\/uploads\/ARZU-95-9-1024x576.jpg 1024w, https:\/\/www.tgrthaber.com\/mavikadin\/wp-content\/uploads\/ARZU-95-9-768x432.jpg 768w\" sizes=\"(max-width: 1208px) 100vw, 1208px\" \/><\/p>\n<hr \/>\n<p>Dizinin oyuncular\u0131 aras\u0131nda ise Im Yoon-ah Yeon Ji-yeong karakterini, Lee Chae-min Kral Lee Heon\u2019u ve Kang Han-na kral\u0131n kar\u0131s\u0131 Kang Mok-ju\u2019yu oynuyor. Prens Je Seon rol\u00fcnde ise Choi Gwi-hwa oynuyor.<\/p>\n<p><img loading=\"lazy\" decoding=\"async\" class=\"alignnone size-full wp-image-229390\" src=\"https:\/\/www.tgrthaber.com\/mavikadin\/wp-content\/uploads\/ARZU-96-9.jpg\" alt=\"Bon Appetit Your Majesty 5. b\u00f6l\u00fcm fragman\u0131 yay\u0131nland\u0131 m\u0131? Bon Appetit Your Majesty 5. b\u00f6l\u00fcm ne zaman?\" width=\"1208\" height=\"680\" title=\"\" srcset=\"https:\/\/www.tgrthaber.com\/mavikadin\/wp-content\/uploads\/ARZU-96-9.jpg 1208w, https:\/\/www.tgrthaber.com\/mavikadin\/wp-content\/uploads\/ARZU-96-9-300x169.jpg 300w, https:\/\/www.tgrthaber.com\/mavikadin\/wp-content\/uploads\/ARZU-96-9-1024x576.jpg 1024w, https:\/\/www.tgrthaber.com\/mavikadin\/wp-content\/uploads\/ARZU-96-9-768x432.jpg 768w\" sizes=\"(max-width: 1208px) 100vw, 1208px\" \/><\/p>\n<hr \/>\n<p>\u015eimdilerde d\u00f6rd\u00fcnc\u00fc b\u00f6l\u00fcm\u00fc ile yay\u0131nlanan dizi yeni b\u00f6l\u00fcm\u00fc ile de merak ediliyor. Arama motorlar\u0131nda yeni b\u00f6l\u00fcm\u00fc ne zaman yay\u0131nlanaca\u011f\u0131 ile alakal\u0131 sorular ara\u015ft\u0131r\u0131l\u0131yor. D\u00f6rd\u00fcnc\u00fc b\u00f6l\u00fcm\u00fc hemen hemen bir hafta \u00f6nce yay\u0131nlanan Bon Appetit Your Majesty dizisi, yeni b\u00f6l\u00fcm\u00fc ile Netflix\u2019te izleyicisi ile bulu\u015facak.<\/p>\n<h3><img loading=\"lazy\" decoding=\"async\" class=\"alignnone size-full wp-image-229392\" src=\"https:\/\/www.tgrthaber.com\/mavikadin\/wp-content\/uploads\/ARZU-94-9.jpg\" alt=\"Bon Appetit Your Majesty 5. b\u00f6l\u00fcm fragman\u0131 yay\u0131nland\u0131 m\u0131? Bon Appetit Your Majesty 5. b\u00f6l\u00fcm ne zaman?\" width=\"1208\" height=\"680\" title=\"\" srcset=\"https:\/\/www.tgrthaber.com\/mavikadin\/wp-content\/uploads\/ARZU-94-9.jpg 1208w, https:\/\/www.tgrthaber.com\/mavikadin\/wp-content\/uploads\/ARZU-94-9-300x169.jpg 300w, https:\/\/www.tgrthaber.com\/mavikadin\/wp-content\/uploads\/ARZU-94-9-1024x576.jpg 1024w, https:\/\/www.tgrthaber.com\/mavikadin\/wp-content\/uploads\/ARZU-94-9-768x432.jpg 768w\" sizes=\"(max-width: 1208px) 100vw, 1208px\" \/><\/h3>\n<hr \/>\n<h3>BON APPET\u0130T YOUR MAJESTY 5. B\u00d6L\u00dcM NE ZAMAN?<\/h3>\n<p>Bon Appetit Your Majesty dizisi yay\u0131nland\u0131\u011f\u0131 ilk andan itibaren b\u00fcy\u00fck ses getirmeye devam ediyor. \u015eu anl\u0131k ilk sezonu ile yay\u0131nlanacak olan dizi 12 b\u00f6l\u00fcm\u00fc ile ekranlara gelecek. \u0130kinci sezonu i\u00e7in hen\u00fcz kamuoyuna yans\u0131yan bir a\u00e7\u0131klama bulunamam\u0131\u015ft\u0131r.<\/p>\n<p><img loading=\"lazy\" decoding=\"async\" class=\"alignnone size-full wp-image-229393\" src=\"https:\/\/www.tgrthaber.com\/mavikadin\/wp-content\/uploads\/ARZU-93-9.jpg\" alt=\"Bon Appetit Your Majesty 5. b\u00f6l\u00fcm fragman\u0131 yay\u0131nland\u0131 m\u0131? Bon Appetit Your Majesty 5. b\u00f6l\u00fcm ne zaman?\" width=\"1208\" height=\"680\" title=\"\" srcset=\"https:\/\/www.tgrthaber.com\/mavikadin\/wp-content\/uploads\/ARZU-93-9.jpg 1208w, https:\/\/www.tgrthaber.com\/mavikadin\/wp-content\/uploads\/ARZU-93-9-300x169.jpg 300w, https:\/\/www.tgrthaber.com\/mavikadin\/wp-content\/uploads\/ARZU-93-9-1024x576.jpg 1024w, https:\/\/www.tgrthaber.com\/mavikadin\/wp-content\/uploads\/ARZU-93-9-768x432.jpg 768w\" sizes=\"(max-width: 1208px) 100vw, 1208px\" \/><\/p>\n<hr \/>\n<p>\u0130lk sezonu ile \u015fimdiden b\u00fcy\u00fck ses getiren dizi sosyal medyan\u0131n da en \u00e7ok konu\u015fulan dizileri aras\u0131nda yer al\u0131yor. T\u00fcrkiye\u2019de genel izleme listelerinde en \u00fcst s\u0131ralarda olan ba\u015far\u0131l\u0131 dizi uzun s\u00fcre konu\u015fulacak gibi g\u00f6r\u00fcn\u00fcyor. Bon Appetit Your Majesty, 5. b\u00f6l\u00fcm\u00fc hakk\u0131nda bilgiler kamuoyunda bulunamam\u0131\u015ft\u0131r.<\/p>\n","protected":false},"excerpt":{"rendered":"<p>Netflix ekranlar\u0131nda yay\u0131nlanan Bon Appetit Your Majesty, be\u015finci b\u00f6l\u00fcm\u00fc ile merak edildi. En son d\u00f6rd\u00fcnc\u00fc b\u00f6l\u00fcm\u00fc yay\u0131nlanan Bon Appetit Your Majesty, \u015fimdilerde yeni b\u00f6l\u00fcm\u00fcyle arama motorlar\u0131nda ad\u0131 en \u00e7ok aranan diziler aras\u0131nda yer ald\u0131. Peki, Bon Appetit Your Majesty 5. b\u00f6l\u00fcm fragman\u0131 yay\u0131nland\u0131 m\u0131? \u0130\u015fte detaylar\u2026<\/p>\n","protected":false},"author":34,"featured_media":229387,"comment_status":"closed","ping_status":"closed","sticky":false,"template":"","format":"standard","meta":{"rank_math_lock_modified_date":false,"footnotes":""},"categories":[602],"tags":[29794,61238,61237,2628],"class_list":["post-229378","post","type-post","status-publish","format-standard","has-post-thumbnail","hentry","category-diziler","tag-bon-appetit-your-majesty","tag-bon-appetit-your-majesty-5-bolum","tag-bon-appetit-your-majesty-dizi","tag-dizi-haberleri"],"_links":{"self":[{"href":"https:\/\/www.tgrthaber.com\/mavikadin\/wp-json\/wp\/v2\/posts\/229378"}],"collection":[{"href":"https:\/\/www.tgrthaber.com\/mavikadin\/wp-json\/wp\/v2\/posts"}],"about":[{"href":"https:\/\/www.tgrthaber.com\/mavikadin\/wp-json\/wp\/v2\/types\/post"}],"author":[{"embeddable":true,"href":"https:\/\/www.tgrthaber.com\/mavikadin\/wp-json\/wp\/v2\/users\/34"}],"replies":[{"embeddable":true,"href":"https:\/\/www.tgrthaber.com\/mavikadin\/wp-json\/wp\/v2\/comments?post=229378"}],"version-history":[{"count":2,"href":"https:\/\/www.tgrthaber.com\/mavikadin\/wp-json\/wp\/v2\/posts\/229378\/revisions"}],"predecessor-version":[{"id":229397,"href":"https:\/\/www.tgrthaber.com\/mavikadin\/wp-json\/wp\/v2\/posts\/229378\/revisions\/229397"}],"wp:featuredmedia":[{"embeddable":true,"href":"https:\/\/www.tgrthaber.com\/mavikadin\/wp-json\/wp\/v2\/media\/229387"}],"wp:attachment":[{"href":"https:\/\/www.tgrthaber.com\/mavikadin\/wp-json\/wp\/v2\/media?parent=229378"}],"wp:term":[{"taxonomy":"category","embeddable":true,"href":"https:\/\/www.tgrthaber.com\/mavikadin\/wp-json\/wp\/v2\/categories?post=229378"},{"taxonomy":"post_tag","embeddable":true,"href":"https:\/\/www.tgrthaber.com\/mavikadin\/wp-json\/wp\/v2\/tags?post=229378"}],"curies":[{"name":"wp","href":"https:\/\/api.w.org\/{rel}","templated":true}]}}