{"id":229401,"date":"2025-09-01T18:34:57","date_gmt":"2025-09-01T15:34:57","guid":{"rendered":"https:\/\/www.tgrthaber.com\/mavikadin\/?p=229401"},"modified":"2025-09-01T18:34:57","modified_gmt":"2025-09-01T15:34:57","slug":"yeni-sezon-dizileri-ne-zaman-basliyor-dizilerin-yayin-tarihleri-belli-oldu","status":"publish","type":"post","link":"https:\/\/www.tgrthaber.com\/mavikadin\/yeni-sezon-dizileri-ne-zaman-basliyor-dizilerin-yayin-tarihleri-belli-oldu\/","title":{"rendered":"Yeni sezon dizileri ne zaman ba\u015fl\u0131yor? Dizilerin yay\u0131n tarihleri belli oldu"},"content":{"rendered":"<p>Yeni sezonda ekranlara gelecek olan dizilerin yay\u0131n tarihleri yava\u015f yava\u015f a\u00e7\u0131klanmaya ba\u015flad\u0131. Birbirinden ba\u015far\u0131l\u0131 diziler yeni sezonlar\u0131 ile seyircisiyle bulu\u015facak. Bizlerde sizin i\u00e7in bu dizileri ara\u015ft\u0131rd\u0131k. \u0130\u015fte detaylar\u2026<\/p>\n<h3>YEN\u0130 SEZON D\u0130Z\u0130LER\u0130 NE ZAMAN BA\u015eLIYOR?<\/h3>\n<p>Eyl\u00fcl ay\u0131 yakla\u015ft\u0131k\u00e7a televizyon ekranlar\u0131nda yay\u0131nlanacak olan diziler de merak edilmeye ba\u015fland\u0131. \u0130zleyicilerin hem yeni dizileri hem de sezon finali vererek ekranlara ara veren pop\u00fcler dizilerin ne zaman ekranlara geri d\u00f6nece\u011fi ara\u015ft\u0131r\u0131lmaya ba\u015fland\u0131.<\/p>\n<p><img loading=\"lazy\" decoding=\"async\" class=\"alignnone size-full wp-image-229421\" src=\"https:\/\/www.tgrthaber.com\/mavikadin\/wp-content\/uploads\/ARZU-2025-09-01T182706.628.jpg\" alt=\"Yeni sezon dizileri ne zaman ba\u015fl\u0131yor? Dizilerin yay\u0131n tarihleri belli oldu\" width=\"1208\" height=\"680\" title=\"\" srcset=\"https:\/\/www.tgrthaber.com\/mavikadin\/wp-content\/uploads\/ARZU-2025-09-01T182706.628.jpg 1208w, https:\/\/www.tgrthaber.com\/mavikadin\/wp-content\/uploads\/ARZU-2025-09-01T182706.628-300x169.jpg 300w, https:\/\/www.tgrthaber.com\/mavikadin\/wp-content\/uploads\/ARZU-2025-09-01T182706.628-1024x576.jpg 1024w, https:\/\/www.tgrthaber.com\/mavikadin\/wp-content\/uploads\/ARZU-2025-09-01T182706.628-768x432.jpg 768w\" sizes=\"(max-width: 1208px) 100vw, 1208px\" \/><\/p>\n<hr \/>\n<p>Yeni sezonun da ba\u015flamas\u0131yla birlikte dizi d\u00fcnyas\u0131nda heyecanl\u0131 bir rekabetlik s\u00f6z konusu olacak. Bizler de sizin i\u00e7in bu sene hem yeni yay\u0131n hayat\u0131na girecek olan hem de sezon finali ile ara veren dizileri ara\u015ft\u0131rd\u0131k.<\/p>\n<p><img loading=\"lazy\" decoding=\"async\" class=\"alignnone size-full wp-image-229409\" src=\"https:\/\/www.tgrthaber.com\/mavikadin\/wp-content\/uploads\/ARZU-2025-09-01T182259.441.jpg\" alt=\"Yeni sezon dizileri ne zaman ba\u015fl\u0131yor? Dizilerin yay\u0131n tarihleri belli oldu\" width=\"1208\" height=\"680\" title=\"\" srcset=\"https:\/\/www.tgrthaber.com\/mavikadin\/wp-content\/uploads\/ARZU-2025-09-01T182259.441.jpg 1208w, https:\/\/www.tgrthaber.com\/mavikadin\/wp-content\/uploads\/ARZU-2025-09-01T182259.441-300x169.jpg 300w, https:\/\/www.tgrthaber.com\/mavikadin\/wp-content\/uploads\/ARZU-2025-09-01T182259.441-1024x576.jpg 1024w, https:\/\/www.tgrthaber.com\/mavikadin\/wp-content\/uploads\/ARZU-2025-09-01T182259.441-768x432.jpg 768w\" sizes=\"(max-width: 1208px) 100vw, 1208px\" \/><\/p>\n<hr \/>\n<p><strong>G\u00f6zleri Karadeniz<\/strong><\/p>\n<p>ATV ekranlar\u0131nda yay\u0131nlanacak olan G\u00f6zleri Karadeniz dizisi, yeni sezonu ile 2 Eyl\u00fcl 2025 Sal\u0131 ak\u015fam\u0131 ekranlara gelecek. Ba\u015frollerini Halit \u00d6zg\u00fcr Sar\u0131 ve \u00d6zge Ya\u011f\u0131z\u2019\u0131n payla\u015ft\u0131\u011f\u0131 dizi, \u015fimdiden izlenecek diziler aras\u0131nda yer alacak.<\/p>\n<p><img loading=\"lazy\" decoding=\"async\" class=\"alignnone size-full wp-image-229411\" src=\"https:\/\/www.tgrthaber.com\/mavikadin\/wp-content\/uploads\/ARZU-2025-09-01T182239.827.jpg\" alt=\"Yeni sezon dizileri ne zaman ba\u015fl\u0131yor? Dizilerin yay\u0131n tarihleri belli oldu\" width=\"1208\" height=\"680\" title=\"\" srcset=\"https:\/\/www.tgrthaber.com\/mavikadin\/wp-content\/uploads\/ARZU-2025-09-01T182239.827.jpg 1208w, https:\/\/www.tgrthaber.com\/mavikadin\/wp-content\/uploads\/ARZU-2025-09-01T182239.827-300x169.jpg 300w, https:\/\/www.tgrthaber.com\/mavikadin\/wp-content\/uploads\/ARZU-2025-09-01T182239.827-1024x576.jpg 1024w, https:\/\/www.tgrthaber.com\/mavikadin\/wp-content\/uploads\/ARZU-2025-09-01T182239.827-768x432.jpg 768w\" sizes=\"(max-width: 1208px) 100vw, 1208px\" \/><\/p>\n<hr \/>\n<p><strong>Can Borcu<\/strong><\/p>\n<p>ATV ekranlar\u0131n\u0131n sevilen dizisi Can Borcu, sezon finalinin ard\u0131nda ekranlara d\u00f6nmeye haz\u0131rlan\u0131yor. \u0130kinci sezonu ile izleyici kar\u015f\u0131s\u0131na \u00e7\u0131kacak Can Borcu dizisi 6 Eyl\u00fcl 2025 Cumartesi g\u00fcn\u00fc ekranlara gelecek.<\/p>\n<p><img loading=\"lazy\" decoding=\"async\" class=\"alignnone size-full wp-image-229403\" src=\"https:\/\/www.tgrthaber.com\/mavikadin\/wp-content\/uploads\/ARZU-2025-09-01T182343.642.jpg\" alt=\"Yeni sezon dizileri ne zaman ba\u015fl\u0131yor? Dizilerin yay\u0131n tarihleri belli oldu\" width=\"1208\" height=\"680\" title=\"\" srcset=\"https:\/\/www.tgrthaber.com\/mavikadin\/wp-content\/uploads\/ARZU-2025-09-01T182343.642.jpg 1208w, https:\/\/www.tgrthaber.com\/mavikadin\/wp-content\/uploads\/ARZU-2025-09-01T182343.642-300x169.jpg 300w, https:\/\/www.tgrthaber.com\/mavikadin\/wp-content\/uploads\/ARZU-2025-09-01T182343.642-1024x576.jpg 1024w, https:\/\/www.tgrthaber.com\/mavikadin\/wp-content\/uploads\/ARZU-2025-09-01T182343.642-768x432.jpg 768w\" sizes=\"(max-width: 1208px) 100vw, 1208px\" \/><\/p>\n<hr \/>\n<p><strong>G\u00f6n\u00fcl Da\u011f\u0131<\/strong><\/p>\n<p>TRT 1 ekranlar\u0131n\u0131n en pop\u00fcler dizileri aras\u0131nda yer alan G\u00f6n\u00fcl Da\u011f\u0131, sezon finalinin ard\u0131ndan alt\u0131nc\u0131 sezonuyla ekranlara geri d\u00f6n\u00fcyor. Yeni oyuncular\u0131n dizi kadrosuna dahil olmas\u0131 ile dizinin seyri \u015fimdiden merak ediliyor. G\u00f6n\u00fcl Da\u011f\u0131 6 Eyl\u00fcl 2025 Cumartesi g\u00fcn\u00fc sevenleri ile bulu\u015fuyor.<\/p>\n<p><img loading=\"lazy\" decoding=\"async\" class=\"alignnone size-full wp-image-229404\" src=\"https:\/\/www.tgrthaber.com\/mavikadin\/wp-content\/uploads\/ARZU-2025-09-01T182335.844.jpg\" alt=\"Yeni sezon dizileri ne zaman ba\u015fl\u0131yor? Dizilerin yay\u0131n tarihleri belli oldu\" width=\"1208\" height=\"680\" title=\"\" srcset=\"https:\/\/www.tgrthaber.com\/mavikadin\/wp-content\/uploads\/ARZU-2025-09-01T182335.844.jpg 1208w, https:\/\/www.tgrthaber.com\/mavikadin\/wp-content\/uploads\/ARZU-2025-09-01T182335.844-300x169.jpg 300w, https:\/\/www.tgrthaber.com\/mavikadin\/wp-content\/uploads\/ARZU-2025-09-01T182335.844-1024x576.jpg 1024w, https:\/\/www.tgrthaber.com\/mavikadin\/wp-content\/uploads\/ARZU-2025-09-01T182335.844-768x432.jpg 768w\" sizes=\"(max-width: 1208px) 100vw, 1208px\" \/><\/p>\n<hr \/>\n<p><strong>\u00c7arp\u0131nt\u0131<\/strong><\/p>\n<p>Star TV ekranlar\u0131n\u0131n yeni dizisi olacak olan \u00c7arp\u0131nt\u0131, ilk b\u00f6l\u00fcm\u00fc ile merak ediliyor. Konusu ve oyuncular\u0131yla dikkatleri \u00fczerine \u00e7eken dizi 7 Eyl\u00fcl 2025 Pazar g\u00fcn\u00fc ekranlara gelecek.<\/p>\n<p><img loading=\"lazy\" decoding=\"async\" class=\"alignnone size-full wp-image-229410\" src=\"https:\/\/www.tgrthaber.com\/mavikadin\/wp-content\/uploads\/ARZU-2025-09-01T182246.903.jpg\" alt=\"Yeni sezon dizileri ne zaman ba\u015fl\u0131yor? Dizilerin yay\u0131n tarihleri belli oldu\" width=\"1208\" height=\"680\" title=\"\" srcset=\"https:\/\/www.tgrthaber.com\/mavikadin\/wp-content\/uploads\/ARZU-2025-09-01T182246.903.jpg 1208w, https:\/\/www.tgrthaber.com\/mavikadin\/wp-content\/uploads\/ARZU-2025-09-01T182246.903-300x169.jpg 300w, https:\/\/www.tgrthaber.com\/mavikadin\/wp-content\/uploads\/ARZU-2025-09-01T182246.903-1024x576.jpg 1024w, https:\/\/www.tgrthaber.com\/mavikadin\/wp-content\/uploads\/ARZU-2025-09-01T182246.903-768x432.jpg 768w\" sizes=\"(max-width: 1208px) 100vw, 1208px\" \/><\/p>\n<hr \/>\n<p><strong>Sahipsizler<\/strong><\/p>\n<p>Sezon finali ile ekranlara ara veren Sahipsizler, yeni b\u00f6l\u00fcmleri ile Star TV ekranlar\u0131na geliyor. Dikkat \u00e7eken sezon finali ile ekranlara veda eden dizi, 10 Eyl\u00fcl 2025 \u00c7ar\u015famba g\u00fcn\u00fc izleyicisiyle bulu\u015facak.<\/p>\n<p><img loading=\"lazy\" decoding=\"async\" class=\"alignnone size-full wp-image-229413\" src=\"https:\/\/www.tgrthaber.com\/mavikadin\/wp-content\/uploads\/ARZU-100-8.jpg\" alt=\"Yeni sezon dizileri ne zaman ba\u015fl\u0131yor? Dizilerin yay\u0131n tarihleri belli oldu\" width=\"1208\" height=\"680\" title=\"\" srcset=\"https:\/\/www.tgrthaber.com\/mavikadin\/wp-content\/uploads\/ARZU-100-8.jpg 1208w, https:\/\/www.tgrthaber.com\/mavikadin\/wp-content\/uploads\/ARZU-100-8-300x169.jpg 300w, https:\/\/www.tgrthaber.com\/mavikadin\/wp-content\/uploads\/ARZU-100-8-1024x576.jpg 1024w, https:\/\/www.tgrthaber.com\/mavikadin\/wp-content\/uploads\/ARZU-100-8-768x432.jpg 768w\" sizes=\"(max-width: 1208px) 100vw, 1208px\" \/><\/p>\n<hr \/>\n<p><strong>Veliaht<\/strong><\/p>\n<p>Show TV ekranlar\u0131n\u0131n \u00e7ok konu\u015fulacak dizi Veliaht, konusu ve oyuncular\u0131 ile dikkatleri \u00fczerine \u00e7ekiyor. Yeni b\u00f6l\u00fcm\u00fc ile 11 Eyl\u00fcl 2025 Per\u015fembe g\u00fcn\u00fc ekranlara geliyor.<\/p>\n<p><img loading=\"lazy\" decoding=\"async\" class=\"alignnone size-full wp-image-229407\" src=\"https:\/\/www.tgrthaber.com\/mavikadin\/wp-content\/uploads\/ARZU-2025-09-01T182315.084.jpg\" alt=\"Yeni sezon dizileri ne zaman ba\u015fl\u0131yor? Dizilerin yay\u0131n tarihleri belli oldu\" width=\"1208\" height=\"680\" title=\"\" srcset=\"https:\/\/www.tgrthaber.com\/mavikadin\/wp-content\/uploads\/ARZU-2025-09-01T182315.084.jpg 1208w, https:\/\/www.tgrthaber.com\/mavikadin\/wp-content\/uploads\/ARZU-2025-09-01T182315.084-300x169.jpg 300w, https:\/\/www.tgrthaber.com\/mavikadin\/wp-content\/uploads\/ARZU-2025-09-01T182315.084-1024x576.jpg 1024w, https:\/\/www.tgrthaber.com\/mavikadin\/wp-content\/uploads\/ARZU-2025-09-01T182315.084-768x432.jpg 768w\" sizes=\"(max-width: 1208px) 100vw, 1208px\" \/><\/p>\n<hr \/>\n<p><strong>Arka Sokaklar<\/strong><\/p>\n<p>Kanal D ekranlar\u0131nda 20. Sezonuyla ekranlara gelecek olan y\u0131llar\u0131n dizisi Arka Sokaklar, efsane transfer oyuncular\u0131 ile dikkatleri \u00fczerine \u00e7ekiyor. 12 Eyl\u00fcl 2025 Cuma g\u00fcn\u00fc ekranlara geliyor.<\/p>\n<p><img loading=\"lazy\" decoding=\"async\" class=\"alignnone size-full wp-image-229412\" src=\"https:\/\/www.tgrthaber.com\/mavikadin\/wp-content\/uploads\/ARZU-2025-09-01T182231.422.jpg\" alt=\"Yeni sezon dizileri ne zaman ba\u015fl\u0131yor? Dizilerin yay\u0131n tarihleri belli oldu\" width=\"1208\" height=\"680\" title=\"\" srcset=\"https:\/\/www.tgrthaber.com\/mavikadin\/wp-content\/uploads\/ARZU-2025-09-01T182231.422.jpg 1208w, https:\/\/www.tgrthaber.com\/mavikadin\/wp-content\/uploads\/ARZU-2025-09-01T182231.422-300x169.jpg 300w, https:\/\/www.tgrthaber.com\/mavikadin\/wp-content\/uploads\/ARZU-2025-09-01T182231.422-1024x576.jpg 1024w, https:\/\/www.tgrthaber.com\/mavikadin\/wp-content\/uploads\/ARZU-2025-09-01T182231.422-768x432.jpg 768w\" sizes=\"(max-width: 1208px) 100vw, 1208px\" \/><\/p>\n<hr \/>\n<p><strong>A\u015fk ve G\u00f6zya\u015f\u0131<\/strong><\/p>\n<p>Bu sene ATV ekranlar\u0131nda yeni sezon dizilerinden biri de A\u015fk ve G\u00f6zya\u015f\u0131, ilk b\u00f6l\u00fcm\u00fc ile 12 Eyl\u00fcl 2025 Cuma seyircisiyle bulu\u015facak.<\/p>\n<p><img loading=\"lazy\" decoding=\"async\" class=\"alignnone size-full wp-image-229408\" src=\"https:\/\/www.tgrthaber.com\/mavikadin\/wp-content\/uploads\/ARZU-2025-09-01T182308.271.jpg\" alt=\"Yeni sezon dizileri ne zaman ba\u015fl\u0131yor? Dizilerin yay\u0131n tarihleri belli oldu\" width=\"1208\" height=\"680\" title=\"\" srcset=\"https:\/\/www.tgrthaber.com\/mavikadin\/wp-content\/uploads\/ARZU-2025-09-01T182308.271.jpg 1208w, https:\/\/www.tgrthaber.com\/mavikadin\/wp-content\/uploads\/ARZU-2025-09-01T182308.271-300x169.jpg 300w, https:\/\/www.tgrthaber.com\/mavikadin\/wp-content\/uploads\/ARZU-2025-09-01T182308.271-1024x576.jpg 1024w, https:\/\/www.tgrthaber.com\/mavikadin\/wp-content\/uploads\/ARZU-2025-09-01T182308.271-768x432.jpg 768w\" sizes=\"(max-width: 1208px) 100vw, 1208px\" \/><\/p>\n<hr \/>\n<p><strong>K\u0131z\u0131lc\u0131k \u015eerbeti<\/strong><\/p>\n<p>Show TV ekranlar\u0131n\u0131n fenomen dizisi K\u0131z\u0131lc\u0131k \u015eerbeti, sezon finali ile ekranlara ara vermi\u015fti. 12 Eyl\u00fcl Cuma g\u00fcn\u00fc yeni b\u00f6l\u00fcmleri ile ekranlara gelecek.<\/p>\n<p><img loading=\"lazy\" decoding=\"async\" class=\"alignnone size-full wp-image-229405\" src=\"https:\/\/www.tgrthaber.com\/mavikadin\/wp-content\/uploads\/ARZU-2025-09-01T182329.051.jpg\" alt=\"Yeni sezon dizileri ne zaman ba\u015fl\u0131yor? Dizilerin yay\u0131n tarihleri belli oldu\" width=\"1208\" height=\"680\" title=\"\" srcset=\"https:\/\/www.tgrthaber.com\/mavikadin\/wp-content\/uploads\/ARZU-2025-09-01T182329.051.jpg 1208w, https:\/\/www.tgrthaber.com\/mavikadin\/wp-content\/uploads\/ARZU-2025-09-01T182329.051-300x169.jpg 300w, https:\/\/www.tgrthaber.com\/mavikadin\/wp-content\/uploads\/ARZU-2025-09-01T182329.051-1024x576.jpg 1024w, https:\/\/www.tgrthaber.com\/mavikadin\/wp-content\/uploads\/ARZU-2025-09-01T182329.051-768x432.jpg 768w\" sizes=\"(max-width: 1208px) 100vw, 1208px\" \/><\/p>\n<hr \/>\n<p><strong>Uzak \u015eehir<\/strong><\/p>\n<p>Kanal D ekranlar\u0131n\u0131n reyting k\u0131ran dizisi Uzak \u015eehir, nefes kesen sezon finali ile ekranlara ara vermi\u015fti. 15 Eyl\u00fcl 2025 Pazartesi g\u00fcn\u00fc ikinci sezonuyla ekranlara gelecek.<\/p>\n<p><img loading=\"lazy\" decoding=\"async\" class=\"alignnone size-full wp-image-229406\" src=\"https:\/\/www.tgrthaber.com\/mavikadin\/wp-content\/uploads\/ARZU-2025-09-01T182322.099.jpg\" alt=\"Yeni sezon dizileri ne zaman ba\u015fl\u0131yor? Dizilerin yay\u0131n tarihleri belli oldu\" width=\"1208\" height=\"680\" title=\"\" srcset=\"https:\/\/www.tgrthaber.com\/mavikadin\/wp-content\/uploads\/ARZU-2025-09-01T182322.099.jpg 1208w, https:\/\/www.tgrthaber.com\/mavikadin\/wp-content\/uploads\/ARZU-2025-09-01T182322.099-300x169.jpg 300w, https:\/\/www.tgrthaber.com\/mavikadin\/wp-content\/uploads\/ARZU-2025-09-01T182322.099-1024x576.jpg 1024w, https:\/\/www.tgrthaber.com\/mavikadin\/wp-content\/uploads\/ARZU-2025-09-01T182322.099-768x432.jpg 768w\" sizes=\"(max-width: 1208px) 100vw, 1208px\" \/><\/p>\n<hr \/>\n<p><strong>E\u015fref R\u00fcya<\/strong><\/p>\n<p>Fenomen dizilerden biri olan E\u015fref R\u00fcya, sezon finaliyle ekranlara ara vermi\u015fti. Yeni sezonda nefes kesen b\u00f6l\u00fcmleri ile ekranlara gelecek olan E\u015fref R\u00fcya 17 Eyl\u00fcl 2025 \u00c7ar\u015famba g\u00fcn\u00fc ekranlara gelecek.<\/p>\n","protected":false},"excerpt":{"rendered":"<p>Yeni sezon dizileri ve sezonlar\u0131na devam edecek dizilerin yay\u0131n tarihleri belli oldu. Kanallar\u0131n yeni sezonda ekranlara gelecek dizilerini sizin i\u00e7in ara\u015ft\u0131rd\u0131k. \u0130\u015fte detaylar\u2026<\/p>\n","protected":false},"author":34,"featured_media":229422,"comment_status":"closed","ping_status":"closed","sticky":false,"template":"","format":"standard","meta":{"rank_math_lock_modified_date":false,"footnotes":""},"categories":[602],"tags":[2628,61241,29588,16725],"class_list":["post-229401","post","type-post","status-publish","format-standard","has-post-thumbnail","hentry","category-diziler","tag-dizi-haberleri","tag-populer-diziler","tag-yeni-diziler","tag-yeni-sezon-dizileri"],"_links":{"self":[{"href":"https:\/\/www.tgrthaber.com\/mavikadin\/wp-json\/wp\/v2\/posts\/229401"}],"collection":[{"href":"https:\/\/www.tgrthaber.com\/mavikadin\/wp-json\/wp\/v2\/posts"}],"about":[{"href":"https:\/\/www.tgrthaber.com\/mavikadin\/wp-json\/wp\/v2\/types\/post"}],"author":[{"embeddable":true,"href":"https:\/\/www.tgrthaber.com\/mavikadin\/wp-json\/wp\/v2\/users\/34"}],"replies":[{"embeddable":true,"href":"https:\/\/www.tgrthaber.com\/mavikadin\/wp-json\/wp\/v2\/comments?post=229401"}],"version-history":[{"count":1,"href":"https:\/\/www.tgrthaber.com\/mavikadin\/wp-json\/wp\/v2\/posts\/229401\/revisions"}],"predecessor-version":[{"id":229423,"href":"https:\/\/www.tgrthaber.com\/mavikadin\/wp-json\/wp\/v2\/posts\/229401\/revisions\/229423"}],"wp:featuredmedia":[{"embeddable":true,"href":"https:\/\/www.tgrthaber.com\/mavikadin\/wp-json\/wp\/v2\/media\/229422"}],"wp:attachment":[{"href":"https:\/\/www.tgrthaber.com\/mavikadin\/wp-json\/wp\/v2\/media?parent=229401"}],"wp:term":[{"taxonomy":"category","embeddable":true,"href":"https:\/\/www.tgrthaber.com\/mavikadin\/wp-json\/wp\/v2\/categories?post=229401"},{"taxonomy":"post_tag","embeddable":true,"href":"https:\/\/www.tgrthaber.com\/mavikadin\/wp-json\/wp\/v2\/tags?post=229401"}],"curies":[{"name":"wp","href":"https:\/\/api.w.org\/{rel}","templated":true}]}}