{"id":229459,"date":"2025-09-01T22:51:11","date_gmt":"2025-09-01T19:51:11","guid":{"rendered":"https:\/\/www.tgrthaber.com\/mavikadin\/?p=229459"},"modified":"2025-09-01T22:51:11","modified_gmt":"2025-09-01T19:51:11","slug":"turgut-kilic-kimdir-kac-yasinda-turgut-kilic-gonul-daginda-mi-oynayacak","status":"publish","type":"post","link":"https:\/\/www.tgrthaber.com\/mavikadin\/turgut-kilic-kimdir-kac-yasinda-turgut-kilic-gonul-daginda-mi-oynayacak\/","title":{"rendered":"Turgut K\u0131l\u0131\u00e7 kimdir ka\u00e7 ya\u015f\u0131nda? Turgut K\u0131l\u0131\u00e7 G\u00f6n\u00fcl Da\u011f\u0131&#8217;nda m\u0131 oynayacak?"},"content":{"rendered":"<p>Aksaray\u2019\u0131n tan\u0131nan ve herkes taraf\u0131ndan sevilen isimlerinden Turgut K\u0131l\u0131\u00e7,ayakkab\u0131 tamircili\u011fi mesle\u011fini bir \u00f6m\u00fcr boyunca s\u00fcrd\u00fcrmesiyle ve mesle\u011findeki ba\u015far\u0131s\u0131yla g\u00fcndeme gelmi\u015fti.\u00a0 TRT 1\u2019in reyting rekortmeni dizisi G\u00f6n\u00fcl Da\u011f\u0131, Anadolu insan\u0131n\u0131 da olabildi\u011fince ekranlara ta\u015f\u0131rken, K\u0131l\u0131\u00e7\u2019\u0131 da unutmad\u0131. Peki Turgut K\u0131l\u0131\u00e7 kimdir, ka\u00e7 ya\u015f\u0131nda? Turgut K\u0131l\u0131\u00e7 G\u00f6n\u00fcl Da\u011f\u0131 dizisinde oynayacak m\u0131, ne zaman oynayacak? \u0130\u015fte detaylar&#8230;<\/p>\n<h3>TURGUT KILI\u00c7 K\u0130MD\u0130R KA\u00c7 YA\u015eINDA?<\/h3>\n<p>Aksaray\u2019da do\u011fup b\u00fcy\u00fcyen Turgut K\u0131l\u0131\u00e7, hayat\u0131n\u0131 resmen ayakkab\u0131 tamircili\u011fine adam\u0131\u015f bir isim. S\u0131cakkanl\u0131 olu\u015fu, dost canl\u0131s\u0131 karakteri, azmi ve mesle\u011fine duydu\u011fu sevgiyle tan\u0131nan K\u0131l\u0131\u00e7, sadece i\u015finde usta olarak g\u00f6r\u00fclm\u00fcyor.<\/p>\n<p><img loading=\"lazy\" decoding=\"async\" class=\"alignnone wp-image-229463\" src=\"https:\/\/www.tgrthaber.com\/mavikadin\/wp-content\/uploads\/6630b33c2a13af5695e627c0-300x198.webp\" alt=\"\" width=\"1208\" height=\"799\" title=\"\" srcset=\"https:\/\/www.tgrthaber.com\/mavikadin\/wp-content\/uploads\/6630b33c2a13af5695e627c0-300x198.webp 300w, https:\/\/www.tgrthaber.com\/mavikadin\/wp-content\/uploads\/6630b33c2a13af5695e627c0-768x508.webp 768w, https:\/\/www.tgrthaber.com\/mavikadin\/wp-content\/uploads\/6630b33c2a13af5695e627c0.webp 770w\" sizes=\"(max-width: 1208px) 100vw, 1208px\" \/><\/p>\n<hr \/>\n<p>Ayn\u0131 zamanda Anadolu\u2019nun \u00f6zverili ve d\u00fcr\u00fcst esnaf kimli\u011fini temsil eden bir fig\u00fcr olarak tan\u0131n\u0131yor. &#8216;Allah\u2019\u0131n r\u0131zas\u0131n\u0131 kazanmak&#8217; diyerek yapt\u0131\u011f\u0131 bir konu\u015fma, sosyal medyada binlerce ki\u015fiye ula\u015farak adeta haf\u0131zalara kaz\u0131nd\u0131.<\/p>\n<p><img loading=\"lazy\" decoding=\"async\" class=\"alignnone wp-image-229465\" src=\"https:\/\/www.tgrthaber.com\/mavikadin\/wp-content\/uploads\/2024_08_26jafxwpaz-300x200.jpeg\" alt=\"\" width=\"1208\" height=\"805\" title=\"\" srcset=\"https:\/\/www.tgrthaber.com\/mavikadin\/wp-content\/uploads\/2024_08_26jafxwpaz-300x200.jpeg 300w, https:\/\/www.tgrthaber.com\/mavikadin\/wp-content\/uploads\/2024_08_26jafxwpaz-1024x682.jpeg 1024w, https:\/\/www.tgrthaber.com\/mavikadin\/wp-content\/uploads\/2024_08_26jafxwpaz-768x512.jpeg 768w, https:\/\/www.tgrthaber.com\/mavikadin\/wp-content\/uploads\/2024_08_26jafxwpaz-1536x1023.jpeg 1536w, https:\/\/www.tgrthaber.com\/mavikadin\/wp-content\/uploads\/2024_08_26jafxwpaz.jpeg 1600w\" sizes=\"(max-width: 1208px) 100vw, 1208px\" \/><\/p>\n<hr \/>\n<p>Bununla birlikte Turgut K\u0131l\u0131\u00e7, Cumhurba\u015fkanl\u0131\u011f\u0131 taraf\u0131ndan Y\u0131l\u0131n \u0130yilik \u00d6d\u00fcl\u00fc ile onurland\u0131r\u0131lm\u0131\u015ft\u0131. Daha \u00f6nce TRT 2\u2019de \u00d6m\u00fcr Dedi\u011fin, Diyanet TV\u2019de \u0130yilik Yolunda ve TRT 1\u2019de Hayata G\u00fcl\u00fcmse programlar\u0131na da konuk olan Turgut K\u0131l\u0131\u00e7, \u015fimdi G\u00f6n\u00fcl Da\u011f\u0131 dizisiyle g\u00fcndeme geldi.<\/p>\n<p><img loading=\"lazy\" decoding=\"async\" class=\"alignnone wp-image-229466\" src=\"https:\/\/www.tgrthaber.com\/mavikadin\/wp-content\/uploads\/6630b3452a13af5695e627c8-300x198.webp\" alt=\"\" width=\"1208\" height=\"799\" title=\"\" srcset=\"https:\/\/www.tgrthaber.com\/mavikadin\/wp-content\/uploads\/6630b3452a13af5695e627c8-300x198.webp 300w, https:\/\/www.tgrthaber.com\/mavikadin\/wp-content\/uploads\/6630b3452a13af5695e627c8-768x508.webp 768w, https:\/\/www.tgrthaber.com\/mavikadin\/wp-content\/uploads\/6630b3452a13af5695e627c8.webp 770w\" sizes=\"(max-width: 1208px) 100vw, 1208px\" \/><\/p>\n<hr \/>\n<p>58 ya\u015f\u0131nda oldu\u011fu bilinen Turgut K\u0131l\u0131\u00e7, uzun y\u0131llard\u0131r ayakkab\u0131 tamircili\u011fi yap\u0131yor.Turgut K\u0131l\u0131\u00e7 efsane ayakkab\u0131 tamircisi unvan\u0131yla herkesin ak\u0131nda yer edinmi\u015ftir.<\/p>\n<p><img loading=\"lazy\" decoding=\"async\" class=\"alignnone wp-image-229464\" src=\"https:\/\/www.tgrthaber.com\/mavikadin\/wp-content\/uploads\/turgut-usta-gonul-dagi-dizisi-1756723725-300x169.jpg\" alt=\"\" width=\"1208\" height=\"680\" title=\"\" srcset=\"https:\/\/www.tgrthaber.com\/mavikadin\/wp-content\/uploads\/turgut-usta-gonul-dagi-dizisi-1756723725-300x169.jpg 300w, https:\/\/www.tgrthaber.com\/mavikadin\/wp-content\/uploads\/turgut-usta-gonul-dagi-dizisi-1756723725-768x432.jpg 768w, https:\/\/www.tgrthaber.com\/mavikadin\/wp-content\/uploads\/turgut-usta-gonul-dagi-dizisi-1756723725.jpg 800w\" sizes=\"(max-width: 1208px) 100vw, 1208px\" \/><\/p>\n<hr \/>\n<h3>G\u00d6N\u00dcL DA\u011eI\u2019NDA MI OYNAYACAK?<\/h3>\n<p>E\u015fiyle birlikte Eski\u015fehir\u2019in Sivrihisar il\u00e7esine davet edilen Turgut Usta, <a href=\"https:\/\/www.tgrthaber.com\/mavikadin\/gonul-dagi-6-sezon-ilk-tanitimi-yayinlandi-fragman-izleyicilerde-buyuk-merak-uyandirdi\/\">G\u00f6n\u00fcl Da\u011f\u0131<\/a> dizisinde oynayacak. Y\u0131llard\u0131r Aksaray sokaklar\u0131nda ya\u015fayan k\u00fclt\u00fcr miras\u0131 olarak bilinen K\u0131l\u0131\u00e7, bu defa milyonlar\u0131n kar\u015f\u0131s\u0131na ge\u00e7ecek. Bu ba\u015far\u0131n\u0131n onun mesle\u011fine de katk\u0131 sa\u011flayaca\u011f\u0131 d\u00fc\u015f\u00fcn\u00fcl\u00fcyor.<\/p>\n<p><img loading=\"lazy\" decoding=\"async\" class=\"alignnone wp-image-229462\" src=\"https:\/\/www.tgrthaber.com\/mavikadin\/wp-content\/uploads\/maxresdefault-8-3-300x169.jpg\" alt=\"\" width=\"1208\" height=\"680\" title=\"\" srcset=\"https:\/\/www.tgrthaber.com\/mavikadin\/wp-content\/uploads\/maxresdefault-8-3-300x169.jpg 300w, https:\/\/www.tgrthaber.com\/mavikadin\/wp-content\/uploads\/maxresdefault-8-3-1024x576.jpg 1024w, https:\/\/www.tgrthaber.com\/mavikadin\/wp-content\/uploads\/maxresdefault-8-3-768x432.jpg 768w, https:\/\/www.tgrthaber.com\/mavikadin\/wp-content\/uploads\/maxresdefault-8-3.jpg 1280w\" sizes=\"(max-width: 1208px) 100vw, 1208px\" \/><\/p>\n<hr \/>\n<p>\u00c7ekimler Eski\u015fehir\u2019in Sivrihisar il\u00e7esinde yap\u0131l\u0131yor. K\u0131l\u0131\u00e7 ise seyyar ayakkab\u0131 tamircisi rol\u00fcyle G\u00f6n\u00fcl Da\u011f\u0131 dizisinde bulunacak. \u00d6zellikle usta oyuncu Erdal \u00d6zya\u011fc\u0131lar ile ayn\u0131 sahneyi payla\u015facak olmas\u0131 da \u015fimdiden \u00e7ok heyecan olu\u015fturdu.<\/p>\n<p>Turgut K\u0131l\u0131\u00e7, dizide \u00d6zya\u011fc\u0131lar\u2019\u0131n oynad\u0131\u011f\u0131 S\u00fcleyman Kaya karakterinin ayakkab\u0131s\u0131n\u0131n s\u00f6k\u00fclmesi \u00fczerine dizide yer alacak.<\/p>\n<p><img loading=\"lazy\" decoding=\"async\" class=\"alignnone wp-image-229467\" src=\"https:\/\/www.tgrthaber.com\/mavikadin\/wp-content\/uploads\/Adsiz-tasarim-53-22-300x169.webp\" alt=\"\" width=\"1208\" height=\"680\" title=\"\" srcset=\"https:\/\/www.tgrthaber.com\/mavikadin\/wp-content\/uploads\/Adsiz-tasarim-53-22-300x169.webp 300w, https:\/\/www.tgrthaber.com\/mavikadin\/wp-content\/uploads\/Adsiz-tasarim-53-22-1024x576.webp 1024w, https:\/\/www.tgrthaber.com\/mavikadin\/wp-content\/uploads\/Adsiz-tasarim-53-22-768x432.webp 768w, https:\/\/www.tgrthaber.com\/mavikadin\/wp-content\/uploads\/Adsiz-tasarim-53-22.webp 1208w\" sizes=\"(max-width: 1208px) 100vw, 1208px\" \/><\/p>\n<h3>SOSYAL MEDYADA GEN\u0130\u015e YANKI BULDU<\/h3>\n<p>Aksaray halk\u0131, Turgut Usta\u2019n\u0131n dizide rol alaca\u011f\u0131 haberini b\u00fcy\u00fck bir mutlulukla kar\u015f\u0131lad\u0131. Sosyal medyada yap\u0131lan yorumlarda, Bu sadece bir ki\u015fisel ba\u015far\u0131 de\u011fil, ayn\u0131 zamanda Aksaray i\u00e7in b\u00fcy\u00fck bir gurur ifadeleri \u00f6ne \u00e7\u0131kt\u0131.<\/p>\n","protected":false},"excerpt":{"rendered":"<p>Son zamanlarda ad\u0131n\u0131 sosyal medyada da duydu\u011fumuz Turgut K\u0131l\u0131\u00e7 merak konusu oldu. Turgut K\u0131l\u0131\u00e7&#8217;\u0131n kim oldu\u011fu, ne i\u015f yapt\u0131\u011f\u0131 ve ya\u015f\u0131 ara\u015ft\u0131r\u0131l\u0131yor. Peki G\u00f6n\u00fcl Da\u011f\u0131 dizisiyle de g\u00fcndeme gelen Turgut K\u0131l\u0131\u00e7 ger\u00e7ekten G\u00f6n\u00fcl Da\u011f\u0131 dizisinde mi oynayacak? \u0130\u015fte Turgut K\u0131l\u0131\u00e7&#8217;a dair merak edilen t\u00fcm detaylar&#8230; <\/p>\n","protected":false},"author":35,"featured_media":229460,"comment_status":"closed","ping_status":"closed","sticky":false,"template":"","format":"standard","meta":{"rank_math_lock_modified_date":false,"footnotes":""},"categories":[491],"tags":[3374,3687,61250,61252,61251],"class_list":["post-229459","post","type-post","status-publish","format-standard","has-post-thumbnail","hentry","category-biyografi","tag-biyografi","tag-gonul-dagi","tag-turgut-kilic","tag-turgut-kilic-kac-yasinda","tag-turgut-kilic-kimdir"],"_links":{"self":[{"href":"https:\/\/www.tgrthaber.com\/mavikadin\/wp-json\/wp\/v2\/posts\/229459"}],"collection":[{"href":"https:\/\/www.tgrthaber.com\/mavikadin\/wp-json\/wp\/v2\/posts"}],"about":[{"href":"https:\/\/www.tgrthaber.com\/mavikadin\/wp-json\/wp\/v2\/types\/post"}],"author":[{"embeddable":true,"href":"https:\/\/www.tgrthaber.com\/mavikadin\/wp-json\/wp\/v2\/users\/35"}],"replies":[{"embeddable":true,"href":"https:\/\/www.tgrthaber.com\/mavikadin\/wp-json\/wp\/v2\/comments?post=229459"}],"version-history":[{"count":2,"href":"https:\/\/www.tgrthaber.com\/mavikadin\/wp-json\/wp\/v2\/posts\/229459\/revisions"}],"predecessor-version":[{"id":229469,"href":"https:\/\/www.tgrthaber.com\/mavikadin\/wp-json\/wp\/v2\/posts\/229459\/revisions\/229469"}],"wp:featuredmedia":[{"embeddable":true,"href":"https:\/\/www.tgrthaber.com\/mavikadin\/wp-json\/wp\/v2\/media\/229460"}],"wp:attachment":[{"href":"https:\/\/www.tgrthaber.com\/mavikadin\/wp-json\/wp\/v2\/media?parent=229459"}],"wp:term":[{"taxonomy":"category","embeddable":true,"href":"https:\/\/www.tgrthaber.com\/mavikadin\/wp-json\/wp\/v2\/categories?post=229459"},{"taxonomy":"post_tag","embeddable":true,"href":"https:\/\/www.tgrthaber.com\/mavikadin\/wp-json\/wp\/v2\/tags?post=229459"}],"curies":[{"name":"wp","href":"https:\/\/api.w.org\/{rel}","templated":true}]}}