{"id":229514,"date":"2025-09-02T10:15:17","date_gmt":"2025-09-02T07:15:17","guid":{"rendered":"https:\/\/www.tgrthaber.com\/mavikadin\/?p=229514"},"modified":"2025-09-02T10:15:29","modified_gmt":"2025-09-02T07:15:29","slug":"masterchefte-buyuk-is-firsati-somer-seften-elenen-yarismaciya-avusturya-teklifi-sasirtti","status":"publish","type":"post","link":"https:\/\/www.tgrthaber.com\/mavikadin\/masterchefte-buyuk-is-firsati-somer-seften-elenen-yarismaciya-avusturya-teklifi-sasirtti\/","title":{"rendered":"MasterChef\u2019te b\u00fcy\u00fck i\u015f f\u0131rsat\u0131! Somer \u015feften elenen yar\u0131\u015fmac\u0131ya Avusturya teklifi \u015fa\u015f\u0131rtt\u0131"},"content":{"rendered":"<p>MasterChef T\u00fcrkiye yar\u0131\u015fma program\u0131 yay\u0131n hayat\u0131na h\u0131z kesmeden devam ediyor. Yar\u0131\u015fmac\u0131lar\u0131n nefes kesen performanslar\u0131 ekranlara geliyor. D\u00f6rd\u00fcnc\u00fc haftan\u0131n sonunda elenen isim Hilal A\u011fca olurken MasterChef j\u00fcri \u015feflerinden Somer \u015eef yar\u0131\u015fmac\u0131ya b\u00fcy\u00fck bir i\u015f teklifinde bulundu. Elenen yar\u0131\u015fmac\u0131ya Avusturya\u2019da \u00e7al\u0131\u015fma teklifini sundu.<\/p>\n<h3>MASTERCHEF\u2019TE B\u00dcY\u00dcK \u0130\u015e FIRSATI!<\/h3>\n<p><a href=\"https:\/\/www.tgrthaber.com\/mavikadin\/masterchef-elenen-yarismaci-kim-oldu-31-agustos-2025-somer-seften-elenen-yarismaciya-muhtesem-teklif\/\">MasterChef T\u00fcrkiye<\/a> 2025-2026 sezonu t\u00fcm heyecan\u0131 ile TV 8 ekranlar\u0131nda yay\u0131nlanmaya devam ediyor. D\u00f6rt haftay\u0131 geri de b\u0131rakan yar\u0131\u015fmada elenen isim belli oldu. D\u00f6rd\u00fcnc\u00fc haftan\u0131n ard\u0131ndan ger\u00e7ekle\u015ftirilen iki a\u015famal\u0131 yar\u0131\u015fman\u0131n elenen ismi Hilal A\u011fca oldu.<\/p>\n<p><img loading=\"lazy\" decoding=\"async\" class=\"alignnone size-full wp-image-229528\" src=\"https:\/\/www.tgrthaber.com\/mavikadin\/wp-content\/uploads\/ARZU-2025-09-02T101141.618.jpg\" alt=\"MasterChef\u2019te b\u00fcy\u00fck i\u015f f\u0131rsat\u0131! Somer \u015feften elenen yar\u0131\u015fmac\u0131ya Avusturya teklifi \u015fa\u015f\u0131rtt\u0131\" width=\"1208\" height=\"680\" title=\"\" srcset=\"https:\/\/www.tgrthaber.com\/mavikadin\/wp-content\/uploads\/ARZU-2025-09-02T101141.618.jpg 1208w, https:\/\/www.tgrthaber.com\/mavikadin\/wp-content\/uploads\/ARZU-2025-09-02T101141.618-300x169.jpg 300w, https:\/\/www.tgrthaber.com\/mavikadin\/wp-content\/uploads\/ARZU-2025-09-02T101141.618-1024x576.jpg 1024w, https:\/\/www.tgrthaber.com\/mavikadin\/wp-content\/uploads\/ARZU-2025-09-02T101141.618-768x432.jpg 768w\" sizes=\"(max-width: 1208px) 100vw, 1208px\" \/><\/p>\n<hr \/>\n<p>T\u00fcm yar\u0131\u015fmac\u0131lar d\u00f6rd\u00fcnc\u00fc hafta da elenen ki\u015fi olmamak i\u00e7in t\u00fcm marifetlerini g\u00f6sterdiler. \u0130ki a\u015fama da ger\u00e7ekle\u015ftirilen yar\u0131\u015fma da yar\u0131\u015fmac\u0131lar ilk turda \u2018Ku\u015fkonmaz\u2019 \u00fcr\u00fcn\u00fc ile kendilerinin \u00fcrettikleri en g\u00fczel yeme\u011fi yaparak sunmalar\u0131 istendi.<\/p>\n<p><img loading=\"lazy\" decoding=\"async\" class=\"alignnone size-full wp-image-229526\" src=\"https:\/\/www.tgrthaber.com\/mavikadin\/wp-content\/uploads\/ARZU-2025-09-02T101155.397.jpg\" alt=\"MasterChef\u2019te b\u00fcy\u00fck i\u015f f\u0131rsat\u0131! Somer \u015feften elenen yar\u0131\u015fmac\u0131ya Avusturya teklifi \u015fa\u015f\u0131rtt\u0131\" width=\"1208\" height=\"680\" title=\"\" srcset=\"https:\/\/www.tgrthaber.com\/mavikadin\/wp-content\/uploads\/ARZU-2025-09-02T101155.397.jpg 1208w, https:\/\/www.tgrthaber.com\/mavikadin\/wp-content\/uploads\/ARZU-2025-09-02T101155.397-300x169.jpg 300w, https:\/\/www.tgrthaber.com\/mavikadin\/wp-content\/uploads\/ARZU-2025-09-02T101155.397-1024x576.jpg 1024w, https:\/\/www.tgrthaber.com\/mavikadin\/wp-content\/uploads\/ARZU-2025-09-02T101155.397-768x432.jpg 768w\" sizes=\"(max-width: 1208px) 100vw, 1208px\" \/><\/p>\n<hr \/>\n<p>Yar\u0131\u015fma ba\u015flamadan \u00f6nce Somer \u015eef ku\u015fkonmaz\u0131n kullan\u0131m\u0131na dair \u00f6nemli uyar\u0131lar da bulundu. Somer \u015eef, ku\u015fkonmaz\u0131n T\u00fcrk mutfa\u011f\u0131nda \u00f6nemli bir yeri oldu\u011funu genellikle tabaklar\u0131n yan\u0131nda kullan\u0131lan bir \u00fcr\u00fcn oldu\u011funu ve yar\u0131\u015fmac\u0131lar\u0131n ku\u015fkonmaz\u0131 nas\u0131l kulland\u0131klar\u0131na dikkat edece\u011fini s\u00f6yledi.<\/p>\n<p><img loading=\"lazy\" decoding=\"async\" class=\"alignnone size-full wp-image-229529\" src=\"https:\/\/www.tgrthaber.com\/mavikadin\/wp-content\/uploads\/ARZU-2025-09-02T101326.392.jpg\" alt=\"MasterChef\u2019te b\u00fcy\u00fck i\u015f f\u0131rsat\u0131! Somer \u015feften elenen yar\u0131\u015fmac\u0131ya Avusturya teklifi \u015fa\u015f\u0131rtt\u0131\" width=\"1208\" height=\"680\" title=\"\" srcset=\"https:\/\/www.tgrthaber.com\/mavikadin\/wp-content\/uploads\/ARZU-2025-09-02T101326.392.jpg 1208w, https:\/\/www.tgrthaber.com\/mavikadin\/wp-content\/uploads\/ARZU-2025-09-02T101326.392-300x169.jpg 300w, https:\/\/www.tgrthaber.com\/mavikadin\/wp-content\/uploads\/ARZU-2025-09-02T101326.392-1024x576.jpg 1024w, https:\/\/www.tgrthaber.com\/mavikadin\/wp-content\/uploads\/ARZU-2025-09-02T101326.392-768x432.jpg 768w\" sizes=\"(max-width: 1208px) 100vw, 1208px\" \/><\/p>\n<hr \/>\n<p>\u0130lk etab\u0131 ge\u00e7en isimler \u00c7a\u011flar, Hilal, Cansu ve Mert ikinci turda Somer \u015eef\u2019in \u00f6zel taba\u011f\u0131ndan biri olan \u2018\u00d6rdek Pastilla\u2019y\u0131 haz\u0131rlad\u0131lar. Hilal ve \u00c7a\u011flar sona kalan isimler 31 A\u011fustos 2025 tarihinde MasterChef T\u00fcrkiye hayallerine veda eden isim Hilal A\u011fca oldu.<\/p>\n<p>Eleme sonras\u0131 MasterChef T\u00fcrkiye j\u00fcrisi Somer \u015eeften b\u00fcy\u00fck bir i\u015f teklifi geldi. MasterChef T\u00fcrkiye\u2019de Hilal A\u011fca\u2019ya b\u00fcy\u00fck bir teklif yap\u0131ld\u0131.<\/p>\n<h3><img loading=\"lazy\" decoding=\"async\" class=\"alignnone size-full wp-image-229524\" src=\"https:\/\/www.tgrthaber.com\/mavikadin\/wp-content\/uploads\/ARZU-2025-09-02T101215.174.jpg\" alt=\"MasterChef\u2019te b\u00fcy\u00fck i\u015f f\u0131rsat\u0131! Somer \u015feften elenen yar\u0131\u015fmac\u0131ya Avusturya teklifi \u015fa\u015f\u0131rtt\u0131\" width=\"1208\" height=\"680\" title=\"\" srcset=\"https:\/\/www.tgrthaber.com\/mavikadin\/wp-content\/uploads\/ARZU-2025-09-02T101215.174.jpg 1208w, https:\/\/www.tgrthaber.com\/mavikadin\/wp-content\/uploads\/ARZU-2025-09-02T101215.174-300x169.jpg 300w, https:\/\/www.tgrthaber.com\/mavikadin\/wp-content\/uploads\/ARZU-2025-09-02T101215.174-1024x576.jpg 1024w, https:\/\/www.tgrthaber.com\/mavikadin\/wp-content\/uploads\/ARZU-2025-09-02T101215.174-768x432.jpg 768w\" sizes=\"(max-width: 1208px) 100vw, 1208px\" \/><\/h3>\n<hr \/>\n<h3>SOMER \u015eEFTEN ELENEN YARI\u015eMACIYA AVUSTURYA TEKL\u0130F\u0130 \u015eA\u015eIRTTI<\/h3>\n<p>TV 8 ekranlar\u0131nda yay\u0131nlanan MasterChef T\u00fcrkiye eleme gecesi ile 31 A\u011fustos\u2019ta ekranlara geldi. Yar\u0131\u015fmac\u0131lar\u0131n eleme gecesinde yapt\u0131klar\u0131 yemekler \u015fefler taraf\u0131ndan de\u011ferlendirildi ve elenen isim belli oldu.<\/p>\n<p><img loading=\"lazy\" decoding=\"async\" class=\"alignnone size-full wp-image-229525\" src=\"https:\/\/www.tgrthaber.com\/mavikadin\/wp-content\/uploads\/ARZU-2025-09-02T101202.452.jpg\" alt=\"MasterChef\u2019te b\u00fcy\u00fck i\u015f f\u0131rsat\u0131! Somer \u015feften elenen yar\u0131\u015fmac\u0131ya Avusturya teklifi \u015fa\u015f\u0131rtt\u0131\" width=\"1208\" height=\"680\" title=\"\" srcset=\"https:\/\/www.tgrthaber.com\/mavikadin\/wp-content\/uploads\/ARZU-2025-09-02T101202.452.jpg 1208w, https:\/\/www.tgrthaber.com\/mavikadin\/wp-content\/uploads\/ARZU-2025-09-02T101202.452-300x169.jpg 300w, https:\/\/www.tgrthaber.com\/mavikadin\/wp-content\/uploads\/ARZU-2025-09-02T101202.452-1024x576.jpg 1024w, https:\/\/www.tgrthaber.com\/mavikadin\/wp-content\/uploads\/ARZU-2025-09-02T101202.452-768x432.jpg 768w\" sizes=\"(max-width: 1208px) 100vw, 1208px\" \/><\/p>\n<hr \/>\n<p>Somer \u015eef\u2019in tabaklar\u0131ndan biri olan \u2018\u00d6rdek Pastilla\u2019y\u0131 yapmalar\u0131 istendi. Yemek sonun da Hilal A\u011fca elenen isim oldu. MasterChef T\u00fcrkiye yar\u0131\u015fmas\u0131n\u0131n j\u00fcri \u00fcyesi Somer \u015eef\u2019ten Hilal\u2019e Avustralya teklifi geldi.<\/p>\n<p>Avusturya\u2019da hem e\u011fitim g\u00f6r\u00fcp hem de part time \u00e7al\u0131\u015fabilece\u011fi bir i\u015f imk\u00e2n\u0131 sundu. Somer \u015eef\u2019in \u015fa\u015f\u0131rtan bu teklifi sosyal medyada da \u00e7ok konu\u015fuldu.<\/p>\n<p><img loading=\"lazy\" decoding=\"async\" class=\"alignnone size-full wp-image-229527\" src=\"https:\/\/www.tgrthaber.com\/mavikadin\/wp-content\/uploads\/ARZU-2025-09-02T101148.765.jpg\" alt=\"MasterChef\u2019te b\u00fcy\u00fck i\u015f f\u0131rsat\u0131! Somer \u015feften elenen yar\u0131\u015fmac\u0131ya Avusturya teklifi \u015fa\u015f\u0131rtt\u0131\" width=\"1208\" height=\"680\" title=\"\" srcset=\"https:\/\/www.tgrthaber.com\/mavikadin\/wp-content\/uploads\/ARZU-2025-09-02T101148.765.jpg 1208w, https:\/\/www.tgrthaber.com\/mavikadin\/wp-content\/uploads\/ARZU-2025-09-02T101148.765-300x169.jpg 300w, https:\/\/www.tgrthaber.com\/mavikadin\/wp-content\/uploads\/ARZU-2025-09-02T101148.765-1024x576.jpg 1024w, https:\/\/www.tgrthaber.com\/mavikadin\/wp-content\/uploads\/ARZU-2025-09-02T101148.765-768x432.jpg 768w\" sizes=\"(max-width: 1208px) 100vw, 1208px\" \/><\/p>\n<hr \/>\n<p>Somer \u015eef, \u201cAvustralya\u2019ya san\u0131r\u0131m daha \u00f6nce hi\u00e7 gitmedin. Orada hem e\u011fitimine devam edip hem de deste\u011fimizle \u00e7al\u0131\u015fabilirsin. Ekibimizde bu f\u0131rsat\u0131 sundu\u011fumuz ve kabul eden bir\u00e7ok gen\u00e7 \u015fef aday\u0131 var. \u015eayet teklifimi kabule edersen kap\u0131m\u0131z sana a\u00e7\u0131k.\u201d s\u00f6zleri yar\u0131\u015fmac\u0131 Hilal\u2019i \u00e7ok duyguland\u0131rd\u0131.<\/p>\n<p><img loading=\"lazy\" decoding=\"async\" class=\"alignnone size-full wp-image-229523\" src=\"https:\/\/www.tgrthaber.com\/mavikadin\/wp-content\/uploads\/ARZU-2025-09-02T101253.577.jpg\" alt=\"MasterChef\u2019te b\u00fcy\u00fck i\u015f f\u0131rsat\u0131! Somer \u015feften elenen yar\u0131\u015fmac\u0131ya Avusturya teklifi \u015fa\u015f\u0131rtt\u0131\" width=\"1208\" height=\"680\" title=\"\" srcset=\"https:\/\/www.tgrthaber.com\/mavikadin\/wp-content\/uploads\/ARZU-2025-09-02T101253.577.jpg 1208w, https:\/\/www.tgrthaber.com\/mavikadin\/wp-content\/uploads\/ARZU-2025-09-02T101253.577-300x169.jpg 300w, https:\/\/www.tgrthaber.com\/mavikadin\/wp-content\/uploads\/ARZU-2025-09-02T101253.577-1024x576.jpg 1024w, https:\/\/www.tgrthaber.com\/mavikadin\/wp-content\/uploads\/ARZU-2025-09-02T101253.577-768x432.jpg 768w\" sizes=\"(max-width: 1208px) 100vw, 1208px\" \/><\/p>\n<hr \/>\n<p>\u00c7ok duygulanan Hilal A\u011fca, Avusturya\u2019ya gitme teklini kabul ederek hayallerinin pe\u015finden ko\u015fmak i\u00e7in ilk ad\u0131m\u0131n\u0131 att\u0131. Sosyal medyada da g\u00fcndem olan bu anlar insanlar\u0131 hem \u015fa\u015f\u0131rtt\u0131 hem de duyguland\u0131rd\u0131.<\/p>\n","protected":false},"excerpt":{"rendered":"<p>TV 8 ekranlar\u0131nda yay\u0131nlanan MasterChef T\u00fcrkiye yar\u0131\u015fmas\u0131 h\u0131z kesmeden devam ediyor. D\u00f6rd\u00fcnc\u00fc haftan\u0131n sonunda yap\u0131lan iki a\u015famal\u0131 yar\u0131\u015fmaya da \u015feflerin de\u011ferlendirmesiyle yar\u0131\u015fmaya veda eden isim a\u00e7\u0131kland\u0131. \u015eeflerden biri olan Somer \u015eef elenen yar\u0131\u015fmac\u0131ya Avusturya teklifi ile \u015fa\u015f\u0131rtt\u0131. <\/p>\n","protected":false},"author":34,"featured_media":229525,"comment_status":"closed","ping_status":"closed","sticky":false,"template":"","format":"standard","meta":{"rank_math_lock_modified_date":false,"footnotes":""},"categories":[76],"tags":[2218,2511,61259,61260],"class_list":["post-229514","post","type-post","status-publish","format-standard","has-post-thumbnail","hentry","category-magazin","tag-magazin-haberleri","tag-masterchef-turkiye","tag-masterchef-turkiye-hilal-agca","tag-somer-seften-is-teklifi"],"_links":{"self":[{"href":"https:\/\/www.tgrthaber.com\/mavikadin\/wp-json\/wp\/v2\/posts\/229514"}],"collection":[{"href":"https:\/\/www.tgrthaber.com\/mavikadin\/wp-json\/wp\/v2\/posts"}],"about":[{"href":"https:\/\/www.tgrthaber.com\/mavikadin\/wp-json\/wp\/v2\/types\/post"}],"author":[{"embeddable":true,"href":"https:\/\/www.tgrthaber.com\/mavikadin\/wp-json\/wp\/v2\/users\/34"}],"replies":[{"embeddable":true,"href":"https:\/\/www.tgrthaber.com\/mavikadin\/wp-json\/wp\/v2\/comments?post=229514"}],"version-history":[{"count":2,"href":"https:\/\/www.tgrthaber.com\/mavikadin\/wp-json\/wp\/v2\/posts\/229514\/revisions"}],"predecessor-version":[{"id":229533,"href":"https:\/\/www.tgrthaber.com\/mavikadin\/wp-json\/wp\/v2\/posts\/229514\/revisions\/229533"}],"wp:featuredmedia":[{"embeddable":true,"href":"https:\/\/www.tgrthaber.com\/mavikadin\/wp-json\/wp\/v2\/media\/229525"}],"wp:attachment":[{"href":"https:\/\/www.tgrthaber.com\/mavikadin\/wp-json\/wp\/v2\/media?parent=229514"}],"wp:term":[{"taxonomy":"category","embeddable":true,"href":"https:\/\/www.tgrthaber.com\/mavikadin\/wp-json\/wp\/v2\/categories?post=229514"},{"taxonomy":"post_tag","embeddable":true,"href":"https:\/\/www.tgrthaber.com\/mavikadin\/wp-json\/wp\/v2\/tags?post=229514"}],"curies":[{"name":"wp","href":"https:\/\/api.w.org\/{rel}","templated":true}]}}