{"id":229544,"date":"2025-09-02T11:01:50","date_gmt":"2025-09-02T08:01:50","guid":{"rendered":"https:\/\/www.tgrthaber.com\/mavikadin\/?p=229544"},"modified":"2025-09-02T11:01:50","modified_gmt":"2025-09-02T08:01:50","slug":"gozleri-karadeniz-dizisinin-hakisi-onur-ozaydin-kimdir-onur-ozaydin-kac-yasinda-nereli","status":"publish","type":"post","link":"https:\/\/www.tgrthaber.com\/mavikadin\/gozleri-karadeniz-dizisinin-hakisi-onur-ozaydin-kimdir-onur-ozaydin-kac-yasinda-nereli\/","title":{"rendered":"G\u00f6zleri Karadeniz dizisinin Haki\u2019si Onur \u00d6zayd\u0131n kimdir? Onur \u00d6zayd\u0131n ka\u00e7 ya\u015f\u0131nda nereli?"},"content":{"rendered":"<p>Yeni sezon dizilerinden biri olacak olan G\u00f6zleri Karadeniz, bu ak\u015fam ATV ekranlar\u0131nda ilk b\u00f6l\u00fcm\u00fc ile ekranlara gelecek. Konusu kadar oyuncular\u0131 ile de \u00e7ok\u00e7a konu\u015fulan G\u00f6zleri Karadeniz dizisinin Haki\u2019si rol\u00fcnde oynayan Onur \u00d6zayd\u0131n merak edilen isimler aras\u0131nda yer ald\u0131. Ba\u015far\u0131l\u0131 isim arama motorlar\u0131nda ismi en \u00e7ok aranan ki\u015filerden biri oldu. Peki, G\u00f6zleri Karadeniz dizisinin Haki\u2019si Onur \u00d6zayd\u0131n kimdir? Onur \u00d6zayd\u0131n ka\u00e7 ya\u015f\u0131nda nereli? sorular\u0131n\u0131 sizin i\u00e7in ara\u015ft\u0131rd\u0131k. \u0130\u015fte Onur \u00d6zayd\u0131n hakk\u0131nda merak edilenler\u2026<\/p>\n<h3>G\u00d6ZLER\u0130 KARADEN\u0130Z D\u0130Z\u0130S\u0130N\u0130N HAK\u0130\u2019S\u0130 ONUR \u00d6ZAYDIN K\u0130MD\u0130R?<\/h3>\n<p>ATV ekranlar\u0131nda yay\u0131nlanacak olan yeni dizilerden <a href=\"https:\/\/www.tgrthaber.com\/mavikadin\/gozleri-karadeniz-dizisinin-afisi-yayinlandi-sezonun-en-cok-konusulacak-dizisi-olacak\/\">G\u00f6zleri Karadeniz,<\/a> ilk b\u00f6l\u00fcm\u00fc ekranlara gelmeye haz\u0131rlan\u0131yor. Ba\u015frollerin de Halit \u00d6zg\u00fcr Sar\u0131 ve \u00d6zge Ya\u011f\u0131z\u2019\u0131n oldu\u011fu dizi konusunun yan\u0131nda oyuncular\u0131 ile de dikkat \u00e7ekiyor.<\/p>\n<p><img loading=\"lazy\" decoding=\"async\" class=\"alignnone size-full wp-image-229556\" src=\"https:\/\/www.tgrthaber.com\/mavikadin\/wp-content\/uploads\/ARZU-2025-09-02T105732.136.jpg\" alt=\"G\u00f6zleri Karadeniz dizisinin Haki\u2019si Onur \u00d6zayd\u0131n kimdir? Onur \u00d6zayd\u0131n ka\u00e7 ya\u015f\u0131nda nereli?\" width=\"1208\" height=\"680\" title=\"\" srcset=\"https:\/\/www.tgrthaber.com\/mavikadin\/wp-content\/uploads\/ARZU-2025-09-02T105732.136.jpg 1208w, https:\/\/www.tgrthaber.com\/mavikadin\/wp-content\/uploads\/ARZU-2025-09-02T105732.136-300x169.jpg 300w, https:\/\/www.tgrthaber.com\/mavikadin\/wp-content\/uploads\/ARZU-2025-09-02T105732.136-1024x576.jpg 1024w, https:\/\/www.tgrthaber.com\/mavikadin\/wp-content\/uploads\/ARZU-2025-09-02T105732.136-768x432.jpg 768w\" sizes=\"(max-width: 1208px) 100vw, 1208px\" \/><\/p>\n<hr \/>\n<p>Ba\u015far\u0131l\u0131 oyuncu Onur \u00d6zayd\u0131n\u2019da bu isimlerden biri oldu. Onur \u00d6zayd\u0131n arama motorlar\u0131nda ad\u0131 en \u00e7ok ara\u015ft\u0131r\u0131lan ki\u015filer aras\u0131nda yer ald\u0131. \u00d6zellikle son d\u00f6nemde dijital platformlardaki ba\u015far\u0131s\u0131 ile dikkat \u00e7eken isim \u015fimdilerde G\u00f6zleri Karadeniz ile g\u00fcndeme geliyor.<\/p>\n<p><img loading=\"lazy\" decoding=\"async\" class=\"alignnone size-full wp-image-229557\" src=\"https:\/\/www.tgrthaber.com\/mavikadin\/wp-content\/uploads\/ARZU-2025-09-02T105720.824.jpg\" alt=\"G\u00f6zleri Karadeniz dizisinin Haki\u2019si Onur \u00d6zayd\u0131n kimdir? Onur \u00d6zayd\u0131n ka\u00e7 ya\u015f\u0131nda nereli?\" width=\"1208\" height=\"680\" title=\"\" srcset=\"https:\/\/www.tgrthaber.com\/mavikadin\/wp-content\/uploads\/ARZU-2025-09-02T105720.824.jpg 1208w, https:\/\/www.tgrthaber.com\/mavikadin\/wp-content\/uploads\/ARZU-2025-09-02T105720.824-300x169.jpg 300w, https:\/\/www.tgrthaber.com\/mavikadin\/wp-content\/uploads\/ARZU-2025-09-02T105720.824-1024x576.jpg 1024w, https:\/\/www.tgrthaber.com\/mavikadin\/wp-content\/uploads\/ARZU-2025-09-02T105720.824-768x432.jpg 768w\" sizes=\"(max-width: 1208px) 100vw, 1208px\" \/><\/p>\n<hr \/>\n<p>Onur \u00d6zayd\u0131n 6 Temmuz 1985 tarihinde \u0130stanbul\u2019da d\u00fcnyaya geldi. K\u00fc\u00e7\u00fck ya\u015flarda oyunculu\u011fa merak salmas\u0131 ile erken ya\u015flarda oyunculuk kariyerine ad\u0131m at\u0131yor. Bu oyuncu olma ilgisini profesyonel bir mesle\u011fe d\u00f6n\u00fc\u015ft\u00fcrmek i\u00e7in Kadir Has \u00dcniversitesi\u2019nde Oyunculuk B\u00f6l\u00fcm\u00fc\u2019nde e\u011fitim g\u00f6rd\u00fc.<\/p>\n<p><img loading=\"lazy\" decoding=\"async\" class=\"alignnone size-full wp-image-229558\" src=\"https:\/\/www.tgrthaber.com\/mavikadin\/wp-content\/uploads\/ARZU-2025-09-02T105705.299.jpg\" alt=\"G\u00f6zleri Karadeniz dizisinin Haki\u2019si Onur \u00d6zayd\u0131n kimdir? Onur \u00d6zayd\u0131n ka\u00e7 ya\u015f\u0131nda nereli?\" width=\"1208\" height=\"680\" title=\"\" srcset=\"https:\/\/www.tgrthaber.com\/mavikadin\/wp-content\/uploads\/ARZU-2025-09-02T105705.299.jpg 1208w, https:\/\/www.tgrthaber.com\/mavikadin\/wp-content\/uploads\/ARZU-2025-09-02T105705.299-300x169.jpg 300w, https:\/\/www.tgrthaber.com\/mavikadin\/wp-content\/uploads\/ARZU-2025-09-02T105705.299-1024x576.jpg 1024w, https:\/\/www.tgrthaber.com\/mavikadin\/wp-content\/uploads\/ARZU-2025-09-02T105705.299-768x432.jpg 768w\" sizes=\"(max-width: 1208px) 100vw, 1208px\" \/><\/p>\n<hr \/>\n<p>E\u011fitim s\u00fcreci boyunca da tiyatro sahnelerinde g\u00f6rev alan Onur \u00d6zayd\u0131n, \u00e7e\u015fitli k\u0131sa film projelerinden de yer alarak televizyon ekranlar\u0131na ad\u0131m att\u0131. \u0130lk TV i\u015fi olan 2009 y\u0131l\u0131nda \u201cCihangir\u2019de Bir Ev\u201d adl\u0131 k\u0131sa film de oynad\u0131\u011f\u0131 \u2018Batu\u2019 rol\u00fc oldu.<\/p>\n<h3><img loading=\"lazy\" decoding=\"async\" class=\"alignnone size-full wp-image-229559\" src=\"https:\/\/www.tgrthaber.com\/mavikadin\/wp-content\/uploads\/ARZU-2025-09-02T105655.257.jpg\" alt=\"G\u00f6zleri Karadeniz dizisinin Haki\u2019si Onur \u00d6zayd\u0131n kimdir? Onur \u00d6zayd\u0131n ka\u00e7 ya\u015f\u0131nda nereli?\" width=\"1208\" height=\"680\" title=\"\" srcset=\"https:\/\/www.tgrthaber.com\/mavikadin\/wp-content\/uploads\/ARZU-2025-09-02T105655.257.jpg 1208w, https:\/\/www.tgrthaber.com\/mavikadin\/wp-content\/uploads\/ARZU-2025-09-02T105655.257-300x169.jpg 300w, https:\/\/www.tgrthaber.com\/mavikadin\/wp-content\/uploads\/ARZU-2025-09-02T105655.257-1024x576.jpg 1024w, https:\/\/www.tgrthaber.com\/mavikadin\/wp-content\/uploads\/ARZU-2025-09-02T105655.257-768x432.jpg 768w\" sizes=\"(max-width: 1208px) 100vw, 1208px\" \/><\/h3>\n<hr \/>\n<h3>ONUR \u00d6ZAYDIN KA\u00c7 YA\u015eINDA?<\/h3>\n<p>Ba\u015far\u0131l\u0131 oyuncu Onur \u00d6zayd\u0131n, TV ekranlar\u0131na ad\u0131m\u0131n\u0131 att\u0131ktan sonra s\u0131ras\u0131yla \u201c\u00d6yle Bir Ge\u00e7er Zamanki\u201d, \u201cKertenkele\u201d, \u201cSava\u015f\u00e7\u0131\u201d, \u201cYarg\u0131\u201d ve \u201cPrens\u201d dizileri ile kariyerinde emin ad\u0131mlar ile ilerledi.<\/p>\n<p><img loading=\"lazy\" decoding=\"async\" class=\"alignnone size-full wp-image-229554\" src=\"https:\/\/www.tgrthaber.com\/mavikadin\/wp-content\/uploads\/ARZU-2025-09-02T105754.477.jpg\" alt=\"G\u00f6zleri Karadeniz dizisinin Haki\u2019si Onur \u00d6zayd\u0131n kimdir? Onur \u00d6zayd\u0131n ka\u00e7 ya\u015f\u0131nda nereli?\" width=\"1208\" height=\"680\" title=\"\" srcset=\"https:\/\/www.tgrthaber.com\/mavikadin\/wp-content\/uploads\/ARZU-2025-09-02T105754.477.jpg 1208w, https:\/\/www.tgrthaber.com\/mavikadin\/wp-content\/uploads\/ARZU-2025-09-02T105754.477-300x169.jpg 300w, https:\/\/www.tgrthaber.com\/mavikadin\/wp-content\/uploads\/ARZU-2025-09-02T105754.477-1024x576.jpg 1024w, https:\/\/www.tgrthaber.com\/mavikadin\/wp-content\/uploads\/ARZU-2025-09-02T105754.477-768x432.jpg 768w\" sizes=\"(max-width: 1208px) 100vw, 1208px\" \/><\/p>\n<hr \/>\n<p>Pop\u00fcler yap\u0131mlar\u0131n yans\u0131ra bir\u00e7ok projede de yer alan Onur \u00d6zayd\u0131n, 6 Temmuz 1985 y\u0131l\u0131nda d\u00fcnyaya gelmi\u015f ve \u015fimdilerde 40 ya\u015f\u0131ndad\u0131r. Son rol ald\u0131\u011f\u0131 \u201cPrens\u201d dizisindeki rol\u00fc ile komedi alan\u0131nda kendini g\u00f6steren Onur \u00d6zayd\u0131n, ge\u00e7ti\u011fimiz y\u0131llarda final vererek yay\u0131n hayat\u0131 biten \u201cYarg\u0131\u201d dizisindeki dram sahnelerindeki oyunculuklar\u0131 ile iki t\u00fcr\u00fc de oynayabildi\u011fini g\u00f6sterdi.<\/p>\n<h3><img loading=\"lazy\" decoding=\"async\" class=\"alignnone size-full wp-image-229560\" src=\"https:\/\/www.tgrthaber.com\/mavikadin\/wp-content\/uploads\/ARZU-2025-09-02T105642.809.jpg\" alt=\"G\u00f6zleri Karadeniz dizisinin Haki\u2019si Onur \u00d6zayd\u0131n kimdir? Onur \u00d6zayd\u0131n ka\u00e7 ya\u015f\u0131nda nereli?\" width=\"1208\" height=\"680\" title=\"\" srcset=\"https:\/\/www.tgrthaber.com\/mavikadin\/wp-content\/uploads\/ARZU-2025-09-02T105642.809.jpg 1208w, https:\/\/www.tgrthaber.com\/mavikadin\/wp-content\/uploads\/ARZU-2025-09-02T105642.809-300x169.jpg 300w, https:\/\/www.tgrthaber.com\/mavikadin\/wp-content\/uploads\/ARZU-2025-09-02T105642.809-1024x576.jpg 1024w, https:\/\/www.tgrthaber.com\/mavikadin\/wp-content\/uploads\/ARZU-2025-09-02T105642.809-768x432.jpg 768w\" sizes=\"(max-width: 1208px) 100vw, 1208px\" \/><\/h3>\n<hr \/>\n<h3>ONUR \u00d6ZAYDIN NEREL\u0130?<\/h3>\n<p>G\u00f6zleri Karadeniz dizisinin Haki\u2019si rol\u00fcnde seyirci kar\u015f\u0131s\u0131na \u00e7\u0131kacak olan Onur \u00d6zayd\u0131n, \u015fimdilerde \u0130stanbul\u2019da ya\u015fad\u0131\u011f\u0131 tahmin ediliyor. Ailesi hakk\u0131nda detayl\u0131 bilgi kamuoyunda bulunamad\u0131\u011f\u0131ndan aslen nereli oldu\u011fu bilinmiyor.<\/p>\n<p><img loading=\"lazy\" decoding=\"async\" class=\"alignnone size-full wp-image-229555\" src=\"https:\/\/www.tgrthaber.com\/mavikadin\/wp-content\/uploads\/ARZU-2025-09-02T105743.216.jpg\" alt=\"G\u00f6zleri Karadeniz dizisinin Haki\u2019si Onur \u00d6zayd\u0131n kimdir? Onur \u00d6zayd\u0131n ka\u00e7 ya\u015f\u0131nda nereli?\" width=\"1208\" height=\"680\" title=\"\" srcset=\"https:\/\/www.tgrthaber.com\/mavikadin\/wp-content\/uploads\/ARZU-2025-09-02T105743.216.jpg 1208w, https:\/\/www.tgrthaber.com\/mavikadin\/wp-content\/uploads\/ARZU-2025-09-02T105743.216-300x169.jpg 300w, https:\/\/www.tgrthaber.com\/mavikadin\/wp-content\/uploads\/ARZU-2025-09-02T105743.216-1024x576.jpg 1024w, https:\/\/www.tgrthaber.com\/mavikadin\/wp-content\/uploads\/ARZU-2025-09-02T105743.216-768x432.jpg 768w\" sizes=\"(max-width: 1208px) 100vw, 1208px\" \/><\/p>\n<hr \/>\n<p>\u00d6zel hayat\u0131 ile g\u00fcndemden uzak duran \u00fcnl\u00fc isim Onur \u00d6zayd\u0131n, Ye\u015fim Egemen ile 2013 y\u0131l\u0131nda evlenmi\u015ftir. \u00c7iftin Uzay ad\u0131nda bir \u00e7ocuklar\u0131 da vard\u0131r.<\/p>\n","protected":false},"excerpt":{"rendered":"<p>ATV ekranlar\u0131nda yay\u0131nlanacak olan G\u00f6zleri Karadeniz dizisi, konusu kadar oyuncular\u0131 ile de g\u00fcndeme geliyor. Ba\u015far\u0131l\u0131 oyuncu Onur \u00d6zayd\u0131n\u2019da dizi de H\u00e2k\u00ee rol\u00fc ile izleyici kar\u015f\u0131s\u0131na \u00e7\u0131k\u0131yor. Onur \u00d6zayd\u0131n\u2019\u0131n hayat\u0131 ve kariyeri ara\u015ft\u0131r\u0131lmaya ba\u015fland\u0131. Peki, G\u00f6zleri Karadeniz dizisinin Haki\u2019si Onur \u00d6zayd\u0131n kimdir? Onur \u00d6zayd\u0131n ka\u00e7 ya\u015f\u0131nda nereli? \u0130\u015fte detaylar\u2026<\/p>\n","protected":false},"author":34,"featured_media":229555,"comment_status":"closed","ping_status":"closed","sticky":false,"template":"","format":"standard","meta":{"rank_math_lock_modified_date":false,"footnotes":""},"categories":[491],"tags":[16521,32159,25421,57471,61265],"class_list":["post-229544","post","type-post","status-publish","format-standard","has-post-thumbnail","hentry","category-biyografi","tag-biyografi-haberleri","tag-dizi","tag-gozleri-karadeniz","tag-onur-ozaydin","tag-onur-ozaydin-haki"],"_links":{"self":[{"href":"https:\/\/www.tgrthaber.com\/mavikadin\/wp-json\/wp\/v2\/posts\/229544"}],"collection":[{"href":"https:\/\/www.tgrthaber.com\/mavikadin\/wp-json\/wp\/v2\/posts"}],"about":[{"href":"https:\/\/www.tgrthaber.com\/mavikadin\/wp-json\/wp\/v2\/types\/post"}],"author":[{"embeddable":true,"href":"https:\/\/www.tgrthaber.com\/mavikadin\/wp-json\/wp\/v2\/users\/34"}],"replies":[{"embeddable":true,"href":"https:\/\/www.tgrthaber.com\/mavikadin\/wp-json\/wp\/v2\/comments?post=229544"}],"version-history":[{"count":1,"href":"https:\/\/www.tgrthaber.com\/mavikadin\/wp-json\/wp\/v2\/posts\/229544\/revisions"}],"predecessor-version":[{"id":229562,"href":"https:\/\/www.tgrthaber.com\/mavikadin\/wp-json\/wp\/v2\/posts\/229544\/revisions\/229562"}],"wp:featuredmedia":[{"embeddable":true,"href":"https:\/\/www.tgrthaber.com\/mavikadin\/wp-json\/wp\/v2\/media\/229555"}],"wp:attachment":[{"href":"https:\/\/www.tgrthaber.com\/mavikadin\/wp-json\/wp\/v2\/media?parent=229544"}],"wp:term":[{"taxonomy":"category","embeddable":true,"href":"https:\/\/www.tgrthaber.com\/mavikadin\/wp-json\/wp\/v2\/categories?post=229544"},{"taxonomy":"post_tag","embeddable":true,"href":"https:\/\/www.tgrthaber.com\/mavikadin\/wp-json\/wp\/v2\/tags?post=229544"}],"curies":[{"name":"wp","href":"https:\/\/api.w.org\/{rel}","templated":true}]}}