{"id":229572,"date":"2025-09-02T11:36:00","date_gmt":"2025-09-02T08:36:00","guid":{"rendered":"https:\/\/www.tgrthaber.com\/mavikadin\/?p=229572"},"modified":"2025-09-02T11:36:00","modified_gmt":"2025-09-02T08:36:00","slug":"ugurcan-cakir-kimdir-kac-yasinda-galatasaray-transfer-icin-ne-kadar-para-harcadi","status":"publish","type":"post","link":"https:\/\/www.tgrthaber.com\/mavikadin\/ugurcan-cakir-kimdir-kac-yasinda-galatasaray-transfer-icin-ne-kadar-para-harcadi\/","title":{"rendered":"U\u011furcan \u00c7ak\u0131r kimdir ka\u00e7 ya\u015f\u0131nda? Galatasaray transfer i\u00e7in ne kadar para harcad\u0131?"},"content":{"rendered":"<p>Trabzonspor&#8217;un kaptan\u0131, kaleci U\u011furcan \u00c7ak\u0131r Galatasaray\u2019a transfer oldu. Galatasaray uzun s\u00fcredir kaleci aray\u0131\u015f\u0131 i\u00e7erisindeydi. Galatasaray Spor Kul\u00fcb\u00fc Ba\u015fkan\u0131 Dursun \u00d6zbek\u2019in iste\u011fi do\u011frultusunda Galatasaray\u2019a transfer edildi. U\u011furcan \u00c7ak\u0131r kimdir ve ka\u00e7 ya\u015f\u0131nda? Galatasaray transfer i\u00e7in ne kadar para harcad\u0131? Detaylar haberimizde.<\/p>\n<h3>U\u011eURCAN \u00c7AKIR K\u0130MD\u0130R?<\/h3>\n<p>U\u011furcan \u00c7ak\u0131r T\u00fcrk kalecidir. 5 Nis 1996\u2019da Antalya\u2019da d\u00fcnyaya geldi. \u00c7ak\u0131r ailesi, U\u011furcan \u00c7ak\u0131r\u2019\u0131n \u00e7ocukluk y\u0131llar\u0131nda Antalya\u2019dan \u0130stanbul\u2019a ta\u015f\u0131nd\u0131lar. U\u011furcan \u00c7ak\u0131r, futbol kariyerine hen\u00fcz 12 ya\u015f\u0131ndayken \u00c7ekmek\u00f6yspor altyap\u0131s\u0131nda ba\u015flang\u0131\u00e7 yapt\u0131. 1 sezon \u00c7ekmek\u00f6yspor\u2019da top ko\u015fturduktan sonra, Trabzon tak\u0131m\u0131n\u0131n altyap\u0131s\u0131na transfer oldu.<\/p>\n<p><img loading=\"lazy\" decoding=\"async\" class=\"size-full wp-image-229574 aligncenter\" src=\"https:\/\/www.tgrthaber.com\/mavikadin\/wp-content\/uploads\/ugurcan-cakir-kimdir-kac-yasinda-galatasaray-transfer-icin-ne-kadar-para-harcadi-6.jpg\" alt=\"\" width=\"1208\" height=\"680\" title=\"\" srcset=\"https:\/\/www.tgrthaber.com\/mavikadin\/wp-content\/uploads\/ugurcan-cakir-kimdir-kac-yasinda-galatasaray-transfer-icin-ne-kadar-para-harcadi-6.jpg 1208w, https:\/\/www.tgrthaber.com\/mavikadin\/wp-content\/uploads\/ugurcan-cakir-kimdir-kac-yasinda-galatasaray-transfer-icin-ne-kadar-para-harcadi-6-300x169.jpg 300w, https:\/\/www.tgrthaber.com\/mavikadin\/wp-content\/uploads\/ugurcan-cakir-kimdir-kac-yasinda-galatasaray-transfer-icin-ne-kadar-para-harcadi-6-1024x576.jpg 1024w, https:\/\/www.tgrthaber.com\/mavikadin\/wp-content\/uploads\/ugurcan-cakir-kimdir-kac-yasinda-galatasaray-transfer-icin-ne-kadar-para-harcadi-6-768x432.jpg 768w\" sizes=\"(max-width: 1208px) 100vw, 1208px\" \/><\/p>\n<hr \/>\n<p>\u00c7ekmek\u00f6yspor, Yamanspor, 1461 Trabzon, Trabzonspor Altyap\u0131, Trabzonspor A Tak\u0131m\u2019da g\u00f6rev ald\u0131, son olarak da Galatasaray\u2019a kaleci olarak transfer olmas\u0131yla T\u00fcrkiye\u2019nin g\u00fcndemine geldi. Futbol kariyerine boyunca 31 milli ma\u00e7ta oynad\u0131.<\/p>\n<p><img loading=\"lazy\" decoding=\"async\" class=\"size-full wp-image-229575 aligncenter\" src=\"https:\/\/www.tgrthaber.com\/mavikadin\/wp-content\/uploads\/ugurcan-cakir-kimdir-kac-yasinda-galatasaray-transfer-icin-ne-kadar-para-harcadi-2.jpg\" alt=\"\" width=\"1208\" height=\"680\" title=\"\" srcset=\"https:\/\/www.tgrthaber.com\/mavikadin\/wp-content\/uploads\/ugurcan-cakir-kimdir-kac-yasinda-galatasaray-transfer-icin-ne-kadar-para-harcadi-2.jpg 1208w, https:\/\/www.tgrthaber.com\/mavikadin\/wp-content\/uploads\/ugurcan-cakir-kimdir-kac-yasinda-galatasaray-transfer-icin-ne-kadar-para-harcadi-2-300x169.jpg 300w, https:\/\/www.tgrthaber.com\/mavikadin\/wp-content\/uploads\/ugurcan-cakir-kimdir-kac-yasinda-galatasaray-transfer-icin-ne-kadar-para-harcadi-2-1024x576.jpg 1024w, https:\/\/www.tgrthaber.com\/mavikadin\/wp-content\/uploads\/ugurcan-cakir-kimdir-kac-yasinda-galatasaray-transfer-icin-ne-kadar-para-harcadi-2-768x432.jpg 768w\" sizes=\"(max-width: 1208px) 100vw, 1208px\" \/><\/p>\n<hr \/>\n<p>2019 y\u0131l\u0131nda hayat\u0131n\u0131 K\u00fcbra \u00c7ak\u0131r ile birle\u015ftirdi. U\u011furcan \u00c7ak\u0131r e\u015fiyle bas\u0131ndan uzak bir sade ve sakin bir ya\u015fam s\u00fcrmektedir.<\/p>\n<p><img loading=\"lazy\" decoding=\"async\" class=\"size-full wp-image-229577 aligncenter\" src=\"https:\/\/www.tgrthaber.com\/mavikadin\/wp-content\/uploads\/ugurcan-cakir-kimdir-kac-yasinda-galatasaray-transfer-icin-ne-kadar-para-harcadi-5.jpg\" alt=\"\" width=\"1208\" height=\"680\" title=\"\" srcset=\"https:\/\/www.tgrthaber.com\/mavikadin\/wp-content\/uploads\/ugurcan-cakir-kimdir-kac-yasinda-galatasaray-transfer-icin-ne-kadar-para-harcadi-5.jpg 1208w, https:\/\/www.tgrthaber.com\/mavikadin\/wp-content\/uploads\/ugurcan-cakir-kimdir-kac-yasinda-galatasaray-transfer-icin-ne-kadar-para-harcadi-5-300x169.jpg 300w, https:\/\/www.tgrthaber.com\/mavikadin\/wp-content\/uploads\/ugurcan-cakir-kimdir-kac-yasinda-galatasaray-transfer-icin-ne-kadar-para-harcadi-5-1024x576.jpg 1024w, https:\/\/www.tgrthaber.com\/mavikadin\/wp-content\/uploads\/ugurcan-cakir-kimdir-kac-yasinda-galatasaray-transfer-icin-ne-kadar-para-harcadi-5-768x432.jpg 768w\" sizes=\"(max-width: 1208px) 100vw, 1208px\" \/><\/p>\n<hr \/>\n<p>1,91 cm boyunda olan \u00c7ak\u0131r, T\u00fcrkiye\u2019nin en ba\u015far\u0131l\u0131 kalecileri aras\u0131nda g\u00f6steriliyor.<\/p>\n<h3>U\u011eURCAN \u00c7AKIR KA\u00c7 YA\u015eINDA?<\/h3>\n<p>U\u011furcan \u00c7ak\u0131r 1996 y\u0131l\u0131nda d\u00fcnyaya geldi. 2025 y\u0131l\u0131 itibariyle 29 ya\u015f\u0131ndad\u0131r.<\/p>\n<p><img loading=\"lazy\" decoding=\"async\" class=\"size-full wp-image-229576 aligncenter\" src=\"https:\/\/www.tgrthaber.com\/mavikadin\/wp-content\/uploads\/ugurcan-cakir-kimdir-kac-yasinda-galatasaray-transfer-icin-ne-kadar-para-harcadi-3.jpg\" alt=\"\" width=\"1208\" height=\"680\" title=\"\" srcset=\"https:\/\/www.tgrthaber.com\/mavikadin\/wp-content\/uploads\/ugurcan-cakir-kimdir-kac-yasinda-galatasaray-transfer-icin-ne-kadar-para-harcadi-3.jpg 1208w, https:\/\/www.tgrthaber.com\/mavikadin\/wp-content\/uploads\/ugurcan-cakir-kimdir-kac-yasinda-galatasaray-transfer-icin-ne-kadar-para-harcadi-3-300x169.jpg 300w, https:\/\/www.tgrthaber.com\/mavikadin\/wp-content\/uploads\/ugurcan-cakir-kimdir-kac-yasinda-galatasaray-transfer-icin-ne-kadar-para-harcadi-3-1024x576.jpg 1024w, https:\/\/www.tgrthaber.com\/mavikadin\/wp-content\/uploads\/ugurcan-cakir-kimdir-kac-yasinda-galatasaray-transfer-icin-ne-kadar-para-harcadi-3-768x432.jpg 768w\" sizes=\"(max-width: 1208px) 100vw, 1208px\" \/><\/p>\n<hr \/>\n<h3>GALATASARAY NE KADAR PARA HARCADI?<\/h3>\n<p>U\u011furcan \u00c7ak\u0131r\u2019\u0131n Galatasaray transferinde ne kadar para harcand\u0131\u011f\u0131, \u00fcnl\u00fc kalecinin bu transferden ne kadar kazand\u0131\u011f\u0131 merak ediliyor.<\/p>\n<p><img loading=\"lazy\" decoding=\"async\" class=\"size-full wp-image-229578 aligncenter\" src=\"https:\/\/www.tgrthaber.com\/mavikadin\/wp-content\/uploads\/ugurcan-cakir-kimdir-kac-yasinda-galatasaray-transfer-icin-ne-kadar-para-harcadi-4.jpg\" alt=\"\" width=\"1208\" height=\"680\" title=\"\" srcset=\"https:\/\/www.tgrthaber.com\/mavikadin\/wp-content\/uploads\/ugurcan-cakir-kimdir-kac-yasinda-galatasaray-transfer-icin-ne-kadar-para-harcadi-4.jpg 1208w, https:\/\/www.tgrthaber.com\/mavikadin\/wp-content\/uploads\/ugurcan-cakir-kimdir-kac-yasinda-galatasaray-transfer-icin-ne-kadar-para-harcadi-4-300x169.jpg 300w, https:\/\/www.tgrthaber.com\/mavikadin\/wp-content\/uploads\/ugurcan-cakir-kimdir-kac-yasinda-galatasaray-transfer-icin-ne-kadar-para-harcadi-4-1024x576.jpg 1024w, https:\/\/www.tgrthaber.com\/mavikadin\/wp-content\/uploads\/ugurcan-cakir-kimdir-kac-yasinda-galatasaray-transfer-icin-ne-kadar-para-harcadi-4-768x432.jpg 768w\" sizes=\"(max-width: 1208px) 100vw, 1208px\" \/><\/p>\n<hr \/>\n<p>Trabzonspor\u2019dan yap\u0131lan a\u00e7\u0131klamada U\u011furcan \u00c7ak\u0131r&#8217;\u0131n Galatasaray&#8217;a transferi i\u00e7in KDV dahil 33 milyon Euro garanti + 3 milyon Euro bonus olmak \u00fczere toplam 36 milyon Euro \u00f6deme yapaca\u011f\u0131, Galatasaray\u2019\u0131n \u00c7ak\u0131r\u2019\u0131n transferine bu \u00fccreti \u00f6deyece\u011fi \u00f6\u011frenildi.<\/p>\n<p>U\u011furcan \u00c7ak\u0131r, 1 Eyl\u00fcl 2025 tarihinde Trabzonspor\u2019dan Galatasaray\u2019a transfer edildi, \u00c7ak\u0131r, 30 Haziran 2030 tarihine kadar Galatasaray ile anla\u015fma imzalam\u0131\u015f oldu.<\/p>\n<h3>U\u011eURCAN \u00c7AKIR HANG\u0130 TAKIMLARDA OYNADI?<\/h3>\n<p>\u00c7ekmek\u00f6yspor (2008\u20132009)<\/p>\n<p>Yamanspor (2009\u20132011)<\/p>\n<p>1461 Trabzon (2011\u20132012)<\/p>\n<p>Trabzonspor Altyap\u0131 (2012\u20132014)<\/p>\n<p>Trabzonspor A Tak\u0131m (2014\u20132025)<\/p>\n<p>Galatasaray SK (2025\u2013g\u00fcn\u00fcm\u00fcz)<\/p>\n<p><img loading=\"lazy\" decoding=\"async\" class=\"size-full wp-image-229579 aligncenter\" src=\"https:\/\/www.tgrthaber.com\/mavikadin\/wp-content\/uploads\/ugurcan-cakir-kimdir-kac-yasinda-galatasaray-transfer-icin-ne-kadar-para-harcadi-7.jpg\" alt=\"\" width=\"1208\" height=\"680\" title=\"\" srcset=\"https:\/\/www.tgrthaber.com\/mavikadin\/wp-content\/uploads\/ugurcan-cakir-kimdir-kac-yasinda-galatasaray-transfer-icin-ne-kadar-para-harcadi-7.jpg 1208w, https:\/\/www.tgrthaber.com\/mavikadin\/wp-content\/uploads\/ugurcan-cakir-kimdir-kac-yasinda-galatasaray-transfer-icin-ne-kadar-para-harcadi-7-300x169.jpg 300w, https:\/\/www.tgrthaber.com\/mavikadin\/wp-content\/uploads\/ugurcan-cakir-kimdir-kac-yasinda-galatasaray-transfer-icin-ne-kadar-para-harcadi-7-1024x576.jpg 1024w, https:\/\/www.tgrthaber.com\/mavikadin\/wp-content\/uploads\/ugurcan-cakir-kimdir-kac-yasinda-galatasaray-transfer-icin-ne-kadar-para-harcadi-7-768x432.jpg 768w\" sizes=\"(max-width: 1208px) 100vw, 1208px\" \/><\/p>\n<hr \/>\n<h3>GALATASARAY\u2019DAK\u0130 \u0130LK SEZON PERFORMANSI<\/h3>\n<p>U\u011furcan \u00c7ak\u0131r, 2025-2026 sezonunda Galatasaray\u2019da ilk 4 S\u00fcper Lig ma\u00e7\u0131n\u0131n tamam\u0131nda ilk 11\u2019de bulunurken yaln\u0131zca 1 gol yedi, 3 ma\u00e7\u0131 ise gol yemeden tamamlamay\u0131 ba\u015fard\u0131. Galatarasay formas\u0131yla top ko\u015fturan futbolcunun bu performans\u0131 taraftar ve teknik ekibince \u00e7ok olumlu bulundu.<\/p>\n","protected":false},"excerpt":{"rendered":"<p>Kaleci U\u011furcan \u00c7ak\u0131r, T\u00fcrkiye\u2019nin en b\u00fcy\u00fck kl\u00fcplerinden Galatasaray\u2019a transferi ile g\u00fcndem oldu. Vatanda\u015flar U\u011furcan \u00c7ak\u0131r\u2019\u0131n kim oldu\u011funu merak etti. U\u011furcan \u00c7ak\u0131r kimdir ka\u00e7 ya\u015f\u0131nda? Galatasaray transfer i\u00e7in ne kadar para harcad\u0131?<\/p>\n","protected":false},"author":30,"featured_media":229573,"comment_status":"closed","ping_status":"closed","sticky":false,"template":"","format":"standard","meta":{"rank_math_lock_modified_date":false,"footnotes":""},"categories":[491],"tags":[16521,61267,61269,61268],"class_list":["post-229572","post","type-post","status-publish","format-standard","has-post-thumbnail","hentry","category-biyografi","tag-biyografi-haberleri","tag-ugurcan-cakir","tag-ugurcan-cakir-galatasaray-transfer-ucreti","tag-ugurcan-cakir-kimdir"],"_links":{"self":[{"href":"https:\/\/www.tgrthaber.com\/mavikadin\/wp-json\/wp\/v2\/posts\/229572"}],"collection":[{"href":"https:\/\/www.tgrthaber.com\/mavikadin\/wp-json\/wp\/v2\/posts"}],"about":[{"href":"https:\/\/www.tgrthaber.com\/mavikadin\/wp-json\/wp\/v2\/types\/post"}],"author":[{"embeddable":true,"href":"https:\/\/www.tgrthaber.com\/mavikadin\/wp-json\/wp\/v2\/users\/30"}],"replies":[{"embeddable":true,"href":"https:\/\/www.tgrthaber.com\/mavikadin\/wp-json\/wp\/v2\/comments?post=229572"}],"version-history":[{"count":1,"href":"https:\/\/www.tgrthaber.com\/mavikadin\/wp-json\/wp\/v2\/posts\/229572\/revisions"}],"predecessor-version":[{"id":229580,"href":"https:\/\/www.tgrthaber.com\/mavikadin\/wp-json\/wp\/v2\/posts\/229572\/revisions\/229580"}],"wp:featuredmedia":[{"embeddable":true,"href":"https:\/\/www.tgrthaber.com\/mavikadin\/wp-json\/wp\/v2\/media\/229573"}],"wp:attachment":[{"href":"https:\/\/www.tgrthaber.com\/mavikadin\/wp-json\/wp\/v2\/media?parent=229572"}],"wp:term":[{"taxonomy":"category","embeddable":true,"href":"https:\/\/www.tgrthaber.com\/mavikadin\/wp-json\/wp\/v2\/categories?post=229572"},{"taxonomy":"post_tag","embeddable":true,"href":"https:\/\/www.tgrthaber.com\/mavikadin\/wp-json\/wp\/v2\/tags?post=229572"}],"curies":[{"name":"wp","href":"https:\/\/api.w.org\/{rel}","templated":true}]}}