{"id":229581,"date":"2025-09-02T11:42:13","date_gmt":"2025-09-02T08:42:13","guid":{"rendered":"https:\/\/www.tgrthaber.com\/mavikadin\/?p=229581"},"modified":"2025-09-02T11:42:13","modified_gmt":"2025-09-02T08:42:13","slug":"graham-greene-kimdir-graham-greene-kac-yasinda-nelerde-oynadi","status":"publish","type":"post","link":"https:\/\/www.tgrthaber.com\/mavikadin\/graham-greene-kimdir-graham-greene-kac-yasinda-nelerde-oynadi\/","title":{"rendered":"Graham Greene kimdir? Graham Greene ka\u00e7 ya\u015f\u0131nda nelerde oynad\u0131?"},"content":{"rendered":"<p>\u00dcnl\u00fc oyuncu Graham Greene, ge\u00e7ti\u011fimiz saatlerde hayat\u0131n\u0131 kaybetti\u011fi \u00f6\u011frenildi. Graham Greene\u2019nin vefat haberini menajeri duyurdu. Arama motorlar\u0131nda ba\u015far\u0131l\u0131 oyuncu Graham Greene hakk\u0131nda ara\u015ft\u0131rma yap\u0131l\u0131yor. Oyuncunun hayat\u0131 ve kariyeri ara\u015ft\u0131r\u0131l\u0131yor. Peki, Graham Greene kimdir? \u00a0Graham Greene ka\u00e7 ya\u015f\u0131nda nelerden oynad\u0131? sorular\u0131n\u0131 sizin i\u00e7in ara\u015ft\u0131rd\u0131k. \u0130\u015fte Graham Greene hakk\u0131nda merak edilenler\u2026<\/p>\n<h3>GRAHAM GREENE K\u0130MD\u0130R?<\/h3>\n<p>Hollywood\u2019un ba\u015far\u0131l\u0131 oyuncular\u0131ndan biri olan Graham Greene, 1952 y\u0131l\u0131nda Kanada\u2019da d\u00fcnyaya geldi. Kariyerine tiyatro sahnelerinde ba\u015flayan ba\u015far\u0131l\u0131 isim 1980\u2019li y\u0131llarda sinemaya ad\u0131m att\u0131. 1990 y\u0131l\u0131nda Kevin Costner imzal\u0131 \u2018Kurtlarla Dans\u2019 filmindeki rol\u00fcyle uluslararas\u0131 bir \u00fcne kavu\u015ftu.<\/p>\n<p><img loading=\"lazy\" decoding=\"async\" class=\"alignnone size-full wp-image-229582\" src=\"https:\/\/www.tgrthaber.com\/mavikadin\/wp-content\/uploads\/ARZU-2025-09-02T114023.439.jpg\" alt=\"Graham Greene kimdir? Graham Greene ka\u00e7 ya\u015f\u0131nda nelerde oynad\u0131?\" width=\"1208\" height=\"680\" title=\"\" srcset=\"https:\/\/www.tgrthaber.com\/mavikadin\/wp-content\/uploads\/ARZU-2025-09-02T114023.439.jpg 1208w, https:\/\/www.tgrthaber.com\/mavikadin\/wp-content\/uploads\/ARZU-2025-09-02T114023.439-300x169.jpg 300w, https:\/\/www.tgrthaber.com\/mavikadin\/wp-content\/uploads\/ARZU-2025-09-02T114023.439-1024x576.jpg 1024w, https:\/\/www.tgrthaber.com\/mavikadin\/wp-content\/uploads\/ARZU-2025-09-02T114023.439-768x432.jpg 768w\" sizes=\"(max-width: 1208px) 100vw, 1208px\" \/><\/p>\n<hr \/>\n<p>Bu rol\u00fc ile \u2018Oscar\u2019 adayl\u0131\u011f\u0131na bile g\u00f6sterildi. Uluslararas\u0131 bir \u00fcne kavu\u015fan Graham Greene, En \u0130yi Yard\u0131mc\u0131 Erkek Oyuncu dal\u0131 ile \u2018Oscar\u2019 adayl\u0131\u011f\u0131 elde etmi\u015fti.<\/p>\n<p><img loading=\"lazy\" decoding=\"async\" class=\"alignnone size-full wp-image-229587\" src=\"https:\/\/www.tgrthaber.com\/mavikadin\/wp-content\/uploads\/ARZU-2025-09-02T113948.260.jpg\" alt=\"Graham Greene kimdir? Graham Greene ka\u00e7 ya\u015f\u0131nda nelerde oynad\u0131?\" width=\"1208\" height=\"680\" title=\"\" srcset=\"https:\/\/www.tgrthaber.com\/mavikadin\/wp-content\/uploads\/ARZU-2025-09-02T113948.260.jpg 1208w, https:\/\/www.tgrthaber.com\/mavikadin\/wp-content\/uploads\/ARZU-2025-09-02T113948.260-300x169.jpg 300w, https:\/\/www.tgrthaber.com\/mavikadin\/wp-content\/uploads\/ARZU-2025-09-02T113948.260-1024x576.jpg 1024w, https:\/\/www.tgrthaber.com\/mavikadin\/wp-content\/uploads\/ARZU-2025-09-02T113948.260-768x432.jpg 768w\" sizes=\"(max-width: 1208px) 100vw, 1208px\" \/><\/p>\n<hr \/>\n<p>Ge\u00e7ti\u011fimiz saatler de ba\u015far\u0131l\u0131 oyuncudan ac\u0131 haber geldi. Graham Greene\u2019nin \u2018Kurtlarla Dans\u2019 filminde oynad\u0131\u011f\u0131 Kicking Bird karakteri ile haf\u0131zalara kaz\u0131nan oyuncu vefat etti. Graham Greene\u2019nin vefat haberini menajeri duyurdu.<\/p>\n<h3><img loading=\"lazy\" decoding=\"async\" class=\"alignnone size-full wp-image-229586\" src=\"https:\/\/www.tgrthaber.com\/mavikadin\/wp-content\/uploads\/ARZU-2025-09-02T113955.757.jpg\" alt=\"Graham Greene kimdir? Graham Greene ka\u00e7 ya\u015f\u0131nda nelerde oynad\u0131?\" width=\"1208\" height=\"680\" title=\"\" srcset=\"https:\/\/www.tgrthaber.com\/mavikadin\/wp-content\/uploads\/ARZU-2025-09-02T113955.757.jpg 1208w, https:\/\/www.tgrthaber.com\/mavikadin\/wp-content\/uploads\/ARZU-2025-09-02T113955.757-300x169.jpg 300w, https:\/\/www.tgrthaber.com\/mavikadin\/wp-content\/uploads\/ARZU-2025-09-02T113955.757-1024x576.jpg 1024w, https:\/\/www.tgrthaber.com\/mavikadin\/wp-content\/uploads\/ARZU-2025-09-02T113955.757-768x432.jpg 768w\" sizes=\"(max-width: 1208px) 100vw, 1208px\" \/><\/h3>\n<hr \/>\n<h3>GRAHAM GREENE KA\u00c7 YA\u015eINDA?<\/h3>\n<p>Graham Greene, 76 ya\u015f\u0131nda hayata veda etti. Sinema kariyerinde unutulmaz i\u015flere imza atan Graham Greene menajerinin a\u00e7\u0131klamas\u0131 ile g\u00fcndeme geldi. Kanadal\u0131 akt\u00f6r\u00fcn menajeri Graham Greene vefat\u0131na ili\u015fkin a\u00e7\u0131klama yapt\u0131.<\/p>\n<p><img loading=\"lazy\" decoding=\"async\" class=\"alignnone size-full wp-image-229585\" src=\"https:\/\/www.tgrthaber.com\/mavikadin\/wp-content\/uploads\/ARZU-2025-09-02T114002.280.jpg\" alt=\"Graham Greene kimdir? Graham Greene ka\u00e7 ya\u015f\u0131nda nelerde oynad\u0131?\" width=\"1208\" height=\"680\" title=\"\" srcset=\"https:\/\/www.tgrthaber.com\/mavikadin\/wp-content\/uploads\/ARZU-2025-09-02T114002.280.jpg 1208w, https:\/\/www.tgrthaber.com\/mavikadin\/wp-content\/uploads\/ARZU-2025-09-02T114002.280-300x169.jpg 300w, https:\/\/www.tgrthaber.com\/mavikadin\/wp-content\/uploads\/ARZU-2025-09-02T114002.280-1024x576.jpg 1024w, https:\/\/www.tgrthaber.com\/mavikadin\/wp-content\/uploads\/ARZU-2025-09-02T114002.280-768x432.jpg 768w\" sizes=\"(max-width: 1208px) 100vw, 1208px\" \/><\/p>\n<hr \/>\n<p>Menajer, &#8220;Efsanevi Kanadal\u0131 akt\u00f6r Graham Greene&#8217;nin huzur i\u00e7inde vefat etti\u011fini derin bir \u00fcz\u00fcnt\u00fc ile duyuruyoruz.&#8221; \u0130fadelerini kulland\u0131. Bu haber sonras\u0131 \u00fcnl\u00fc oyuncuyu sevenler \u00fcz\u00fcnt\u00fclerini sosyal medya \u00fczerinden aktard\u0131.<\/p>\n<h3><img loading=\"lazy\" decoding=\"async\" class=\"alignnone size-full wp-image-229584\" src=\"https:\/\/www.tgrthaber.com\/mavikadin\/wp-content\/uploads\/ARZU-2025-09-02T114009.802.jpg\" alt=\"Graham Greene kimdir? Graham Greene ka\u00e7 ya\u015f\u0131nda nelerde oynad\u0131?\" width=\"1208\" height=\"680\" title=\"\" srcset=\"https:\/\/www.tgrthaber.com\/mavikadin\/wp-content\/uploads\/ARZU-2025-09-02T114009.802.jpg 1208w, https:\/\/www.tgrthaber.com\/mavikadin\/wp-content\/uploads\/ARZU-2025-09-02T114009.802-300x169.jpg 300w, https:\/\/www.tgrthaber.com\/mavikadin\/wp-content\/uploads\/ARZU-2025-09-02T114009.802-1024x576.jpg 1024w, https:\/\/www.tgrthaber.com\/mavikadin\/wp-content\/uploads\/ARZU-2025-09-02T114009.802-768x432.jpg 768w\" sizes=\"(max-width: 1208px) 100vw, 1208px\" \/><\/h3>\n<hr \/>\n<h3>GRAHAM GREENE NELERDE OYNADI?<\/h3>\n<p>Ba\u015far\u0131l\u0131 oyuncu Graham Greene , Kurtlarla Dans filmindeki Kicking Bird karakteri ile haf\u0131zalara kaz\u0131nm\u0131\u015f ki\u015filer aras\u0131nda yer ald\u0131. Daha sonralar\u0131 The Green Mile, Maverick, Die Hard With a Vengeance ve The Twilight Saga gibi bir\u00e7ok yap\u0131mda rol alm\u0131\u015ft\u0131r.<\/p>\n<p><img loading=\"lazy\" decoding=\"async\" class=\"alignnone size-full wp-image-229583\" src=\"https:\/\/www.tgrthaber.com\/mavikadin\/wp-content\/uploads\/ARZU-2025-09-02T114016.385.jpg\" alt=\"Graham Greene kimdir? Graham Greene ka\u00e7 ya\u015f\u0131nda nelerde oynad\u0131?\" width=\"1208\" height=\"680\" title=\"\" srcset=\"https:\/\/www.tgrthaber.com\/mavikadin\/wp-content\/uploads\/ARZU-2025-09-02T114016.385.jpg 1208w, https:\/\/www.tgrthaber.com\/mavikadin\/wp-content\/uploads\/ARZU-2025-09-02T114016.385-300x169.jpg 300w, https:\/\/www.tgrthaber.com\/mavikadin\/wp-content\/uploads\/ARZU-2025-09-02T114016.385-1024x576.jpg 1024w, https:\/\/www.tgrthaber.com\/mavikadin\/wp-content\/uploads\/ARZU-2025-09-02T114016.385-768x432.jpg 768w\" sizes=\"(max-width: 1208px) 100vw, 1208px\" \/><\/p>\n<hr \/>\n<p>Sinema filmleri ile dikkatleri \u00fczerine \u00e7eken ba\u015far\u0131l\u0131 oyuncu Graham Greene, ayn\u0131 zamanda televizyon dizileri ile de g\u00fcndem olmu\u015ftur. \u2018The Last of Us\u2019 dizisi ile ekran kar\u015f\u0131s\u0131na \u00e7\u0131km\u0131\u015ft\u0131r.<\/p>\n","protected":false},"excerpt":{"rendered":"<p>Hollywood ba\u015far\u0131l\u0131 oyuncular\u0131ndan biri olan Graham Greene, ac\u0131 haberle g\u00fcndeme geldi. \u00dcnl\u00fc oyuncu ge\u00e7ti\u011fimiz saatlerde menajerinin duyurusu ile vefat etti\u011fi \u00f6\u011frenildi. Bu haber soras\u0131 Graham Greene, arama motorlar\u0131nda ad\u0131 en \u00e7ok aranan ki\u015filer aras\u0131nda yer ald\u0131. Peki, Graham Greene kimdir?  Graham Greene ka\u00e7 ya\u015f\u0131nda nelerden oynad\u0131? \u0130\u015fte detaylar\u2026<\/p>\n","protected":false},"author":34,"featured_media":229588,"comment_status":"closed","ping_status":"closed","sticky":false,"template":"","format":"standard","meta":{"rank_math_lock_modified_date":false,"footnotes":""},"categories":[491],"tags":[16521,61270,61272,61271],"class_list":["post-229581","post","type-post","status-publish","format-standard","has-post-thumbnail","hentry","category-biyografi","tag-biyografi-haberleri","tag-graham-greene","tag-graham-greene-kimdir","tag-magazsn"],"_links":{"self":[{"href":"https:\/\/www.tgrthaber.com\/mavikadin\/wp-json\/wp\/v2\/posts\/229581"}],"collection":[{"href":"https:\/\/www.tgrthaber.com\/mavikadin\/wp-json\/wp\/v2\/posts"}],"about":[{"href":"https:\/\/www.tgrthaber.com\/mavikadin\/wp-json\/wp\/v2\/types\/post"}],"author":[{"embeddable":true,"href":"https:\/\/www.tgrthaber.com\/mavikadin\/wp-json\/wp\/v2\/users\/34"}],"replies":[{"embeddable":true,"href":"https:\/\/www.tgrthaber.com\/mavikadin\/wp-json\/wp\/v2\/comments?post=229581"}],"version-history":[{"count":2,"href":"https:\/\/www.tgrthaber.com\/mavikadin\/wp-json\/wp\/v2\/posts\/229581\/revisions"}],"predecessor-version":[{"id":229591,"href":"https:\/\/www.tgrthaber.com\/mavikadin\/wp-json\/wp\/v2\/posts\/229581\/revisions\/229591"}],"wp:featuredmedia":[{"embeddable":true,"href":"https:\/\/www.tgrthaber.com\/mavikadin\/wp-json\/wp\/v2\/media\/229588"}],"wp:attachment":[{"href":"https:\/\/www.tgrthaber.com\/mavikadin\/wp-json\/wp\/v2\/media?parent=229581"}],"wp:term":[{"taxonomy":"category","embeddable":true,"href":"https:\/\/www.tgrthaber.com\/mavikadin\/wp-json\/wp\/v2\/categories?post=229581"},{"taxonomy":"post_tag","embeddable":true,"href":"https:\/\/www.tgrthaber.com\/mavikadin\/wp-json\/wp\/v2\/tags?post=229581"}],"curies":[{"name":"wp","href":"https:\/\/api.w.org\/{rel}","templated":true}]}}