{"id":229607,"date":"2025-09-02T12:30:46","date_gmt":"2025-09-02T09:30:46","guid":{"rendered":"https:\/\/www.tgrthaber.com\/mavikadin\/?p=229607"},"modified":"2025-09-02T12:30:46","modified_gmt":"2025-09-02T09:30:46","slug":"gozleri-karadeniz-dizisinin-nermini-yonca-sahinbas-kimdir-yonca-sahinbas-kac-yasinda-ve-babasi-kim","status":"publish","type":"post","link":"https:\/\/www.tgrthaber.com\/mavikadin\/gozleri-karadeniz-dizisinin-nermini-yonca-sahinbas-kimdir-yonca-sahinbas-kac-yasinda-ve-babasi-kim\/","title":{"rendered":"G\u00f6zleri Karadeniz dizisinin Nermin\u2019i Yonca \u015eahinba\u015f kimdir? Yonca \u015eahinba\u015f ka\u00e7 ya\u015f\u0131nda ve babas\u0131 kim?"},"content":{"rendered":"<p>Oyuncu Yonca \u015eahinba\u015f, G\u00f6zleri Karadeniz dizisinde Nermin Ma\u00e7ari karakteri ile izleyici kar\u015f\u0131s\u0131na \u00e7\u0131k\u0131yor. Osman Ma\u00e7ari&#8217;nin e\u015fi Nermin Ma\u00e7ari\u2019nin e\u015fini oynayan Yonca \u015eahinba\u015f\u2019\u0131n kim oldu\u011fu merak edildi. G\u00f6zleri Karadeniz dizisinin Nermin\u2019i Yonca \u015eahinba\u015f kimdir? Yonca \u015eahinba\u015f ka\u00e7 ya\u015f\u0131nda ve babas\u0131 kim?<\/p>\n<h3>G\u00d6ZLER\u0130 KARADEN\u0130Z\u2019\u0130N NERM\u0130N\u2019\u0130 YONCA \u015eAH\u0130NBA\u015e K\u0130MD\u0130R?<\/h3>\n<p>G\u00f6zleri Karadeniz dizisinde Nermin Ma\u00e7ari karakterini oynayan Yonca \u015eahinba\u015f kimdir? Gelin beraber Yonca \u015eahinba\u015f\u2019\u0131n kariyerine bir yolculuk yapal\u0131m.<\/p>\n<p><img loading=\"lazy\" decoding=\"async\" class=\"size-full wp-image-229611 aligncenter\" src=\"https:\/\/www.tgrthaber.com\/mavikadin\/wp-content\/uploads\/gozleri-karadeniz-dizisinin-nermin-i-yonca-sahinbas-kimdir-yonca-sahinbas-kac-yasinda-ve-babasi-kim-4.jpg\" alt=\"\" width=\"1208\" height=\"680\" title=\"\" srcset=\"https:\/\/www.tgrthaber.com\/mavikadin\/wp-content\/uploads\/gozleri-karadeniz-dizisinin-nermin-i-yonca-sahinbas-kimdir-yonca-sahinbas-kac-yasinda-ve-babasi-kim-4.jpg 1208w, https:\/\/www.tgrthaber.com\/mavikadin\/wp-content\/uploads\/gozleri-karadeniz-dizisinin-nermin-i-yonca-sahinbas-kimdir-yonca-sahinbas-kac-yasinda-ve-babasi-kim-4-300x169.jpg 300w, https:\/\/www.tgrthaber.com\/mavikadin\/wp-content\/uploads\/gozleri-karadeniz-dizisinin-nermin-i-yonca-sahinbas-kimdir-yonca-sahinbas-kac-yasinda-ve-babasi-kim-4-1024x576.jpg 1024w, https:\/\/www.tgrthaber.com\/mavikadin\/wp-content\/uploads\/gozleri-karadeniz-dizisinin-nermin-i-yonca-sahinbas-kimdir-yonca-sahinbas-kac-yasinda-ve-babasi-kim-4-768x432.jpg 768w\" sizes=\"(max-width: 1208px) 100vw, 1208px\" \/><\/p>\n<hr \/>\n<p>Yonca \u015eahinba\u015f T\u00fcrk dizi, sinema ve tiyatro oyuncusudur. \u015eahinba\u015f ayr\u0131ca seslendirme sanat\u00e7\u0131l\u0131\u011f\u0131 da yapmaktad\u0131r. 6 Temmuz 1972 \u0130stanbul\u2019da d\u00fcnyaya geldi. Yonca \u015eahinba\u015f Ye\u015fil\u00e7am oyuncusu Mahmut Cevher\u2019in de k\u0131z\u0131d\u0131r.<\/p>\n<p>1994 y\u0131l\u0131nda Mimar Sinan \u00dcniversitesi Devlet Konservatuvar\u0131 Tiyatro B\u00f6l\u00fcm\u00fc&#8217;nden mezun oldu.<\/p>\n<p><img loading=\"lazy\" decoding=\"async\" class=\"size-full wp-image-229612 aligncenter\" src=\"https:\/\/www.tgrthaber.com\/mavikadin\/wp-content\/uploads\/gozleri-karadeniz-dizisinin-nermin-i-yonca-sahinbas-kimdir-yonca-sahinbas-kac-yasinda-ve-babasi-kim-3.jpg\" alt=\"\" width=\"1208\" height=\"680\" title=\"\" srcset=\"https:\/\/www.tgrthaber.com\/mavikadin\/wp-content\/uploads\/gozleri-karadeniz-dizisinin-nermin-i-yonca-sahinbas-kimdir-yonca-sahinbas-kac-yasinda-ve-babasi-kim-3.jpg 1208w, https:\/\/www.tgrthaber.com\/mavikadin\/wp-content\/uploads\/gozleri-karadeniz-dizisinin-nermin-i-yonca-sahinbas-kimdir-yonca-sahinbas-kac-yasinda-ve-babasi-kim-3-300x169.jpg 300w, https:\/\/www.tgrthaber.com\/mavikadin\/wp-content\/uploads\/gozleri-karadeniz-dizisinin-nermin-i-yonca-sahinbas-kimdir-yonca-sahinbas-kac-yasinda-ve-babasi-kim-3-1024x576.jpg 1024w, https:\/\/www.tgrthaber.com\/mavikadin\/wp-content\/uploads\/gozleri-karadeniz-dizisinin-nermin-i-yonca-sahinbas-kimdir-yonca-sahinbas-kac-yasinda-ve-babasi-kim-3-768x432.jpg 768w\" sizes=\"(max-width: 1208px) 100vw, 1208px\" \/><\/p>\n<hr \/>\n<p>1991 y\u0131l\u0131nda seslendirme sanat\u00e7\u0131s\u0131 olarak \u00e7al\u0131\u015fmaya ba\u015flad\u0131. Bez Bebek, Avatar: Son Havab\u00fck\u00fcc\u00fc, Anubis Evi, Y\u00fcr\u00fcyen \u015eato gibi dizi ve filmlerde baz\u0131 karakterleri seslendirdi.<\/p>\n<p>Bak\u0131rk\u00f6y Belediyesi Tiyatrolar\u0131ndaki g\u00f6rev ald\u0131.<\/p>\n<p><img loading=\"lazy\" decoding=\"async\" class=\"size-full wp-image-229614 aligncenter\" src=\"https:\/\/www.tgrthaber.com\/mavikadin\/wp-content\/uploads\/gozleri-karadeniz-dizisinin-nermin-i-yonca-sahinbas-kimdir-yonca-sahinbas-kac-yasinda-ve-babasi-kim-6.jpg\" alt=\"\" width=\"1208\" height=\"680\" title=\"\" srcset=\"https:\/\/www.tgrthaber.com\/mavikadin\/wp-content\/uploads\/gozleri-karadeniz-dizisinin-nermin-i-yonca-sahinbas-kimdir-yonca-sahinbas-kac-yasinda-ve-babasi-kim-6.jpg 1208w, https:\/\/www.tgrthaber.com\/mavikadin\/wp-content\/uploads\/gozleri-karadeniz-dizisinin-nermin-i-yonca-sahinbas-kimdir-yonca-sahinbas-kac-yasinda-ve-babasi-kim-6-300x169.jpg 300w, https:\/\/www.tgrthaber.com\/mavikadin\/wp-content\/uploads\/gozleri-karadeniz-dizisinin-nermin-i-yonca-sahinbas-kimdir-yonca-sahinbas-kac-yasinda-ve-babasi-kim-6-1024x576.jpg 1024w, https:\/\/www.tgrthaber.com\/mavikadin\/wp-content\/uploads\/gozleri-karadeniz-dizisinin-nermin-i-yonca-sahinbas-kimdir-yonca-sahinbas-kac-yasinda-ve-babasi-kim-6-768x432.jpg 768w\" sizes=\"(max-width: 1208px) 100vw, 1208px\" \/><\/p>\n<hr \/>\n<p>1993 y\u0131l\u0131nda \u201cYaz Evi\u201d adl\u0131 diziyle dizi oyunculu\u011fu kariyerine ba\u015flad\u0131. Gurur, \u0130li\u015fkiler, \u00c7i\u00e7ek Taksi, Asmal\u0131 Konak, A\u015fk\u0131na E\u015fk\u0131ya , Avrupa Yakas\u0131,Binbir Gece, Dila Han\u0131m gibi \u00e7ok izlenen dizilerde rol ald\u0131.<\/p>\n<p>Yonca \u015eahinba\u015f 2002 y\u0131l\u0131nda sahne tasar\u0131mc\u0131s\u0131 Tevfik Ali Yenel ile d\u00fcnya evine girdi, bu evlilikten bir \u00e7ocuklar\u0131 d\u00fcnyaya geldi. Yonca ve Tevfik \u00e7ifti 2012 y\u0131l\u0131nda bo\u015fand\u0131. Yonca \u015eahinba\u015f 2. evlili\u011fini, 10 Ocak 2015 tarihinde ise Koray \u015eahinba\u015f ile yapt\u0131.Yonca \u015eahinba\u015f evlidir ve Ali Deniz Yenel ad\u0131nda bir o\u011flu bulunmaktad\u0131r.<\/p>\n<p><img loading=\"lazy\" decoding=\"async\" class=\"size-full wp-image-229616 aligncenter\" src=\"https:\/\/www.tgrthaber.com\/mavikadin\/wp-content\/uploads\/gozleri-karadeniz-dizisinin-nermin-i-yonca-sahinbas-kimdir-yonca-sahinbas-kac-yasinda-ve-babasi-kim-7.jpg\" alt=\"\" width=\"1208\" height=\"680\" title=\"\" srcset=\"https:\/\/www.tgrthaber.com\/mavikadin\/wp-content\/uploads\/gozleri-karadeniz-dizisinin-nermin-i-yonca-sahinbas-kimdir-yonca-sahinbas-kac-yasinda-ve-babasi-kim-7.jpg 1208w, https:\/\/www.tgrthaber.com\/mavikadin\/wp-content\/uploads\/gozleri-karadeniz-dizisinin-nermin-i-yonca-sahinbas-kimdir-yonca-sahinbas-kac-yasinda-ve-babasi-kim-7-300x169.jpg 300w, https:\/\/www.tgrthaber.com\/mavikadin\/wp-content\/uploads\/gozleri-karadeniz-dizisinin-nermin-i-yonca-sahinbas-kimdir-yonca-sahinbas-kac-yasinda-ve-babasi-kim-7-1024x576.jpg 1024w, https:\/\/www.tgrthaber.com\/mavikadin\/wp-content\/uploads\/gozleri-karadeniz-dizisinin-nermin-i-yonca-sahinbas-kimdir-yonca-sahinbas-kac-yasinda-ve-babasi-kim-7-768x432.jpg 768w\" sizes=\"(max-width: 1208px) 100vw, 1208px\" \/><\/p>\n<hr \/>\n<h3>G\u00d6ZLER\u0130 KARADEN\u0130Z\u2019\u0130N NERM\u0130N\u2019\u0130 YONCA \u015eAH\u0130NBA\u015e KA\u00c7 YA\u015eINDA?<\/h3>\n<p>G\u00f6zleri Karadeniz dizisinde Nermin Ma\u00e7ari karakterini oynayan Yonca \u015eahinba\u015f 1972 do\u011fumludur. 2025 y\u0131l\u0131 itibariyle 53 ya\u015f\u0131ndad\u0131r.<\/p>\n<h3>YONCA \u015eAH\u0130NBA\u015e\u2019IN BABASI K\u0130M?<\/h3>\n<p>Yonca \u015eahinba\u015f\u2019\u0131n babas\u0131 sinema oyuncusu Mahmut Cevher\u2019dir.<\/p>\n<p><img loading=\"lazy\" decoding=\"async\" class=\"size-full wp-image-229613 aligncenter\" src=\"https:\/\/www.tgrthaber.com\/mavikadin\/wp-content\/uploads\/gozleri-karadeniz-dizisinin-nermin-i-yonca-sahinbas-kimdir-yonca-sahinbas-kac-yasinda-ve-babasi-kim-2.jpg\" alt=\"\" width=\"1208\" height=\"680\" title=\"\" srcset=\"https:\/\/www.tgrthaber.com\/mavikadin\/wp-content\/uploads\/gozleri-karadeniz-dizisinin-nermin-i-yonca-sahinbas-kimdir-yonca-sahinbas-kac-yasinda-ve-babasi-kim-2.jpg 1208w, https:\/\/www.tgrthaber.com\/mavikadin\/wp-content\/uploads\/gozleri-karadeniz-dizisinin-nermin-i-yonca-sahinbas-kimdir-yonca-sahinbas-kac-yasinda-ve-babasi-kim-2-300x169.jpg 300w, https:\/\/www.tgrthaber.com\/mavikadin\/wp-content\/uploads\/gozleri-karadeniz-dizisinin-nermin-i-yonca-sahinbas-kimdir-yonca-sahinbas-kac-yasinda-ve-babasi-kim-2-1024x576.jpg 1024w, https:\/\/www.tgrthaber.com\/mavikadin\/wp-content\/uploads\/gozleri-karadeniz-dizisinin-nermin-i-yonca-sahinbas-kimdir-yonca-sahinbas-kac-yasinda-ve-babasi-kim-2-768x432.jpg 768w\" sizes=\"(max-width: 1208px) 100vw, 1208px\" \/><\/p>\n<hr \/>\n<h3>G\u00d6ZLER\u0130 KARADEN\u0130Z NERM\u0130N MA\u00c7AR\u0130 K\u0130MD\u0130R?<\/h3>\n<p>G\u00f6zleri Karadeniz dizisinde Nermin Ma\u00e7ari karakterini Yonca \u015eahinba\u015f oynuyor. Gelin, Nermin Ma\u00e7ari&#8217;yi yak\u0131ndan tan\u0131yal\u0131m.<\/p>\n<p>Orta Karadeniz&#8217;de bir kasabada do\u011fmu\u015f olan Nermin Ma\u00e7ari k\u00fc\u00e7\u00fck ya\u015flarda ailesiyle beraber Rize&#8217;ye ta\u015f\u0131n\u0131r. Orta\u00f6\u011fretimini Rize&#8217;de tamamlayan Ma\u00e7ari&#8217;nin hayali karde\u015fi Nilg\u00fcn ile hayalini kurduklar\u0131 \u0130stanbul&#8217;a tan\u0131\u015fmak, \u0130stanbullu olmakt\u0131.<\/p>\n<h3>YONCA \u015eAH\u0130NBA\u015e\u2019IN ROL ALDI\u011eI D\u0130Z\u0130 VE F\u0130LMLER<\/h3>\n<p>Yonca \u015eahinba\u015f\u2019\u0131n rol ald\u0131\u011f\u0131 dizi ve filmler \u015f\u00f6yle:<\/p>\n<p>2025-: G\u00f6zleri Karadeniz &#8211; Nermin Ma\u00e7ari<\/p>\n<p>2025: A\u015fk\u0131n D\u00fcnk\u00fc \u00c7ocuklar\u0131 &#8211; Meryem<\/p>\n<p>2023: Sen T\u00fcrk\u00fclerini S\u00f6yle &#8211; Konuk<\/p>\n<p>2023-2024: Kendi D\u00fc\u015fen A\u011flamaz &#8211; Esma Soner<\/p>\n<p>2023: \u00d6z\u00fcr Dilerim &#8211; \u015e\u00fckran<\/p>\n<p>2021-2022: Kalp Yaras\u0131 &#8211; Vedia Sancakzade<\/p>\n<p>2017-2018: Yeni Gelin &#8211; Asiye \u0130ncesu<\/p>\n<p>2015-2016: Asla Vazge\u00e7mem &#8211; Nazan Kozan<\/p>\n<p>2012-2014: Dila Han\u0131m &#8211; Sultan Barazo\u011flu<\/p>\n<p>2010: K\u0131z\u0131m Nerede? &#8211; \u0130pek Demiray<\/p>\n<p>2009: A\u015fk Bir Hayal<\/p>\n<p>2006: G\u00f6zya\u015f\u0131 \u00c7etesi<\/p>\n<p><img loading=\"lazy\" decoding=\"async\" class=\"size-full wp-image-229617 aligncenter\" src=\"https:\/\/www.tgrthaber.com\/mavikadin\/wp-content\/uploads\/gozleri-karadeniz-dizisinin-nermin-i-yonca-sahinbas-kimdir-yonca-sahinbas-kac-yasinda-ve-babasi-kim-5.jpg\" alt=\"\" width=\"1208\" height=\"680\" title=\"\" srcset=\"https:\/\/www.tgrthaber.com\/mavikadin\/wp-content\/uploads\/gozleri-karadeniz-dizisinin-nermin-i-yonca-sahinbas-kimdir-yonca-sahinbas-kac-yasinda-ve-babasi-kim-5.jpg 1208w, https:\/\/www.tgrthaber.com\/mavikadin\/wp-content\/uploads\/gozleri-karadeniz-dizisinin-nermin-i-yonca-sahinbas-kimdir-yonca-sahinbas-kac-yasinda-ve-babasi-kim-5-300x169.jpg 300w, https:\/\/www.tgrthaber.com\/mavikadin\/wp-content\/uploads\/gozleri-karadeniz-dizisinin-nermin-i-yonca-sahinbas-kimdir-yonca-sahinbas-kac-yasinda-ve-babasi-kim-5-1024x576.jpg 1024w, https:\/\/www.tgrthaber.com\/mavikadin\/wp-content\/uploads\/gozleri-karadeniz-dizisinin-nermin-i-yonca-sahinbas-kimdir-yonca-sahinbas-kac-yasinda-ve-babasi-kim-5-768x432.jpg 768w\" sizes=\"(max-width: 1208px) 100vw, 1208px\" \/><\/p>\n<hr \/>\n<p>2006: Binbir Gece &#8211; F\u00fcsun Evliyao\u011flu<\/p>\n<p>2004: Paydos<\/p>\n<p>2004: \u00dcvey Ana<\/p>\n<p>2004: Avrupa Yakas\u0131 &#8211; M\u00fcrvet<\/p>\n<p>2002: Asmal\u0131 Konak<\/p>\n<p>2001: A\u015fk\u0131na E\u015fk\u0131ya<\/p>\n<p>2000: Kurt Kapan\u0131<\/p>\n<p>2000: Par\u00e7a Pin\u00e7ik<\/p>\n<p>2000: Savunma<\/p>\n<p>1999: G\u00fcnayd\u0131n \u0130stanbul Karde\u015f<\/p>\n<p>1997: \u0130li\u015fkiler<\/p>\n<p>1995: \u00c7i\u00e7ek Taksi &#8211; S\u0131rma (1995-1998)<\/p>\n<p>1994: Gurur<\/p>\n<p>1994: Su\u00e7lu Kim<\/p>\n<p>1993: Yaz Evi<\/p>\n","protected":false},"excerpt":{"rendered":"<p>G\u00f6zleri Karadeniz dizisinde Nermin Ma\u00e7ari karakterini Yonca \u015eahinba\u015f oynuyor. Diziyi izleyenler Yonca \u015eahinba\u015f\u2019\u0131n kim oldu\u011funu ara\u015ft\u0131rmaya ba\u015flad\u0131. G\u00f6zleri Karadeniz dizisinin Nermin\u2019i Yonca \u015eahinba\u015f kimdir? Yonca \u015eahinba\u015f ka\u00e7 ya\u015f\u0131nda ve babas\u0131 kim?<\/p>\n","protected":false},"author":30,"featured_media":229608,"comment_status":"closed","ping_status":"closed","sticky":false,"template":"","format":"standard","meta":{"rank_math_lock_modified_date":false,"footnotes":""},"categories":[491],"tags":[16521,25422,61275,61276,20636],"class_list":["post-229607","post","type-post","status-publish","format-standard","has-post-thumbnail","hentry","category-biyografi","tag-biyografi-haberleri","tag-gozleri-karadeniz-dizisi","tag-gozleri-karadeniz-nermin","tag-gozleri-karadeniz-nermin-macari-kimdir","tag-yonca-sahinbas"],"_links":{"self":[{"href":"https:\/\/www.tgrthaber.com\/mavikadin\/wp-json\/wp\/v2\/posts\/229607"}],"collection":[{"href":"https:\/\/www.tgrthaber.com\/mavikadin\/wp-json\/wp\/v2\/posts"}],"about":[{"href":"https:\/\/www.tgrthaber.com\/mavikadin\/wp-json\/wp\/v2\/types\/post"}],"author":[{"embeddable":true,"href":"https:\/\/www.tgrthaber.com\/mavikadin\/wp-json\/wp\/v2\/users\/30"}],"replies":[{"embeddable":true,"href":"https:\/\/www.tgrthaber.com\/mavikadin\/wp-json\/wp\/v2\/comments?post=229607"}],"version-history":[{"count":1,"href":"https:\/\/www.tgrthaber.com\/mavikadin\/wp-json\/wp\/v2\/posts\/229607\/revisions"}],"predecessor-version":[{"id":229618,"href":"https:\/\/www.tgrthaber.com\/mavikadin\/wp-json\/wp\/v2\/posts\/229607\/revisions\/229618"}],"wp:featuredmedia":[{"embeddable":true,"href":"https:\/\/www.tgrthaber.com\/mavikadin\/wp-json\/wp\/v2\/media\/229608"}],"wp:attachment":[{"href":"https:\/\/www.tgrthaber.com\/mavikadin\/wp-json\/wp\/v2\/media?parent=229607"}],"wp:term":[{"taxonomy":"category","embeddable":true,"href":"https:\/\/www.tgrthaber.com\/mavikadin\/wp-json\/wp\/v2\/categories?post=229607"},{"taxonomy":"post_tag","embeddable":true,"href":"https:\/\/www.tgrthaber.com\/mavikadin\/wp-json\/wp\/v2\/tags?post=229607"}],"curies":[{"name":"wp","href":"https:\/\/api.w.org\/{rel}","templated":true}]}}