{"id":229610,"date":"2025-09-02T12:35:05","date_gmt":"2025-09-02T09:35:05","guid":{"rendered":"https:\/\/www.tgrthaber.com\/mavikadin\/?p=229610"},"modified":"2025-09-02T12:35:05","modified_gmt":"2025-09-02T09:35:05","slug":"gozleri-karadeniz-dizisinin-aylasi-gizem-arikan-kimdir-gizem-arikan-kac-yasinda-nerelerde-oynadi","status":"publish","type":"post","link":"https:\/\/www.tgrthaber.com\/mavikadin\/gozleri-karadeniz-dizisinin-aylasi-gizem-arikan-kimdir-gizem-arikan-kac-yasinda-nerelerde-oynadi\/","title":{"rendered":"G\u00f6zleri Karadeniz dizisinin Ayla\u2019s\u0131 Gizem Ar\u0131kan kimdir? Gizem Ar\u0131kan ka\u00e7 ya\u015f\u0131nda nerelerde oynad\u0131?"},"content":{"rendered":"<p>ATV ekranlar\u0131n da yay\u0131nlanacak olan G\u00f6zleri Karadeniz dizisi yay\u0131n hayat\u0131na daha girmeden dikkatleri \u00fczerine \u00e7ekti. Dizinin ba\u015far\u0131l\u0131 oyuncular\u0131 da merak konusu oldu. G\u00f6zleri Karadeniz dizisinin Ayla\u2019s\u0131 rol\u00fcnde oynayacak olan Gizem Ar\u0131kan, arama motorlar\u0131nda en \u00e7ok arat\u0131lan isimler aras\u0131nda yer ald\u0131. Peki, G\u00f6zleri Karadeniz dizisinin Ayla\u2019s\u0131 Gizem Ar\u0131kan kimdir? Gizem Ar\u0131kan ka\u00e7 ya\u015f\u0131nda nerelerde oynad\u0131? sorular\u0131n\u0131 sizin i\u00e7in ara\u015ft\u0131rd\u0131k. \u0130\u015fte Gizem Ar\u0131kan hakk\u0131nda merak edilenler\u2026<\/p>\n<h3>G\u00d6ZLER\u0130 KARADEN\u0130Z D\u0130Z\u0130S\u0130N\u0130N AYLA\u2019SI G\u0130ZEM ARIKAN K\u0130MD\u0130R?<\/h3>\n<p>ATV ekranlar\u0131nda yay\u0131nlanacak <a href=\"https:\/\/www.tgrthaber.com\/mavikadin\/gozleri-karadeniz-dizisinin-hakisi-onur-ozaydin-kimdir-onur-ozaydin-kac-yasinda-nereli\/\">G\u00f6zleri Karadeniz<\/a> dizisi 2 Eyl\u00fcl 2025 Sal\u0131 ak\u015fam\u0131 izleyicisi ile bulu\u015fmaya haz\u0131rlan\u0131yor. Ba\u015frollerini Halit \u00d6zg\u00fcr Sar\u0131 ve \u00d6zge Ya\u011f\u0131z\u2019\u0131n payla\u015ft\u0131\u011f\u0131 G\u00f6zleri Karadeniz dizisi yay\u0131nlanan fragmanlar\u0131 ile dikkatleri \u00fczerine \u00e7ekti.<\/p>\n<p><img loading=\"lazy\" decoding=\"async\" class=\"alignnone size-full wp-image-229629\" src=\"https:\/\/www.tgrthaber.com\/mavikadin\/wp-content\/uploads\/ARZU-2025-09-02T123157.179.jpg\" alt=\"G\u00f6zleri Karadeniz dizisinin Ayla\u2019s\u0131 Gizem Ar\u0131kan kimdir? Gizem Ar\u0131kan ka\u00e7 ya\u015f\u0131nda nerelerde oynad\u0131?\" width=\"1208\" height=\"680\" title=\"\" srcset=\"https:\/\/www.tgrthaber.com\/mavikadin\/wp-content\/uploads\/ARZU-2025-09-02T123157.179.jpg 1208w, https:\/\/www.tgrthaber.com\/mavikadin\/wp-content\/uploads\/ARZU-2025-09-02T123157.179-300x169.jpg 300w, https:\/\/www.tgrthaber.com\/mavikadin\/wp-content\/uploads\/ARZU-2025-09-02T123157.179-1024x576.jpg 1024w, https:\/\/www.tgrthaber.com\/mavikadin\/wp-content\/uploads\/ARZU-2025-09-02T123157.179-768x432.jpg 768w\" sizes=\"(max-width: 1208px) 100vw, 1208px\" \/><\/p>\n<hr \/>\n<p>Dizinin konusunun yan\u0131nda oyuncular\u0131 da merak edilmeye ba\u015fland\u0131. Merak edilen isimler aras\u0131nda Gizem Ar\u0131kan\u2019da yer ald\u0131. Gizem Ar\u0131kan, 10 \u015eubat 1994 y\u0131l\u0131nda \u0130stanbul\u2019da d\u00fcnyaya geldi. Sanata \u00e7ok k\u00fc\u00e7\u00fck ya\u015flardan itibaren ilgi duyan Gizem Ar\u0131kan, bu duydu\u011fu ilgi ile tiyatro ve oyunculuk alan\u0131nda kendini geli\u015ftirmeye y\u00f6neltmi\u015ftir.<\/p>\n<p><img loading=\"lazy\" decoding=\"async\" class=\"alignnone size-full wp-image-229628\" src=\"https:\/\/www.tgrthaber.com\/mavikadin\/wp-content\/uploads\/ARZU-2025-09-02T123209.216.jpg\" alt=\"G\u00f6zleri Karadeniz dizisinin Ayla\u2019s\u0131 Gizem Ar\u0131kan kimdir? Gizem Ar\u0131kan ka\u00e7 ya\u015f\u0131nda nerelerde oynad\u0131?\" width=\"1208\" height=\"680\" title=\"\" srcset=\"https:\/\/www.tgrthaber.com\/mavikadin\/wp-content\/uploads\/ARZU-2025-09-02T123209.216.jpg 1208w, https:\/\/www.tgrthaber.com\/mavikadin\/wp-content\/uploads\/ARZU-2025-09-02T123209.216-300x169.jpg 300w, https:\/\/www.tgrthaber.com\/mavikadin\/wp-content\/uploads\/ARZU-2025-09-02T123209.216-1024x576.jpg 1024w, https:\/\/www.tgrthaber.com\/mavikadin\/wp-content\/uploads\/ARZU-2025-09-02T123209.216-768x432.jpg 768w\" sizes=\"(max-width: 1208px) 100vw, 1208px\" \/><\/p>\n<hr \/>\n<p>Profesyonel anlamda oyunculuk kariyerine gen\u00e7 ya\u015flarda ad\u0131m adan Gizem Ar\u0131kan, 2016 y\u0131l\u0131nda \u201cA\u015fk\u0131n 5 Hali\u201d filmi ile seyirci kar\u015f\u0131s\u0131na \u00e7\u0131km\u0131\u015ft\u0131r. Sergiledi\u011fi ba\u015far\u0131l\u0131 performanslar ile b\u00fcy\u00fck projelerde de oynama \u015fans\u0131 yakalam\u0131\u015ft\u0131r.<\/p>\n<h3><img loading=\"lazy\" decoding=\"async\" class=\"alignnone size-full wp-image-229632\" src=\"https:\/\/www.tgrthaber.com\/mavikadin\/wp-content\/uploads\/ARZU-2025-09-02T123116.925.jpg\" alt=\"G\u00f6zleri Karadeniz dizisinin Ayla\u2019s\u0131 Gizem Ar\u0131kan kimdir? Gizem Ar\u0131kan ka\u00e7 ya\u015f\u0131nda nerelerde oynad\u0131?\" width=\"1208\" height=\"680\" title=\"\" srcset=\"https:\/\/www.tgrthaber.com\/mavikadin\/wp-content\/uploads\/ARZU-2025-09-02T123116.925.jpg 1208w, https:\/\/www.tgrthaber.com\/mavikadin\/wp-content\/uploads\/ARZU-2025-09-02T123116.925-300x169.jpg 300w, https:\/\/www.tgrthaber.com\/mavikadin\/wp-content\/uploads\/ARZU-2025-09-02T123116.925-1024x576.jpg 1024w, https:\/\/www.tgrthaber.com\/mavikadin\/wp-content\/uploads\/ARZU-2025-09-02T123116.925-768x432.jpg 768w\" sizes=\"(max-width: 1208px) 100vw, 1208px\" \/><\/h3>\n<hr \/>\n<h3>G\u0130ZEM ARIKAN KA\u00c7 YA\u015eINDA?<\/h3>\n<p>K\u00fc\u00e7\u00fck ya\u015flardan beri sanata ilgi duymas\u0131 onun oyunculuk kariyerinde emin ad\u0131mlar ile ilerlemesine yard\u0131mc\u0131 olmu\u015ftur. 2019 y\u0131l\u0131nda \u201cYaral\u0131 Ku\u015flar\u201d dizisinde ba\u015frol olan Gizem Ar\u0131kan, geni\u015f kitlelerce tan\u0131nmaya ba\u015flam\u0131\u015ft\u0131r.<\/p>\n<p><img loading=\"lazy\" decoding=\"async\" class=\"alignnone size-full wp-image-229627\" src=\"https:\/\/www.tgrthaber.com\/mavikadin\/wp-content\/uploads\/ARZU-2025-09-02T123217.308.jpg\" alt=\"G\u00f6zleri Karadeniz dizisinin Ayla\u2019s\u0131 Gizem Ar\u0131kan kimdir? Gizem Ar\u0131kan ka\u00e7 ya\u015f\u0131nda nerelerde oynad\u0131?\" width=\"1208\" height=\"680\" title=\"\" srcset=\"https:\/\/www.tgrthaber.com\/mavikadin\/wp-content\/uploads\/ARZU-2025-09-02T123217.308.jpg 1208w, https:\/\/www.tgrthaber.com\/mavikadin\/wp-content\/uploads\/ARZU-2025-09-02T123217.308-300x169.jpg 300w, https:\/\/www.tgrthaber.com\/mavikadin\/wp-content\/uploads\/ARZU-2025-09-02T123217.308-1024x576.jpg 1024w, https:\/\/www.tgrthaber.com\/mavikadin\/wp-content\/uploads\/ARZU-2025-09-02T123217.308-768x432.jpg 768w\" sizes=\"(max-width: 1208px) 100vw, 1208px\" \/><\/p>\n<hr \/>\n<p>\u015eimdilerde 32 ya\u015f\u0131nda olan g\u00fczel oyuncu, \u2018Bir Deli R\u00fczg\u00e2r\u2019 dizisindeki karakteri ile \u00e7ok sevilmi\u015f ve uzun s\u00fcre de konu\u015fulmu\u015ftur. Aslen nereli oldu\u011fu ile ilgili bilgiler kamuoyunda bulunamam\u0131\u015ft\u0131r.<\/p>\n<h3><img loading=\"lazy\" decoding=\"async\" class=\"alignnone size-full wp-image-229626\" src=\"https:\/\/www.tgrthaber.com\/mavikadin\/wp-content\/uploads\/ARZU-2025-09-02T123230.279.jpg\" alt=\"G\u00f6zleri Karadeniz dizisinin Ayla\u2019s\u0131 Gizem Ar\u0131kan kimdir? Gizem Ar\u0131kan ka\u00e7 ya\u015f\u0131nda nerelerde oynad\u0131?\" width=\"1208\" height=\"680\" title=\"\" srcset=\"https:\/\/www.tgrthaber.com\/mavikadin\/wp-content\/uploads\/ARZU-2025-09-02T123230.279.jpg 1208w, https:\/\/www.tgrthaber.com\/mavikadin\/wp-content\/uploads\/ARZU-2025-09-02T123230.279-300x169.jpg 300w, https:\/\/www.tgrthaber.com\/mavikadin\/wp-content\/uploads\/ARZU-2025-09-02T123230.279-1024x576.jpg 1024w, https:\/\/www.tgrthaber.com\/mavikadin\/wp-content\/uploads\/ARZU-2025-09-02T123230.279-768x432.jpg 768w\" sizes=\"(max-width: 1208px) 100vw, 1208px\" \/><\/h3>\n<hr \/>\n<h3>G\u0130ZEM ARIKAN NERELERDE ROL ALDI?<\/h3>\n<p>Ba\u015far\u0131l\u0131 oyuncu \u015fimdilerde ATV ekranlar\u0131nda yay\u0131nlanan G\u00f6zleri Karadeniz dizisinde Ayla rol\u00fc ile izleyici kar\u015f\u0131s\u0131na \u00e7\u0131kacak. Daha \u00f6nceleri E\u015fk\u0131ya D\u00fcnyaya H\u00fck\u00fcmdar Olmaz, \u0130\u00e7imizdeki Ate\u015f, Kod Ad\u0131 K\u0131rlang\u0131\u00e7, Aile \u015eirketi ve \u00c7ocuklar Duymas\u0131n gibi yap\u0131mlar ile seyirci kar\u015f\u0131s\u0131na \u00e7\u0131km\u0131\u015ft\u0131r.<\/p>\n<p><img loading=\"lazy\" decoding=\"async\" class=\"alignnone size-full wp-image-229630\" src=\"https:\/\/www.tgrthaber.com\/mavikadin\/wp-content\/uploads\/ARZU-2025-09-02T123144.539.jpg\" alt=\"G\u00f6zleri Karadeniz dizisinin Ayla\u2019s\u0131 Gizem Ar\u0131kan kimdir? Gizem Ar\u0131kan ka\u00e7 ya\u015f\u0131nda nerelerde oynad\u0131?\" width=\"1208\" height=\"680\" title=\"\" srcset=\"https:\/\/www.tgrthaber.com\/mavikadin\/wp-content\/uploads\/ARZU-2025-09-02T123144.539.jpg 1208w, https:\/\/www.tgrthaber.com\/mavikadin\/wp-content\/uploads\/ARZU-2025-09-02T123144.539-300x169.jpg 300w, https:\/\/www.tgrthaber.com\/mavikadin\/wp-content\/uploads\/ARZU-2025-09-02T123144.539-1024x576.jpg 1024w, https:\/\/www.tgrthaber.com\/mavikadin\/wp-content\/uploads\/ARZU-2025-09-02T123144.539-768x432.jpg 768w\" sizes=\"(max-width: 1208px) 100vw, 1208px\" \/><\/p>\n<hr \/>\n<p>Dizilerin d\u0131\u015f\u0131nda A\u015fk\u0131n 5 Hali, Organik A\u015fk ve Ayb\u00fcke: \u00d6\u011fretmen Oldum Ben filmleri ile dikkatleri \u00fczerine \u00e7eken ba\u015far\u0131l\u0131 isim oyunculu\u011fu ile dikkat \u00e7ekiyor.<\/p>\n","protected":false},"excerpt":{"rendered":"<p>Yeni sezon dizilerinden biri olan G\u00f6zleri Karadeniz dizisi ekranlara gelmek i\u00e7in saatleri say\u0131yor. Dizi gerek konusu gerekse de oyuncular\u0131 ile dikkatleri \u00fczerine \u00e7ekiyor. Dizi de Ayla karakterini oynayan Gizem Ar\u0131kan\u2019da merak edilen isimler aras\u0131nda yer ald\u0131. Peki, G\u00f6zleri Karadeniz dizisinin Ayla\u2019s\u0131 Gizem Ar\u0131kan kimdir? Gizem Ar\u0131kan ka\u00e7 ya\u015f\u0131nda nerelerde oynad\u0131? \u0130\u015fte detaylar\u2026<\/p>\n","protected":false},"author":34,"featured_media":229631,"comment_status":"closed","ping_status":"closed","sticky":false,"template":"","format":"standard","meta":{"rank_math_lock_modified_date":false,"footnotes":""},"categories":[491],"tags":[16521,32159,61278,61279,25421],"class_list":["post-229610","post","type-post","status-publish","format-standard","has-post-thumbnail","hentry","category-biyografi","tag-biyografi-haberleri","tag-dizi","tag-gizem-arikan","tag-gizem-arikan-kimdir","tag-gozleri-karadeniz"],"_links":{"self":[{"href":"https:\/\/www.tgrthaber.com\/mavikadin\/wp-json\/wp\/v2\/posts\/229610"}],"collection":[{"href":"https:\/\/www.tgrthaber.com\/mavikadin\/wp-json\/wp\/v2\/posts"}],"about":[{"href":"https:\/\/www.tgrthaber.com\/mavikadin\/wp-json\/wp\/v2\/types\/post"}],"author":[{"embeddable":true,"href":"https:\/\/www.tgrthaber.com\/mavikadin\/wp-json\/wp\/v2\/users\/34"}],"replies":[{"embeddable":true,"href":"https:\/\/www.tgrthaber.com\/mavikadin\/wp-json\/wp\/v2\/comments?post=229610"}],"version-history":[{"count":2,"href":"https:\/\/www.tgrthaber.com\/mavikadin\/wp-json\/wp\/v2\/posts\/229610\/revisions"}],"predecessor-version":[{"id":229635,"href":"https:\/\/www.tgrthaber.com\/mavikadin\/wp-json\/wp\/v2\/posts\/229610\/revisions\/229635"}],"wp:featuredmedia":[{"embeddable":true,"href":"https:\/\/www.tgrthaber.com\/mavikadin\/wp-json\/wp\/v2\/media\/229631"}],"wp:attachment":[{"href":"https:\/\/www.tgrthaber.com\/mavikadin\/wp-json\/wp\/v2\/media?parent=229610"}],"wp:term":[{"taxonomy":"category","embeddable":true,"href":"https:\/\/www.tgrthaber.com\/mavikadin\/wp-json\/wp\/v2\/categories?post=229610"},{"taxonomy":"post_tag","embeddable":true,"href":"https:\/\/www.tgrthaber.com\/mavikadin\/wp-json\/wp\/v2\/tags?post=229610"}],"curies":[{"name":"wp","href":"https:\/\/api.w.org\/{rel}","templated":true}]}}