{"id":229648,"date":"2025-09-02T13:58:25","date_gmt":"2025-09-02T10:58:25","guid":{"rendered":"https:\/\/www.tgrthaber.com\/mavikadin\/?p=229648"},"modified":"2025-09-02T13:58:26","modified_gmt":"2025-09-02T10:58:26","slug":"yasemin-ozilhan-ve-izzet-ozilhan-bosaniyor-mu-ece-erkenden-unlu-cift-hakkinda-sok-iddia","status":"publish","type":"post","link":"https:\/\/www.tgrthaber.com\/mavikadin\/yasemin-ozilhan-ve-izzet-ozilhan-bosaniyor-mu-ece-erkenden-unlu-cift-hakkinda-sok-iddia\/","title":{"rendered":"Yasemin \u00d6zilhan ve \u0130zzet \u00d6zilhan bo\u015fan\u0131yor mu? Ece Erken\u2019den \u00fcnl\u00fc \u00e7ift hakk\u0131nda \u015fok iddia"},"content":{"rendered":"<p>\u00dcnl\u00fc \u00e7ift Yasemin \u00d6zilhan ve \u0130zzet \u00d6zilhan\u2019\u0131n son d\u00f6neme bo\u015fanma iddialar\u0131 g\u00fcndeme geliyor. \u00dcnl\u00fc sunucu Ece Erken, \u00e7iftin yak\u0131n \u00e7evresinden bu kayna\u011f\u0131 ald\u0131\u011f\u0131n\u0131 Gel Konu\u015fal\u0131m program\u0131nda s\u00f6yledi. Peki, Yasemin \u00d6zilhan ve e\u015fi \u0130zzet \u00d6zilhan bo\u015fan\u0131yor mu? sorusunu sizin i\u00e7in ara\u015ft\u0131rd\u0131k. \u0130\u015fte detaylar\u2026<\/p>\n<h3>YASEM\u0130N \u00d6Z\u0130LHAN VE \u0130ZZET \u00d6Z\u0130LHAN BO\u015eANIYOR MU?<\/h3>\n<p>\u00dcnl\u00fc televizyon sunucusu Ece Erken, H\u00fcrriyet\u2019in haberine g\u00f6re, \u00fcnl\u00fc \u00e7ift olan Yasemin \u00d6zilhan ve \u0130zzet \u00d6zilhan\u2019\u0131n bo\u015fanacaklar\u0131n\u0131 iddia etti. Doktorlar dizisi ile televizyon ekranlar\u0131nda yer alan Yasemin \u00d6zilhan, o d\u00f6nem de sevilen ve be\u011fenilen karakterler aras\u0131nda yerini al\u0131yordu.<\/p>\n<p><img loading=\"lazy\" decoding=\"async\" class=\"alignnone size-full wp-image-229655\" src=\"https:\/\/www.tgrthaber.com\/mavikadin\/wp-content\/uploads\/ARZU-2025-09-02T135345.487.jpg\" alt=\"Yasemin \u00d6zilhan ve \u0130zzet \u00d6zilhan bo\u015fan\u0131yor mu? Ece Erken\u2019den \u00fcnl\u00fc \u00e7ift hakk\u0131nda \u015fok iddia\" width=\"1208\" height=\"680\" title=\"\" srcset=\"https:\/\/www.tgrthaber.com\/mavikadin\/wp-content\/uploads\/ARZU-2025-09-02T135345.487.jpg 1208w, https:\/\/www.tgrthaber.com\/mavikadin\/wp-content\/uploads\/ARZU-2025-09-02T135345.487-300x169.jpg 300w, https:\/\/www.tgrthaber.com\/mavikadin\/wp-content\/uploads\/ARZU-2025-09-02T135345.487-1024x576.jpg 1024w, https:\/\/www.tgrthaber.com\/mavikadin\/wp-content\/uploads\/ARZU-2025-09-02T135345.487-768x432.jpg 768w\" sizes=\"(max-width: 1208px) 100vw, 1208px\" \/><\/p>\n<hr \/>\n<p>Doktorlar dizisinden sonra kariyerinde ba\u015fka projeler de oynayaca\u011f\u0131 d\u00fc\u015f\u00fcn\u00fclen Yasemin \u00d6zilhan, 2011 y\u0131l\u0131nda i\u015f d\u00fcnyas\u0131n\u0131n bilindik ismi \u0130zzet \u00d6zilhan ile evlenerek oyunculu\u011fu b\u0131rakm\u0131\u015ft\u0131. \u0130kilinin tan\u0131\u015fma hikayesi adeta film gibi o d\u00f6neme damga vurmu\u015ftu.<\/p>\n<p><img loading=\"lazy\" decoding=\"async\" class=\"alignnone size-full wp-image-229649\" src=\"https:\/\/www.tgrthaber.com\/mavikadin\/wp-content\/uploads\/ARZU-2025-09-02T135442.282.jpg\" alt=\"Yasemin \u00d6zilhan ve \u0130zzet \u00d6zilhan bo\u015fan\u0131yor mu? Ece Erken\u2019den \u00fcnl\u00fc \u00e7ift hakk\u0131nda \u015fok iddia\" width=\"1208\" height=\"680\" title=\"\" srcset=\"https:\/\/www.tgrthaber.com\/mavikadin\/wp-content\/uploads\/ARZU-2025-09-02T135442.282.jpg 1208w, https:\/\/www.tgrthaber.com\/mavikadin\/wp-content\/uploads\/ARZU-2025-09-02T135442.282-300x169.jpg 300w, https:\/\/www.tgrthaber.com\/mavikadin\/wp-content\/uploads\/ARZU-2025-09-02T135442.282-1024x576.jpg 1024w, https:\/\/www.tgrthaber.com\/mavikadin\/wp-content\/uploads\/ARZU-2025-09-02T135442.282-768x432.jpg 768w\" sizes=\"(max-width: 1208px) 100vw, 1208px\" \/><\/p>\n<hr \/>\n<p>Yasemin \u00d6zilhan o d\u00f6nemler de olanlar\u0131 bir r\u00f6portaj\u0131nda \u0130zzet bir d\u00f6nem Moskova\u2019da ya\u015fam\u0131\u015f. \u015eirket, lojman\u0131nda k\u00fc\u00e7\u00fck bir daire vermi\u015f. K\u00fc\u00e7\u00fck de bir televizyonu varm\u0131\u015f ve orada benim 3-4 b\u00f6l\u00fcm yay\u0131mlanan \u2018A\u015fk Oyunu\u2019 dizimi izliyormu\u015f. Kar\u0131ncal\u0131 kar\u0131ncal\u0131&#8230; Beni g\u00f6r\u00fcp be\u011fenmi\u015f. \u00c7evresine sormu\u015f \u2018Nas\u0131l ula\u015fabilirim\u2019 diye, ortak tan\u0131d\u0131k \u00e7\u0131kmam\u0131\u015f. Dizi kalk\u0131nca ben \u2018Doktorlar\u2019 kadrosuna girdim. \u0130zzet de izin g\u00fcn\u00fcnde \u0130stanbul\u2019a geliyor. Televizyon izlerlerken babas\u0131 diyor ki \u2018O\u011flum bak bu \u2018Doktorlar\u2019 dizisi bizim hastanede \u00e7ekiliyor.\u2019 \u0130zzet bak\u0131yor, beni g\u00f6r\u00fcyor. \u2018Ben de bu k\u0131z\u0131 ar\u0131yordum\u2019 diyor. Ablas\u0131 T\u00fcrkan Abla hastanenin genel m\u00fcd\u00fcr\u00fc. Ertesi g\u00fcn \u0130zzet hastaneye geliyor ve tan\u0131\u015f\u0131yoruz.\u201d \u015eeklinde anlatm\u0131\u015ft\u0131r.<\/p>\n<p><img loading=\"lazy\" decoding=\"async\" class=\"alignnone size-full wp-image-229654\" src=\"https:\/\/www.tgrthaber.com\/mavikadin\/wp-content\/uploads\/ARZU-2025-09-02T135402.071.jpg\" alt=\"Yasemin \u00d6zilhan ve \u0130zzet \u00d6zilhan bo\u015fan\u0131yor mu? Ece Erken\u2019den \u00fcnl\u00fc \u00e7ift hakk\u0131nda \u015fok iddia\" width=\"1208\" height=\"680\" title=\"\" srcset=\"https:\/\/www.tgrthaber.com\/mavikadin\/wp-content\/uploads\/ARZU-2025-09-02T135402.071.jpg 1208w, https:\/\/www.tgrthaber.com\/mavikadin\/wp-content\/uploads\/ARZU-2025-09-02T135402.071-300x169.jpg 300w, https:\/\/www.tgrthaber.com\/mavikadin\/wp-content\/uploads\/ARZU-2025-09-02T135402.071-1024x576.jpg 1024w, https:\/\/www.tgrthaber.com\/mavikadin\/wp-content\/uploads\/ARZU-2025-09-02T135402.071-768x432.jpg 768w\" sizes=\"(max-width: 1208px) 100vw, 1208px\" \/><\/p>\n<hr \/>\n<p>Bu film gibi hikayesi olan evlilik d\u00f6nem d\u00f6nem bo\u015fanma iddialar\u0131 ile g\u00fcndeme geliyordu. En son \u0130zzet \u00d6zilhan sosyal medyas\u0131n\u0131 kapatm\u0131\u015f ve Yasemin \u00d6zilhan\u2019la olan foto\u011fraflar\u0131n\u0131 kald\u0131rmas\u0131yla yeniden bo\u015fanma iddialar\u0131 ortaya \u00e7\u0131km\u0131\u015ft\u0131.<\/p>\n<h3><img loading=\"lazy\" decoding=\"async\" class=\"alignnone size-full wp-image-229653\" src=\"https:\/\/www.tgrthaber.com\/mavikadin\/wp-content\/uploads\/ARZU-2025-09-02T135412.427.jpg\" alt=\"Yasemin \u00d6zilhan ve \u0130zzet \u00d6zilhan bo\u015fan\u0131yor mu? Ece Erken\u2019den \u00fcnl\u00fc \u00e7ift hakk\u0131nda \u015fok iddia\" width=\"1208\" height=\"680\" title=\"\" srcset=\"https:\/\/www.tgrthaber.com\/mavikadin\/wp-content\/uploads\/ARZU-2025-09-02T135412.427.jpg 1208w, https:\/\/www.tgrthaber.com\/mavikadin\/wp-content\/uploads\/ARZU-2025-09-02T135412.427-300x169.jpg 300w, https:\/\/www.tgrthaber.com\/mavikadin\/wp-content\/uploads\/ARZU-2025-09-02T135412.427-1024x576.jpg 1024w, https:\/\/www.tgrthaber.com\/mavikadin\/wp-content\/uploads\/ARZU-2025-09-02T135412.427-768x432.jpg 768w\" sizes=\"(max-width: 1208px) 100vw, 1208px\" \/><\/h3>\n<hr \/>\n<h3>ECE ERKEN\u2019DEN \u00dcNL\u00dc \u00c7\u0130FT HAKKINDA \u015eOK \u0130DD\u0130A<\/h3>\n<p>Ge\u00e7ti\u011fimiz g\u00fcnlerde TV 8 ekranlar\u0131nda yay\u0131nlanan Gel Konu\u015fal\u0131m program\u0131n\u0131n sunucusu Ece Erken, \u00fcnl\u00fc \u00e7ift hakk\u0131nda s\u00f6yledi\u011fi ile herkesi \u015fa\u015fk\u0131na \u00e7evirdi.<\/p>\n<p><img loading=\"lazy\" decoding=\"async\" class=\"alignnone size-full wp-image-229651\" src=\"https:\/\/www.tgrthaber.com\/mavikadin\/wp-content\/uploads\/ARZU-2025-09-02T135427.548.jpg\" alt=\"Yasemin \u00d6zilhan ve \u0130zzet \u00d6zilhan bo\u015fan\u0131yor mu? Ece Erken\u2019den \u00fcnl\u00fc \u00e7ift hakk\u0131nda \u015fok iddia\" width=\"1208\" height=\"680\" title=\"\" srcset=\"https:\/\/www.tgrthaber.com\/mavikadin\/wp-content\/uploads\/ARZU-2025-09-02T135427.548.jpg 1208w, https:\/\/www.tgrthaber.com\/mavikadin\/wp-content\/uploads\/ARZU-2025-09-02T135427.548-300x169.jpg 300w, https:\/\/www.tgrthaber.com\/mavikadin\/wp-content\/uploads\/ARZU-2025-09-02T135427.548-1024x576.jpg 1024w, https:\/\/www.tgrthaber.com\/mavikadin\/wp-content\/uploads\/ARZU-2025-09-02T135427.548-768x432.jpg 768w\" sizes=\"(max-width: 1208px) 100vw, 1208px\" \/><\/p>\n<hr \/>\n<p>Ece Erken, Yasemin \u00d6zilhan ve \u0130zzet \u00d6zilhan\u2019\u0131n \u00e7ifte yak\u0131n kaynaklardan ald\u0131\u011f\u0131 bilgilere dayanarak, \u00e7iftin bo\u015fanma a\u015famas\u0131na geldi\u011fini \u00f6ne s\u00fcrd\u00fc. Ancak, Ece Erken\u2019in bu konu hakk\u0131nda \u00e7ifte hen\u00fcz ula\u015famad\u0131\u011f\u0131n\u0131, bu kaynaklar\u0131nda g\u00fcvenilir oldu\u011funu s\u00f6yledi.<\/p>\n<p><img loading=\"lazy\" decoding=\"async\" class=\"alignnone size-full wp-image-229650\" src=\"https:\/\/www.tgrthaber.com\/mavikadin\/wp-content\/uploads\/ARZU-2025-09-02T135434.163.jpg\" alt=\"Yasemin \u00d6zilhan ve \u0130zzet \u00d6zilhan bo\u015fan\u0131yor mu? Ece Erken\u2019den \u00fcnl\u00fc \u00e7ift hakk\u0131nda \u015fok iddia\" width=\"1208\" height=\"680\" title=\"\" srcset=\"https:\/\/www.tgrthaber.com\/mavikadin\/wp-content\/uploads\/ARZU-2025-09-02T135434.163.jpg 1208w, https:\/\/www.tgrthaber.com\/mavikadin\/wp-content\/uploads\/ARZU-2025-09-02T135434.163-300x169.jpg 300w, https:\/\/www.tgrthaber.com\/mavikadin\/wp-content\/uploads\/ARZU-2025-09-02T135434.163-1024x576.jpg 1024w, https:\/\/www.tgrthaber.com\/mavikadin\/wp-content\/uploads\/ARZU-2025-09-02T135434.163-768x432.jpg 768w\" sizes=\"(max-width: 1208px) 100vw, 1208px\" \/><\/p>\n<hr \/>\n<p>Bu haberler magazin g\u00fcndemine bomba gibi d\u00fc\u015ft\u00fc. \u00c7iften hen\u00fcz bu konu hakk\u0131nda bir a\u00e7\u0131klama hen\u00fcz gelmedi. Yasemin \u00d6zilhan\u2019\u0131n ve \u0130zzet \u00d6zilhan\u2019\u0131n bo\u015fan\u0131p bo\u015fanmayaca\u011f\u0131na dair bilgiler kamuoyunda bulunamam\u0131\u015ft\u0131r.<\/p>\n","protected":false},"excerpt":{"rendered":"<p>TV 8 ekranlar\u0131nda yay\u0131nlanan \u2018Gel Konu\u015fal\u0131m\u2019 program\u0131n\u0131n sunucusu Ece Erken\u2019in \u00fcnl\u00fc isimler Yasemin \u00d6zilhan ve \u0130zzet \u00d6zilhan hakk\u0131nda bo\u015fanma iddialar\u0131n\u0131 s\u00f6ylemesi \u00fczerine magazin g\u00fcndemine geldi. Peki, Yasemin \u00d6zilhan ve e\u015fi \u0130zzet \u00d6zilhan bo\u015fan\u0131yor mu? \u0130\u015fte detaylar\u2026<\/p>\n","protected":false},"author":34,"featured_media":229652,"comment_status":"closed","ping_status":"closed","sticky":false,"template":"","format":"standard","meta":{"rank_math_lock_modified_date":false,"footnotes":""},"categories":[76],"tags":[25858,7203,10460,133,3994],"class_list":["post-229648","post","type-post","status-publish","format-standard","has-post-thumbnail","hentry","category-magazin","tag-bosanma-iddiasi","tag-ece-erken","tag-izzet-ozilhan","tag-magazin","tag-yasemin-ozilhan"],"_links":{"self":[{"href":"https:\/\/www.tgrthaber.com\/mavikadin\/wp-json\/wp\/v2\/posts\/229648"}],"collection":[{"href":"https:\/\/www.tgrthaber.com\/mavikadin\/wp-json\/wp\/v2\/posts"}],"about":[{"href":"https:\/\/www.tgrthaber.com\/mavikadin\/wp-json\/wp\/v2\/types\/post"}],"author":[{"embeddable":true,"href":"https:\/\/www.tgrthaber.com\/mavikadin\/wp-json\/wp\/v2\/users\/34"}],"replies":[{"embeddable":true,"href":"https:\/\/www.tgrthaber.com\/mavikadin\/wp-json\/wp\/v2\/comments?post=229648"}],"version-history":[{"count":2,"href":"https:\/\/www.tgrthaber.com\/mavikadin\/wp-json\/wp\/v2\/posts\/229648\/revisions"}],"predecessor-version":[{"id":229657,"href":"https:\/\/www.tgrthaber.com\/mavikadin\/wp-json\/wp\/v2\/posts\/229648\/revisions\/229657"}],"wp:featuredmedia":[{"embeddable":true,"href":"https:\/\/www.tgrthaber.com\/mavikadin\/wp-json\/wp\/v2\/media\/229652"}],"wp:attachment":[{"href":"https:\/\/www.tgrthaber.com\/mavikadin\/wp-json\/wp\/v2\/media?parent=229648"}],"wp:term":[{"taxonomy":"category","embeddable":true,"href":"https:\/\/www.tgrthaber.com\/mavikadin\/wp-json\/wp\/v2\/categories?post=229648"},{"taxonomy":"post_tag","embeddable":true,"href":"https:\/\/www.tgrthaber.com\/mavikadin\/wp-json\/wp\/v2\/tags?post=229648"}],"curies":[{"name":"wp","href":"https:\/\/api.w.org\/{rel}","templated":true}]}}