{"id":229720,"date":"2025-09-02T16:02:59","date_gmt":"2025-09-02T13:02:59","guid":{"rendered":"https:\/\/www.tgrthaber.com\/mavikadin\/?p=229720"},"modified":"2025-09-02T16:02:59","modified_gmt":"2025-09-02T13:02:59","slug":"okula-gitmekte-zorlanan-cocuklar-icin-10-oneri","status":"publish","type":"post","link":"https:\/\/www.tgrthaber.com\/mavikadin\/okula-gitmekte-zorlanan-cocuklar-icin-10-oneri\/","title":{"rendered":"Okula gitmekte zorlanan \u00e7ocuklar i\u00e7in 10 \u00f6neri!"},"content":{"rendered":"<p>Okula gitmek \u00e7o\u011fu \u00e7ocuk i\u00e7in e\u011flenceli g\u00f6z\u00fckse de \u00f6zellikle tatil d\u00f6n\u00fc\u015flerinin ard\u0131ndan okula gitmekte zorlanan bir\u00e7ok \u00e7ocuk \u00f6\u011frenci bulunuyor. Peki, okula gitmekte zorlanan \u00e7ocuklar i\u00e7in ne yap\u0131lmal\u0131? Sizde okula gitmekte zorlanan \u00e7ocuklara \u00f6neri ar\u0131yorsan\u0131z, do\u011fru yerdesiniz. \u0130\u015fte okula gitmekte zorlanan \u00e7ocuklar i\u00e7in \u00f6neriler\u2026<\/p>\n<h3>OKULA G\u0130TMEKTE ZORLANAN \u00c7OCUKLAR \u0130\u00c7\u0130N 10 \u00d6NER\u0130!<\/h3>\n<p>Her \u00e7ocuk okulu sevmeyebilir. Kimi \u00e7ocuklar okula gitmek i\u00e7in an atarken kimileri ise okula zorla gider. \u00d6zellikle uzun s\u00fcren tatil sezonlar\u0131n\u0131n ard\u0131ndan \u00e7ocuklar okula gitmekte b\u00fcy\u00fck bir zorluk \u00e7ekiyor. Ebeveynler ise okula gitmekte zorlanan \u00e7ocuklar\u0131 i\u00e7in \u00e7e\u015fitli \u00f6nerileri ara\u015ft\u0131r\u0131yor.<\/p>\n<p><img loading=\"lazy\" decoding=\"async\" class=\"alignnone wp-image-229722\" src=\"https:\/\/www.tgrthaber.com\/mavikadin\/wp-content\/uploads\/okula-gitmek-istemeyen-cocuk-2-1024x576.jpg\" alt=\"Okula gitmekte zorlanan \u00e7ocuklar i\u00e7in 10 \u00f6neri!\" width=\"1208\" height=\"680\" title=\"\" srcset=\"https:\/\/www.tgrthaber.com\/mavikadin\/wp-content\/uploads\/okula-gitmek-istemeyen-cocuk-2-1024x576.jpg 1024w, https:\/\/www.tgrthaber.com\/mavikadin\/wp-content\/uploads\/okula-gitmek-istemeyen-cocuk-2-300x169.jpg 300w, https:\/\/www.tgrthaber.com\/mavikadin\/wp-content\/uploads\/okula-gitmek-istemeyen-cocuk-2-768x432.jpg 768w, https:\/\/www.tgrthaber.com\/mavikadin\/wp-content\/uploads\/okula-gitmek-istemeyen-cocuk-2.jpg 1208w\" sizes=\"(max-width: 1208px) 100vw, 1208px\" \/><\/p>\n<hr \/>\n<p>Okula gitmekte zorlanmak ve isteksiz olmak bir\u00e7ok \u00f6\u011frencinin ba\u015f\u0131na gelebilecek ola\u011fan bir durumdur. Uzun bir aran\u0131n ard\u0131ndan okula d\u00f6n\u00fc\u015f ise \u00e7ocuklar\u0131n isteklerini azalt\u0131r. Tatilin rahatl\u0131\u011f\u0131na al\u0131\u015fan \u00e7ocuklar, okula gitmekte zorluk \u00e7ekiyor. Bu tarz problemleri normal kar\u015f\u0131layan uzmanlar, anne ve babalara \u00e7e\u015fitli \u00f6nerilerde bulunuyor.<\/p>\n<p><img loading=\"lazy\" decoding=\"async\" class=\"alignnone wp-image-229723\" src=\"https:\/\/www.tgrthaber.com\/mavikadin\/wp-content\/uploads\/okula-gitmek-istemeyen-cocuk-12-1024x576.jpg\" alt=\"Okula gitmekte zorlanan \u00e7ocuklar i\u00e7in 10 \u00f6neri!\" width=\"1208\" height=\"680\" title=\"\" srcset=\"https:\/\/www.tgrthaber.com\/mavikadin\/wp-content\/uploads\/okula-gitmek-istemeyen-cocuk-12-1024x576.jpg 1024w, https:\/\/www.tgrthaber.com\/mavikadin\/wp-content\/uploads\/okula-gitmek-istemeyen-cocuk-12-300x169.jpg 300w, https:\/\/www.tgrthaber.com\/mavikadin\/wp-content\/uploads\/okula-gitmek-istemeyen-cocuk-12-768x432.jpg 768w, https:\/\/www.tgrthaber.com\/mavikadin\/wp-content\/uploads\/okula-gitmek-istemeyen-cocuk-12.jpg 1208w\" sizes=\"(max-width: 1208px) 100vw, 1208px\" \/><\/p>\n<hr \/>\n<p>Baz\u0131 \u00e7ocuklarda okula gitmeme iste\u011fi ve zorlanma duygusu daha ileri seviyelere ta\u015f\u0131nabiliyor. Bu tarz durumlarda ise \u00e7ocuklar\u0131n psikolojik destek almalar\u0131 gerekiyor. \u00c7ocuklar\u0131n okula gitmek istememe ve okula giderken zorlanma duygular\u0131 \u00e7e\u015fitli nedenlere ba\u011fl\u0131 olarak de\u011fi\u015febiliyor.<\/p>\n<p><img loading=\"lazy\" decoding=\"async\" class=\"alignnone wp-image-229724\" src=\"https:\/\/www.tgrthaber.com\/mavikadin\/wp-content\/uploads\/okula-gitmek-istemeyen-cocuk-9-1024x576.jpg\" alt=\"Okula gitmekte zorlanan \u00e7ocuklar i\u00e7in 10 \u00f6neri!\" width=\"1208\" height=\"680\" title=\"\" srcset=\"https:\/\/www.tgrthaber.com\/mavikadin\/wp-content\/uploads\/okula-gitmek-istemeyen-cocuk-9-1024x576.jpg 1024w, https:\/\/www.tgrthaber.com\/mavikadin\/wp-content\/uploads\/okula-gitmek-istemeyen-cocuk-9-300x169.jpg 300w, https:\/\/www.tgrthaber.com\/mavikadin\/wp-content\/uploads\/okula-gitmek-istemeyen-cocuk-9-768x432.jpg 768w, https:\/\/www.tgrthaber.com\/mavikadin\/wp-content\/uploads\/okula-gitmek-istemeyen-cocuk-9.jpg 1208w\" sizes=\"(max-width: 1208px) 100vw, 1208px\" \/><\/p>\n<hr \/>\n<p>Baz\u0131 \u00e7ocuklar okul ortam\u0131n\u0131 sevmezken, baz\u0131lar\u0131 ise anne babas\u0131ndan ayr\u0131lma korkusuyla okula gitmek istemez ve zorlan\u0131r. Bu ve bunun gibi durumlarda \u00e7ocuklar\u0131n okula daha iyi bir ba\u015flang\u0131\u00e7 yapmas\u0131 i\u00e7in \u00e7e\u015fitli \u00f6neriler bulunmaktad\u0131r. \u0130\u015fte okula gitmekte zorlanan \u00e7ocuklar i\u00e7in \u00f6neriler\u2026<\/p>\n<h3>\u00c7OCU\u011eUNUZU YARGILAMADAN D\u0130NLEY\u0130N!<\/h3>\n<p>Her \u00e7ocuk zaman zaman okula gitmekte zorlanabilir. Fakat \u00e7ocu\u011funuzu yarg\u0131lamadan \u00f6nce kesinlikle dinlemeli ve duygular\u0131na ortak olmal\u0131s\u0131n\u0131z. Bu noktada tek yapman\u0131z gereken \u00f6ncelikle \u00e7ocu\u011funuzu yarg\u0131lamadan dinlemek.<\/p>\n<p><img loading=\"lazy\" decoding=\"async\" class=\"alignnone wp-image-229725\" src=\"https:\/\/www.tgrthaber.com\/mavikadin\/wp-content\/uploads\/okula-gitmek-istemeyen-cocuk-3-1024x576.jpg\" alt=\"Okula gitmekte zorlanan \u00e7ocuklar i\u00e7in 10 \u00f6neri!\" width=\"1208\" height=\"680\" title=\"\" srcset=\"https:\/\/www.tgrthaber.com\/mavikadin\/wp-content\/uploads\/okula-gitmek-istemeyen-cocuk-3-1024x576.jpg 1024w, https:\/\/www.tgrthaber.com\/mavikadin\/wp-content\/uploads\/okula-gitmek-istemeyen-cocuk-3-300x169.jpg 300w, https:\/\/www.tgrthaber.com\/mavikadin\/wp-content\/uploads\/okula-gitmek-istemeyen-cocuk-3-768x432.jpg 768w, https:\/\/www.tgrthaber.com\/mavikadin\/wp-content\/uploads\/okula-gitmek-istemeyen-cocuk-3.jpg 1208w\" sizes=\"(max-width: 1208px) 100vw, 1208px\" \/><\/p>\n<hr \/>\n<p>\u00c7ocu\u011funuza \u201cNeden okula gitmek istemedi\u011fini\u201d sorarak ilk ad\u0131m\u0131 atabilirsiniz. B\u00f6ylece \u00e7ocu\u011funuza sakin bir \u015fekilde yakla\u015farak neden okula gitmek istemedi\u011fini ve neden zorland\u0131\u011f\u0131n\u0131 \u00f6\u011frenmi\u015f olacaks\u0131n\u0131z.<\/p>\n<h3>SABAH RUT\u0130NLER\u0130N\u0130Z\u0130 D\u00dcZENE SOKUN!<\/h3>\n<p>Sabahlar\u0131 herkesin bir rutini olmak zorundad\u0131r. Fakat \u00e7ocu\u011funuz bu rutin d\u00fczene ayak uyduram\u0131yorsa, mutlaka ona uygun bir rutin haz\u0131rlay\u0131n. Karma\u015fadan ve belirsizlikten uzak d\u00fczenli bir sabah rutini \u00e7ocuklar\u0131n kayg\u0131s\u0131n\u0131 en aza indirir.<\/p>\n<p><img loading=\"lazy\" decoding=\"async\" class=\"alignnone wp-image-229726\" src=\"https:\/\/www.tgrthaber.com\/mavikadin\/wp-content\/uploads\/okula-gitmek-istemeyen-cocuk-10-1024x576.jpg\" alt=\"Okula gitmekte zorlanan \u00e7ocuklar i\u00e7in 10 \u00f6neri!\" width=\"1208\" height=\"680\" title=\"\" srcset=\"https:\/\/www.tgrthaber.com\/mavikadin\/wp-content\/uploads\/okula-gitmek-istemeyen-cocuk-10-1024x576.jpg 1024w, https:\/\/www.tgrthaber.com\/mavikadin\/wp-content\/uploads\/okula-gitmek-istemeyen-cocuk-10-300x169.jpg 300w, https:\/\/www.tgrthaber.com\/mavikadin\/wp-content\/uploads\/okula-gitmek-istemeyen-cocuk-10-768x432.jpg 768w, https:\/\/www.tgrthaber.com\/mavikadin\/wp-content\/uploads\/okula-gitmek-istemeyen-cocuk-10.jpg 1208w\" sizes=\"(max-width: 1208px) 100vw, 1208px\" \/><\/p>\n<hr \/>\n<p>\u00c7ocu\u011funuzla birlikte yapabilece\u011finiz bir kahvalt\u0131 \u00f6\u011f\u00fcn\u00fc ya da okula giderken ona e\u015flik etmeniz keyifli bir g\u00fcn ba\u015flang\u0131c\u0131n\u0131n temeli olacakt\u0131r. G\u00fcne keyifle ba\u015flayan \u00e7ocu\u011funuz okula gitmek konusunda zorlanmayacak ve daha istekli davranacakt\u0131r.<\/p>\n<h3>MOT\u0130VE ETMEYE \u00d6ZEN G\u00d6STER\u0130N!<\/h3>\n<p>\u00c7ocuklar\u0131n zaman zaman motive edilmeye ihtiya\u00e7lar\u0131 olur. \u00d6zellikle \u00e7ocuklar\u0131n\u0131z\u0131 minik \u00f6d\u00fcller alarak onlar\u0131 \u00f6d\u00fcllendirebilir ve okula gitmek konusunda daha istekli olmas\u0131n\u0131 sa\u011flayabilirsiniz.<\/p>\n<p><img loading=\"lazy\" decoding=\"async\" class=\"alignnone wp-image-229727\" src=\"https:\/\/www.tgrthaber.com\/mavikadin\/wp-content\/uploads\/okula-gitmek-istemeyen-cocuk-5-1024x576.jpg\" alt=\"Okula gitmekte zorlanan \u00e7ocuklar i\u00e7in 10 \u00f6neri!\" width=\"1208\" height=\"680\" title=\"\" srcset=\"https:\/\/www.tgrthaber.com\/mavikadin\/wp-content\/uploads\/okula-gitmek-istemeyen-cocuk-5-1024x576.jpg 1024w, https:\/\/www.tgrthaber.com\/mavikadin\/wp-content\/uploads\/okula-gitmek-istemeyen-cocuk-5-300x169.jpg 300w, https:\/\/www.tgrthaber.com\/mavikadin\/wp-content\/uploads\/okula-gitmek-istemeyen-cocuk-5-768x432.jpg 768w, https:\/\/www.tgrthaber.com\/mavikadin\/wp-content\/uploads\/okula-gitmek-istemeyen-cocuk-5.jpg 1208w\" sizes=\"(max-width: 1208px) 100vw, 1208px\" \/><\/p>\n<hr \/>\n<p>\u00c7ocuklar ba\u015far\u0131lar\u0131n\u0131n \u00f6vg\u00fcyle desteklenmesini ve \u00f6d\u00fclle ta\u00e7land\u0131r\u0131lmas\u0131n\u0131 isteyebilir. Bu noktada k\u00fc\u00e7\u00fck hedefler koyarak \u00e7ocu\u011funuzu okula gitme konusunda destekleyebilirsiniz.<\/p>\n<h3>\u00c7OCU\u011eUNUZUN \u00d6\u011eRETMEN\u0130YLE \u0130LET\u0130\u015e\u0130MDE KALIN!<\/h3>\n<p>\u00c7ocu\u011funuzun okuldaki davran\u0131\u015flar\u0131n\u0131 g\u00f6zlemleyebilmek ad\u0131na \u00f6\u011fretmeniyle mutlaka ileti\u015fim halinde olun. Hatta \u00f6\u011fretmenle i\u015f birli\u011fi yapt\u0131\u011f\u0131n\u0131z taktirde \u00e7ocu\u011funuzdaki okula zorla gitmenin kayna\u011f\u0131n\u0131 daha kolay anlayacaks\u0131n\u0131z.<\/p>\n<p><img loading=\"lazy\" decoding=\"async\" class=\"alignnone wp-image-229728\" src=\"https:\/\/www.tgrthaber.com\/mavikadin\/wp-content\/uploads\/okula-gitmek-istemeyen-cocuk-11-1024x576.jpg\" alt=\"Okula gitmekte zorlanan \u00e7ocuklar i\u00e7in 10 \u00f6neri!\" width=\"1208\" height=\"680\" title=\"\" srcset=\"https:\/\/www.tgrthaber.com\/mavikadin\/wp-content\/uploads\/okula-gitmek-istemeyen-cocuk-11-1024x576.jpg 1024w, https:\/\/www.tgrthaber.com\/mavikadin\/wp-content\/uploads\/okula-gitmek-istemeyen-cocuk-11-300x169.jpg 300w, https:\/\/www.tgrthaber.com\/mavikadin\/wp-content\/uploads\/okula-gitmek-istemeyen-cocuk-11-768x432.jpg 768w, https:\/\/www.tgrthaber.com\/mavikadin\/wp-content\/uploads\/okula-gitmek-istemeyen-cocuk-11.jpg 1208w\" sizes=\"(max-width: 1208px) 100vw, 1208px\" \/><\/p>\n<hr \/>\n<h3>\u00c7OCU\u011eUNUZUN EVDEN G\u00dcVENL\u0130 AYRILMASINI SA\u011eLAYIN!<\/h3>\n<p>\u00c7ocu\u011funuz sizden ayr\u0131lmak istemedi\u011fi i\u00e7in okula gitmekte g\u00fc\u00e7l\u00fck \u00e7ekiyor ya da isteksiz oluyorsa, mutlaka vedala\u015fmalar\u0131 k\u0131sa ve net tutun. \u00c7ocu\u011funuzla yapaca\u011f\u0131n\u0131z uzun vedalar, kayg\u0131s\u0131n\u0131 art\u0131rabilir ve isteksizlik olu\u015fturabilir.<\/p>\n<p><img loading=\"lazy\" decoding=\"async\" class=\"alignnone wp-image-229729\" src=\"https:\/\/www.tgrthaber.com\/mavikadin\/wp-content\/uploads\/okula-gitmek-istemeyen-cocuk-8-1024x576.jpg\" alt=\"Okula gitmekte zorlanan \u00e7ocuklar i\u00e7in 10 \u00f6neri!\" width=\"1208\" height=\"680\" title=\"\" srcset=\"https:\/\/www.tgrthaber.com\/mavikadin\/wp-content\/uploads\/okula-gitmek-istemeyen-cocuk-8-1024x576.jpg 1024w, https:\/\/www.tgrthaber.com\/mavikadin\/wp-content\/uploads\/okula-gitmek-istemeyen-cocuk-8-300x169.jpg 300w, https:\/\/www.tgrthaber.com\/mavikadin\/wp-content\/uploads\/okula-gitmek-istemeyen-cocuk-8-768x432.jpg 768w, https:\/\/www.tgrthaber.com\/mavikadin\/wp-content\/uploads\/okula-gitmek-istemeyen-cocuk-8.jpg 1208w\" sizes=\"(max-width: 1208px) 100vw, 1208px\" \/><\/p>\n<hr \/>\n<p>Bunun yerine kararl\u0131 ve sevgi dolu bir veda yakla\u015f\u0131m \u00e7ocu\u011funuzun daha g\u00fcvende ve istekli olmas\u0131n\u0131 sa\u011flayacak.<\/p>\n<h3>\u00c7OCU\u011eUNUZA SOSYAL ETK\u0130NL\u0130KLER \u0130\u00c7\u0130N ALAN A\u00c7IN!<\/h3>\n<p>\u00c7ocuklar\u0131n hi\u00e7 \u015f\u00fcphesiz kendilerini tan\u0131ma ve anlama konusunda alana ihtiya\u00e7lar\u0131 vard\u0131r. Bu noktada \u00e7ocu\u011funuza sosyal etkinlikler yard\u0131m\u0131yla alan a\u00e7\u0131n ve kendisini tan\u0131mas\u0131na f\u0131rsat sa\u011flay\u0131n.<\/p>\n<p><img loading=\"lazy\" decoding=\"async\" class=\"alignnone wp-image-229730\" src=\"https:\/\/www.tgrthaber.com\/mavikadin\/wp-content\/uploads\/okula-gitmek-istemeyen-cocuk-4-1024x576.jpg\" alt=\"Okula gitmekte zorlanan \u00e7ocuklar i\u00e7in 10 \u00f6neri!\" width=\"1208\" height=\"680\" title=\"\" srcset=\"https:\/\/www.tgrthaber.com\/mavikadin\/wp-content\/uploads\/okula-gitmek-istemeyen-cocuk-4-1024x576.jpg 1024w, https:\/\/www.tgrthaber.com\/mavikadin\/wp-content\/uploads\/okula-gitmek-istemeyen-cocuk-4-300x169.jpg 300w, https:\/\/www.tgrthaber.com\/mavikadin\/wp-content\/uploads\/okula-gitmek-istemeyen-cocuk-4-768x432.jpg 768w, https:\/\/www.tgrthaber.com\/mavikadin\/wp-content\/uploads\/okula-gitmek-istemeyen-cocuk-4.jpg 1208w\" sizes=\"(max-width: 1208px) 100vw, 1208px\" \/><\/p>\n<hr \/>\n<p>\u00c7ocu\u011funuzun <a href=\"https:\/\/www.tgrthaber.com\/mavikadin\/okul-donemi-geldi-beyaz-coraplari-kar-beyazi-yapan-formul\/\">okul<\/a> d\u0131\u015f\u0131nda yeni hobiler edinmesine yard\u0131mc\u0131 olun. \u00c7ocu\u011funuzun spor, m\u00fczik ve sanat alan\u0131nda kendisini g\u00f6stermesine izin verin.<\/p>\n<h3>\u00c7OCUKLARINIZI BA\u015eKA \u00c7OCUKLARLA KIYASLAMAYIN!<\/h3>\n<p>\u00c7ocuklar, ba\u015fka \u00e7ocuklarla k\u0131yaslanmaktan nefret ederler. Bu noktada \u00e7ocu\u011funuzu ba\u015fka \u00e7ocuklarla k\u0131yaslamak yerine kendi geli\u015fimini taktir etmeye \u00f6zen g\u00f6sterin. B\u00f6ylece \u00e7ocu\u011funuzun motivasyonunun artmas\u0131n\u0131 ve okula istekli gitmesini sa\u011flay\u0131n.<\/p>\n<p><img loading=\"lazy\" decoding=\"async\" class=\"alignnone wp-image-229731\" src=\"https:\/\/www.tgrthaber.com\/mavikadin\/wp-content\/uploads\/okula-gitmek-istemeyen-cocuk-7-1024x576.jpg\" alt=\"Okula gitmekte zorlanan \u00e7ocuklar i\u00e7in 10 \u00f6neri!\" width=\"1208\" height=\"680\" title=\"\" srcset=\"https:\/\/www.tgrthaber.com\/mavikadin\/wp-content\/uploads\/okula-gitmek-istemeyen-cocuk-7-1024x576.jpg 1024w, https:\/\/www.tgrthaber.com\/mavikadin\/wp-content\/uploads\/okula-gitmek-istemeyen-cocuk-7-300x169.jpg 300w, https:\/\/www.tgrthaber.com\/mavikadin\/wp-content\/uploads\/okula-gitmek-istemeyen-cocuk-7-768x432.jpg 768w, https:\/\/www.tgrthaber.com\/mavikadin\/wp-content\/uploads\/okula-gitmek-istemeyen-cocuk-7.jpg 1208w\" sizes=\"(max-width: 1208px) 100vw, 1208px\" \/><\/p>\n<hr \/>\n<h3>\u00c7OCU\u011eUNUZ \u0130\u00c7\u0130N D\u00dcZENL\u0130 B\u0130R HAYAT TARZI OLU\u015eTURUN!<\/h3>\n<p>\u00c7ocu\u011funuzun okula uyum sa\u011flamas\u0131, okula gitmek istemesi i\u00e7in d\u00fczenli bir hayat tarz\u0131n\u0131 benimsemesi gerekir. En basiti \u00e7ocu\u011funuzun uyku d\u00fczeni ve beslenme al\u0131\u015fkanl\u0131\u011f\u0131n\u0131n en do\u011fru \u015fekilde oldu\u011fundan emin olun. Sa\u011fl\u0131kl\u0131 beslenme ve d\u00fczenli uyku \u00e7ocu\u011funuzun okul ba\u015far\u0131s\u0131n\u0131 art\u0131racak ve okula gitme iste\u011fini \u00e7o\u011faltacak.<\/p>\n<p><img loading=\"lazy\" decoding=\"async\" class=\"alignnone wp-image-229732\" src=\"https:\/\/www.tgrthaber.com\/mavikadin\/wp-content\/uploads\/okula-gitmek-istemeyen-cocuk-9-1-1024x576.jpg\" alt=\"Okula gitmekte zorlanan \u00e7ocuklar i\u00e7in 10 \u00f6neri!\" width=\"1208\" height=\"680\" title=\"\" srcset=\"https:\/\/www.tgrthaber.com\/mavikadin\/wp-content\/uploads\/okula-gitmek-istemeyen-cocuk-9-1-1024x576.jpg 1024w, https:\/\/www.tgrthaber.com\/mavikadin\/wp-content\/uploads\/okula-gitmek-istemeyen-cocuk-9-1-300x169.jpg 300w, https:\/\/www.tgrthaber.com\/mavikadin\/wp-content\/uploads\/okula-gitmek-istemeyen-cocuk-9-1-768x432.jpg 768w, https:\/\/www.tgrthaber.com\/mavikadin\/wp-content\/uploads\/okula-gitmek-istemeyen-cocuk-9-1.jpg 1208w\" sizes=\"(max-width: 1208px) 100vw, 1208px\" \/><\/p>\n<hr \/>\n<h3>UZMAN DESTE\u011e\u0130 ALMAKTAN \u00c7EK\u0130NMEY\u0130N!<\/h3>\n<p>Her \u00e7ocuk bu tarz problemlerle kar\u015f\u0131la\u015fabilir. Bu noktada uzman deste\u011fi almaktan kesinlikle \u00e7ekinmeyin. \u00c7ocu\u011funuzun okula gitmek istememesi uzun s\u00fcre devam ederse, bir \u00e7ocuk psikolo\u011fundan destek almaya \u00f6zen g\u00f6sterin.<\/p>\n","protected":false},"excerpt":{"rendered":"<p>Okul d\u00f6neminin gelip \u00e7atmas\u0131yla birlikte okula gitmekte zorlanan \u00e7ocuklar\u0131n ebeveynleri ne yapacaklar\u0131n\u0131 d\u00fc\u015f\u00fcn\u00fcr oldu. Peki, sizin de \u00e7ocu\u011funuz okula gitmekte zorlan\u0131yor mu? Okula gitmekte zorlanan \u00e7ocuklar i\u00e7in \u00f6nerileri sizin i\u00e7in ara\u015ft\u0131rd\u0131k. <\/p>\n","protected":false},"author":26,"featured_media":229721,"comment_status":"closed","ping_status":"closed","sticky":false,"template":"","format":"standard","meta":{"rank_math_lock_modified_date":false,"footnotes":""},"categories":[111],"tags":[2946,18350,18967,61291,61290],"class_list":["post-229720","post","type-post","status-publish","format-standard","has-post-thumbnail","hentry","category-anne-cocuk","tag-anne-cocuk","tag-anne-cocuk-haberleri","tag-cocuklar","tag-okul-donemi","tag-okula-gitmekte-zorlanan-cocuklar"],"_links":{"self":[{"href":"https:\/\/www.tgrthaber.com\/mavikadin\/wp-json\/wp\/v2\/posts\/229720"}],"collection":[{"href":"https:\/\/www.tgrthaber.com\/mavikadin\/wp-json\/wp\/v2\/posts"}],"about":[{"href":"https:\/\/www.tgrthaber.com\/mavikadin\/wp-json\/wp\/v2\/types\/post"}],"author":[{"embeddable":true,"href":"https:\/\/www.tgrthaber.com\/mavikadin\/wp-json\/wp\/v2\/users\/26"}],"replies":[{"embeddable":true,"href":"https:\/\/www.tgrthaber.com\/mavikadin\/wp-json\/wp\/v2\/comments?post=229720"}],"version-history":[{"count":2,"href":"https:\/\/www.tgrthaber.com\/mavikadin\/wp-json\/wp\/v2\/posts\/229720\/revisions"}],"predecessor-version":[{"id":229734,"href":"https:\/\/www.tgrthaber.com\/mavikadin\/wp-json\/wp\/v2\/posts\/229720\/revisions\/229734"}],"wp:featuredmedia":[{"embeddable":true,"href":"https:\/\/www.tgrthaber.com\/mavikadin\/wp-json\/wp\/v2\/media\/229721"}],"wp:attachment":[{"href":"https:\/\/www.tgrthaber.com\/mavikadin\/wp-json\/wp\/v2\/media?parent=229720"}],"wp:term":[{"taxonomy":"category","embeddable":true,"href":"https:\/\/www.tgrthaber.com\/mavikadin\/wp-json\/wp\/v2\/categories?post=229720"},{"taxonomy":"post_tag","embeddable":true,"href":"https:\/\/www.tgrthaber.com\/mavikadin\/wp-json\/wp\/v2\/tags?post=229720"}],"curies":[{"name":"wp","href":"https:\/\/api.w.org\/{rel}","templated":true}]}}