{"id":229747,"date":"2025-09-02T18:01:02","date_gmt":"2025-09-02T15:01:02","guid":{"rendered":"https:\/\/www.tgrthaber.com\/mavikadin\/?p=229747"},"modified":"2025-09-02T18:01:02","modified_gmt":"2025-09-02T15:01:02","slug":"gozleri-karadeniz-dizisinin-sancari-berk-ali-catal-kimdir-berk-ali-catal-kac-yasinda-nerelerde-oynadi","status":"publish","type":"post","link":"https:\/\/www.tgrthaber.com\/mavikadin\/gozleri-karadeniz-dizisinin-sancari-berk-ali-catal-kimdir-berk-ali-catal-kac-yasinda-nerelerde-oynadi\/","title":{"rendered":"G\u00f6zleri Karadeniz dizisinin Sancar\u2019\u0131 Berk Ali \u00c7atal kimdir? Berk Ali \u00c7atal ka\u00e7 ya\u015f\u0131nda nerelerde oynad\u0131?"},"content":{"rendered":"<p>ATV ekranlar\u0131n da yay\u0131nlanacak olan G\u00f6zleri Karadeniz dizisi, seyircisi ile bulu\u015fmak i\u00e7in haz\u0131rl\u0131klar\u0131n\u0131 tamamlad\u0131. Trabzon\u2019dan \u0130stanbul\u2019a kadar uzanan bir hik\u00e2yeyi anlatacak olan G\u00f6zleri Karadeniz dizisi konusu ve oyuncular\u0131 ile dikkatleri \u00fczerine \u00e7ekiyor. Dizinin oyuncular\u0131ndan Sancar rol\u00fcnde oynayan Berk Ali \u00c7atal ara\u015ft\u0131r\u0131lmaya ba\u015fland\u0131. Peki, G\u00f6zleri Karadeniz dizisinin Sancar\u2019\u0131 Berk Ali \u00c7atal kimdir? Berk Ali \u00c7atal ka\u00e7 ya\u015f\u0131nda nerelerde oynad\u0131? sorular\u0131n\u0131 sizin i\u00e7in ara\u015ft\u0131rd\u0131k. \u0130\u015fte Berk Ali \u00c7atal hakk\u0131nda merak edilenler\u2026<\/p>\n<h3>G\u00d6ZLER\u0130 KARADEN\u0130Z D\u0130Z\u0130S\u0130N\u0130N SANCAR\u2019I BERK AL\u0130 \u00c7ATAL K\u0130MD\u0130R?<\/h3>\n<p>ATV ekranlar\u0131ndan yeni sezon da yay\u0131nlanacak dizilerden biri olan<a href=\"https:\/\/www.tgrthaber.com\/mavikadin\/gozleri-karadenizin-osmani-mehmet-ozgur-kimdir-mehmet-ozgurun-oynadigi-diziler-ve-filmler-neler\/\"> G\u00f6zleri Karadeniz,<\/a> ilk b\u00f6l\u00fcm\u00fc ile dikkatleri \u00fczerine \u00e7ekmeye haz\u0131rlan\u0131yor. Ba\u015far\u0131l\u0131 oyuncular Halit \u00d6zg\u00fcr Sar\u0131 ve \u00d6zge Ya\u011f\u0131z\u2019\u0131n ba\u015frollerinde oldu\u011fu dizi, konusunun yan\u0131nda oyuncular\u0131 ile de merak konusu oluyor.<\/p>\n<p><img loading=\"lazy\" decoding=\"async\" class=\"alignnone size-full wp-image-229752\" src=\"https:\/\/www.tgrthaber.com\/mavikadin\/wp-content\/uploads\/ARZU-2025-09-02T175732.167.jpg\" alt=\"G\u00f6zleri Karadeniz dizisinin Sancar\u2019\u0131 Berk Ali \u00c7atal kimdir? Berk Ali \u00c7atal ka\u00e7 ya\u015f\u0131nda nerelerde oynad\u0131?\" width=\"1208\" height=\"680\" title=\"\" srcset=\"https:\/\/www.tgrthaber.com\/mavikadin\/wp-content\/uploads\/ARZU-2025-09-02T175732.167.jpg 1208w, https:\/\/www.tgrthaber.com\/mavikadin\/wp-content\/uploads\/ARZU-2025-09-02T175732.167-300x169.jpg 300w, https:\/\/www.tgrthaber.com\/mavikadin\/wp-content\/uploads\/ARZU-2025-09-02T175732.167-1024x576.jpg 1024w, https:\/\/www.tgrthaber.com\/mavikadin\/wp-content\/uploads\/ARZU-2025-09-02T175732.167-768x432.jpg 768w\" sizes=\"(max-width: 1208px) 100vw, 1208px\" \/><\/p>\n<hr \/>\n<p>Gen\u00e7 oyuncu Berk Ali \u00c7atal\u2019 da Sancar rol\u00fc ile merak edilen isimlerden biri oluyor. Berk Ali \u00c7atal arama motorlar\u0131n da en \u00e7ok arat\u0131lan isimler aras\u0131nda yer al\u0131yor. \u00d6zellikle \u201cKarde\u015flerim\u201d dizisi ile dikkatleri \u00fczerine \u00e7eken Berk Ali \u00c7atal, g\u00fcndeme gelmeye devam ediyor.<\/p>\n<p><img loading=\"lazy\" decoding=\"async\" class=\"alignnone size-full wp-image-229754\" src=\"https:\/\/www.tgrthaber.com\/mavikadin\/wp-content\/uploads\/ARZU-2025-09-02T175711.694.jpg\" alt=\"G\u00f6zleri Karadeniz dizisinin Sancar\u2019\u0131 Berk Ali \u00c7atal kimdir? Berk Ali \u00c7atal ka\u00e7 ya\u015f\u0131nda nerelerde oynad\u0131?\" width=\"1208\" height=\"680\" title=\"\" srcset=\"https:\/\/www.tgrthaber.com\/mavikadin\/wp-content\/uploads\/ARZU-2025-09-02T175711.694.jpg 1208w, https:\/\/www.tgrthaber.com\/mavikadin\/wp-content\/uploads\/ARZU-2025-09-02T175711.694-300x169.jpg 300w, https:\/\/www.tgrthaber.com\/mavikadin\/wp-content\/uploads\/ARZU-2025-09-02T175711.694-1024x576.jpg 1024w, https:\/\/www.tgrthaber.com\/mavikadin\/wp-content\/uploads\/ARZU-2025-09-02T175711.694-768x432.jpg 768w\" sizes=\"(max-width: 1208px) 100vw, 1208px\" \/><\/p>\n<hr \/>\n<p>Ba\u015far\u0131l\u0131 oyuncu Berk Ali \u00c7atal, 1995 y\u0131l\u0131nda \u0130stanbul\u2019da d\u00fcnyaya geldi. E\u011fitimini Yeditepe \u00dcniversitesi G\u00fczel Sanatlar Fak\u00fcltesi Tiyatro B\u00f6l\u00fcm\u00fc\u2019nden 2019 y\u0131l\u0131nda mezun olarak tamamlam\u0131\u015ft\u0131r. B\u00f6l\u00fcm \u00fc\u00e7\u00fcnc\u00fcs\u00fc olarak okulunu bitirmi\u015ftir.<\/p>\n<p><img loading=\"lazy\" decoding=\"async\" class=\"alignnone size-full wp-image-229751\" src=\"https:\/\/www.tgrthaber.com\/mavikadin\/wp-content\/uploads\/ARZU-2025-09-02T175741.307.jpg\" alt=\"G\u00f6zleri Karadeniz dizisinin Sancar\u2019\u0131 Berk Ali \u00c7atal kimdir? Berk Ali \u00c7atal ka\u00e7 ya\u015f\u0131nda nerelerde oynad\u0131?\" width=\"1208\" height=\"680\" title=\"\" srcset=\"https:\/\/www.tgrthaber.com\/mavikadin\/wp-content\/uploads\/ARZU-2025-09-02T175741.307.jpg 1208w, https:\/\/www.tgrthaber.com\/mavikadin\/wp-content\/uploads\/ARZU-2025-09-02T175741.307-300x169.jpg 300w, https:\/\/www.tgrthaber.com\/mavikadin\/wp-content\/uploads\/ARZU-2025-09-02T175741.307-1024x576.jpg 1024w, https:\/\/www.tgrthaber.com\/mavikadin\/wp-content\/uploads\/ARZU-2025-09-02T175741.307-768x432.jpg 768w\" sizes=\"(max-width: 1208px) 100vw, 1208px\" \/><\/p>\n<hr \/>\n<p>K\u00fc\u00e7\u00fck ya\u015flardan beri ilgi duydu\u011fu tiyatro sayesinde ilkokul son s\u0131n\u0131fta bu yetene\u011fini ke\u015ffetmi\u015ftir. Tiyatronun yan\u0131 s\u0131ra bir\u00e7ok dizi ve film de oynama \u015fans\u0131 yakalayan Berk Ali \u00c7atal, \u015fimdilerde ATV ekranlar\u0131nda yay\u0131nlanacak yeni sezon dizilerinden biri olan G\u00f6zleri Karadeniz dizisiyle izleyici kar\u015f\u0131s\u0131na \u00e7\u0131kacak.<\/p>\n<h3><img loading=\"lazy\" decoding=\"async\" class=\"alignnone size-full wp-image-229750\" src=\"https:\/\/www.tgrthaber.com\/mavikadin\/wp-content\/uploads\/ARZU-2025-09-02T175753.970.jpg\" alt=\"G\u00f6zleri Karadeniz dizisinin Sancar\u2019\u0131 Berk Ali \u00c7atal kimdir? Berk Ali \u00c7atal ka\u00e7 ya\u015f\u0131nda nerelerde oynad\u0131?\" width=\"1208\" height=\"680\" title=\"\" srcset=\"https:\/\/www.tgrthaber.com\/mavikadin\/wp-content\/uploads\/ARZU-2025-09-02T175753.970.jpg 1208w, https:\/\/www.tgrthaber.com\/mavikadin\/wp-content\/uploads\/ARZU-2025-09-02T175753.970-300x169.jpg 300w, https:\/\/www.tgrthaber.com\/mavikadin\/wp-content\/uploads\/ARZU-2025-09-02T175753.970-1024x576.jpg 1024w, https:\/\/www.tgrthaber.com\/mavikadin\/wp-content\/uploads\/ARZU-2025-09-02T175753.970-768x432.jpg 768w\" sizes=\"(max-width: 1208px) 100vw, 1208px\" \/><\/h3>\n<hr \/>\n<h3>BERK AL\u0130 \u00c7ATAL KA\u00c7 YA\u015eINDA?<\/h3>\n<p>Do\u011fum tarihi 1995 olan ba\u015far\u0131l\u0131 oyuncu Berk Ali \u00c7atal, \u015fimdilerde 30 ya\u015f\u0131ndad\u0131r. K\u00fc\u00e7\u00fck ya\u015flarda ekranlar ile tan\u0131\u015fan Berk Ali \u00c7atal, kamuoyunda yer alan bilgilere g\u00f6re, hen\u00fcz 14 ya\u015f\u0131nda \u2018Aile Reisi\u2019 isimli dizinin oyuncu kadrosunda yer alm\u0131\u015ft\u0131r.<\/p>\n<p><img loading=\"lazy\" decoding=\"async\" class=\"alignnone size-full wp-image-229748\" src=\"https:\/\/www.tgrthaber.com\/mavikadin\/wp-content\/uploads\/ARZU-2025-09-02T175810.400.jpg\" alt=\"G\u00f6zleri Karadeniz dizisinin Sancar\u2019\u0131 Berk Ali \u00c7atal kimdir? Berk Ali \u00c7atal ka\u00e7 ya\u015f\u0131nda nerelerde oynad\u0131?\" width=\"1208\" height=\"680\" title=\"\" srcset=\"https:\/\/www.tgrthaber.com\/mavikadin\/wp-content\/uploads\/ARZU-2025-09-02T175810.400.jpg 1208w, https:\/\/www.tgrthaber.com\/mavikadin\/wp-content\/uploads\/ARZU-2025-09-02T175810.400-300x169.jpg 300w, https:\/\/www.tgrthaber.com\/mavikadin\/wp-content\/uploads\/ARZU-2025-09-02T175810.400-1024x576.jpg 1024w, https:\/\/www.tgrthaber.com\/mavikadin\/wp-content\/uploads\/ARZU-2025-09-02T175810.400-768x432.jpg 768w\" sizes=\"(max-width: 1208px) 100vw, 1208px\" \/><\/p>\n<hr \/>\n<p>2014 y\u0131l\u0131nda ise \u2018Beni B\u00f6yle Sev\u2019 adl\u0131 dizinin oyuncu kadrosuna dahil olmu\u015ftur. Son d\u00f6nemlerde \u2018Karde\u015flerim\u2019 dizisi ile geni\u015f kitlelerce tan\u0131nan ba\u015far\u0131l\u0131 oyuncu Berk Ali \u00c7atal, sosyal medyas\u0131n\u0131 da aktif kullanmas\u0131 ile sevenlerinin dikkatini \u00e7ekiyor.<\/p>\n<h3><img loading=\"lazy\" decoding=\"async\" class=\"alignnone size-full wp-image-229753\" src=\"https:\/\/www.tgrthaber.com\/mavikadin\/wp-content\/uploads\/ARZU-2025-09-02T175723.306.jpg\" alt=\"G\u00f6zleri Karadeniz dizisinin Sancar\u2019\u0131 Berk Ali \u00c7atal kimdir? Berk Ali \u00c7atal ka\u00e7 ya\u015f\u0131nda nerelerde oynad\u0131?\" width=\"1208\" height=\"680\" title=\"\" srcset=\"https:\/\/www.tgrthaber.com\/mavikadin\/wp-content\/uploads\/ARZU-2025-09-02T175723.306.jpg 1208w, https:\/\/www.tgrthaber.com\/mavikadin\/wp-content\/uploads\/ARZU-2025-09-02T175723.306-300x169.jpg 300w, https:\/\/www.tgrthaber.com\/mavikadin\/wp-content\/uploads\/ARZU-2025-09-02T175723.306-1024x576.jpg 1024w, https:\/\/www.tgrthaber.com\/mavikadin\/wp-content\/uploads\/ARZU-2025-09-02T175723.306-768x432.jpg 768w\" sizes=\"(max-width: 1208px) 100vw, 1208px\" \/><\/h3>\n<hr \/>\n<h3>BERK AL\u0130 \u00c7ATAL NERELERDE OYNADI?<\/h3>\n<p>\u015eimdilerde ATV ekranlar\u0131nda yay\u0131nlanacak olan G\u00f6zleri Karadeniz dizisinde Sancar karakteri ile izleyici kar\u015f\u0131s\u0131na \u00e7\u0131k\u0131yor. 2016 y\u0131l\u0131nda G\u00fcne\u015fin K\u0131zlar\u0131 dizisi ile izleyici kar\u015f\u0131s\u0131na \u00e7\u0131kan Berk Ali \u00c7atal, Umutsuz Ev Kad\u0131nlar\u0131, Muhte\u015fem Y\u00fczy\u0131l, S\u00f6z, Vatan\u0131m Sensin, \u00c7ukur ve K\u0131rm\u0131z\u0131 Oda gibi yap\u0131mlar ile izleyici kar\u015f\u0131s\u0131na \u00e7\u0131km\u0131\u015ft\u0131r.<\/p>\n","protected":false},"excerpt":{"rendered":"<p>Yeni sezonda ekranlara gelecek olan G\u00f6zleri Karadeniz dizi, konusu ve oyuncular\u0131 ile dikkatleri \u00fczerine \u00e7ekiyor. G\u00f6zleri Karadeniz dizisinde Sancar rol\u00fcnde oynayan Berk Ali \u00c7atal ise merak edildi. Peki, G\u00f6zleri Karadeniz dizisinin Sancar\u2019\u0131 Berk Ali \u00c7atal kimdir? Berk Ali \u00c7atal ka\u00e7 ya\u015f\u0131nda nerelerde oynad\u0131? \u0130\u015fte detaylar\u2026<\/p>\n","protected":false},"author":34,"featured_media":229749,"comment_status":"closed","ping_status":"closed","sticky":false,"template":"","format":"standard","meta":{"rank_math_lock_modified_date":false,"footnotes":""},"categories":[491],"tags":[19243,61293,32159,25421],"class_list":["post-229747","post","type-post","status-publish","format-standard","has-post-thumbnail","hentry","category-biyografi","tag-berk-ali-catal","tag-berk-ali-catal-kimdir","tag-dizi","tag-gozleri-karadeniz"],"_links":{"self":[{"href":"https:\/\/www.tgrthaber.com\/mavikadin\/wp-json\/wp\/v2\/posts\/229747"}],"collection":[{"href":"https:\/\/www.tgrthaber.com\/mavikadin\/wp-json\/wp\/v2\/posts"}],"about":[{"href":"https:\/\/www.tgrthaber.com\/mavikadin\/wp-json\/wp\/v2\/types\/post"}],"author":[{"embeddable":true,"href":"https:\/\/www.tgrthaber.com\/mavikadin\/wp-json\/wp\/v2\/users\/34"}],"replies":[{"embeddable":true,"href":"https:\/\/www.tgrthaber.com\/mavikadin\/wp-json\/wp\/v2\/comments?post=229747"}],"version-history":[{"count":1,"href":"https:\/\/www.tgrthaber.com\/mavikadin\/wp-json\/wp\/v2\/posts\/229747\/revisions"}],"predecessor-version":[{"id":229755,"href":"https:\/\/www.tgrthaber.com\/mavikadin\/wp-json\/wp\/v2\/posts\/229747\/revisions\/229755"}],"wp:featuredmedia":[{"embeddable":true,"href":"https:\/\/www.tgrthaber.com\/mavikadin\/wp-json\/wp\/v2\/media\/229749"}],"wp:attachment":[{"href":"https:\/\/www.tgrthaber.com\/mavikadin\/wp-json\/wp\/v2\/media?parent=229747"}],"wp:term":[{"taxonomy":"category","embeddable":true,"href":"https:\/\/www.tgrthaber.com\/mavikadin\/wp-json\/wp\/v2\/categories?post=229747"},{"taxonomy":"post_tag","embeddable":true,"href":"https:\/\/www.tgrthaber.com\/mavikadin\/wp-json\/wp\/v2\/tags?post=229747"}],"curies":[{"name":"wp","href":"https:\/\/api.w.org\/{rel}","templated":true}]}}