{"id":229766,"date":"2025-09-02T18:16:58","date_gmt":"2025-09-02T15:16:58","guid":{"rendered":"https:\/\/www.tgrthaber.com\/mavikadin\/?p=229766"},"modified":"2025-09-02T18:16:58","modified_gmt":"2025-09-02T15:16:58","slug":"gozleri-karadeniz-dizisinin-azili-halit-ozgur-sari-kimdir-halit-ozgur-sari-aslen-nereli-hangi-dizilerde-oynadi","status":"publish","type":"post","link":"https:\/\/www.tgrthaber.com\/mavikadin\/gozleri-karadeniz-dizisinin-azili-halit-ozgur-sari-kimdir-halit-ozgur-sari-aslen-nereli-hangi-dizilerde-oynadi\/","title":{"rendered":"G\u00f6zleri Karadeniz dizisinin Azil\u2019i Halit \u00d6zg\u00fcr Sar\u0131 kimdir? Halit \u00d6zg\u00fcr Sar\u0131 aslen nereli hangi dizilerde oynad\u0131?"},"content":{"rendered":"<p>Halit \u00d6zg\u00fcr Sar\u0131, G\u00f6zleri Karadeniz dizisinde \u2018Azil\u2019 karakteriyle izleyici kar\u015f\u0131s\u0131na \u00e7\u0131k\u0131yor. ATV ekranlar\u0131n\u0131n yeni sezon dizileri aras\u0131nda yer alan G\u00f6zleri Karadeniz, izleyiciler taraf\u0131ndan ilgiyle takip ediliyor. Konusu ve g\u00fc\u00e7l\u00fc oyuncu kadrosuyla dikkatleri \u00fczerine \u00e7eken dizide \u2018Azil\u2019 karakterini oynayan Halit \u00d6zg\u00fcr Sar\u0131\u2019n\u0131n kim oldu\u011fu merak ediliyor. Peki, G\u00f6zleri Karadeniz dizisi Azil kimdir? Halit \u00d6zg\u00fcr Sar\u0131 kimdir? Halit \u00d6zg\u00fcr Sar\u0131 ka\u00e7 ya\u015f\u0131nda? Halit \u00d6zg\u00fcr Sar\u0131 aslen nereli? Halit \u00d6zg\u00fcr Sar\u0131 hangi dizilerde oynad\u0131? Halit \u00d6zg\u00fcr Sar\u0131 hakk\u0131nda merak edilenleri sizin i\u00e7in ara\u015ft\u0131rd\u0131k. \u0130\u015fte Halit \u00d6zg\u00fcr Sar\u0131\u2019ya dair bilinmeyenler\u2026<\/p>\n<h3>G\u00d6ZLER\u0130 KARADEN\u0130Z D\u0130Z\u0130S\u0130 AZ\u0130L K\u0130MD\u0130R?<\/h3>\n<p>G\u00f6zleri Karadeniz dizisi yeni sezonun iddial\u0131 dizileri aras\u0131nda yer al\u0131yor. Aile i\u00e7indeki hesapla\u015fmalar\u0131n ve ku\u015faklar aras\u0131 \u00e7at\u0131\u015fmalar\u0131n ya\u015fanaca\u011f\u0131 bir hik\u00e2yeyi ekranlara ta\u015f\u0131yacak olan dizide \u2018Azil\u2019 karakterinin kim oldu\u011fu da merak ediliyor.<\/p>\n<p><img loading=\"lazy\" decoding=\"async\" class=\"alignnone wp-image-229768\" src=\"https:\/\/www.tgrthaber.com\/mavikadin\/wp-content\/uploads\/Halit-Ozgur-Sari-2-1024x576.jpg\" alt=\"G\u00f6zleri Karadeniz dizisinin Azil\u2019i Halit \u00d6zg\u00fcr Sar\u0131 kimdir? Halit \u00d6zg\u00fcr Sar\u0131 aslen nereli hangi dizilerde oynad\u0131?\" width=\"1208\" height=\"680\" title=\"\" srcset=\"https:\/\/www.tgrthaber.com\/mavikadin\/wp-content\/uploads\/Halit-Ozgur-Sari-2-1024x576.jpg 1024w, https:\/\/www.tgrthaber.com\/mavikadin\/wp-content\/uploads\/Halit-Ozgur-Sari-2-300x169.jpg 300w, https:\/\/www.tgrthaber.com\/mavikadin\/wp-content\/uploads\/Halit-Ozgur-Sari-2-768x432.jpg 768w, https:\/\/www.tgrthaber.com\/mavikadin\/wp-content\/uploads\/Halit-Ozgur-Sari-2.jpg 1208w\" sizes=\"(max-width: 1208px) 100vw, 1208px\" \/><\/p>\n<hr \/>\n<p>K\u00f6kleri Karadeniz\u2019e uzanan g\u00fc\u00e7l\u00fc Ma\u00e7ari ailesinin hik\u00e2yesini konu alan G\u00f6zleri Karadeniz dizisinde Azil karakteri, \u00f6z babaannesi Asiye\u2019yi annesi Sabriye olarak bilmi\u015f ve hayat\u0131n\u0131 bu zamana kadar devam ettirmi\u015ftir. Rize\u2019n\u0131n h\u0131r\u00e7\u0131n sular\u0131nda b\u00fcy\u00fcyen Azil, asl\u0131nda anas\u0131z babas\u0131z olan fakat babaannesinin hem kendisine annelik hem de babal\u0131k yapt\u0131\u011f\u0131 bir \u00e7ocukluk ge\u00e7irmi\u015f ve bu \u015fekilde yeti\u015fmi\u015ftir.<\/p>\n<p><img loading=\"lazy\" decoding=\"async\" class=\"alignnone wp-image-229774\" src=\"https:\/\/www.tgrthaber.com\/mavikadin\/wp-content\/uploads\/Halit-Ozgur-Sari-1-1024x576.jpg\" alt=\"G\u00f6zleri Karadeniz dizisinin Azil\u2019i Halit \u00d6zg\u00fcr Sar\u0131 kimdir? Halit \u00d6zg\u00fcr Sar\u0131 aslen nereli hangi dizilerde oynad\u0131?\" width=\"1208\" height=\"680\" title=\"\" srcset=\"https:\/\/www.tgrthaber.com\/mavikadin\/wp-content\/uploads\/Halit-Ozgur-Sari-1-1024x576.jpg 1024w, https:\/\/www.tgrthaber.com\/mavikadin\/wp-content\/uploads\/Halit-Ozgur-Sari-1-300x169.jpg 300w, https:\/\/www.tgrthaber.com\/mavikadin\/wp-content\/uploads\/Halit-Ozgur-Sari-1-768x432.jpg 768w, https:\/\/www.tgrthaber.com\/mavikadin\/wp-content\/uploads\/Halit-Ozgur-Sari-1.jpg 1208w\" sizes=\"(max-width: 1208px) 100vw, 1208px\" \/><\/p>\n<hr \/>\n<p>Hem aile dram\u0131n\u0131n hem de g\u00fc\u00e7l\u00fc bir a\u015fk hikayesinin izleyiciye aktar\u0131ld\u0131\u011f\u0131 G\u00f6zleri Karadeniz dizisinde Azil\u2019in yolu yolu tesad\u00fcfen deniz yolculu\u011fu s\u0131ras\u0131nda avukat G\u00fcne\u015f\u2019le kesi\u015fiyor. G\u00fcne\u015f ve Azil karakterlerinin birbirlerine olan sevgilerini ve imk\u00e2ns\u0131z a\u015fklar\u0131n\u0131 seyirciye aktaracak olan G\u00f6zleri Karadeniz dizisinde, Azil Ma\u00e7ariler\u2019in kay\u0131p varisi olarak izleyici kar\u015f\u0131s\u0131na \u00e7\u0131kacak.<\/p>\n<p><img loading=\"lazy\" decoding=\"async\" class=\"alignnone wp-image-229775\" src=\"https:\/\/www.tgrthaber.com\/mavikadin\/wp-content\/uploads\/Gozleri-Karadeniz-dizi-5-2-1024x576.jpg\" alt=\"G\u00f6zleri Karadeniz dizisinin Azil\u2019i Halit \u00d6zg\u00fcr Sar\u0131 kimdir? Halit \u00d6zg\u00fcr Sar\u0131 aslen nereli hangi dizilerde oynad\u0131?\" width=\"1208\" height=\"680\" title=\"\" srcset=\"https:\/\/www.tgrthaber.com\/mavikadin\/wp-content\/uploads\/Gozleri-Karadeniz-dizi-5-2-1024x576.jpg 1024w, https:\/\/www.tgrthaber.com\/mavikadin\/wp-content\/uploads\/Gozleri-Karadeniz-dizi-5-2-300x169.jpg 300w, https:\/\/www.tgrthaber.com\/mavikadin\/wp-content\/uploads\/Gozleri-Karadeniz-dizi-5-2-768x432.jpg 768w, https:\/\/www.tgrthaber.com\/mavikadin\/wp-content\/uploads\/Gozleri-Karadeniz-dizi-5-2.jpg 1208w\" sizes=\"(max-width: 1208px) 100vw, 1208px\" \/><\/p>\n<hr \/>\n<p>G\u00f6zleri Karadeniz dizisinde Kader Azil\u2019i hem karde\u015fiyle hesapla\u015fmaya hem de y\u00fcre\u011fini yakan imk\u00e2ns\u0131z bir a\u015fka s\u00fcr\u00fckleyecek. \u0130\u00e7inden \u00e7\u0131k\u0131lmas\u0131 g\u00fc\u00e7 ve entrikalarla dolu bu dizide Azil\u2019in s\u0131nav\u0131 yaln\u0131zca g\u00fc\u00e7le de\u011fil, vicdanla da olacak.<\/p>\n<h3>HAL\u0130T \u00d6ZG\u00dcR SARI K\u0130MD\u0130R?<\/h3>\n<p>Halit \u00d6zg\u00fcr Sar\u0131 4 Ekim 1993 y\u0131l\u0131nda \u0130stanbul\u2019da d\u00fcnyaya geldi. \u0130lkokul, ortaokul ve liseyi ba\u015far\u0131yla tamamlayan Sar\u0131, \u00fcniversite e\u011fitimini \u0130stanbul Bilgi \u00dcniversitesi Ekonomi B\u00f6l\u00fcm\u00fc\u2019nden mezun olarak bitirdi.<\/p>\n<p><img loading=\"lazy\" decoding=\"async\" class=\"alignnone wp-image-229773\" src=\"https:\/\/www.tgrthaber.com\/mavikadin\/wp-content\/uploads\/Halit-Ozgur-Sari-7-1024x576.jpg\" alt=\"G\u00f6zleri Karadeniz dizisinin Azil\u2019i Halit \u00d6zg\u00fcr Sar\u0131 kimdir? Halit \u00d6zg\u00fcr Sar\u0131 aslen nereli hangi dizilerde oynad\u0131?\" width=\"1208\" height=\"680\" title=\"\" srcset=\"https:\/\/www.tgrthaber.com\/mavikadin\/wp-content\/uploads\/Halit-Ozgur-Sari-7-1024x576.jpg 1024w, https:\/\/www.tgrthaber.com\/mavikadin\/wp-content\/uploads\/Halit-Ozgur-Sari-7-300x169.jpg 300w, https:\/\/www.tgrthaber.com\/mavikadin\/wp-content\/uploads\/Halit-Ozgur-Sari-7-768x432.jpg 768w, https:\/\/www.tgrthaber.com\/mavikadin\/wp-content\/uploads\/Halit-Ozgur-Sari-7.jpg 1208w\" sizes=\"(max-width: 1208px) 100vw, 1208px\" \/><\/p>\n<hr \/>\n<p>Ald\u0131\u011f\u0131 ba\u015far\u0131l\u0131 e\u011fitimlerin ard\u0131ndan oyunculuk e\u011fitimi almaya karar veren Halit \u00d6zg\u00fcr Sar\u0131, oyunculuk kariyerine 2018 y\u0131l\u0131nda ba\u015flad\u0131. 2018 y\u0131l\u0131ndan bu yana ba\u015far\u0131l\u0131 oyunculu\u011fuyla ad\u0131ndan s\u00f6z ettiren Sar\u0131, \u015fimdilerde sevilen erkek oyuncular aras\u0131nda yerini ald\u0131.<\/p>\n<h3>HAL\u0130T \u00d6ZG\u00dcR SARI KA\u00c7 YA\u015eINDA?<\/h3>\n<p>1993 do\u011fumlu Halit \u00d6zg\u00fcr Sar\u0131 2025 y\u0131l\u0131 itibar\u0131yla 32 ya\u015f\u0131ndad\u0131r. Ba\u015far\u0131l\u0131 oyunculuk kariyeriyle tan\u0131nan Sar\u0131, zaman zaman \u00f6zel hayat\u0131yla da g\u00fcndeme geliyor. Son olarak \u2018Yabani\u2019 dizisiyle ekranlara gelen Sar\u0131, bu dizideki Yaman Ali Ayd\u0131n karakteriyle izleyiciden tam not alm\u0131\u015ft\u0131.<\/p>\n<p><img loading=\"lazy\" decoding=\"async\" class=\"alignnone wp-image-229772\" src=\"https:\/\/www.tgrthaber.com\/mavikadin\/wp-content\/uploads\/Halit-Ozgur-Sari-6-1024x576.jpg\" alt=\"G\u00f6zleri Karadeniz dizisinin Azil\u2019i Halit \u00d6zg\u00fcr Sar\u0131 kimdir? Halit \u00d6zg\u00fcr Sar\u0131 aslen nereli hangi dizilerde oynad\u0131?\" width=\"1208\" height=\"680\" title=\"\" srcset=\"https:\/\/www.tgrthaber.com\/mavikadin\/wp-content\/uploads\/Halit-Ozgur-Sari-6-1024x576.jpg 1024w, https:\/\/www.tgrthaber.com\/mavikadin\/wp-content\/uploads\/Halit-Ozgur-Sari-6-300x169.jpg 300w, https:\/\/www.tgrthaber.com\/mavikadin\/wp-content\/uploads\/Halit-Ozgur-Sari-6-768x432.jpg 768w, https:\/\/www.tgrthaber.com\/mavikadin\/wp-content\/uploads\/Halit-Ozgur-Sari-6.jpg 1208w\" sizes=\"(max-width: 1208px) 100vw, 1208px\" \/><\/p>\n<hr \/>\n<p>Sinema ve dizi oyuncusu olan Halit \u00d6zg\u00fcr Sar\u0131, oyunculuk kariyerine ba\u015flamadan \u00f6nce bir s\u00fcre modellik yapt\u0131. 2018 y\u0131l\u0131ndan bu yana oyunculuk sekt\u00f6r\u00fcnde yer alan Sar\u0131, kariyerinde bir\u00e7ok ba\u015far\u0131l\u0131 i\u015fe imza att\u0131.<\/p>\n<h3>HAL\u0130T \u00d6ZG\u00dcR SARI ASLEN NEREL\u0130?<\/h3>\n<p>\u0130stanbul\u2019da do\u011fup b\u00fcy\u00fcyen Halit \u00d6zg\u00fcr Sar\u0131 aslen Gazianteplidir. Craft At\u00f6lye&#8217;sinde oyunculuk e\u011fitimi alan Sar\u0131, son zamanlar\u0131n en sevilen erkek oyuncular\u0131 aras\u0131nda yer al\u0131yor. Hayat\u0131n\u0131n b\u00fcy\u00fck bir \u00e7o\u011funlu\u011funu \u0130stanbul\u2019da ge\u00e7iren Sar\u0131, memleketiyle de dikkat \u00e7ekiyor.<\/p>\n<p><img loading=\"lazy\" decoding=\"async\" class=\"alignnone wp-image-229771\" src=\"https:\/\/www.tgrthaber.com\/mavikadin\/wp-content\/uploads\/Halit-Ozgur-Sari-5-1024x576.jpg\" alt=\"G\u00f6zleri Karadeniz dizisinin Azil\u2019i Halit \u00d6zg\u00fcr Sar\u0131 kimdir? Halit \u00d6zg\u00fcr Sar\u0131 aslen nereli hangi dizilerde oynad\u0131?\" width=\"1208\" height=\"680\" title=\"\" srcset=\"https:\/\/www.tgrthaber.com\/mavikadin\/wp-content\/uploads\/Halit-Ozgur-Sari-5-1024x576.jpg 1024w, https:\/\/www.tgrthaber.com\/mavikadin\/wp-content\/uploads\/Halit-Ozgur-Sari-5-300x169.jpg 300w, https:\/\/www.tgrthaber.com\/mavikadin\/wp-content\/uploads\/Halit-Ozgur-Sari-5-768x432.jpg 768w, https:\/\/www.tgrthaber.com\/mavikadin\/wp-content\/uploads\/Halit-Ozgur-Sari-5.jpg 1208w\" sizes=\"(max-width: 1208px) 100vw, 1208px\" \/><\/p>\n<hr \/>\n<h3>HAL\u0130T \u00d6ZG\u00dcR SARI K\u0130M\u0130NLE SEVG\u0130L\u0130?<\/h3>\n<p>Hayat\u0131 boyunca hi\u00e7 evlilik yapmayan Halit \u00d6zg\u00fcr Sar\u0131, son olarak Yabani dizisindeki rol arkada\u015f\u0131 Simay Barlas ile sevgiliydi. \u0130li\u015fkileri erken biten ikili, 2024 y\u0131l\u0131n\u0131n eyl\u00fcl ay\u0131nda ayr\u0131lm\u0131\u015ft\u0131.<\/p>\n<p><img loading=\"lazy\" decoding=\"async\" class=\"alignnone wp-image-229770\" src=\"https:\/\/www.tgrthaber.com\/mavikadin\/wp-content\/uploads\/Halit-Ozgur-Sari-4-1024x576.jpg\" alt=\"G\u00f6zleri Karadeniz dizisinin Azil\u2019i Halit \u00d6zg\u00fcr Sar\u0131 kimdir? Halit \u00d6zg\u00fcr Sar\u0131 aslen nereli hangi dizilerde oynad\u0131?\" width=\"1208\" height=\"680\" title=\"\" srcset=\"https:\/\/www.tgrthaber.com\/mavikadin\/wp-content\/uploads\/Halit-Ozgur-Sari-4-1024x576.jpg 1024w, https:\/\/www.tgrthaber.com\/mavikadin\/wp-content\/uploads\/Halit-Ozgur-Sari-4-300x169.jpg 300w, https:\/\/www.tgrthaber.com\/mavikadin\/wp-content\/uploads\/Halit-Ozgur-Sari-4-768x432.jpg 768w, https:\/\/www.tgrthaber.com\/mavikadin\/wp-content\/uploads\/Halit-Ozgur-Sari-4.jpg 1208w\" sizes=\"(max-width: 1208px) 100vw, 1208px\" \/><\/p>\n<hr \/>\n<p>Halit \u00d6zg\u00fcr Sar\u0131\u2019n\u0131n daha \u00f6nce Uzak \u015eehir dizisinin y\u0131ld\u0131z\u0131 \u2018Sinem \u00dcnsal\u2019 ile sevgili oldu\u011fu \u00f6\u011frenildi. 2022 y\u0131l\u0131nda birliktelik ya\u015fayan \u00e7ift ayn\u0131 y\u0131l aral\u0131k ay\u0131nda beraberliklerini noktalam\u0131\u015ft\u0131.<\/p>\n<h3>HAL\u0130T \u00d6ZG\u00dcR SARI HANG\u0130 D\u0130Z\u0130LERDE OYNADI?<\/h3>\n<p>Dirili\u015f Ertu\u011frul \u2013 2018-2019<\/p>\n<p>\u015eampiyon \u2013 2019-2020<\/p>\n<p>K\u0131rm\u0131z\u0131 Oda \u2013 2020<\/p>\n<p>Karde\u015flerim \u2013 2021<\/p>\n<p>Gizli Sakl\u0131 \u2013 2022<\/p>\n<p>Yabani \u2013 2023-2025<\/p>\n<p>G\u00f6zleri Karadeniz \u2013<\/p>\n","protected":false},"excerpt":{"rendered":"<p>Halit \u00d6zg\u00fcr Sar\u0131, ATV ekranlar\u0131nda izleyici kar\u015f\u0131s\u0131na \u00e7\u0131kan G\u00f6zleri Karadeniz dizisinde Azil karakterini oynuyor. Azil rol\u00fcyle dikkatleri \u00fczerine \u00e7eken Halit \u00d6zg\u00fcr Sar\u0131\u2019n\u0131n kim oldu\u011fu da merak ediliyor. \u0130\u015fte Halit \u00d6zg\u00fcr Sar\u0131 hakk\u0131nda detaylar\u2026<\/p>\n","protected":false},"author":26,"featured_media":229767,"comment_status":"closed","ping_status":"closed","sticky":false,"template":"","format":"standard","meta":{"rank_math_lock_modified_date":false,"footnotes":""},"categories":[491],"tags":[3374,16521,61294,2705,61295],"class_list":["post-229766","post","type-post","status-publish","format-standard","has-post-thumbnail","hentry","category-biyografi","tag-biyografi","tag-biyografi-haberleri","tag-gozleri-karadeniz-azil","tag-halit-ozgur-sari","tag-halit-ozgur-sari-kimdir"],"_links":{"self":[{"href":"https:\/\/www.tgrthaber.com\/mavikadin\/wp-json\/wp\/v2\/posts\/229766"}],"collection":[{"href":"https:\/\/www.tgrthaber.com\/mavikadin\/wp-json\/wp\/v2\/posts"}],"about":[{"href":"https:\/\/www.tgrthaber.com\/mavikadin\/wp-json\/wp\/v2\/types\/post"}],"author":[{"embeddable":true,"href":"https:\/\/www.tgrthaber.com\/mavikadin\/wp-json\/wp\/v2\/users\/26"}],"replies":[{"embeddable":true,"href":"https:\/\/www.tgrthaber.com\/mavikadin\/wp-json\/wp\/v2\/comments?post=229766"}],"version-history":[{"count":2,"href":"https:\/\/www.tgrthaber.com\/mavikadin\/wp-json\/wp\/v2\/posts\/229766\/revisions"}],"predecessor-version":[{"id":229777,"href":"https:\/\/www.tgrthaber.com\/mavikadin\/wp-json\/wp\/v2\/posts\/229766\/revisions\/229777"}],"wp:featuredmedia":[{"embeddable":true,"href":"https:\/\/www.tgrthaber.com\/mavikadin\/wp-json\/wp\/v2\/media\/229767"}],"wp:attachment":[{"href":"https:\/\/www.tgrthaber.com\/mavikadin\/wp-json\/wp\/v2\/media?parent=229766"}],"wp:term":[{"taxonomy":"category","embeddable":true,"href":"https:\/\/www.tgrthaber.com\/mavikadin\/wp-json\/wp\/v2\/categories?post=229766"},{"taxonomy":"post_tag","embeddable":true,"href":"https:\/\/www.tgrthaber.com\/mavikadin\/wp-json\/wp\/v2\/tags?post=229766"}],"curies":[{"name":"wp","href":"https:\/\/api.w.org\/{rel}","templated":true}]}}