{"id":229778,"date":"2025-09-02T18:40:09","date_gmt":"2025-09-02T15:40:09","guid":{"rendered":"https:\/\/www.tgrthaber.com\/mavikadin\/?p=229778"},"modified":"2025-09-02T18:40:09","modified_gmt":"2025-09-02T15:40:09","slug":"gozleri-karadeniz-dizisinin-fatosu-turku-su-demirel-kimdir-turku-su-demirel-kac-yasinda-nereli","status":"publish","type":"post","link":"https:\/\/www.tgrthaber.com\/mavikadin\/gozleri-karadeniz-dizisinin-fatosu-turku-su-demirel-kimdir-turku-su-demirel-kac-yasinda-nereli\/","title":{"rendered":"G\u00f6zleri Karadeniz dizisinin Fato\u015f\u2019u T\u00fcrk\u00fc Su Demirel kimdir? T\u00fcrk\u00fc Su Demirel ka\u00e7 ya\u015f\u0131nda nereli?"},"content":{"rendered":"<p>ATV ekran\u0131n\u0131n yeni dizisi G\u00f6zleri Karadeniz, Sal\u0131 ak\u015famlar\u0131n\u0131n fenomen dizisi olmaya geliyor. Halit \u00d6zg\u00fcr Sar\u0131 ve \u00d6zge Ya\u011f\u0131z\u2019\u0131n ba\u015frollerinde olan dizi di\u011fer oyuncular\u0131 ile de dikkatleri \u00fczerine \u00e7ekiyor. G\u00f6zleri Karadeniz dizisinin Fato\u015f\u2019u T\u00fcrk\u00fc Su Demirel ise ara\u015ft\u0131r\u0131lmaya ba\u015flanan isimler aras\u0131nda yer al\u0131yor. Peki, G\u00f6zleri Karadeniz dizisinin Fato\u015f\u2019u T\u00fcrk\u00fc Su Demirel kimdir? T\u00fcrk\u00fc Su Demirel ka\u00e7 ya\u015f\u0131nda nereli? sorular\u0131n\u0131 sizin i\u00e7in ara\u015ft\u0131rd\u0131k. \u0130\u015fte T\u00fcrk\u00fc Su Demirel hakk\u0131nda merak edilenler\u2026<\/p>\n<h3>G\u00d6ZLER\u0130 KARADEN\u0130Z D\u0130Z\u0130S\u0130N\u0130N FATO\u015e\u2019U T\u00dcRK\u00dc SU DEM\u0130REL K\u0130MD\u0130R?<\/h3>\n<p>Yeni sezonda ekranlara gelecek olan <a href=\"https:\/\/www.tgrthaber.com\/mavikadin\/gozleri-karadeniz-dizisinin-sancari-berk-ali-catal-kimdir-berk-ali-catal-kac-yasinda-nerelerde-oynadi\/\">G\u00f6zleri Karadeniz<\/a> dizisi \u015fimdiden merakla takip edilmeye ba\u015fland\u0131. G\u00f6zleri Karadeniz dizisindeki Fato\u015f karakterini oynayan T\u00fcrk\u00fc Su Demirel merak edilmeye ba\u015fland\u0131.<\/p>\n<p><img loading=\"lazy\" decoding=\"async\" class=\"alignnone size-full wp-image-229783\" src=\"https:\/\/www.tgrthaber.com\/mavikadin\/wp-content\/uploads\/ARZU-2025-09-02T183713.083.jpg\" alt=\"G\u00f6zleri Karadeniz dizisinin Fato\u015f\u2019u T\u00fcrk\u00fc Su Demirel kimdir? T\u00fcrk\u00fc Su Demirel ka\u00e7 ya\u015f\u0131nda nereli?\" width=\"1208\" height=\"680\" title=\"\" srcset=\"https:\/\/www.tgrthaber.com\/mavikadin\/wp-content\/uploads\/ARZU-2025-09-02T183713.083.jpg 1208w, https:\/\/www.tgrthaber.com\/mavikadin\/wp-content\/uploads\/ARZU-2025-09-02T183713.083-300x169.jpg 300w, https:\/\/www.tgrthaber.com\/mavikadin\/wp-content\/uploads\/ARZU-2025-09-02T183713.083-1024x576.jpg 1024w, https:\/\/www.tgrthaber.com\/mavikadin\/wp-content\/uploads\/ARZU-2025-09-02T183713.083-768x432.jpg 768w\" sizes=\"(max-width: 1208px) 100vw, 1208px\" \/><\/p>\n<hr \/>\n<p>T\u00fcrk\u00fc Su Demirel\u2019in oynayaca\u011f\u0131 Fato\u015f karakteri, Osman ve Neriman\u2019\u0131n k\u0131z\u0131 olarak izleyici kar\u015f\u0131s\u0131na \u00e7\u0131kacak. Annesiyle mesafeli bir ili\u015fkisi olan Fato\u015f, babas\u0131 ile olan iyi anla\u015fmalar\u0131 dikkat \u00e7ekecek.<\/p>\n<p><img loading=\"lazy\" decoding=\"async\" class=\"alignnone size-full wp-image-229785\" src=\"https:\/\/www.tgrthaber.com\/mavikadin\/wp-content\/uploads\/ARZU-2025-09-02T183653.570.jpg\" alt=\"G\u00f6zleri Karadeniz dizisinin Fato\u015f\u2019u T\u00fcrk\u00fc Su Demirel kimdir? T\u00fcrk\u00fc Su Demirel ka\u00e7 ya\u015f\u0131nda nereli?\" width=\"1208\" height=\"680\" title=\"\" srcset=\"https:\/\/www.tgrthaber.com\/mavikadin\/wp-content\/uploads\/ARZU-2025-09-02T183653.570.jpg 1208w, https:\/\/www.tgrthaber.com\/mavikadin\/wp-content\/uploads\/ARZU-2025-09-02T183653.570-300x169.jpg 300w, https:\/\/www.tgrthaber.com\/mavikadin\/wp-content\/uploads\/ARZU-2025-09-02T183653.570-1024x576.jpg 1024w, https:\/\/www.tgrthaber.com\/mavikadin\/wp-content\/uploads\/ARZU-2025-09-02T183653.570-768x432.jpg 768w\" sizes=\"(max-width: 1208px) 100vw, 1208px\" \/><\/p>\n<hr \/>\n<p>G\u00fczelli\u011fi ve ba\u015far\u0131l\u0131 oyunculu\u011fu dikkat \u00e7eken T\u00fcrk\u00fc Su Demirel, 1998 y\u0131l\u0131nda \u0130zmir\u2019de d\u00fcnyaya geldi. Dizi ve film oyuncusu olan T\u00fcrk\u00fc Su Demirel, oyunculu\u011fu ile dikkat \u00e7ekiyor. \u0130stanbul K\u00fclt\u00fcr \u00dcniversitesi Mimarl\u0131k B\u00f6l\u00fcm\u00fc tamamlayarak mezun olmu\u015ftur.<\/p>\n<h3><img loading=\"lazy\" decoding=\"async\" class=\"alignnone size-full wp-image-229779\" src=\"https:\/\/www.tgrthaber.com\/mavikadin\/wp-content\/uploads\/ARZU-2025-09-02T183753.984.jpg\" alt=\"G\u00f6zleri Karadeniz dizisinin Fato\u015f\u2019u T\u00fcrk\u00fc Su Demirel kimdir? T\u00fcrk\u00fc Su Demirel ka\u00e7 ya\u015f\u0131nda nereli?\" width=\"1208\" height=\"680\" title=\"\" srcset=\"https:\/\/www.tgrthaber.com\/mavikadin\/wp-content\/uploads\/ARZU-2025-09-02T183753.984.jpg 1208w, https:\/\/www.tgrthaber.com\/mavikadin\/wp-content\/uploads\/ARZU-2025-09-02T183753.984-300x169.jpg 300w, https:\/\/www.tgrthaber.com\/mavikadin\/wp-content\/uploads\/ARZU-2025-09-02T183753.984-1024x576.jpg 1024w, https:\/\/www.tgrthaber.com\/mavikadin\/wp-content\/uploads\/ARZU-2025-09-02T183753.984-768x432.jpg 768w\" sizes=\"(max-width: 1208px) 100vw, 1208px\" \/><\/h3>\n<hr \/>\n<h3>T\u00dcRK\u00dc SU DEM\u0130REL KA\u00c7 YA\u015eINDA?<\/h3>\n<p>Bir\u00e7ok dizi ve \u00e7e\u015fitli projelerde roller alan T\u00fcrk\u00fc Su Demirel, sinema G\u00fczeli Yar\u0131\u015fmas\u0131\u2019n\u0131n birincisi se\u00e7ilmi\u015ftir. 2018 y\u0131l\u0131ndan itibaren Muhte\u015fem \u0130kili, Mara\u015fl\u0131, Son Nefesime Kadar, Kader Oyunlar\u0131 ve Yal\u0131 \u00c7apk\u0131n\u0131 gibi yap\u0131mlarla izleyici kar\u015f\u0131s\u0131na \u00e7\u0131km\u0131\u015ft\u0131r.<\/p>\n<p><img loading=\"lazy\" decoding=\"async\" class=\"alignnone size-full wp-image-229784\" src=\"https:\/\/www.tgrthaber.com\/mavikadin\/wp-content\/uploads\/ARZU-2025-09-02T183705.669.jpg\" alt=\"G\u00f6zleri Karadeniz dizisinin Fato\u015f\u2019u T\u00fcrk\u00fc Su Demirel kimdir? T\u00fcrk\u00fc Su Demirel ka\u00e7 ya\u015f\u0131nda nereli?\" width=\"1208\" height=\"680\" title=\"\" srcset=\"https:\/\/www.tgrthaber.com\/mavikadin\/wp-content\/uploads\/ARZU-2025-09-02T183705.669.jpg 1208w, https:\/\/www.tgrthaber.com\/mavikadin\/wp-content\/uploads\/ARZU-2025-09-02T183705.669-300x169.jpg 300w, https:\/\/www.tgrthaber.com\/mavikadin\/wp-content\/uploads\/ARZU-2025-09-02T183705.669-1024x576.jpg 1024w, https:\/\/www.tgrthaber.com\/mavikadin\/wp-content\/uploads\/ARZU-2025-09-02T183705.669-768x432.jpg 768w\" sizes=\"(max-width: 1208px) 100vw, 1208px\" \/><\/p>\n<hr \/>\n<p>\u015eimdilerde 28 ya\u015f\u0131nda olan gen\u00e7 oyuncu T\u00fcrk\u00fc Su Demirel, G\u00f6zleri Karadeniz dizisi ile dikkatleri \u00fczerine \u00e7ekmeye geliyor. Hem dizinin konusu hem de oyuncular\u0131 merakla bekleniyor.<\/p>\n<h3><img loading=\"lazy\" decoding=\"async\" class=\"alignnone size-full wp-image-229782\" src=\"https:\/\/www.tgrthaber.com\/mavikadin\/wp-content\/uploads\/ARZU-2025-09-02T183722.722.jpg\" alt=\"G\u00f6zleri Karadeniz dizisinin Fato\u015f\u2019u T\u00fcrk\u00fc Su Demirel kimdir? T\u00fcrk\u00fc Su Demirel ka\u00e7 ya\u015f\u0131nda nereli?\" width=\"1208\" height=\"680\" title=\"\" srcset=\"https:\/\/www.tgrthaber.com\/mavikadin\/wp-content\/uploads\/ARZU-2025-09-02T183722.722.jpg 1208w, https:\/\/www.tgrthaber.com\/mavikadin\/wp-content\/uploads\/ARZU-2025-09-02T183722.722-300x169.jpg 300w, https:\/\/www.tgrthaber.com\/mavikadin\/wp-content\/uploads\/ARZU-2025-09-02T183722.722-1024x576.jpg 1024w, https:\/\/www.tgrthaber.com\/mavikadin\/wp-content\/uploads\/ARZU-2025-09-02T183722.722-768x432.jpg 768w\" sizes=\"(max-width: 1208px) 100vw, 1208px\" \/><\/h3>\n<hr \/>\n<h3>T\u00dcRK\u00dc SU DEM\u0130REL NEREL\u0130?<\/h3>\n<p>Aslen I\u011fd\u0131rl\u0131 olan T\u00fcrk\u00fc Su Demirel, do\u011fum yeri olarak \u0130zmirlidir. Son d\u00f6nemde Yal\u0131 \u00c7apk\u0131n\u0131 dizisindeki rol\u00fc ile geni\u015f kitlelerce tan\u0131nan T\u00fcrk\u00fc Su Demirel, g\u00fczelli\u011fi ve ba\u015far\u0131l\u0131 oyunculu\u011fu ile g\u00f6n\u00fcller de taht kuruyor.<\/p>\n<p><img loading=\"lazy\" decoding=\"async\" class=\"alignnone size-full wp-image-229780\" src=\"https:\/\/www.tgrthaber.com\/mavikadin\/wp-content\/uploads\/ARZU-2025-09-02T183745.142.jpg\" alt=\"G\u00f6zleri Karadeniz dizisinin Fato\u015f\u2019u T\u00fcrk\u00fc Su Demirel kimdir? T\u00fcrk\u00fc Su Demirel ka\u00e7 ya\u015f\u0131nda nereli?\" width=\"1208\" height=\"680\" title=\"\" srcset=\"https:\/\/www.tgrthaber.com\/mavikadin\/wp-content\/uploads\/ARZU-2025-09-02T183745.142.jpg 1208w, https:\/\/www.tgrthaber.com\/mavikadin\/wp-content\/uploads\/ARZU-2025-09-02T183745.142-300x169.jpg 300w, https:\/\/www.tgrthaber.com\/mavikadin\/wp-content\/uploads\/ARZU-2025-09-02T183745.142-1024x576.jpg 1024w, https:\/\/www.tgrthaber.com\/mavikadin\/wp-content\/uploads\/ARZU-2025-09-02T183745.142-768x432.jpg 768w\" sizes=\"(max-width: 1208px) 100vw, 1208px\" \/><\/p>\n<hr \/>\n<p>G\u00f6zleri Karadeniz dizisi ile ekranlara d\u00f6nen T\u00fcrk\u00fc Su Demirel, Tranbon&#8217;dan \u0130stanbul&#8217;a uzanan hikayesinde yer alacak. 2 Eyl\u00fcl 2025 Sal\u0131 ak\u015famlar\u0131 G\u00f6zleri Karadeniz ilk b\u00f6l\u00fcm\u00fc ile izleyici kar\u015f\u0131s\u0131na \u00e7\u0131kacak.<\/p>\n","protected":false},"excerpt":{"rendered":"<p>Yeni sezon dizilerinden biri olan G\u00f6zleri Karadeniz dizisi 2 Eyl\u00fcl 2025 Sal\u0131 ak\u015fam\u0131 ekranlara geliyor. \u015eimdiden merak konusu olan dizi konusu kadar oyuncular\u0131 ile de dikkatleri \u00fczerine \u00e7ekiyor. Dizinin Fato\u015f karakterini oynayan T\u00fcrk\u00fc Su Demirel ise ara\u015ft\u0131r\u0131lan isimler aras\u0131nda yer ald\u0131. Peki, G\u00f6zleri Karadeniz dizisinin Fato\u015f\u2019u T\u00fcrk\u00fc Su Demirel kimdir? T\u00fcrk\u00fc Su Demirel ka\u00e7 ya\u015f\u0131nda nereli? \u0130\u015fte detaylar\u2026<\/p>\n","protected":false},"author":34,"featured_media":229781,"comment_status":"closed","ping_status":"closed","sticky":false,"template":"","format":"standard","meta":{"rank_math_lock_modified_date":false,"footnotes":""},"categories":[491],"tags":[16521,32159,25421,17871,61296],"class_list":["post-229778","post","type-post","status-publish","format-standard","has-post-thumbnail","hentry","category-biyografi","tag-biyografi-haberleri","tag-dizi","tag-gozleri-karadeniz","tag-turku-su-demirel","tag-turku-su-demirel-kimdir"],"_links":{"self":[{"href":"https:\/\/www.tgrthaber.com\/mavikadin\/wp-json\/wp\/v2\/posts\/229778"}],"collection":[{"href":"https:\/\/www.tgrthaber.com\/mavikadin\/wp-json\/wp\/v2\/posts"}],"about":[{"href":"https:\/\/www.tgrthaber.com\/mavikadin\/wp-json\/wp\/v2\/types\/post"}],"author":[{"embeddable":true,"href":"https:\/\/www.tgrthaber.com\/mavikadin\/wp-json\/wp\/v2\/users\/34"}],"replies":[{"embeddable":true,"href":"https:\/\/www.tgrthaber.com\/mavikadin\/wp-json\/wp\/v2\/comments?post=229778"}],"version-history":[{"count":1,"href":"https:\/\/www.tgrthaber.com\/mavikadin\/wp-json\/wp\/v2\/posts\/229778\/revisions"}],"predecessor-version":[{"id":229786,"href":"https:\/\/www.tgrthaber.com\/mavikadin\/wp-json\/wp\/v2\/posts\/229778\/revisions\/229786"}],"wp:featuredmedia":[{"embeddable":true,"href":"https:\/\/www.tgrthaber.com\/mavikadin\/wp-json\/wp\/v2\/media\/229781"}],"wp:attachment":[{"href":"https:\/\/www.tgrthaber.com\/mavikadin\/wp-json\/wp\/v2\/media?parent=229778"}],"wp:term":[{"taxonomy":"category","embeddable":true,"href":"https:\/\/www.tgrthaber.com\/mavikadin\/wp-json\/wp\/v2\/categories?post=229778"},{"taxonomy":"post_tag","embeddable":true,"href":"https:\/\/www.tgrthaber.com\/mavikadin\/wp-json\/wp\/v2\/tags?post=229778"}],"curies":[{"name":"wp","href":"https:\/\/api.w.org\/{rel}","templated":true}]}}