{"id":229788,"date":"2025-09-02T18:58:56","date_gmt":"2025-09-02T15:58:56","guid":{"rendered":"https:\/\/www.tgrthaber.com\/mavikadin\/?p=229788"},"modified":"2025-09-02T18:58:56","modified_gmt":"2025-09-02T15:58:56","slug":"gozleri-karadeniz-dizisinin-dursunu-eren-oren-kimdir-eren-oren-kac-yasinda-hangi-dizilerde-oynadi","status":"publish","type":"post","link":"https:\/\/www.tgrthaber.com\/mavikadin\/gozleri-karadeniz-dizisinin-dursunu-eren-oren-kimdir-eren-oren-kac-yasinda-hangi-dizilerde-oynadi\/","title":{"rendered":"G\u00f6zleri Karadeniz dizisinin Dursun\u2019u Eren \u00d6ren kimdir? Eren \u00d6ren ka\u00e7 ya\u015f\u0131nda hangi dizilerde oynad\u0131?"},"content":{"rendered":"<p>Eren \u00d6ren, G\u00f6zleri Karadeniz dizisinde \u2018Dursun\u2019 karakteriyle izleyici kar\u015f\u0131s\u0131na \u00e7\u0131k\u0131yor. ATV ekranlar\u0131n\u0131n yeni sezon dizileri aras\u0131nda yer alan G\u00f6zleri Karadeniz, izleyiciler taraf\u0131ndan ilgiyle takip ediliyor. Konusu ve g\u00fc\u00e7l\u00fc oyuncu kadrosuyla dikkatleri \u00fczerine \u00e7eken dizide \u2018Dursun\u2019 karakterini oynayan Eren \u00d6ren\u2019in \u00f6zel hayat\u0131 merakla ara\u015ft\u0131r\u0131l\u0131yor. Peki, G\u00f6zleri Karadeniz dizisi Dursun kimdir? Eren \u00d6ren kimdir? Eren \u00d6ren ka\u00e7 ya\u015f\u0131nda? Eren \u00d6ren nereli? Eren \u00d6ren kiminle sevgili? Eren \u00d6ren hangi dizilerde oynad\u0131? Eren \u00d6ren hakk\u0131nda merak edilenleri sizin i\u00e7in ara\u015ft\u0131rd\u0131k. \u0130\u015fte Eren \u00d6ren\u2019e dair bilinmeyenler\u2026<\/p>\n<h3>G\u00d6ZLER\u0130 KARADEN\u0130Z D\u0130Z\u0130S\u0130 DURSUN K\u0130MD\u0130R?<\/h3>\n<p>G\u00f6zleri Karadeniz dizisi yeni sezonun iddial\u0131 dizileri aras\u0131nda yer al\u0131yor. Aile i\u00e7indeki hesapla\u015fmalar\u0131n ve ku\u015faklar aras\u0131 \u00e7at\u0131\u015fmalar\u0131n ya\u015fanaca\u011f\u0131 bir hik\u00e2yeyi ekranlara ta\u015f\u0131yacak olan dizide \u2018Dursun\u2019 karakterinin kim oldu\u011fu ara\u015ft\u0131r\u0131l\u0131yor.<\/p>\n<p><img loading=\"lazy\" decoding=\"async\" class=\"alignnone wp-image-229806\" src=\"https:\/\/www.tgrthaber.com\/mavikadin\/wp-content\/uploads\/Eren-Oren-kimdir-2-1024x576.jpg\" alt=\"G\u00f6zleri Karadeniz dizisinin Dursun\u2019u Eren \u00d6ren kimdir? Eren \u00d6ren ka\u00e7 ya\u015f\u0131nda hangi dizilerde oynad\u0131?\" width=\"1208\" height=\"680\" title=\"\" srcset=\"https:\/\/www.tgrthaber.com\/mavikadin\/wp-content\/uploads\/Eren-Oren-kimdir-2-1024x576.jpg 1024w, https:\/\/www.tgrthaber.com\/mavikadin\/wp-content\/uploads\/Eren-Oren-kimdir-2-300x169.jpg 300w, https:\/\/www.tgrthaber.com\/mavikadin\/wp-content\/uploads\/Eren-Oren-kimdir-2-768x432.jpg 768w, https:\/\/www.tgrthaber.com\/mavikadin\/wp-content\/uploads\/Eren-Oren-kimdir-2.jpg 1208w\" sizes=\"(max-width: 1208px) 100vw, 1208px\" \/><\/p>\n<hr \/>\n<p>K\u00f6kleri Karadeniz\u2019e uzanan g\u00fc\u00e7l\u00fc Ma\u00e7ari ailesinin hik\u00e2yesini konu alan G\u00f6zleri Karadeniz dizisinde Dursun Y\u0131lmaz karakteri, Sabriye\u2019nin \u00f6z o\u011flu, Azil\u2019in \u00f6z karde\u015flerinden daha \u00f6z hissetti\u011fi karde\u015fidir. Azil\u2019le b\u00fcy\u00fcm\u00fc\u015f olan Dursun, Azil\u2019den b\u00fcy\u00fck oldu\u011fu halde her zaman Azil\u2019in k\u00fc\u00e7\u00fc\u011f\u00fc gibi hissetmi\u015ftir. \u0130lk kavgas\u0131na Azil\u2019le giren Dursun, okula Azil\u2019le ba\u015flam\u0131\u015ft\u0131r. Her \u015feyi Azil\u2019le yapan Dursun, Azil\u2019e herkesten daha yak\u0131nd\u0131r.<\/p>\n<p><img loading=\"lazy\" decoding=\"async\" class=\"alignnone wp-image-229808\" src=\"https:\/\/www.tgrthaber.com\/mavikadin\/wp-content\/uploads\/Eren-Oren-kimdir-4-1024x576.jpg\" alt=\"G\u00f6zleri Karadeniz dizisinin Dursun\u2019u Eren \u00d6ren kimdir? Eren \u00d6ren ka\u00e7 ya\u015f\u0131nda hangi dizilerde oynad\u0131?\" width=\"1208\" height=\"680\" title=\"\" srcset=\"https:\/\/www.tgrthaber.com\/mavikadin\/wp-content\/uploads\/Eren-Oren-kimdir-4-1024x576.jpg 1024w, https:\/\/www.tgrthaber.com\/mavikadin\/wp-content\/uploads\/Eren-Oren-kimdir-4-300x169.jpg 300w, https:\/\/www.tgrthaber.com\/mavikadin\/wp-content\/uploads\/Eren-Oren-kimdir-4-768x432.jpg 768w, https:\/\/www.tgrthaber.com\/mavikadin\/wp-content\/uploads\/Eren-Oren-kimdir-4.jpg 1208w\" sizes=\"(max-width: 1208px) 100vw, 1208px\" \/><\/p>\n<hr \/>\n<h3>EREN \u00d6REN K\u0130MD\u0130R?<\/h3>\n<p>Eren \u00d6ren 1998 y\u0131l\u0131nda \u0130stanbul\u2019da d\u00fcnyaya geldi. \u00d6ren ilkokul, ortaokul ve lise e\u011fitimini ba\u015far\u0131yla tamamlad\u0131. \u00dcniversite e\u011fitimini Bah\u00e7e\u015fehir \u00dcniversitesi End\u00fcstri M\u00fchendisli\u011fi B\u00f6l\u00fcm\u00fc&#8217;nde okuyarak tamamlayan \u00d6ren, ard\u0131ndan oyunculu\u011fa y\u00f6neldi.<\/p>\n<p><img loading=\"lazy\" decoding=\"async\" class=\"alignnone wp-image-229807\" src=\"https:\/\/www.tgrthaber.com\/mavikadin\/wp-content\/uploads\/Eren-Oren-kimdir-3-1024x576.jpg\" alt=\"G\u00f6zleri Karadeniz dizisinin Dursun\u2019u Eren \u00d6ren kimdir? Eren \u00d6ren ka\u00e7 ya\u015f\u0131nda hangi dizilerde oynad\u0131?\" width=\"1208\" height=\"680\" title=\"\" srcset=\"https:\/\/www.tgrthaber.com\/mavikadin\/wp-content\/uploads\/Eren-Oren-kimdir-3-1024x576.jpg 1024w, https:\/\/www.tgrthaber.com\/mavikadin\/wp-content\/uploads\/Eren-Oren-kimdir-3-300x169.jpg 300w, https:\/\/www.tgrthaber.com\/mavikadin\/wp-content\/uploads\/Eren-Oren-kimdir-3-768x432.jpg 768w, https:\/\/www.tgrthaber.com\/mavikadin\/wp-content\/uploads\/Eren-Oren-kimdir-3.jpg 1208w\" sizes=\"(max-width: 1208px) 100vw, 1208px\" \/><\/p>\n<hr \/>\n<p>Eren \u00d6ren, sosyal medya fenomeni ve seslendirme sanat\u00e7\u0131s\u0131 olarak kariyerine ba\u015flad\u0131. Reklam, sinema ve film oyuncusu olarak kariyerini s\u00fcrd\u00fcren \u00d6ren, bir\u00e7ok ba\u015far\u0131l\u0131 projeye imza att\u0131.<\/p>\n<h3>EREN \u00d6REN KA\u00c7 YA\u015eINDA?<\/h3>\n<p>1998 do\u011fumlu Eren \u00d6ren 2025 y\u0131l\u0131 itibar\u0131yla 27 ya\u015f\u0131ndad\u0131r. \u00dcniversite e\u011fitiminin ard\u0131ndan oyunculuk e\u011fitimi alan \u00d6ren, kariyerinin ba\u015flang\u0131c\u0131ndan bu yana olduk\u00e7a ba\u015far\u0131l\u0131 i\u015flerde boy g\u00f6sterdi.<\/p>\n<p><img loading=\"lazy\" decoding=\"async\" class=\"alignnone wp-image-229813\" src=\"https:\/\/www.tgrthaber.com\/mavikadin\/wp-content\/uploads\/Eren-Oren-kimdir-7-1024x576.jpg\" alt=\"G\u00f6zleri Karadeniz dizisinin Dursun\u2019u Eren \u00d6ren kimdir? Eren \u00d6ren ka\u00e7 ya\u015f\u0131nda hangi dizilerde oynad\u0131?\" width=\"1208\" height=\"680\" title=\"\" srcset=\"https:\/\/www.tgrthaber.com\/mavikadin\/wp-content\/uploads\/Eren-Oren-kimdir-7-1024x576.jpg 1024w, https:\/\/www.tgrthaber.com\/mavikadin\/wp-content\/uploads\/Eren-Oren-kimdir-7-300x169.jpg 300w, https:\/\/www.tgrthaber.com\/mavikadin\/wp-content\/uploads\/Eren-Oren-kimdir-7-768x432.jpg 768w, https:\/\/www.tgrthaber.com\/mavikadin\/wp-content\/uploads\/Eren-Oren-kimdir-7.jpg 1208w\" sizes=\"(max-width: 1208px) 100vw, 1208px\" \/><\/p>\n<hr \/>\n<p>\u0130lk oyunculuk deneyimini 2021 y\u0131l\u0131nda ger\u00e7ekle\u015ftiren Eren \u00d6ren, \u00e7e\u015fitli reklam, dizi ve sinema filmlerinde boy g\u00f6sterdi. Hayat\u0131n\u0131n b\u00fcy\u00fck bir \u00e7o\u011funlu\u011funu \u0130zmit\u2019te ge\u00e7irdi\u011fi bilinen \u00d6ren, yak\u0131\u015f\u0131kl\u0131l\u0131\u011f\u0131 ve karizmatikli\u011fiyle de s\u0131k s\u0131k g\u00fcndeme geliyor.<\/p>\n<h3>EREN \u00d6REN NEREL\u0130?<\/h3>\n<p>\u0130stanbul\u2019da do\u011fdu\u011fu bilinen Eren \u00d6ren, \u0130zmit\u2019te b\u00fcy\u00fcd\u00fc. Anne taraf\u0131 Giresunlu baba taraf\u0131 ise \u0130zmitli olan \u00d6ren, \u00fcniversitedeyken oyunculuk e\u011fitimleri almaya ba\u015flad\u0131. Ata binme\u011fi ve kayak yapmay\u0131 sevdi\u011fi bilinen \u00d6ren, sosyal medya payla\u015f\u0131mlar\u0131yla da ad\u0131ndan s\u00f6z ettiriyor.<\/p>\n<p><img loading=\"lazy\" decoding=\"async\" class=\"alignnone wp-image-229812\" src=\"https:\/\/www.tgrthaber.com\/mavikadin\/wp-content\/uploads\/Eren-Oren-kimdir-6-1024x576.jpg\" alt=\"G\u00f6zleri Karadeniz dizisinin Dursun\u2019u Eren \u00d6ren kimdir? Eren \u00d6ren ka\u00e7 ya\u015f\u0131nda hangi dizilerde oynad\u0131?\" width=\"1208\" height=\"680\" title=\"\" srcset=\"https:\/\/www.tgrthaber.com\/mavikadin\/wp-content\/uploads\/Eren-Oren-kimdir-6-1024x576.jpg 1024w, https:\/\/www.tgrthaber.com\/mavikadin\/wp-content\/uploads\/Eren-Oren-kimdir-6-300x169.jpg 300w, https:\/\/www.tgrthaber.com\/mavikadin\/wp-content\/uploads\/Eren-Oren-kimdir-6-768x432.jpg 768w, https:\/\/www.tgrthaber.com\/mavikadin\/wp-content\/uploads\/Eren-Oren-kimdir-6.jpg 1208w\" sizes=\"(max-width: 1208px) 100vw, 1208px\" \/><\/p>\n<hr \/>\n<h3>EREN \u00d6REN K\u0130M\u0130NLE SEVG\u0130L\u0130?<\/h3>\n<p>Eren \u00d6ren, \u2018\u00dc\u00e7 K\u0131z Karde\u015f\u2019 dizisinde birlikte rol ald\u0131\u011f\u0131 \u00d6zg\u00fc Kaya ile bir s\u00fcre a\u015fk ya\u015fam\u0131\u015ft\u0131. Magazin d\u00fcnyas\u0131n\u0131n sevilen \u00e7iftleri aras\u0131nda yer alan ikili 2 y\u0131l s\u00fcren bir birliktelik ya\u015fam\u0131\u015f fakat 2024 y\u0131l\u0131n\u0131n aral\u0131k ay\u0131nda ayr\u0131l\u0131k karar\u0131 alm\u0131\u015ft\u0131.<\/p>\n<p><img loading=\"lazy\" decoding=\"async\" class=\"alignnone wp-image-229814\" src=\"https:\/\/www.tgrthaber.com\/mavikadin\/wp-content\/uploads\/Eren-Oren-kimdir-9-1024x576.jpg\" alt=\"G\u00f6zleri Karadeniz dizisinin Dursun\u2019u Eren \u00d6ren kimdir? Eren \u00d6ren ka\u00e7 ya\u015f\u0131nda hangi dizilerde oynad\u0131?\" width=\"1208\" height=\"680\" title=\"\" srcset=\"https:\/\/www.tgrthaber.com\/mavikadin\/wp-content\/uploads\/Eren-Oren-kimdir-9-1024x576.jpg 1024w, https:\/\/www.tgrthaber.com\/mavikadin\/wp-content\/uploads\/Eren-Oren-kimdir-9-300x169.jpg 300w, https:\/\/www.tgrthaber.com\/mavikadin\/wp-content\/uploads\/Eren-Oren-kimdir-9-768x432.jpg 768w, https:\/\/www.tgrthaber.com\/mavikadin\/wp-content\/uploads\/Eren-Oren-kimdir-9.jpg 1208w\" sizes=\"(max-width: 1208px) 100vw, 1208px\" \/><\/p>\n<hr \/>\n<h3>EREN \u00d6REN HANG\u0130 D\u0130Z\u0130LERDE OYNADI?<\/h3>\n<p>Eren \u00d6ren, 2020 y\u0131l\u0131nda ilk projesi olan Hizmet\u00e7iler\u2019de boy g\u00f6sterdi. Ard\u0131ndan K\u0131rm\u0131z\u0131 Oda ve Ge\u00e7en yaz gibi projelerde yer alan \u00d6ren \u2018Karde\u015flerim\u2019 dizisiyle b\u00fcy\u00fck bir \u00e7\u0131k\u0131\u015f yakalad\u0131.<\/p>\n<p><img loading=\"lazy\" decoding=\"async\" class=\"alignnone wp-image-229815\" src=\"https:\/\/www.tgrthaber.com\/mavikadin\/wp-content\/uploads\/Eren-Oren-kimdir-1-1024x576.jpg\" alt=\"G\u00f6zleri Karadeniz dizisinin Dursun\u2019u Eren \u00d6ren kimdir? Eren \u00d6ren ka\u00e7 ya\u015f\u0131nda hangi dizilerde oynad\u0131?\" width=\"1208\" height=\"680\" title=\"\" srcset=\"https:\/\/www.tgrthaber.com\/mavikadin\/wp-content\/uploads\/Eren-Oren-kimdir-1-1024x576.jpg 1024w, https:\/\/www.tgrthaber.com\/mavikadin\/wp-content\/uploads\/Eren-Oren-kimdir-1-300x169.jpg 300w, https:\/\/www.tgrthaber.com\/mavikadin\/wp-content\/uploads\/Eren-Oren-kimdir-1-768x432.jpg 768w, https:\/\/www.tgrthaber.com\/mavikadin\/wp-content\/uploads\/Eren-Oren-kimdir-1.jpg 1208w\" sizes=\"(max-width: 1208px) 100vw, 1208px\" \/><\/p>\n<hr \/>\n<p>Karde\u015flerim dizisinde \u2018Kaan Atakul\u2019 karakteriyle izleyici kar\u015f\u0131s\u0131na \u00e7\u0131kan Eren \u00d6ren, daha sonra \u2018\u00dc\u00e7 K\u0131z Karde\u015f\u2019 dizisiyle pop\u00fclerli\u011fini art\u0131rd\u0131. \u015eimdilerde ise G\u00f6zleri Karadeniz dizisiyle ekranlara d\u00f6n\u00fc\u015f yapacak olan \u00d6ren\u2019in performans\u0131 da merak ediliyor.<\/p>\n","protected":false},"excerpt":{"rendered":"<p>Eren \u00d6ren, yeni sezonun en iddial\u0131 dizileri aras\u0131nda yer alan G\u00f6zleri Karadeniz dizisinin \u2018Dursun\u2019u oldu. Dursun karakteriyle izleyici kar\u015f\u0131s\u0131na \u00e7\u0131kacak olan Eren \u00d6ren\u2019in kim oldu\u011fu merak edildi. \u0130\u015fte ayr\u0131nt\u0131lar\u2026<\/p>\n","protected":false},"author":26,"featured_media":229804,"comment_status":"closed","ping_status":"closed","sticky":false,"template":"","format":"standard","meta":{"rank_math_lock_modified_date":false,"footnotes":""},"categories":[491],"tags":[3374,16521,58619,61300,61301],"class_list":["post-229788","post","type-post","status-publish","format-standard","has-post-thumbnail","hentry","category-biyografi","tag-biyografi","tag-biyografi-haberleri","tag-eren-oren","tag-eren-oren-kimdir","tag-gozleri-karadeniz-dursun"],"_links":{"self":[{"href":"https:\/\/www.tgrthaber.com\/mavikadin\/wp-json\/wp\/v2\/posts\/229788"}],"collection":[{"href":"https:\/\/www.tgrthaber.com\/mavikadin\/wp-json\/wp\/v2\/posts"}],"about":[{"href":"https:\/\/www.tgrthaber.com\/mavikadin\/wp-json\/wp\/v2\/types\/post"}],"author":[{"embeddable":true,"href":"https:\/\/www.tgrthaber.com\/mavikadin\/wp-json\/wp\/v2\/users\/26"}],"replies":[{"embeddable":true,"href":"https:\/\/www.tgrthaber.com\/mavikadin\/wp-json\/wp\/v2\/comments?post=229788"}],"version-history":[{"count":2,"href":"https:\/\/www.tgrthaber.com\/mavikadin\/wp-json\/wp\/v2\/posts\/229788\/revisions"}],"predecessor-version":[{"id":229817,"href":"https:\/\/www.tgrthaber.com\/mavikadin\/wp-json\/wp\/v2\/posts\/229788\/revisions\/229817"}],"wp:featuredmedia":[{"embeddable":true,"href":"https:\/\/www.tgrthaber.com\/mavikadin\/wp-json\/wp\/v2\/media\/229804"}],"wp:attachment":[{"href":"https:\/\/www.tgrthaber.com\/mavikadin\/wp-json\/wp\/v2\/media?parent=229788"}],"wp:term":[{"taxonomy":"category","embeddable":true,"href":"https:\/\/www.tgrthaber.com\/mavikadin\/wp-json\/wp\/v2\/categories?post=229788"},{"taxonomy":"post_tag","embeddable":true,"href":"https:\/\/www.tgrthaber.com\/mavikadin\/wp-json\/wp\/v2\/tags?post=229788"}],"curies":[{"name":"wp","href":"https:\/\/api.w.org\/{rel}","templated":true}]}}