{"id":229790,"date":"2025-09-02T19:13:28","date_gmt":"2025-09-02T16:13:28","guid":{"rendered":"https:\/\/www.tgrthaber.com\/mavikadin\/?p=229790"},"modified":"2025-09-02T19:13:28","modified_gmt":"2025-09-02T16:13:28","slug":"zuhal-topalla-yemekteyiz-tanem-kimdir-kac-yasinda-yemekteyiz-tanem-hanim-meslegi-nedir","status":"publish","type":"post","link":"https:\/\/www.tgrthaber.com\/mavikadin\/zuhal-topalla-yemekteyiz-tanem-kimdir-kac-yasinda-yemekteyiz-tanem-hanim-meslegi-nedir\/","title":{"rendered":"Zuhal Topal&#8217;la Yemekteyiz Tanem kimdir ka\u00e7 ya\u015f\u0131nda? Yemekteyiz Tanem Han\u0131m mesle\u011fi nedir?"},"content":{"rendered":"<p>Zuhal Topal&#8217;la Yemekteyiz yeni haftada da heyecan\u0131 zirveye ta\u015f\u0131d\u0131. Yar\u0131\u015fman\u0131n 2. g\u00fcn\u00fc yar\u0131\u015fan Tanem Han\u0131m ise tecr\u00fcbesi ve iddial\u0131 yorumlar\u0131yla Yemekteyiz izleyicisinin dikkatini \u00e7ekti. Program\u0131n ba\u015flamas\u0131yla arama motorlar\u0131nda &#8216;Yemekteyiz Tanem Han\u0131m kimdir, ka\u00e7 ya\u015f\u0131nda?&#8217;, &#8216;Yemekteyiz Tanem Han\u0131m mesle\u011fi nedir, ne i\u015f yap\u0131yor?&#8217; sorular\u0131 ara\u015ft\u0131r\u0131l\u0131yor. \u0130\u015fte Yemekteyiz Tanem Han\u0131m&#8217;a dair merak edilen t\u00fcm detaylar&#8230;<\/p>\n<h3>ZUHAL TOPAL&#8217;LA YEMEKTEY\u0130Z TANEM HANIM K\u0130MD\u0130R KA\u00c7 YA\u015eINDA?<\/h3>\n<p>Yemekteyiz program\u0131nda 1 ve 5 Eyl\u00fcl haftas\u0131nda yar\u0131\u015fan Tanem Han\u0131m 1971 \u0130stanbul Beyo\u011flu do\u011fumlu. 13 y\u0131l evli kalan Tanem Han\u0131m \u015fu an bekar ve \u00e7ocu\u011fu bulunmuyor.<\/p>\n<p><img loading=\"lazy\" decoding=\"async\" class=\"alignnone wp-image-229818\" src=\"https:\/\/www.tgrthaber.com\/mavikadin\/wp-content\/uploads\/4159-yemekteyiz-tanem-kimdir-kac-yasinda-ve-meslegi-nedir-300x169.webp\" alt=\"\" width=\"1208\" height=\"680\" title=\"\" srcset=\"https:\/\/www.tgrthaber.com\/mavikadin\/wp-content\/uploads\/4159-yemekteyiz-tanem-kimdir-kac-yasinda-ve-meslegi-nedir-300x169.webp 300w, https:\/\/www.tgrthaber.com\/mavikadin\/wp-content\/uploads\/4159-yemekteyiz-tanem-kimdir-kac-yasinda-ve-meslegi-nedir-1024x576.webp 1024w, https:\/\/www.tgrthaber.com\/mavikadin\/wp-content\/uploads\/4159-yemekteyiz-tanem-kimdir-kac-yasinda-ve-meslegi-nedir-768x432.webp 768w, https:\/\/www.tgrthaber.com\/mavikadin\/wp-content\/uploads\/4159-yemekteyiz-tanem-kimdir-kac-yasinda-ve-meslegi-nedir.webp 1280w\" sizes=\"(max-width: 1208px) 100vw, 1208px\" \/><\/p>\n<hr \/>\n<p>Tanem Han\u0131m Yemekteyiz program\u0131nda dikkatleri \u00fczerine \u00e7ekmeyi ba\u015faran isim oldu. Yapt\u0131\u011f\u0131 yorumlarla ve \u00f6zg\u00fcvenli halleriyle g\u00f6ze \u00e7arpan Tanem Han\u0131m, b\u00fcy\u00fck \u00f6d\u00fcl\u00fc kazanmak i\u00e7in k\u0131yas\u0131ya rekabet ediyor. El lezzetine ve tecr\u00fcbesine g\u00fcvendi\u011fini s\u00f6yleyen Tanem Han\u0131m&#8217;\u0131n b\u00fcy\u00fck \u00f6d\u00fcl\u00fc kazan\u0131p kazanmayaca\u011f\u0131 ise \u015fimdiden merak konusu oldu.<\/p>\n<p><img loading=\"lazy\" decoding=\"async\" class=\"alignnone wp-image-229819\" src=\"https:\/\/www.tgrthaber.com\/mavikadin\/wp-content\/uploads\/Ekran-goruntusu-2025-09-02-180842-300x182.png\" alt=\"\" width=\"1208\" height=\"734\" title=\"\" srcset=\"https:\/\/www.tgrthaber.com\/mavikadin\/wp-content\/uploads\/Ekran-goruntusu-2025-09-02-180842-300x182.png 300w, https:\/\/www.tgrthaber.com\/mavikadin\/wp-content\/uploads\/Ekran-goruntusu-2025-09-02-180842.png 752w\" sizes=\"(max-width: 1208px) 100vw, 1208px\" \/><\/p>\n<hr \/>\n<h3>YEMEKTEY\u0130Z TANEM HANIM MESLE\u011e\u0130 NED\u0130R?<\/h3>\n<p>Yemekteyiz Tanem Han\u0131m mesle\u011fi ve geni\u015f yelpazede bulunan e\u011fitimiyle de programda dikkat \u00e7ekti. 4 farkl\u0131 \u00fcniversiteden mezun olan Tanem Han\u0131m, bir de y\u00fcksek lisans bitirmi\u015f. \u0130\u015fletme, MBA, giri\u015fimcilik ve yenilik teknolojileri \u00fczerine e\u011fitimler alan Tanem Han\u0131m \u015fu anda proje yazar\u0131 olarak g\u00f6rev al\u0131yor.<\/p>\n<p><img loading=\"lazy\" decoding=\"async\" class=\"alignnone wp-image-229820\" src=\"https:\/\/www.tgrthaber.com\/mavikadin\/wp-content\/uploads\/Ekran-goruntusu-2025-09-02-164155-300x171.png\" alt=\"\" width=\"1208\" height=\"689\" title=\"\" srcset=\"https:\/\/www.tgrthaber.com\/mavikadin\/wp-content\/uploads\/Ekran-goruntusu-2025-09-02-164155-300x171.png 300w, https:\/\/www.tgrthaber.com\/mavikadin\/wp-content\/uploads\/Ekran-goruntusu-2025-09-02-164155-768x438.png 768w, https:\/\/www.tgrthaber.com\/mavikadin\/wp-content\/uploads\/Ekran-goruntusu-2025-09-02-164155.png 800w\" sizes=\"(max-width: 1208px) 100vw, 1208px\" \/><\/p>\n<hr \/>\n<h3>TANEM HANIM&#8217;IN MEN\u00dcS\u00dc D\u0130KKAT \u00c7EKT\u0130<\/h3>\n<p>Tanem Han\u0131m&#8217;\u0131n Yemekteyiz yar\u0131\u015fmas\u0131 i\u00e7in haz\u0131rlad\u0131\u011f\u0131 men\u00fc ise olduk\u00e7a dikkat \u00e7ekti. \u0130\u015fte Yemekteyiz Tanem Han\u0131m&#8217;\u0131n sofras\u0131nda yer alan lezzetler;<\/p>\n<p>Katl\u0131 Patl\u0131can ve Bakla Fava<\/p>\n<p>Kalamar ve Tarator<\/p>\n<p>Deniz Levre\u011fi<\/p>\n<p><img loading=\"lazy\" decoding=\"async\" class=\"alignnone wp-image-229821\" src=\"https:\/\/www.tgrthaber.com\/mavikadin\/wp-content\/uploads\/Ekran-goruntusu-2025-09-02-180804-300x177.png\" alt=\"\" width=\"1208\" height=\"713\" title=\"\" srcset=\"https:\/\/www.tgrthaber.com\/mavikadin\/wp-content\/uploads\/Ekran-goruntusu-2025-09-02-180804-300x177.png 300w, https:\/\/www.tgrthaber.com\/mavikadin\/wp-content\/uploads\/Ekran-goruntusu-2025-09-02-180804.png 751w\" sizes=\"(max-width: 1208px) 100vw, 1208px\" \/><\/p>\n<hr \/>\n<p>M\u0131s\u0131r Ekme\u011fi<\/p>\n<p>Roka Salatas\u0131<\/p>\n<p>Dondurmal\u0131 Helva<\/p>\n<p><img loading=\"lazy\" decoding=\"async\" class=\"alignnone wp-image-229822\" src=\"https:\/\/www.tgrthaber.com\/mavikadin\/wp-content\/uploads\/Ekran-goruntusu-2025-09-02-180829-300x173.png\" alt=\"\" width=\"1208\" height=\"697\" title=\"\" srcset=\"https:\/\/www.tgrthaber.com\/mavikadin\/wp-content\/uploads\/Ekran-goruntusu-2025-09-02-180829-300x173.png 300w, https:\/\/www.tgrthaber.com\/mavikadin\/wp-content\/uploads\/Ekran-goruntusu-2025-09-02-180829.png 752w\" sizes=\"(max-width: 1208px) 100vw, 1208px\" \/><\/p>\n<hr \/>\n<h3>ZUHAL TOPAL&#8217;LA YEMEKTEY\u0130Z&#8217;DE B\u00dcY\u00dcK \u00d6D\u00dcL 200 B\u0130N TL!<\/h3>\n<p>Zuhal Topal&#8217;la Yemekteyiz yar\u0131\u015fmas\u0131 yeni sezon b\u00f6l\u00fcmleriyle kald\u0131\u011f\u0131 yerden devam ediyor. Her hafta 5 farkl\u0131 yar\u0131\u015fmac\u0131y\u0131 a\u011f\u0131rlayan Zuhal Topal&#8217;la Yemekteyiz, Cuma g\u00fcn\u00fc yap\u0131lan oylarla birinciyi belirliyor.<\/p>\n<p><img loading=\"lazy\" decoding=\"async\" class=\"alignnone wp-image-229823\" src=\"https:\/\/www.tgrthaber.com\/mavikadin\/wp-content\/uploads\/1200x675-zuhal-topalla-yemekteyiz-kim-kazandi-27-eylul-cuma-yemekteyiz-son-bolumde-buyuk-odulu-kazanan-yarismaci-kim-1727425242783-300x169.webp\" alt=\"\" width=\"1208\" height=\"680\" title=\"\" srcset=\"https:\/\/www.tgrthaber.com\/mavikadin\/wp-content\/uploads\/1200x675-zuhal-topalla-yemekteyiz-kim-kazandi-27-eylul-cuma-yemekteyiz-son-bolumde-buyuk-odulu-kazanan-yarismaci-kim-1727425242783-300x169.webp 300w, https:\/\/www.tgrthaber.com\/mavikadin\/wp-content\/uploads\/1200x675-zuhal-topalla-yemekteyiz-kim-kazandi-27-eylul-cuma-yemekteyiz-son-bolumde-buyuk-odulu-kazanan-yarismaci-kim-1727425242783-1024x576.webp 1024w, https:\/\/www.tgrthaber.com\/mavikadin\/wp-content\/uploads\/1200x675-zuhal-topalla-yemekteyiz-kim-kazandi-27-eylul-cuma-yemekteyiz-son-bolumde-buyuk-odulu-kazanan-yarismaci-kim-1727425242783-768x432.webp 768w, https:\/\/www.tgrthaber.com\/mavikadin\/wp-content\/uploads\/1200x675-zuhal-topalla-yemekteyiz-kim-kazandi-27-eylul-cuma-yemekteyiz-son-bolumde-buyuk-odulu-kazanan-yarismaci-kim-1727425242783.webp 1200w\" sizes=\"(max-width: 1208px) 100vw, 1208px\" \/><\/p>\n<hr \/>\n<p>Ge\u00e7en sezonlarda 150 bin TL olan b\u00fcy\u00fck \u00f6d\u00fcl, yeni sezonla birlikte 200 bin TL&#8217;ye \u00e7\u0131kar\u0131lm\u0131\u015f durumda. Yemeklerin lezzeti, sunum ve misafirperverlik yar\u0131\u015fmac\u0131n\u0131n puanlar\u0131n\u0131 belirleyen kriterler aras\u0131nda g\u00f6steriliyor.<\/p>\n","protected":false},"excerpt":{"rendered":"<p>TV8 ekranlar\u0131n\u0131n vazge\u00e7ilmez yemek program\u0131 Zuhal Topal&#8217;la Yemekteyiz yeni haftaya yepyeni yar\u0131\u015fmac\u0131larla ba\u015flad\u0131. Haftan\u0131n 2. g\u00fcn\u00fc yar\u0131\u015fan Tanem Han\u0131m ise 1-5 Eyl\u00fcl haftas\u0131n\u0131n dikkat \u00e7eken ismi aras\u0131nda yer ald\u0131. Peki Yemekteyiz Tanem Han\u0131m kimdir, ka\u00e7 ya\u015f\u0131nda? Tanem Han\u0131m ne i\u015f yap\u0131yor? \u0130\u015fte Yemekteyiz Tanem Han\u0131m hakk\u0131nda merak edilenler&#8230;<\/p>\n","protected":false},"author":35,"featured_media":229810,"comment_status":"closed","ping_status":"closed","sticky":false,"template":"","format":"standard","meta":{"rank_math_lock_modified_date":false,"footnotes":""},"categories":[491],"tags":[8465,61302,61303,11552],"class_list":["post-229790","post","type-post","status-publish","format-standard","has-post-thumbnail","hentry","category-biyografi","tag-yemekteyiz","tag-yemekteyiz-tanem-hanim-kimdir","tag-yemekteyiz-tanem-meslegi-nedir","tag-zuhal-topal-yemekteyiz"],"_links":{"self":[{"href":"https:\/\/www.tgrthaber.com\/mavikadin\/wp-json\/wp\/v2\/posts\/229790"}],"collection":[{"href":"https:\/\/www.tgrthaber.com\/mavikadin\/wp-json\/wp\/v2\/posts"}],"about":[{"href":"https:\/\/www.tgrthaber.com\/mavikadin\/wp-json\/wp\/v2\/types\/post"}],"author":[{"embeddable":true,"href":"https:\/\/www.tgrthaber.com\/mavikadin\/wp-json\/wp\/v2\/users\/35"}],"replies":[{"embeddable":true,"href":"https:\/\/www.tgrthaber.com\/mavikadin\/wp-json\/wp\/v2\/comments?post=229790"}],"version-history":[{"count":2,"href":"https:\/\/www.tgrthaber.com\/mavikadin\/wp-json\/wp\/v2\/posts\/229790\/revisions"}],"predecessor-version":[{"id":229825,"href":"https:\/\/www.tgrthaber.com\/mavikadin\/wp-json\/wp\/v2\/posts\/229790\/revisions\/229825"}],"wp:featuredmedia":[{"embeddable":true,"href":"https:\/\/www.tgrthaber.com\/mavikadin\/wp-json\/wp\/v2\/media\/229810"}],"wp:attachment":[{"href":"https:\/\/www.tgrthaber.com\/mavikadin\/wp-json\/wp\/v2\/media?parent=229790"}],"wp:term":[{"taxonomy":"category","embeddable":true,"href":"https:\/\/www.tgrthaber.com\/mavikadin\/wp-json\/wp\/v2\/categories?post=229790"},{"taxonomy":"post_tag","embeddable":true,"href":"https:\/\/www.tgrthaber.com\/mavikadin\/wp-json\/wp\/v2\/tags?post=229790"}],"curies":[{"name":"wp","href":"https:\/\/api.w.org\/{rel}","templated":true}]}}