{"id":229827,"date":"2025-09-02T19:57:02","date_gmt":"2025-09-02T16:57:02","guid":{"rendered":"https:\/\/www.tgrthaber.com\/mavikadin\/?p=229827"},"modified":"2025-09-19T14:45:10","modified_gmt":"2025-09-19T11:45:10","slug":"gozleri-karadenizin-asiyesi-ayten-uncuoglu-kimdir-ayten-uncuoglu-kac-yasinda-ve-oynadigi-diziler-neler","status":"publish","type":"post","link":"https:\/\/www.tgrthaber.com\/mavikadin\/gozleri-karadenizin-asiyesi-ayten-uncuoglu-kimdir-ayten-uncuoglu-kac-yasinda-ve-oynadigi-diziler-neler\/","title":{"rendered":"G\u00f6zleri Karadeniz\u2019in Asiye\u2019si Ayten Uncuo\u011flu kimdir? Ayten Uncuo\u011flu ka\u00e7 ya\u015f\u0131nda ve oynad\u0131\u011f\u0131 diziler neler?"},"content":{"rendered":"<p>G\u00f6zleri Karadeniz ATV\u2019de her Sal\u0131 ak\u015fam 20:00\u2019da ekranlara geliyor. Ba\u015frollerinde \u00d6zge Ya\u011f\u0131z ve Halit \u00d6zg\u00fcr Sar\u0131\u2019n\u0131n yer ald\u0131\u011f\u0131 dizinin Asiye karakterini deneyimli tiyatro oyuncusu Ayten Uncuo\u011flu oynuyor. G\u00f6zleri Karadeniz\u2019in Asiye\u2019si Ayten Uncuo\u011flu kimdir? Ayten Uncuo\u011flu ka\u00e7 ya\u015f\u0131nda ve oynad\u0131\u011f\u0131 diziler neler?<\/p>\n<h3>G\u00d6ZLER\u0130 KARADEN\u0130Z\u2019\u0130N AS\u0130YE\u2019S\u0130 AYTEN UNCUO\u011eLU K\u0130MD\u0130R?<\/h3>\n<p>G\u00f6zleri Karadeniz dizisinde Asiye karakteri deneyimli tiyatrocu Ayten Uncuo\u011flu taraf\u0131ndan oynan\u0131yor. Ayten Uncuo\u011flu T\u00fcrk dizi, sinema ve tiyatro oyuncusudur.<\/p>\n<p><img loading=\"lazy\" decoding=\"async\" class=\"alignnone size-full wp-image-229841\" src=\"https:\/\/www.tgrthaber.com\/mavikadin\/wp-content\/uploads\/gozleri-karadeniz-in-asiyes-si-ayten-uncuoglu-kimdir-ayten-uncuoglu-kac-yasinda-ve-oynadigi-diziler-neler-7.jpg\" alt=\"\" width=\"1208\" height=\"680\" title=\"\" srcset=\"https:\/\/www.tgrthaber.com\/mavikadin\/wp-content\/uploads\/gozleri-karadeniz-in-asiyes-si-ayten-uncuoglu-kimdir-ayten-uncuoglu-kac-yasinda-ve-oynadigi-diziler-neler-7.jpg 1208w, https:\/\/www.tgrthaber.com\/mavikadin\/wp-content\/uploads\/gozleri-karadeniz-in-asiyes-si-ayten-uncuoglu-kimdir-ayten-uncuoglu-kac-yasinda-ve-oynadigi-diziler-neler-7-300x169.jpg 300w, https:\/\/www.tgrthaber.com\/mavikadin\/wp-content\/uploads\/gozleri-karadeniz-in-asiyes-si-ayten-uncuoglu-kimdir-ayten-uncuoglu-kac-yasinda-ve-oynadigi-diziler-neler-7-1024x576.jpg 1024w, https:\/\/www.tgrthaber.com\/mavikadin\/wp-content\/uploads\/gozleri-karadeniz-in-asiyes-si-ayten-uncuoglu-kimdir-ayten-uncuoglu-kac-yasinda-ve-oynadigi-diziler-neler-7-768x432.jpg 768w\" sizes=\"(max-width: 1208px) 100vw, 1208px\" \/><\/p>\n<p>24 May\u0131s 1946 tarihinde Eski\u015fehir\u2019de d\u00fcnyaya geldi.<\/p>\n<p>Ankara \u00dcniversitesi Dil ve Tarih-Co\u011frafya Fak\u00fcltesi Tiyatro B\u00f6l\u00fcm\u00fc\u2019nden mezun oldu.<\/p>\n<p><img loading=\"lazy\" decoding=\"async\" class=\"size-full wp-image-229842 aligncenter\" src=\"https:\/\/www.tgrthaber.com\/mavikadin\/wp-content\/uploads\/gozleri-karadeniz-in-asiyes-si-ayten-uncuoglu-kimdir-ayten-uncuoglu-kac-yasinda-ve-oynadigi-diziler-neler-4.jpg\" alt=\"\" width=\"1208\" height=\"680\" title=\"\" srcset=\"https:\/\/www.tgrthaber.com\/mavikadin\/wp-content\/uploads\/gozleri-karadeniz-in-asiyes-si-ayten-uncuoglu-kimdir-ayten-uncuoglu-kac-yasinda-ve-oynadigi-diziler-neler-4.jpg 1208w, https:\/\/www.tgrthaber.com\/mavikadin\/wp-content\/uploads\/gozleri-karadeniz-in-asiyes-si-ayten-uncuoglu-kimdir-ayten-uncuoglu-kac-yasinda-ve-oynadigi-diziler-neler-4-300x169.jpg 300w, https:\/\/www.tgrthaber.com\/mavikadin\/wp-content\/uploads\/gozleri-karadeniz-in-asiyes-si-ayten-uncuoglu-kimdir-ayten-uncuoglu-kac-yasinda-ve-oynadigi-diziler-neler-4-1024x576.jpg 1024w, https:\/\/www.tgrthaber.com\/mavikadin\/wp-content\/uploads\/gozleri-karadeniz-in-asiyes-si-ayten-uncuoglu-kimdir-ayten-uncuoglu-kac-yasinda-ve-oynadigi-diziler-neler-4-768x432.jpg 768w\" sizes=\"(max-width: 1208px) 100vw, 1208px\" \/><\/p>\n<hr \/>\n<p>1988&#8217;de Bir Tren Yolculu\u011fu filmi ile oyunculuk kariyerine ba\u015flad\u0131.<\/p>\n<p>1996-2001 y\u0131llar\u0131 aras\u0131nda ekranlarda olan \u00c7\u0131lg\u0131n Bedi\u015f dizisinde okul m\u00fcdiresi rol\u00fc ile b\u00fcy\u00fck kitlelerce tan\u0131nmaya ba\u015flad\u0131. Dad\u0131, Haziran Gecesi, Aliye, Kavak Yelleri, Kurtlar Vadisi Filistin, K\u0131rm\u0131z\u0131 Oda, G\u00f6n\u00fcl Da\u011f\u0131, Merakl\u0131 Adam\u0131n 10 G\u00fcn\u00fc ve son olarak da Kral Kaybederse gibi pop\u00fcler dizilerde rol ald\u0131.<\/p>\n<p><img loading=\"lazy\" decoding=\"async\" class=\"size-full wp-image-229843 aligncenter\" src=\"https:\/\/www.tgrthaber.com\/mavikadin\/wp-content\/uploads\/gozleri-karadeniz-in-asiyes-si-ayten-uncuoglu-kimdir-ayten-uncuoglu-kac-yasinda-ve-oynadigi-diziler-neler-3.jpg\" alt=\"\" width=\"1208\" height=\"680\" title=\"\" srcset=\"https:\/\/www.tgrthaber.com\/mavikadin\/wp-content\/uploads\/gozleri-karadeniz-in-asiyes-si-ayten-uncuoglu-kimdir-ayten-uncuoglu-kac-yasinda-ve-oynadigi-diziler-neler-3.jpg 1208w, https:\/\/www.tgrthaber.com\/mavikadin\/wp-content\/uploads\/gozleri-karadeniz-in-asiyes-si-ayten-uncuoglu-kimdir-ayten-uncuoglu-kac-yasinda-ve-oynadigi-diziler-neler-3-300x169.jpg 300w, https:\/\/www.tgrthaber.com\/mavikadin\/wp-content\/uploads\/gozleri-karadeniz-in-asiyes-si-ayten-uncuoglu-kimdir-ayten-uncuoglu-kac-yasinda-ve-oynadigi-diziler-neler-3-1024x576.jpg 1024w, https:\/\/www.tgrthaber.com\/mavikadin\/wp-content\/uploads\/gozleri-karadeniz-in-asiyes-si-ayten-uncuoglu-kimdir-ayten-uncuoglu-kac-yasinda-ve-oynadigi-diziler-neler-3-768x432.jpg 768w\" sizes=\"(max-width: 1208px) 100vw, 1208px\" \/><\/p>\n<hr \/>\n<p>Uncuo\u011flu, G\u00f6zleri Karadeniz dizisinde \u201cAsiye Ma\u00e7ari\u201d karakteri ile izleyici kar\u015f\u0131s\u0131nda yer al\u0131yor.<\/p>\n<h3>AYTEN UNCUO\u011eLU KA\u00c7 YA\u015eINDA?<\/h3>\n<p>Ayten Uncuo\u011flu 1946 do\u011fumludur. 2025 y\u0131l\u0131 itibariyle 79 ya\u015f\u0131ndad\u0131r.<\/p>\n<p><img loading=\"lazy\" decoding=\"async\" class=\"size-full wp-image-229844 aligncenter\" src=\"https:\/\/www.tgrthaber.com\/mavikadin\/wp-content\/uploads\/gozleri-karadeniz-in-asiyes-si-ayten-uncuoglu-kimdir-ayten-uncuoglu-kac-yasinda-ve-oynadigi-diziler-neler-5.jpg\" alt=\"\" width=\"1208\" height=\"680\" title=\"\" srcset=\"https:\/\/www.tgrthaber.com\/mavikadin\/wp-content\/uploads\/gozleri-karadeniz-in-asiyes-si-ayten-uncuoglu-kimdir-ayten-uncuoglu-kac-yasinda-ve-oynadigi-diziler-neler-5.jpg 1208w, https:\/\/www.tgrthaber.com\/mavikadin\/wp-content\/uploads\/gozleri-karadeniz-in-asiyes-si-ayten-uncuoglu-kimdir-ayten-uncuoglu-kac-yasinda-ve-oynadigi-diziler-neler-5-300x169.jpg 300w, https:\/\/www.tgrthaber.com\/mavikadin\/wp-content\/uploads\/gozleri-karadeniz-in-asiyes-si-ayten-uncuoglu-kimdir-ayten-uncuoglu-kac-yasinda-ve-oynadigi-diziler-neler-5-1024x576.jpg 1024w, https:\/\/www.tgrthaber.com\/mavikadin\/wp-content\/uploads\/gozleri-karadeniz-in-asiyes-si-ayten-uncuoglu-kimdir-ayten-uncuoglu-kac-yasinda-ve-oynadigi-diziler-neler-5-768x432.jpg 768w\" sizes=\"(max-width: 1208px) 100vw, 1208px\" \/><\/p>\n<hr \/>\n<h3>G\u00d6ZLER\u0130 KARADEN\u0130Z AS\u0130YE KARAKTER\u0130 K\u0130MD\u0130R?<\/h3>\n<p>G\u00f6zleri Karadeniz Asiye, anne babas\u0131n\u0131n g\u00f6r\u00fc\u015f\u00fcp anla\u015ft\u0131\u011f\u0131 bir ailenin o\u011fluyla evlenmi\u015f, e\u015fi L\u00fctf\u00fc&#8217;ye hi\u00e7bir zaman a\u015fk duygusu beslememi\u015f ancak \u00f6mr\u00fcn\u00fc ona adam\u0131\u015f bir Karadeniz kad\u0131n\u0131. L\u00fctf\u00fc ile Asi&#8217;ye&#8217;nin Osman Ma\u00e7ari ad\u0131nda tek o\u011fullar\u0131 var. Hayatlar\u0131nda her \u015fey yolunda gittiklerini zannederken Asiye e\u015fi L\u00fctf\u00fc&#8217;n\u00fcn \u0130stanbul&#8217;da bir kad\u0131nla oldu\u011funu \u00f6\u011freniyor.<\/p>\n<p><img loading=\"lazy\" decoding=\"async\" class=\"size-full wp-image-229845 aligncenter\" src=\"https:\/\/www.tgrthaber.com\/mavikadin\/wp-content\/uploads\/gozleri-karadeniz-in-asiyes-si-ayten-uncuoglu-kimdir-ayten-uncuoglu-kac-yasinda-ve-oynadigi-diziler-neler-6.jpg\" alt=\"\" width=\"1208\" height=\"680\" title=\"\" srcset=\"https:\/\/www.tgrthaber.com\/mavikadin\/wp-content\/uploads\/gozleri-karadeniz-in-asiyes-si-ayten-uncuoglu-kimdir-ayten-uncuoglu-kac-yasinda-ve-oynadigi-diziler-neler-6.jpg 1208w, https:\/\/www.tgrthaber.com\/mavikadin\/wp-content\/uploads\/gozleri-karadeniz-in-asiyes-si-ayten-uncuoglu-kimdir-ayten-uncuoglu-kac-yasinda-ve-oynadigi-diziler-neler-6-300x169.jpg 300w, https:\/\/www.tgrthaber.com\/mavikadin\/wp-content\/uploads\/gozleri-karadeniz-in-asiyes-si-ayten-uncuoglu-kimdir-ayten-uncuoglu-kac-yasinda-ve-oynadigi-diziler-neler-6-1024x576.jpg 1024w, https:\/\/www.tgrthaber.com\/mavikadin\/wp-content\/uploads\/gozleri-karadeniz-in-asiyes-si-ayten-uncuoglu-kimdir-ayten-uncuoglu-kac-yasinda-ve-oynadigi-diziler-neler-6-768x432.jpg 768w\" sizes=\"(max-width: 1208px) 100vw, 1208px\" \/><\/p>\n<hr \/>\n<h3>AYTEN UNCUO\u011eLU\u2019NUN OYNADI\u011eI D\u0130Z\u0130LER VE F\u0130LMLER NELER?<\/h3>\n<p>G\u00f6zleri Karadeniz &#8211; 2025-, Asiye Ma\u00e7ari<\/p>\n<p>Kral Kaybederse &#8211; 2025, Mukadder<\/p>\n<p>Kara A\u011fa\u00e7 Destan\u0131 &#8211; 2024, Pa\u015fa Kad\u0131n<\/p>\n<p>Merakl\u0131 Adam\u0131n 10 G\u00fcn\u00fc &#8211; 2024, \u015eaziye<\/p>\n<p>G\u00f6n\u00fcl Da\u011f\u0131 &#8211; 2023, Azize<\/p>\n<p>\u00d6l\u00fcm\u00fcne A\u015fk &#8211; 2023<\/p>\n<p>O K\u0131z &#8211; 2022-2023, Fatma<\/p>\n<p>K\u0131rm\u0131z\u0131 Oda &#8211; 2021<\/p>\n<p>Z\u00fcmr\u00fcd\u00fcanka &#8211; 2020-2021, Azimet Demirkan<\/p>\n<p>Avlu &#8211; 2019, Safiye<\/p>\n<p><img loading=\"lazy\" decoding=\"async\" class=\"size-full wp-image-229847 aligncenter\" src=\"https:\/\/www.tgrthaber.com\/mavikadin\/wp-content\/uploads\/gozleri-karadeniz-in-asiyes-si-ayten-uncuoglu-kimdir-ayten-uncuoglu-kac-yasinda-ve-oynadigi-diziler-neler-2.jpg\" alt=\"\" width=\"1208\" height=\"680\" title=\"\" srcset=\"https:\/\/www.tgrthaber.com\/mavikadin\/wp-content\/uploads\/gozleri-karadeniz-in-asiyes-si-ayten-uncuoglu-kimdir-ayten-uncuoglu-kac-yasinda-ve-oynadigi-diziler-neler-2.jpg 1208w, https:\/\/www.tgrthaber.com\/mavikadin\/wp-content\/uploads\/gozleri-karadeniz-in-asiyes-si-ayten-uncuoglu-kimdir-ayten-uncuoglu-kac-yasinda-ve-oynadigi-diziler-neler-2-300x169.jpg 300w, https:\/\/www.tgrthaber.com\/mavikadin\/wp-content\/uploads\/gozleri-karadeniz-in-asiyes-si-ayten-uncuoglu-kimdir-ayten-uncuoglu-kac-yasinda-ve-oynadigi-diziler-neler-2-1024x576.jpg 1024w, https:\/\/www.tgrthaber.com\/mavikadin\/wp-content\/uploads\/gozleri-karadeniz-in-asiyes-si-ayten-uncuoglu-kimdir-ayten-uncuoglu-kac-yasinda-ve-oynadigi-diziler-neler-2-768x432.jpg 768w\" sizes=\"(max-width: 1208px) 100vw, 1208px\" \/><\/p>\n<hr \/>\n<p>Meryem &#8211; 2017-2018, Nurten Sahin<\/p>\n<p>A\u015fk ve Mavi &#8211; 2017, Saadet<\/p>\n<p>Han\u0131m K\u00f6yl\u00fc \u2013 2016<\/p>\n<p>Hangimiz Sevmedik &#8211; 2016, Adalet Hala<\/p>\n<p>A\u011flatan Dans &#8211; 2014, Dilek<\/p>\n<p>Kad\u0131n \u0130\u015fi: Banka Soygunu &#8211; 2014, Anne<\/p>\n<p>20 Dakika &#8211; 2013<\/p>\n<p>Kurtlar Vadisi Filistin &#8211; 2011, Abdullah&#8217;\u0131n annesi<\/p>\n<p>Kavak Yelleri &#8211; 2007-2011, Ay\u015fe Seven<\/p>\n<p>G\u00f6kten 3 Elma D\u00fc\u015ft\u00fc &#8211; 2009, Kay\u0131nvalide<\/p>\n<p>Usta &#8211; 2009<\/p>\n<p>Eve D\u00f6n\u00fc\u015f &#8211; 2006<\/p>\n<p>Aliye &#8211; 2004-2006<\/p>\n<p>Haziran Gecesi<\/p>\n<p>Dad\u0131 &#8211; 2001<\/p>\n<p>\u00c7\u0131lg\u0131n Bedi\u015f 1996-2001<\/p>\n","protected":false},"excerpt":{"rendered":"<p>G\u00f6zleri Karadeniz dizisi 2 Eyl\u00fcl Sal\u0131 ak\u015fam\u0131 20:00\u2019da ba\u015fl\u0131yor. Dizide \u201cAsiye\u201d karakterini usta oyuncu Ayten Uncuo\u011flu oynuyor. G\u00f6zleri Karadeniz\u2019in Asiye\u2019si Ayten Uncuo\u011flu kimdir? Ayten Uncuo\u011flu ka\u00e7 ya\u015f\u0131nda ve oynad\u0131\u011f\u0131 diziler neler?<\/p>\n","protected":false},"author":30,"featured_media":229840,"comment_status":"closed","ping_status":"closed","sticky":false,"template":"","format":"standard","meta":{"rank_math_lock_modified_date":false,"footnotes":""},"categories":[491],"tags":[18416,16521,25421,61307],"class_list":["post-229827","post","type-post","status-publish","format-standard","has-post-thumbnail","hentry","category-biyografi","tag-ayten-uncuoglu","tag-biyografi-haberleri","tag-gozleri-karadeniz","tag-gozleri-karadeniz-asiye"],"_links":{"self":[{"href":"https:\/\/www.tgrthaber.com\/mavikadin\/wp-json\/wp\/v2\/posts\/229827"}],"collection":[{"href":"https:\/\/www.tgrthaber.com\/mavikadin\/wp-json\/wp\/v2\/posts"}],"about":[{"href":"https:\/\/www.tgrthaber.com\/mavikadin\/wp-json\/wp\/v2\/types\/post"}],"author":[{"embeddable":true,"href":"https:\/\/www.tgrthaber.com\/mavikadin\/wp-json\/wp\/v2\/users\/30"}],"replies":[{"embeddable":true,"href":"https:\/\/www.tgrthaber.com\/mavikadin\/wp-json\/wp\/v2\/comments?post=229827"}],"version-history":[{"count":2,"href":"https:\/\/www.tgrthaber.com\/mavikadin\/wp-json\/wp\/v2\/posts\/229827\/revisions"}],"predecessor-version":[{"id":229849,"href":"https:\/\/www.tgrthaber.com\/mavikadin\/wp-json\/wp\/v2\/posts\/229827\/revisions\/229849"}],"wp:featuredmedia":[{"embeddable":true,"href":"https:\/\/www.tgrthaber.com\/mavikadin\/wp-json\/wp\/v2\/media\/229840"}],"wp:attachment":[{"href":"https:\/\/www.tgrthaber.com\/mavikadin\/wp-json\/wp\/v2\/media?parent=229827"}],"wp:term":[{"taxonomy":"category","embeddable":true,"href":"https:\/\/www.tgrthaber.com\/mavikadin\/wp-json\/wp\/v2\/categories?post=229827"},{"taxonomy":"post_tag","embeddable":true,"href":"https:\/\/www.tgrthaber.com\/mavikadin\/wp-json\/wp\/v2\/tags?post=229827"}],"curies":[{"name":"wp","href":"https:\/\/api.w.org\/{rel}","templated":true}]}}