{"id":229828,"date":"2025-09-02T20:08:14","date_gmt":"2025-09-02T17:08:14","guid":{"rendered":"https:\/\/www.tgrthaber.com\/mavikadin\/?p=229828"},"modified":"2025-09-02T20:08:14","modified_gmt":"2025-09-02T17:08:14","slug":"ismail-hacioglunun-dizisi-cennetin-cocuklari-uzak-sehire-meydan-okumaya-geliyor-15-eylul-ilk-kapisma","status":"publish","type":"post","link":"https:\/\/www.tgrthaber.com\/mavikadin\/ismail-hacioglunun-dizisi-cennetin-cocuklari-uzak-sehire-meydan-okumaya-geliyor-15-eylul-ilk-kapisma\/","title":{"rendered":"\u0130smail Hac\u0131o\u011flu&#8217;nun dizisi Cennetin \u00c7ocuklar\u0131 Uzak \u015eehir&#8217;e meydan okumaya geliyor! 15 Eyl\u00fcl ilk kap\u0131\u015fma"},"content":{"rendered":"<p>Motto Yap\u0131m imzal\u0131 Cennetin \u00c7ocuklar\u0131, izleyicisiyle bulu\u015fmak i\u00e7in resmen geri say\u0131ma ge\u00e7ti. Kadrosunda \u0130smail Hac\u0131o\u011flu, \u00d6zg\u00fc Kaya, Melisa \u015eenolsun gibi g\u00fc\u00e7l\u00fc isimler yer alan Cennetin \u00c7ocuklar\u0131, 15 Eyl\u00fcl\u2019de TRT 1\u2019de ilk defa izleyicisiyle bulu\u015facak. \u0130lk b\u00f6l\u00fcm\u00fcyle Kanal D\u2019nin reyting rekortmeni dizisi olan Uzak \u015eehir\u2019in kar\u015f\u0131s\u0131na \u00e7\u0131karak adeta reyting yar\u0131\u015flar\u0131nda bir kap\u0131\u015fma ba\u015flatacak. \u0130\u015fte TRT 1&#8217;in yeni bombas\u0131 Cennetin \u00c7ocuklar\u0131 dizisine dair t\u00fcm merak edilenler&#8230;<\/p>\n<h3>\u0130SMA\u0130L HACIO\u011eLU&#8217;NUN D\u0130Z\u0130S\u0130 CENNET\u0130N \u00c7OCUKLARI UZAK \u015eEH\u0130R&#8217;E MEYDAN OKUMAYA GEL\u0130YOR!<\/h3>\n<p>Yeni sezonun en \u00e7ok konu\u015fulan ve en iddial\u0131 dizileri aras\u0131nda g\u00f6sterilen Cennetin \u00c7ocuklar\u0131, yeni sezon \u00f6ncesi haz\u0131rl\u0131klar\u0131n\u0131n art\u0131k sonuna geldi. Ayval\u0131k&#8217;ta \u00e7ekilen Cennetin \u00c7ocuklar\u0131, yay\u0131nlad\u0131\u011f\u0131 <a href=\"https:\/\/www.tgrthaber.com\/mavikadin\/cennetin-cocuklari-3-yeni-tanitimiyla-ekranlara-gozdagi-verdi-iskenderin-hikayesi-merak-ediliyor\/\">3. tan\u0131t\u0131m<\/a>\u0131yla da olduk\u00e7a dikkat \u00e7ekmi\u015fti.<\/p>\n<p><img loading=\"lazy\" decoding=\"async\" class=\"alignnone wp-image-229853\" src=\"https:\/\/www.tgrthaber.com\/mavikadin\/wp-content\/uploads\/Adsiz-tasarim-4-59-300x169.png\" alt=\"\" width=\"1208\" height=\"680\" title=\"\" srcset=\"https:\/\/www.tgrthaber.com\/mavikadin\/wp-content\/uploads\/Adsiz-tasarim-4-59-300x169.png 300w, https:\/\/www.tgrthaber.com\/mavikadin\/wp-content\/uploads\/Adsiz-tasarim-4-59-1024x576.png 1024w, https:\/\/www.tgrthaber.com\/mavikadin\/wp-content\/uploads\/Adsiz-tasarim-4-59-768x432.png 768w, https:\/\/www.tgrthaber.com\/mavikadin\/wp-content\/uploads\/Adsiz-tasarim-4-59-1536x864.png 1536w, https:\/\/www.tgrthaber.com\/mavikadin\/wp-content\/uploads\/Adsiz-tasarim-4-59.png 1920w\" sizes=\"(max-width: 1208px) 100vw, 1208px\" \/><\/p>\n<hr \/>\n<p>Dizinin 15 Eyl\u00fcl&#8217;de ilk b\u00f6l\u00fcm\u00fcn\u00fcn ekranlara gelece\u011fi haberi takip\u00e7isini bir kere daha heyecanland\u0131r\u0131rken, Uzak \u015eehir dizisine rakip olaca\u011f\u0131 da g\u00fcndeme bomba gibi d\u00fc\u015ft\u00fc. Cennetin \u00c7ocuklar\u0131 ilk b\u00f6l\u00fcm\u00fcyle 15 Eyl\u00fcl Pazartesi g\u00fcn\u00fc ekranlara gelecek ve yine 15 Eyl\u00fcl&#8217;de yeni sezona merhaba diyecek olan Uzak \u015eehir ilk b\u00f6l\u00fcm\u00fc de ekranlarda olacak. B\u00fcy\u00fck bir kap\u0131\u015fman\u0131n ya\u015fanaca\u011f\u0131 ak\u015fam da reytinler konu\u015facak.<\/p>\n<p><img loading=\"lazy\" decoding=\"async\" class=\"alignnone wp-image-229855\" src=\"https:\/\/www.tgrthaber.com\/mavikadin\/wp-content\/uploads\/maxresdefault-40-300x169.jpg\" alt=\"\" width=\"1208\" height=\"680\" title=\"\" srcset=\"https:\/\/www.tgrthaber.com\/mavikadin\/wp-content\/uploads\/maxresdefault-40-300x169.jpg 300w, https:\/\/www.tgrthaber.com\/mavikadin\/wp-content\/uploads\/maxresdefault-40-1024x576.jpg 1024w, https:\/\/www.tgrthaber.com\/mavikadin\/wp-content\/uploads\/maxresdefault-40-768x432.jpg 768w, https:\/\/www.tgrthaber.com\/mavikadin\/wp-content\/uploads\/maxresdefault-40.jpg 1280w\" sizes=\"(max-width: 1208px) 100vw, 1208px\" \/><\/p>\n<hr \/>\n<h3>CENNET\u0130N \u00c7OCUKLARI D\u0130Z\u0130S\u0130 G\u00dc\u00c7L\u00dc OYUNCU KADROSUYLA KONU\u015eULUYOR<\/h3>\n<p>TRT 1 ekranlar\u0131n\u0131n g\u00f6zde dizisi Cennetin \u00c7ocuklar\u0131&#8217;nda oyuncu kadrosu resmen g\u00f6z dolduruyor. Ba\u015frol\u00fcnde ba\u015far\u0131l\u0131 isim \u0130smail Hac\u0131o\u011flu bulunurken, kadronun di\u011fer g\u00fc\u00e7l\u00fc isimleri aras\u0131nda \u00d6zg\u00fc Kaya, Melisa \u015eenolsun, Zafer Alg\u00f6z ve Yurdaer Okur bulunuyor. Oyuncular\u0131yla dikkat \u00e7eken Cennetin \u00c7ocuklar\u0131, \u0130skender&#8217;in hikayesiyle \u015fimdiden yeni sezonun en \u00e7ok konu\u015fulan yap\u0131mlar aras\u0131nda.<\/p>\n<p><img loading=\"lazy\" decoding=\"async\" class=\"alignnone wp-image-229857\" src=\"https:\/\/www.tgrthaber.com\/mavikadin\/wp-content\/uploads\/IMG_1589-1-1024x683-1-300x200.jpg\" alt=\"\" width=\"1208\" height=\"807\" title=\"\" srcset=\"https:\/\/www.tgrthaber.com\/mavikadin\/wp-content\/uploads\/IMG_1589-1-1024x683-1-300x200.jpg 300w, https:\/\/www.tgrthaber.com\/mavikadin\/wp-content\/uploads\/IMG_1589-1-1024x683-1-768x513.jpg 768w, https:\/\/www.tgrthaber.com\/mavikadin\/wp-content\/uploads\/IMG_1589-1-1024x683-1.jpg 1023w\" sizes=\"(max-width: 1208px) 100vw, 1208px\" \/><\/p>\n<hr \/>\n<h3>AZILI MAFYA \u0130SKENDER&#8217;\u0130N H\u0130KAYES\u0130 EKRANLARA K\u0130L\u0130TLEYECEK<\/h3>\n<p>Cennetin \u00c7ocuklar\u0131 dizisi \u0130smail Hac\u0131o\u011flu&#8217;nun oynad\u0131\u011f\u0131 \u0130skender&#8217;in hikayesini anlat\u0131yor. Sokaklarda yeti\u015fen ve ac\u0131mas\u0131z bir mafya \u00fcyesini oynayan \u0130smail Hac\u0131o\u011flu beklenmedik bir anda kendini bir aile ortam\u0131 ve s\u0131cakl\u0131\u011f\u0131nda bulacak. \u0130skender&#8217;in karanl\u0131k ge\u00e7mi\u015fi ve huzur dolu aile ortam\u0131 aras\u0131nda s\u0131k\u0131\u015f\u0131p kalan hikayesi izleyiciyi ekranlara kilitleyecek.<\/p>\n<p><img loading=\"lazy\" decoding=\"async\" class=\"alignnone wp-image-229856\" src=\"https:\/\/www.tgrthaber.com\/mavikadin\/wp-content\/uploads\/i-154-300x200.webp\" alt=\"\" width=\"1208\" height=\"805\" title=\"\" srcset=\"https:\/\/www.tgrthaber.com\/mavikadin\/wp-content\/uploads\/i-154-300x200.webp 300w, https:\/\/www.tgrthaber.com\/mavikadin\/wp-content\/uploads\/i-154.webp 480w\" sizes=\"(max-width: 1208px) 100vw, 1208px\" \/><\/p>\n<hr \/>\n<h3>15 EYL\u00dcL&#8217;DE EKRANLARDA KAPI\u015eMA BA\u015eLIYOR<\/h3>\n<p>Uzak \u015eehir dizisi ge\u00e7en sezon reytingleri alt \u00fcst etmi\u015fti. Cennetin \u00c7ocuklar\u0131 ise yeni sezonda Uzak \u015eehir dizisinin kar\u015f\u0131s\u0131na \u00e7\u0131kan ilk dizi olmas\u0131yla da b\u00fcy\u00fck \u00f6nem ta\u015f\u0131yor.<\/p>\n<p><img loading=\"lazy\" decoding=\"async\" class=\"alignnone wp-image-229852\" src=\"https:\/\/www.tgrthaber.com\/mavikadin\/wp-content\/uploads\/uzak-sehir-15-eylul-den-itibaren-kanal-d-de-19001409_amp-300x179.webp\" alt=\"\" width=\"1208\" height=\"721\" title=\"\" srcset=\"https:\/\/www.tgrthaber.com\/mavikadin\/wp-content\/uploads\/uzak-sehir-15-eylul-den-itibaren-kanal-d-de-19001409_amp-300x179.webp 300w, https:\/\/www.tgrthaber.com\/mavikadin\/wp-content\/uploads\/uzak-sehir-15-eylul-den-itibaren-kanal-d-de-19001409_amp-1024x611.webp 1024w, https:\/\/www.tgrthaber.com\/mavikadin\/wp-content\/uploads\/uzak-sehir-15-eylul-den-itibaren-kanal-d-de-19001409_amp-768x458.webp 768w, https:\/\/www.tgrthaber.com\/mavikadin\/wp-content\/uploads\/uzak-sehir-15-eylul-den-itibaren-kanal-d-de-19001409_amp.webp 1200w\" sizes=\"(max-width: 1208px) 100vw, 1208px\" \/><\/p>\n<hr \/>\n<p>Reytingler neyi g\u00f6sterecek bilinmez ama ya\u015fanacak m\u00fccadele daha \u015fimdiden sosyal medyan\u0131n g\u00fcndemine oturmu\u015f durumda.\u00a0 Cennetin \u00c7ocuklar\u0131 dizisi ilk fragman\u0131yla \u00e7ok b\u00fcy\u00fck bir ilgi g\u00f6r\u00fcrken, Ayval\u0131k&#8217;ta \u00e7ekilen \u0130skender&#8217;in sahneleri de olduk\u00e7a be\u011feni toplad\u0131.<\/p>\n<p><img loading=\"lazy\" decoding=\"async\" class=\"alignnone wp-image-229854\" src=\"https:\/\/www.tgrthaber.com\/mavikadin\/wp-content\/uploads\/Adsiz-tasarim-3-67-300x169.png\" alt=\"\" width=\"1208\" height=\"680\" title=\"\" srcset=\"https:\/\/www.tgrthaber.com\/mavikadin\/wp-content\/uploads\/Adsiz-tasarim-3-67-300x169.png 300w, https:\/\/www.tgrthaber.com\/mavikadin\/wp-content\/uploads\/Adsiz-tasarim-3-67-1024x576.png 1024w, https:\/\/www.tgrthaber.com\/mavikadin\/wp-content\/uploads\/Adsiz-tasarim-3-67-768x432.png 768w, https:\/\/www.tgrthaber.com\/mavikadin\/wp-content\/uploads\/Adsiz-tasarim-3-67-1536x864.png 1536w, https:\/\/www.tgrthaber.com\/mavikadin\/wp-content\/uploads\/Adsiz-tasarim-3-67.png 1920w\" sizes=\"(max-width: 1208px) 100vw, 1208px\" \/><\/p>\n<hr \/>\n<p>15 Eyl\u00fcl Pazartesi ilk b\u00f6l\u00fcm\u00fcn\u00fcn ekranlarda olmas\u0131yla birlikte, Uzak \u015eehir ve Cennetin \u00c7ocuklar\u0131 dizisinde b\u00fcy\u00fck bir rakabet olaca\u011f\u0131 \u015fimdiden belli.<\/p>\n","protected":false},"excerpt":{"rendered":"<p>Yeni sezonun en \u00e7ok konu\u015fulan yap\u0131mlar\u0131ndan Cennetin \u00c7ocuklar\u0131 dizisi 15 Eyl\u00fcl Pazartesi ekranlarda olmaya haz\u0131rlan\u0131yor. \u0130smail Hac\u0131o\u011flu&#8217;nun yeni dizisi Cennetin \u00c7ocuklar\u0131 daha ba\u015flamadan reytinglere oynayacak gibi g\u00f6r\u00fcn\u00fcyor. \u0130lk b\u00f6l\u00fcm\u00fcn 15 Eyl\u00fcl&#8217;de yay\u0131nlanacak olmas\u0131 ise Uzak \u015eehir&#8217;e adeta meydan okuma olarak de\u011ferlendirildi. \u0130\u015fte detaylar&#8230;<\/p>\n","protected":false},"author":35,"featured_media":229830,"comment_status":"closed","ping_status":"closed","sticky":false,"template":"","format":"standard","meta":{"rank_math_lock_modified_date":false,"footnotes":""},"categories":[602],"tags":[28345,61308,3602,2349,2293],"class_list":["post-229828","post","type-post","status-publish","format-standard","has-post-thumbnail","hentry","category-diziler","tag-cennetin-cocuklari","tag-cennetin-cocuklari-15-eylul","tag-diziler","tag-ismail-hacioglu","tag-uzak-sehir"],"_links":{"self":[{"href":"https:\/\/www.tgrthaber.com\/mavikadin\/wp-json\/wp\/v2\/posts\/229828"}],"collection":[{"href":"https:\/\/www.tgrthaber.com\/mavikadin\/wp-json\/wp\/v2\/posts"}],"about":[{"href":"https:\/\/www.tgrthaber.com\/mavikadin\/wp-json\/wp\/v2\/types\/post"}],"author":[{"embeddable":true,"href":"https:\/\/www.tgrthaber.com\/mavikadin\/wp-json\/wp\/v2\/users\/35"}],"replies":[{"embeddable":true,"href":"https:\/\/www.tgrthaber.com\/mavikadin\/wp-json\/wp\/v2\/comments?post=229828"}],"version-history":[{"count":2,"href":"https:\/\/www.tgrthaber.com\/mavikadin\/wp-json\/wp\/v2\/posts\/229828\/revisions"}],"predecessor-version":[{"id":229859,"href":"https:\/\/www.tgrthaber.com\/mavikadin\/wp-json\/wp\/v2\/posts\/229828\/revisions\/229859"}],"wp:featuredmedia":[{"embeddable":true,"href":"https:\/\/www.tgrthaber.com\/mavikadin\/wp-json\/wp\/v2\/media\/229830"}],"wp:attachment":[{"href":"https:\/\/www.tgrthaber.com\/mavikadin\/wp-json\/wp\/v2\/media?parent=229828"}],"wp:term":[{"taxonomy":"category","embeddable":true,"href":"https:\/\/www.tgrthaber.com\/mavikadin\/wp-json\/wp\/v2\/categories?post=229828"},{"taxonomy":"post_tag","embeddable":true,"href":"https:\/\/www.tgrthaber.com\/mavikadin\/wp-json\/wp\/v2\/tags?post=229828"}],"curies":[{"name":"wp","href":"https:\/\/api.w.org\/{rel}","templated":true}]}}