{"id":229829,"date":"2025-09-02T19:38:16","date_gmt":"2025-09-02T16:38:16","guid":{"rendered":"https:\/\/www.tgrthaber.com\/mavikadin\/?p=229829"},"modified":"2025-09-02T19:38:16","modified_gmt":"2025-09-02T16:38:16","slug":"gozleri-karadeniz-dizisinin-mehmet-macarisi-mustafa-acilan-kimdir-mustafa-acilan-hangi-dizilerde-oynadi","status":"publish","type":"post","link":"https:\/\/www.tgrthaber.com\/mavikadin\/gozleri-karadeniz-dizisinin-mehmet-macarisi-mustafa-acilan-kimdir-mustafa-acilan-hangi-dizilerde-oynadi\/","title":{"rendered":"G\u00f6zleri Karadeniz dizisinin Mehmet Ma\u00e7ari\u2019si Mustafa A\u00e7\u0131lan kimdir? Mustafa A\u00e7\u0131lan hangi dizilerde oynad\u0131?"},"content":{"rendered":"<p>Mustafa A\u00e7\u0131lan, G\u00f6zleri Karadeniz dizisinde \u2018Mehmet Ma\u00e7ari\u2019 karakteriyle izleyici kar\u015f\u0131s\u0131na \u00e7\u0131k\u0131yor. ATV ekranlar\u0131n\u0131n yeni sezon dizileri aras\u0131nda yer alan G\u00f6zleri Karadeniz, izleyiciler taraf\u0131ndan ilgiyle takip ediliyor. Konusu ve g\u00fc\u00e7l\u00fc oyuncu kadrosuyla dikkatleri \u00fczerine \u00e7eken dizide \u2018Mehmet Ma\u00e7ari\u2019 karakterini oynayan Mustafa A\u00e7\u0131lan\u2019\u0131n \u00f6zel hayat\u0131 merakla ara\u015ft\u0131r\u0131l\u0131yor. Peki, G\u00f6zleri Karadeniz Mehmet Ma\u00e7ari kimdir? Mustafa A\u00e7\u0131lan kimdir? Mustafa A\u00e7\u0131lan ka\u00e7 ya\u015f\u0131nda? Mustafa A\u00e7\u0131lan hangi dizilerde oynad\u0131?<\/p>\n<h3>G\u00d6ZLER\u0130 KARADEN\u0130Z D\u0130Z\u0130S\u0130 MEHMET MA\u00c7AR\u0130 K\u0130MD\u0130R?<\/h3>\n<p>G\u00f6zleri Karadeniz dizisi yeni sezonun iddial\u0131 dizileri aras\u0131nda yer al\u0131yor. Aile i\u00e7indeki hesapla\u015fmalar\u0131n ve ku\u015faklar aras\u0131 \u00e7at\u0131\u015fmalar\u0131n ya\u015fand\u0131\u011f\u0131 bir hik\u00e2yeyi ekranlara ta\u015f\u0131yan olan dizide \u2018Mehmet Ma\u00e7ari\u2019 karakterinin kim oldu\u011fu ara\u015ft\u0131r\u0131l\u0131yor.<\/p>\n<p><img loading=\"lazy\" decoding=\"async\" class=\"alignnone wp-image-229832\" src=\"https:\/\/www.tgrthaber.com\/mavikadin\/wp-content\/uploads\/Mustafa-Acilan-kimdir-3-1024x576.jpg\" alt=\"G\u00f6zleri Karadeniz dizisinin Mehmet Ma\u00e7ari\u2019si Mustafa A\u00e7\u0131lan kimdir? Mustafa A\u00e7\u0131lan hangi dizilerde oynad\u0131?\" width=\"1208\" height=\"680\" title=\"\" srcset=\"https:\/\/www.tgrthaber.com\/mavikadin\/wp-content\/uploads\/Mustafa-Acilan-kimdir-3-1024x576.jpg 1024w, https:\/\/www.tgrthaber.com\/mavikadin\/wp-content\/uploads\/Mustafa-Acilan-kimdir-3-300x169.jpg 300w, https:\/\/www.tgrthaber.com\/mavikadin\/wp-content\/uploads\/Mustafa-Acilan-kimdir-3-768x432.jpg 768w, https:\/\/www.tgrthaber.com\/mavikadin\/wp-content\/uploads\/Mustafa-Acilan-kimdir-3.jpg 1208w\" sizes=\"(max-width: 1208px) 100vw, 1208px\" \/><\/p>\n<hr \/>\n<p>K\u00f6kleri Karadeniz\u2019e uzanan g\u00fc\u00e7l\u00fc Ma\u00e7ari ailesinin hik\u00e2yesini konu alan G\u00f6zleri Karadeniz dizisinde\u00a0Mehmet Ma\u00e7ari karakteri, annesinin bir tanecik o\u011flu olarak izleyici kar\u015f\u0131s\u0131na \u00e7\u0131k\u0131yor. Mehmet, her ne kadar ana kuzusu olsa da babas\u0131 Osman taraf\u0131ndan s\u00fcrekli mesafe g\u00f6rm\u00fc\u015ft\u00fcr. Mehmet ve Ma\u00e7ari ailesinin avukat\u0131 G\u00fcne\u015f birlikte b\u00fcy\u00fcm\u00fc\u015flerdir. Herkes Mehmet ve G\u00fcne\u015f\u2019in evlenece\u011fini biliyormu\u015f ama bu hi\u00e7 konu\u015fulmam\u0131\u015f.<\/p>\n<p><img loading=\"lazy\" decoding=\"async\" class=\"alignnone wp-image-229833\" src=\"https:\/\/www.tgrthaber.com\/mavikadin\/wp-content\/uploads\/Mustafa-Acilan-kimdir-9-1024x576.jpg\" alt=\"G\u00f6zleri Karadeniz dizisinin Mehmet Ma\u00e7ari\u2019si Mustafa A\u00e7\u0131lan kimdir? Mustafa A\u00e7\u0131lan hangi dizilerde oynad\u0131?\" width=\"1208\" height=\"680\" title=\"\" srcset=\"https:\/\/www.tgrthaber.com\/mavikadin\/wp-content\/uploads\/Mustafa-Acilan-kimdir-9-1024x576.jpg 1024w, https:\/\/www.tgrthaber.com\/mavikadin\/wp-content\/uploads\/Mustafa-Acilan-kimdir-9-300x169.jpg 300w, https:\/\/www.tgrthaber.com\/mavikadin\/wp-content\/uploads\/Mustafa-Acilan-kimdir-9-768x432.jpg 768w, https:\/\/www.tgrthaber.com\/mavikadin\/wp-content\/uploads\/Mustafa-Acilan-kimdir-9.jpg 1208w\" sizes=\"(max-width: 1208px) 100vw, 1208px\" \/><\/p>\n<hr \/>\n<h3>MUSTAFA A\u00c7ILAN K\u0130MD\u0130R?<\/h3>\n<p>Mustafa A\u00e7\u0131lan, 22 \u015eubat 1987 tarihinde \u0130stanbul\u2019da d\u00fcnyaya geldi. \u0130lkokul, ortaokul ve lise e\u011fitimini ba\u015far\u0131yla tamamlayan A\u00e7\u0131lan, Kazakistan\u2019da \u0130\u015fletme B\u00f6l\u00fcm\u00fc \u00fczerine \u00fcniversite e\u011fitim hayat\u0131n\u0131 tamamlad\u0131.<\/p>\n<p><img loading=\"lazy\" decoding=\"async\" class=\"alignnone wp-image-229834\" src=\"https:\/\/www.tgrthaber.com\/mavikadin\/wp-content\/uploads\/Mustafa-Acilan-kimdir-5-1024x576.jpg\" alt=\"G\u00f6zleri Karadeniz dizisinin Mehmet Ma\u00e7ari\u2019si Mustafa A\u00e7\u0131lan kimdir? Mustafa A\u00e7\u0131lan hangi dizilerde oynad\u0131?\" width=\"1208\" height=\"680\" title=\"\" srcset=\"https:\/\/www.tgrthaber.com\/mavikadin\/wp-content\/uploads\/Mustafa-Acilan-kimdir-5-1024x576.jpg 1024w, https:\/\/www.tgrthaber.com\/mavikadin\/wp-content\/uploads\/Mustafa-Acilan-kimdir-5-300x169.jpg 300w, https:\/\/www.tgrthaber.com\/mavikadin\/wp-content\/uploads\/Mustafa-Acilan-kimdir-5-768x432.jpg 768w, https:\/\/www.tgrthaber.com\/mavikadin\/wp-content\/uploads\/Mustafa-Acilan-kimdir-5.jpg 1208w\" sizes=\"(max-width: 1208px) 100vw, 1208px\" \/><\/p>\n<hr \/>\n<p>Kazakistan\u2019da ald\u0131\u011f\u0131 e\u011fitimler ve Rus\u00e7a bilmesi sebebiyle okul bitince yurt d\u0131\u015f\u0131nda kuyumculuk sekt\u00f6r\u00fcnde i\u015f hayat\u0131na at\u0131lan Mustafa A\u00e7\u0131lan, pazarlama alan\u0131nda da bir hayli ba\u015far\u0131l\u0131 i\u015flere imza att\u0131. A\u00e7\u0131lan, hayat\u0131n\u0131n ilerleyen k\u0131s\u0131mlar\u0131nda oyunculuk alan\u0131nda ilerlemek istemi\u015f ve oyunculuk sekt\u00f6r\u00fcne giri\u015f yapm\u0131\u015ft\u0131r.<\/p>\n<p><img loading=\"lazy\" decoding=\"async\" class=\"alignnone wp-image-229837\" src=\"https:\/\/www.tgrthaber.com\/mavikadin\/wp-content\/uploads\/Mustafa-Acilan-kimdir-6-1024x576.jpg\" alt=\"G\u00f6zleri Karadeniz dizisinin Mehmet Ma\u00e7ari\u2019si Mustafa A\u00e7\u0131lan kimdir? Mustafa A\u00e7\u0131lan hangi dizilerde oynad\u0131?\" width=\"1208\" height=\"680\" title=\"\" srcset=\"https:\/\/www.tgrthaber.com\/mavikadin\/wp-content\/uploads\/Mustafa-Acilan-kimdir-6-1024x576.jpg 1024w, https:\/\/www.tgrthaber.com\/mavikadin\/wp-content\/uploads\/Mustafa-Acilan-kimdir-6-300x169.jpg 300w, https:\/\/www.tgrthaber.com\/mavikadin\/wp-content\/uploads\/Mustafa-Acilan-kimdir-6-768x432.jpg 768w, https:\/\/www.tgrthaber.com\/mavikadin\/wp-content\/uploads\/Mustafa-Acilan-kimdir-6.jpg 1208w\" sizes=\"(max-width: 1208px) 100vw, 1208px\" \/><\/p>\n<hr \/>\n<h3>MUSTAFA A\u00c7ILAN KA\u00c7 YA\u015eINDA?<\/h3>\n<p>1987 do\u011fumlu Mustafa A\u00e7\u0131lan, 2025 y\u0131l\u0131 itibar\u0131yla 38 ya\u015f\u0131ndad\u0131r. Pazarlama, i\u015fletme ve ticaret alan\u0131nda ba\u015far\u0131l\u0131 i\u015flere imza atan A\u00e7\u0131lan, oyunculuk sekt\u00f6r\u00fcne y\u00f6nelmi\u015f ve kariyerini burada ilerletmi\u015ftir. A\u00e7\u0131lan, oyunculuk mesle\u011fiyle kariyerine devam etse de ticaret yapmaya devam etmi\u015ftir.<\/p>\n<p><img loading=\"lazy\" decoding=\"async\" class=\"alignnone wp-image-229835\" src=\"https:\/\/www.tgrthaber.com\/mavikadin\/wp-content\/uploads\/Mustafa-Acilan-kimdir-10-1024x576.jpg\" alt=\"G\u00f6zleri Karadeniz dizisinin Mehmet Ma\u00e7ari\u2019si Mustafa A\u00e7\u0131lan kimdir? Mustafa A\u00e7\u0131lan hangi dizilerde oynad\u0131?\" width=\"1208\" height=\"680\" title=\"\" srcset=\"https:\/\/www.tgrthaber.com\/mavikadin\/wp-content\/uploads\/Mustafa-Acilan-kimdir-10-1024x576.jpg 1024w, https:\/\/www.tgrthaber.com\/mavikadin\/wp-content\/uploads\/Mustafa-Acilan-kimdir-10-300x169.jpg 300w, https:\/\/www.tgrthaber.com\/mavikadin\/wp-content\/uploads\/Mustafa-Acilan-kimdir-10-768x432.jpg 768w, https:\/\/www.tgrthaber.com\/mavikadin\/wp-content\/uploads\/Mustafa-Acilan-kimdir-10.jpg 1208w\" sizes=\"(max-width: 1208px) 100vw, 1208px\" \/><\/p>\n<hr \/>\n<p>Mustafa A\u00e7\u0131lan, 7 ya\u015f\u0131ndayken \u00c7anakkale \u015eehir Tiyatrosu\u2019nda Fareli K\u00f6y\u00fcn Kavalc\u0131s\u0131 tiyatro oyunun da sahne alm\u0131\u015ft\u0131r. K\u00fc\u00e7\u00fck ya\u015flardan itibaren oyunculu\u011fa merakl\u0131 olan A\u00e7\u0131lan, ilerleyen s\u00fcre\u00e7te oyunculuk e\u011fitimleri alarak istedi\u011fi ve sevdi\u011fi oyunculuk mesle\u011fine profesyonel olarak ad\u0131m atm\u0131\u015ft\u0131r.<\/p>\n<h3>MUSTAFA A\u00c7ILAN NEREL\u0130?<\/h3>\n<p>Mustafa A\u00e7\u0131lan, aslen \u00c7anakkalelidir. A\u00e7\u0131lan\u2019\u0131n bir\u00e7ok kaynakta \u0130stanbul\u2019da do\u011fdu\u011fu ve \u0130stanbullu oldu\u011fu s\u00f6ylense de \u00fcnl\u00fc oyuncu \u00c7anakkale do\u011fumludur.<\/p>\n<p><img loading=\"lazy\" decoding=\"async\" class=\"alignnone wp-image-229836\" src=\"https:\/\/www.tgrthaber.com\/mavikadin\/wp-content\/uploads\/Mustafa-Acilan-kimdir-4-1024x576.jpg\" alt=\"G\u00f6zleri Karadeniz dizisinin Mehmet Ma\u00e7ari\u2019si Mustafa A\u00e7\u0131lan kimdir? Mustafa A\u00e7\u0131lan hangi dizilerde oynad\u0131?\" width=\"1208\" height=\"680\" title=\"\" srcset=\"https:\/\/www.tgrthaber.com\/mavikadin\/wp-content\/uploads\/Mustafa-Acilan-kimdir-4-1024x576.jpg 1024w, https:\/\/www.tgrthaber.com\/mavikadin\/wp-content\/uploads\/Mustafa-Acilan-kimdir-4-300x169.jpg 300w, https:\/\/www.tgrthaber.com\/mavikadin\/wp-content\/uploads\/Mustafa-Acilan-kimdir-4-768x432.jpg 768w, https:\/\/www.tgrthaber.com\/mavikadin\/wp-content\/uploads\/Mustafa-Acilan-kimdir-4.jpg 1208w\" sizes=\"(max-width: 1208px) 100vw, 1208px\" \/><\/p>\n<hr \/>\n<h3>MUSTAFA A\u00c7ILAN HANG\u0130 D\u0130Z\u0130LERDE OYNADI?<\/h3>\n<p>G\u00f6zleri Karadeniz \u2013<\/p>\n<p>Gelsin Hayat Bildi\u011fi Gibi \u2013 (2022)<\/p>\n<p>Te\u015fkilat \u2013 (2021)<\/p>\n<p>Ak\u0131nc\u0131 \u2013 (2020)<\/p>\n<p>Maria ile Mustafa \u2013 (2020)<\/p>\n<p>\u00c7ocuk \u2013 (2019-2020)<\/p>\n<p>Babam\u0131n G\u00fcnahlar\u0131 \u2013 (2019)<\/p>\n<p>Bir Zamanlar \u00c7ukurova \u2013 (2018)<\/p>\n<p>H\u00fcrku\u015f: G\u00f6klerdeki Kahraman \u2013 (2018)<\/p>\n<p>Ustalar Alemi \u2013 (2018)<\/p>\n<p>Kan\u0131t: Ate\u015f \u2013 (2016)<\/p>\n","protected":false},"excerpt":{"rendered":"<p>Mustafa A\u00e7\u0131lan, yeni sezonun en iddial\u0131 dizileri aras\u0131nda yer alan G\u00f6zleri Karadeniz dizisinin Mehmet Ma\u00e7ari\u2019si olarak izleyici kar\u015f\u0131s\u0131na \u00e7\u0131k\u0131yor. Mehmet Ma\u00e7ari karakteriyle ekranlara gelen Mustafa A\u00e7\u0131lan\u2019\u0131n kim oldu\u011fu da merak ediliyor. \u0130\u015fte detaylar\u2026<\/p>\n","protected":false},"author":26,"featured_media":229831,"comment_status":"closed","ping_status":"closed","sticky":false,"template":"","format":"standard","meta":{"rank_math_lock_modified_date":false,"footnotes":""},"categories":[491],"tags":[3374,16521,61304,61305,61306],"class_list":["post-229829","post","type-post","status-publish","format-standard","has-post-thumbnail","hentry","category-biyografi","tag-biyografi","tag-biyografi-haberleri","tag-gozleri-karadeniz-mehmet-macari","tag-mustafa-acilan","tag-mustafa-acilan-kimdir"],"_links":{"self":[{"href":"https:\/\/www.tgrthaber.com\/mavikadin\/wp-json\/wp\/v2\/posts\/229829"}],"collection":[{"href":"https:\/\/www.tgrthaber.com\/mavikadin\/wp-json\/wp\/v2\/posts"}],"about":[{"href":"https:\/\/www.tgrthaber.com\/mavikadin\/wp-json\/wp\/v2\/types\/post"}],"author":[{"embeddable":true,"href":"https:\/\/www.tgrthaber.com\/mavikadin\/wp-json\/wp\/v2\/users\/26"}],"replies":[{"embeddable":true,"href":"https:\/\/www.tgrthaber.com\/mavikadin\/wp-json\/wp\/v2\/comments?post=229829"}],"version-history":[{"count":2,"href":"https:\/\/www.tgrthaber.com\/mavikadin\/wp-json\/wp\/v2\/posts\/229829\/revisions"}],"predecessor-version":[{"id":229839,"href":"https:\/\/www.tgrthaber.com\/mavikadin\/wp-json\/wp\/v2\/posts\/229829\/revisions\/229839"}],"wp:featuredmedia":[{"embeddable":true,"href":"https:\/\/www.tgrthaber.com\/mavikadin\/wp-json\/wp\/v2\/media\/229831"}],"wp:attachment":[{"href":"https:\/\/www.tgrthaber.com\/mavikadin\/wp-json\/wp\/v2\/media?parent=229829"}],"wp:term":[{"taxonomy":"category","embeddable":true,"href":"https:\/\/www.tgrthaber.com\/mavikadin\/wp-json\/wp\/v2\/categories?post=229829"},{"taxonomy":"post_tag","embeddable":true,"href":"https:\/\/www.tgrthaber.com\/mavikadin\/wp-json\/wp\/v2\/tags?post=229829"}],"curies":[{"name":"wp","href":"https:\/\/api.w.org\/{rel}","templated":true}]}}