{"id":229860,"date":"2025-09-02T21:42:30","date_gmt":"2025-09-02T18:42:30","guid":{"rendered":"https:\/\/www.tgrthaber.com\/mavikadin\/?p=229860"},"modified":"2025-09-02T21:48:22","modified_gmt":"2025-09-02T18:48:22","slug":"gozleri-karadeniz-dizisi-gercek-mi-uyarlama-mi-azilin-hikayesi-sosyal-medyayi-salladi","status":"publish","type":"post","link":"https:\/\/www.tgrthaber.com\/mavikadin\/gozleri-karadeniz-dizisi-gercek-mi-uyarlama-mi-azilin-hikayesi-sosyal-medyayi-salladi\/","title":{"rendered":"G\u00f6zleri Karadeniz dizisi ger\u00e7ek mi uyarlama m\u0131? Azil&#8217;in hikayesi sosyal medyay\u0131 sallad\u0131"},"content":{"rendered":"<p>2 Eyl\u00fcl Sal\u0131 ak\u015fam\u0131 ATV ekranlar\u0131nda yay\u0131nlanan G\u00f6zleri Karadeniz dizisi ilk b\u00f6l\u00fcm\u00fcyle resmen reytinglere oynad\u0131. \u0130zleyiciler dizinin s\u00fcr\u00fckleyici hikayesini kendilerini kapt\u0131r\u0131rken, arama motorlar\u0131nda da &#8216;G\u00f6zleri Karadeniz dizisi ger\u00e7ek bir hikaye mi yoksa uyarlama m\u0131?&#8217; sorusu sorulmaya ba\u015fland\u0131. Ba\u015frol oyuncusu Halit \u00d6zg\u00fcr Sar\u0131&#8217;n\u0131n Azil karakteri ekranlara damga vururken, dizinin hikayesi ve oyuncu kadrosu yeniden g\u00fcndeme ta\u015f\u0131nd\u0131. \u0130\u015fte ilk b\u00f6l\u00fcm\u00fcyle f\u0131rt\u0131nalar estiren G\u00f6zleri Karadeniz dizisine dair merak edilen t\u00fcm detaylar&#8230;<\/p>\n<h3>G\u00d6ZLER\u0130 KARADEN\u0130Z D\u0130Z\u0130S\u0130 GER\u00c7EK M\u0130 UYARLAMA MI?<\/h3>\n<p>ATV ekranlar\u0131nda g\u00fcnlerdir sab\u0131rs\u0131zl\u0131kla beklenen dizi G\u00f6zleri Karadeniz nihayet ilk b\u00f6l\u00fcm\u00fcyle yay\u0131nland\u0131. Yay\u0131na girer girmez izleyicisinden tam not alan G\u00f6zleri Karadeniz, s\u00fcr\u00fckleyici hikayesi ve dikkat \u00e7eken oyuncu kadrosuyla g\u00fcndemin merkezine yerle\u015fti. Sosyal medyada en \u00e7ok merak edilen ise dizinin hikayesi oldu. G\u00f6zleri Karadeniz ger\u00e7ek mi yoksa uyarlama m\u0131?<\/p>\n<p><img loading=\"lazy\" decoding=\"async\" class=\"alignnone wp-image-229883\" src=\"https:\/\/www.tgrthaber.com\/mavikadin\/wp-content\/uploads\/Gz3EcnnXsAAlmRm-300x138.jpeg\" alt=\"\" width=\"1208\" height=\"557\" title=\"\" srcset=\"https:\/\/www.tgrthaber.com\/mavikadin\/wp-content\/uploads\/Gz3EcnnXsAAlmRm-300x138.jpeg 300w, https:\/\/www.tgrthaber.com\/mavikadin\/wp-content\/uploads\/Gz3EcnnXsAAlmRm-1024x473.jpeg 1024w, https:\/\/www.tgrthaber.com\/mavikadin\/wp-content\/uploads\/Gz3EcnnXsAAlmRm-768x354.jpeg 768w, https:\/\/www.tgrthaber.com\/mavikadin\/wp-content\/uploads\/Gz3EcnnXsAAlmRm-1536x709.jpeg 1536w, https:\/\/www.tgrthaber.com\/mavikadin\/wp-content\/uploads\/Gz3EcnnXsAAlmRm.jpeg 2048w\" sizes=\"(max-width: 1208px) 100vw, 1208px\" \/><\/p>\n<hr \/>\n<p>Ayberk \u00c7\u0131nar, Ay\u015fin Akbulut ve Simge Ayvazo\u011flu&#8217;nun senaryosunu yazd\u0131\u011f\u0131 G\u00f6zleri Karadeniz \u00f6zg\u00fcn bir kurgu filmi. A\u015fk, aile ba\u011flar\u0131, ihanet gibi temalar\u0131n yo\u011funlukla i\u015flendi\u011fi G\u00f6zleri Karadeniz \u00f6zg\u00fcn hikayesiyle ilk b\u00f6l\u00fcm\u00fcyle ekranlara resmen damga vurdu.<\/p>\n<p><img loading=\"lazy\" decoding=\"async\" class=\"alignnone wp-image-229886\" src=\"https:\/\/www.tgrthaber.com\/mavikadin\/wp-content\/uploads\/Ekran-goruntusu-2025-09-02-211932-300x177.png\" alt=\"\" width=\"1208\" height=\"714\" title=\"\" srcset=\"https:\/\/www.tgrthaber.com\/mavikadin\/wp-content\/uploads\/Ekran-goruntusu-2025-09-02-211932-300x177.png 300w, https:\/\/www.tgrthaber.com\/mavikadin\/wp-content\/uploads\/Ekran-goruntusu-2025-09-02-211932-1024x605.png 1024w, https:\/\/www.tgrthaber.com\/mavikadin\/wp-content\/uploads\/Ekran-goruntusu-2025-09-02-211932-768x454.png 768w, https:\/\/www.tgrthaber.com\/mavikadin\/wp-content\/uploads\/Ekran-goruntusu-2025-09-02-211932.png 1032w\" sizes=\"(max-width: 1208px) 100vw, 1208px\" \/><\/p>\n<hr \/>\n<h3>G\u00d6ZLER\u0130 KARADEN\u0130Z \u0130LK B\u00d6L\u00dcM FRAGMANIYLA DA OLAY OLDU<\/h3>\n<p>G\u00f6zleri Karadeniz dizisi fragman yay\u0131nlan\u0131r yay\u0131nlanmaz konu\u015fulmaya ba\u015fland\u0131. 2 eyl\u00fcl Sal\u0131 g\u00fcn\u00fc ekranlara gelen ilk b\u00f6l\u00fcm\u00fcyle dizi g\u00fcndeminin ba\u015f\u0131nda yer alan yap\u0131mda <a href=\"https:\/\/www.tgrthaber.com\/mavikadin\/gozleri-karadeniz-dizisinin-azili-halit-ozgur-sari-kimdir-halit-ozgur-sari-aslen-nereli-hangi-dizilerde-oynadi\/\">Halit \u00d6zg\u00fcr Sar\u0131<\/a> memleketi olan Rize&#8217;ye d\u00f6n\u00fc\u015f yap\u0131yor. Gemide yasa d\u0131\u015f\u0131 baz\u0131 olaylara kar\u0131\u015fan Halit \u00d6zg\u00fcr Sar\u0131&#8217;n\u0131n oynad\u0131\u011f\u0131 Azil karakteri tehlikeli bir d\u00fc\u015fman ediniyor.<\/p>\n<p><img loading=\"lazy\" decoding=\"async\" class=\"alignnone wp-image-229888\" src=\"https:\/\/www.tgrthaber.com\/mavikadin\/wp-content\/uploads\/Ekran-goruntusu-2025-09-02-211830-300x190.png\" alt=\"\" width=\"1208\" height=\"764\" title=\"\" srcset=\"https:\/\/www.tgrthaber.com\/mavikadin\/wp-content\/uploads\/Ekran-goruntusu-2025-09-02-211830-300x190.png 300w, https:\/\/www.tgrthaber.com\/mavikadin\/wp-content\/uploads\/Ekran-goruntusu-2025-09-02-211830-1024x648.png 1024w, https:\/\/www.tgrthaber.com\/mavikadin\/wp-content\/uploads\/Ekran-goruntusu-2025-09-02-211830-768x486.png 768w, https:\/\/www.tgrthaber.com\/mavikadin\/wp-content\/uploads\/Ekran-goruntusu-2025-09-02-211830.png 1045w\" sizes=\"(max-width: 1208px) 100vw, 1208px\" \/><\/p>\n<hr \/>\n<p>Dizide yer alan ve Mehmet Ma\u00e7ari&#8217;yi oynayan\u00a0 Mustafa A\u00e7\u0131lan ise hapisten \u00e7\u0131karak sevdi\u011fi kad\u0131n i\u00e7in \u00e7ok \u00f6nemli kararlar verece\u011fi bir durum ya\u015far. Rize&#8217;de bulunan ve \u00d6zge Ya\u011f\u0131z&#8217;\u0131n oynad\u0131\u011f\u0131 G\u00fcne\u015f Ayayd\u0131n karakteri Azil ile kar\u015f\u0131la\u015f\u0131yor. Dizinin as\u0131l hikayesi bundan sonra ba\u015fl\u0131yor. Ge\u00e7mi\u015fteki s\u0131rlar teker teker a\u00e7\u0131\u011fa \u00e7\u0131karken, gelecekte bu ili\u015fki bir a\u015fka d\u00f6n\u00fc\u015f\u00fcyor. Y\u0131llard\u0131r gizlenen s\u0131rr\u0131n ortaya \u00e7\u0131kmas\u0131yla Ma\u00e7ari ailesinde k\u00f6kl\u00fc bir de\u011fi\u015flim ya\u015fanacak.<\/p>\n<div style=\"width: 640px;\" class=\"wp-video\"><!--[if lt IE 9]><script>document.createElement('video');<\/script><![endif]-->\n<video class=\"wp-video-shortcode\" id=\"video-229860-1\" width=\"640\" height=\"360\" preload=\"metadata\" controls=\"controls\"><source type=\"video\/mp4\" src=\"https:\/\/www.tgrthaber.com\/mavikadin\/wp-content\/uploads\/415f1421-2bb6-448e-8ed2-de90f39ca29f_1080p_3000k.mp4?_=1\" \/><a href=\"https:\/\/www.tgrthaber.com\/mavikadin\/wp-content\/uploads\/415f1421-2bb6-448e-8ed2-de90f39ca29f_1080p_3000k.mp4\">https:\/\/www.tgrthaber.com\/mavikadin\/wp-content\/uploads\/415f1421-2bb6-448e-8ed2-de90f39ca29f_1080p_3000k.mp4<\/a><\/video><\/div>\n<hr \/>\n<h3>G\u00d6ZLER\u0130 KARADEN\u0130Z OYUNCU KADROSU G\u00dcNDEMDE<\/h3>\n<p>\u00d6zge Ya\u011f\u0131z \u2013 G\u00fcne\u015f Ayd\u0131nay<\/p>\n<p>Halit \u00d6zg\u00fcr Sar\u0131 \u2013 Azil Y\u0131lmaz<\/p>\n<p>Mehmet \u00d6zg\u00fcr \u2013 Osman Ma\u00e7ari<\/p>\n<p>Erol Babao\u011flu \u2013 Sado<\/p>\n<p>Gizem Ar\u0131kan \u2013 Ayla \u00c7akaro\u011flu<\/p>\n<p>Ayten Uncuo\u011flu \u2013 Asiye Ma\u00e7ari<\/p>\n<p><img loading=\"lazy\" decoding=\"async\" class=\"alignnone wp-image-229884\" src=\"https:\/\/www.tgrthaber.com\/mavikadin\/wp-content\/uploads\/Gz3EcqFWkAEUycd-300x138.jpeg\" alt=\"\" width=\"1208\" height=\"557\" title=\"\" srcset=\"https:\/\/www.tgrthaber.com\/mavikadin\/wp-content\/uploads\/Gz3EcqFWkAEUycd-300x138.jpeg 300w, https:\/\/www.tgrthaber.com\/mavikadin\/wp-content\/uploads\/Gz3EcqFWkAEUycd-1024x473.jpeg 1024w, https:\/\/www.tgrthaber.com\/mavikadin\/wp-content\/uploads\/Gz3EcqFWkAEUycd-768x354.jpeg 768w, https:\/\/www.tgrthaber.com\/mavikadin\/wp-content\/uploads\/Gz3EcqFWkAEUycd-1536x709.jpeg 1536w, https:\/\/www.tgrthaber.com\/mavikadin\/wp-content\/uploads\/Gz3EcqFWkAEUycd.jpeg 2048w\" sizes=\"(max-width: 1208px) 100vw, 1208px\" \/><\/p>\n<hr \/>\n<p>Mustafa A\u00e7\u0131lan \u2013 Mehmet Ma\u00e7ari<\/p>\n<p>T\u00fcrk\u00fc Su Demirel \u2013 Fato\u015f Ma\u00e7ari<\/p>\n<p>Onur \u00d6zayd\u0131n \u2013 Haki \u00c7akaro\u011flu<\/p>\n<p>Berk Ali \u00c7atal \u2013 Sancar Eskier<\/p>\n<p>Eren \u00d6ren \u2013 Dursun Y\u0131lmaz<\/p>\n<p>Ebru Ayka\u00e7 \u2013 Havva K\u0131rkayvaz<\/p>\n<p>Osman Albayrak \u2013 K\u0131nal\u0131<\/p>\n<p><img loading=\"lazy\" decoding=\"async\" class=\"alignnone wp-image-229887\" src=\"https:\/\/www.tgrthaber.com\/mavikadin\/wp-content\/uploads\/Ekran-goruntusu-2025-09-02-211811-300x156.png\" alt=\"\" width=\"1208\" height=\"628\" title=\"\" srcset=\"https:\/\/www.tgrthaber.com\/mavikadin\/wp-content\/uploads\/Ekran-goruntusu-2025-09-02-211811-300x156.png 300w, https:\/\/www.tgrthaber.com\/mavikadin\/wp-content\/uploads\/Ekran-goruntusu-2025-09-02-211811-1024x532.png 1024w, https:\/\/www.tgrthaber.com\/mavikadin\/wp-content\/uploads\/Ekran-goruntusu-2025-09-02-211811-768x399.png 768w, https:\/\/www.tgrthaber.com\/mavikadin\/wp-content\/uploads\/Ekran-goruntusu-2025-09-02-211811.png 1179w\" sizes=\"(max-width: 1208px) 100vw, 1208px\" \/><\/p>\n<hr \/>\n<p>Yonca \u015eahinba\u015f \u2013 Nermin Ma\u00e7ari<\/p>\n<p>\u00d6zg\u00fcr \u00c7\u0131nar Deveci \u2013 Yunus Ayd\u0131nay<\/p>\n<p>G\u00f6zleri Karadeniz 2 Eyl\u00fcl Sal\u0131 ak\u015fam\u0131 yay\u0131nlanan ilk b\u00f6l\u00fcm\u00fcyle izleyiciyi ATV ekranlar\u0131na kilitledi. G\u00fc\u00e7l\u00fc oyuncu kadrosu ve s\u00fcr\u00fckleyici hikayesiyle G\u00f6zleri Karadeniz daha \u00e7ok konu\u015fulacak gibi duruyor.<\/p>\n","protected":false},"excerpt":{"rendered":"<p>ATV ekranlar\u0131n\u0131n yeni sezona bomba gibi giri\u015f yapan dizisi G\u00f6zleri Karadeniz ilk b\u00f6l\u00fcm\u00fcyle izleyiciden tam not ald\u0131. Dizinin ilk b\u00f6l\u00fcm\u00fcn\u00fcn ekrana gelmesiyle sosyal medyada en \u00e7ok merak edilen konular\u0131n ba\u015f\u0131nda, G\u00f6zleri Karadeniz dizisinin ger\u00e7ek mi, yoksa uyarlama m\u0131 oldu\u011fu sorusu oldu. Peki Halit \u00d6zg\u00fcr Sar\u0131&#8217;n\u0131n Azil karakteriyle g\u00fcndemde olan dizisi G\u00f6zleri Karadeniz ger\u00e7ek bir hikaye mi yoksa uyarlama m\u0131? \u0130\u015fte detaylar&#8230;<\/p>\n","protected":false},"author":35,"featured_media":229882,"comment_status":"closed","ping_status":"closed","sticky":false,"template":"","format":"standard","meta":{"rank_math_lock_modified_date":false,"footnotes":""},"categories":[602],"tags":[21584,3602,25421,61313,2705],"class_list":["post-229860","post","type-post","status-publish","format-standard","has-post-thumbnail","hentry","category-diziler","tag-azil-karakteri","tag-diziler","tag-gozleri-karadeniz","tag-gozleri-karadeniz-gercek-mi-uyarlama-mi","tag-halit-ozgur-sari"],"_links":{"self":[{"href":"https:\/\/www.tgrthaber.com\/mavikadin\/wp-json\/wp\/v2\/posts\/229860"}],"collection":[{"href":"https:\/\/www.tgrthaber.com\/mavikadin\/wp-json\/wp\/v2\/posts"}],"about":[{"href":"https:\/\/www.tgrthaber.com\/mavikadin\/wp-json\/wp\/v2\/types\/post"}],"author":[{"embeddable":true,"href":"https:\/\/www.tgrthaber.com\/mavikadin\/wp-json\/wp\/v2\/users\/35"}],"replies":[{"embeddable":true,"href":"https:\/\/www.tgrthaber.com\/mavikadin\/wp-json\/wp\/v2\/comments?post=229860"}],"version-history":[{"count":3,"href":"https:\/\/www.tgrthaber.com\/mavikadin\/wp-json\/wp\/v2\/posts\/229860\/revisions"}],"predecessor-version":[{"id":229891,"href":"https:\/\/www.tgrthaber.com\/mavikadin\/wp-json\/wp\/v2\/posts\/229860\/revisions\/229891"}],"wp:featuredmedia":[{"embeddable":true,"href":"https:\/\/www.tgrthaber.com\/mavikadin\/wp-json\/wp\/v2\/media\/229882"}],"wp:attachment":[{"href":"https:\/\/www.tgrthaber.com\/mavikadin\/wp-json\/wp\/v2\/media?parent=229860"}],"wp:term":[{"taxonomy":"category","embeddable":true,"href":"https:\/\/www.tgrthaber.com\/mavikadin\/wp-json\/wp\/v2\/categories?post=229860"},{"taxonomy":"post_tag","embeddable":true,"href":"https:\/\/www.tgrthaber.com\/mavikadin\/wp-json\/wp\/v2\/tags?post=229860"}],"curies":[{"name":"wp","href":"https:\/\/api.w.org\/{rel}","templated":true}]}}