{"id":229874,"date":"2025-09-02T21:21:21","date_gmt":"2025-09-02T18:21:21","guid":{"rendered":"https:\/\/www.tgrthaber.com\/mavikadin\/?p=229874"},"modified":"2025-09-02T21:21:21","modified_gmt":"2025-09-02T18:21:21","slug":"sahipsizler-dizisi-2-sezon-fragmani-yayinlandi-sahipsizler-dizisi-yeni-sezon-ilk-bolumde-neler-olacak","status":"publish","type":"post","link":"https:\/\/www.tgrthaber.com\/mavikadin\/sahipsizler-dizisi-2-sezon-fragmani-yayinlandi-sahipsizler-dizisi-yeni-sezon-ilk-bolumde-neler-olacak\/","title":{"rendered":"Sahipsizler dizisi 2 sezon fragman\u0131 yay\u0131nland\u0131! Sahipsizler dizisi yeni sezon ilk b\u00f6l\u00fcmde neler olacak?"},"content":{"rendered":"<p>Hazal Suba\u015f\u0131 ve Burak Berkay Akg\u00fcl\u2019\u00fcn ba\u015frollerinde yer ald\u0131\u011f\u0131 Sahipsizler dizisi yeni b\u00f6l\u00fcmleriyle ekrana gelmek i\u00e7in g\u00fcn say\u0131yor. Sezon finaliyle izleyenleri ekrana kilitleyen Sahipsizler dizisi, yeni sezona bomba gibi b\u00f6l\u00fcmlerle d\u00f6n\u00fcyor. Cemo \u00f6ld\u00fc m\u00fc? F\u0131rat ya\u015fayacak m\u0131? Devran intikam alacak m\u0131? seyircilerin merak etti\u011fi sorular\u0131n cevab\u0131 zamanda s\u0131\u00e7ramalar yaparak izleyiciye aktar\u0131lacak.<\/p>\n<p>SAH\u0130PS\u0130ZLER D\u0130Z\u0130S\u0130 2 SEZON FRAGMANI YAYINLANDI<\/p>\n<p>Y\u00f6netmenli\u011fini Cem Karc\u0131&#8217;n\u0131n \u00fcstlendi\u011fi, senaryosunu Elif Hamamc\u0131, Selin Arapkirli, Ramazan Demirli ve \u00d6zg\u00fcr A\u011fao\u011flu&#8217;nun kaleme ald\u0131\u011f\u0131 dram t\u00fcr\u00fcndeki dizi Sahipsizler 2 sezon fragman\u0131n\u0131 yay\u0131nlad\u0131. Fragman seyirci taraf\u0131ndan b\u00fcy\u00fck bir merak uyand\u0131rd\u0131. Sezon finalindeki olayla yeni b\u00f6l\u00fcmdeki kareleri ba\u011fda\u015ft\u0131rmakta zorluk \u00e7ektiler.<\/p>\n<p>\u0130\u015fte Sahipsizler 2 sezon tan\u0131t\u0131m\u0131:<\/p>\n<div style=\"width: 640px;\" class=\"wp-video\"><!--[if lt IE 9]><script>document.createElement('video');<\/script><![endif]-->\n<video class=\"wp-video-shortcode\" id=\"video-229874-1\" width=\"640\" height=\"360\" preload=\"metadata\" controls=\"controls\"><source type=\"video\/mp4\" src=\"https:\/\/www.tgrthaber.com\/mavikadin\/wp-content\/uploads\/ssstwitter.com_1756836949258.mp4?_=1\" \/><a href=\"https:\/\/www.tgrthaber.com\/mavikadin\/wp-content\/uploads\/ssstwitter.com_1756836949258.mp4\">https:\/\/www.tgrthaber.com\/mavikadin\/wp-content\/uploads\/ssstwitter.com_1756836949258.mp4<\/a><\/video><\/div>\n<hr \/>\n<h3>SAH\u0130PS\u0130ZLER D\u0130Z\u0130S\u0130N\u0130N 29 B\u00d6L\u00dcM\u00dcNDE NELER OLACAK?<\/h3>\n<p>Devran hastane odas\u0131nda 28 g\u00fcn boyunca uyanmadan yatar. Azize her g\u00fcn Devran\u2019\u0131n yan\u0131na giderek onun uyanmas\u0131 i\u00e7in elinden geleni yapacak.<\/p>\n<p><img loading=\"lazy\" decoding=\"async\" class=\"alignnone wp-image-229877 size-full\" src=\"https:\/\/www.tgrthaber.com\/mavikadin\/wp-content\/uploads\/Adsiz-tasarim-13-63.jpg\" alt=\"\" width=\"1208\" height=\"680\" title=\"\" srcset=\"https:\/\/www.tgrthaber.com\/mavikadin\/wp-content\/uploads\/Adsiz-tasarim-13-63.jpg 1208w, https:\/\/www.tgrthaber.com\/mavikadin\/wp-content\/uploads\/Adsiz-tasarim-13-63-300x169.jpg 300w, https:\/\/www.tgrthaber.com\/mavikadin\/wp-content\/uploads\/Adsiz-tasarim-13-63-1024x576.jpg 1024w, https:\/\/www.tgrthaber.com\/mavikadin\/wp-content\/uploads\/Adsiz-tasarim-13-63-768x432.jpg 768w\" sizes=\"(max-width: 1208px) 100vw, 1208px\" \/><\/p>\n<hr \/>\n<p>Azize fragmanda &#8220;Her g\u00fcn geliyorum buraya. Tam 28 g\u00fcnd\u00fcr uyuyorsun. Ya bug\u00fcn ya yar\u0131n illaki uyanacaks\u0131n Devran. Biliyorum. Hem sen benim pe\u015fimi b\u0131rakmazs\u0131n ki. B\u0131rakma. Seni \u00e7ok seviyorum uykucu.&#8221; s\u00f6zleriyle onu bekledi\u011fini ifade edecek. Devran uyan\u0131r uyanmaz her \u015feyin bamba\u015fka oldu\u011funu fark edecek. Cemo\u2019nun tekerlekli sandalyeye ba\u011fl\u0131 kald\u0131\u011f\u0131n\u0131, Azize\u2019nin bula\u015f\u0131k\u00e7\u0131l\u0131k yaparak ge\u00e7imini sa\u011flad\u0131\u011f\u0131n\u0131 \u00f6\u011frenecek.<\/p>\n<p><img loading=\"lazy\" decoding=\"async\" class=\"alignnone wp-image-229878 size-full\" src=\"https:\/\/www.tgrthaber.com\/mavikadin\/wp-content\/uploads\/Adsiz-tasarim-14-65.jpg\" alt=\"\" width=\"1208\" height=\"680\" title=\"\" srcset=\"https:\/\/www.tgrthaber.com\/mavikadin\/wp-content\/uploads\/Adsiz-tasarim-14-65.jpg 1208w, https:\/\/www.tgrthaber.com\/mavikadin\/wp-content\/uploads\/Adsiz-tasarim-14-65-300x169.jpg 300w, https:\/\/www.tgrthaber.com\/mavikadin\/wp-content\/uploads\/Adsiz-tasarim-14-65-1024x576.jpg 1024w, https:\/\/www.tgrthaber.com\/mavikadin\/wp-content\/uploads\/Adsiz-tasarim-14-65-768x432.jpg 768w\" sizes=\"(max-width: 1208px) 100vw, 1208px\" \/><\/p>\n<hr \/>\n<p>Devran\u2019n\u0131n babas\u0131n\u0131n her \u015feyini o\u011flu i\u00e7in feda etti\u011fini ve ellerinde bir \u015fey kalmad\u0131\u011f\u0131n\u0131 anlayacak. Tekrardan aya\u011fa kalkmak i\u00e7in Azize ve Devran el ele vererek, d\u00fczenlerini yeni ba\u015ftan kurmaya \u00e7al\u0131\u015facak. Peki, Devran Meryem\u2019in ailesinden intikam alacak m\u0131?<\/p>\n<p><img loading=\"lazy\" decoding=\"async\" class=\"alignnone wp-image-229879 size-full\" src=\"https:\/\/www.tgrthaber.com\/mavikadin\/wp-content\/uploads\/Adsiz-tasarim-15-53.jpg\" alt=\"\" width=\"1208\" height=\"680\" title=\"\" srcset=\"https:\/\/www.tgrthaber.com\/mavikadin\/wp-content\/uploads\/Adsiz-tasarim-15-53.jpg 1208w, https:\/\/www.tgrthaber.com\/mavikadin\/wp-content\/uploads\/Adsiz-tasarim-15-53-300x169.jpg 300w, https:\/\/www.tgrthaber.com\/mavikadin\/wp-content\/uploads\/Adsiz-tasarim-15-53-1024x576.jpg 1024w, https:\/\/www.tgrthaber.com\/mavikadin\/wp-content\/uploads\/Adsiz-tasarim-15-53-768x432.jpg 768w\" sizes=\"(max-width: 1208px) 100vw, 1208px\" \/><\/p>\n<hr \/>\n<h3>SAH\u0130PSZ\u0130LER D\u0130Z\u0130N\u0130N\u0130N 2 SEZON YEN\u0130 B\u00d6L\u00dcM\u00dc NE ZAMAN YAYINLANACAK?<\/h3>\n<p>Star Tv erkanlar\u0131nda yay\u0131nlanan Sahipsizler dizisi \u00c7ar\u015famba ak\u015famlar\u0131 ekranlara gelmeye devam ediyor. 10 Eyl\u00fcl 2025 \u00c7ar\u015famba ak\u015fam\u0131 Sahipsizler dizisi 29 b\u00f6l\u00fcm\u00fc ile ekranlara gelecek.<\/p>\n","protected":false},"excerpt":{"rendered":"<p>Star TV\u2019nin beklenen yap\u0131m\u0131 Sahipsizler dizisi yeni sezona ba\u015flamak i\u00e7in g\u00fcn say\u0131yor. Kanl\u0131 d\u00fc\u011f\u00fcn sahnesiyle biten ve yeni sezonda kimlerin olup olmayaca\u011f\u0131 merak konusuydu. Sahipsizler dizisi 2 sezon fragman\u0131 yay\u0131nlad\u0131. Peki, Sahipsizler 29 b\u00f6l\u00fcmde neler olacak? <\/p>\n","protected":false},"author":10,"featured_media":229875,"comment_status":"closed","ping_status":"closed","sticky":false,"template":"","format":"standard","meta":{"rank_math_lock_modified_date":false,"footnotes":""},"categories":[602],"tags":[32159,2628,10390,61311,61312],"class_list":["post-229874","post","type-post","status-publish","format-standard","has-post-thumbnail","hentry","category-diziler","tag-dizi","tag-dizi-haberleri","tag-dizi-magazin","tag-sahipsizler-dizisi-2-sezon-tanitimi","tag-sahipsizler-dizisi-29-bolum"],"_links":{"self":[{"href":"https:\/\/www.tgrthaber.com\/mavikadin\/wp-json\/wp\/v2\/posts\/229874"}],"collection":[{"href":"https:\/\/www.tgrthaber.com\/mavikadin\/wp-json\/wp\/v2\/posts"}],"about":[{"href":"https:\/\/www.tgrthaber.com\/mavikadin\/wp-json\/wp\/v2\/types\/post"}],"author":[{"embeddable":true,"href":"https:\/\/www.tgrthaber.com\/mavikadin\/wp-json\/wp\/v2\/users\/10"}],"replies":[{"embeddable":true,"href":"https:\/\/www.tgrthaber.com\/mavikadin\/wp-json\/wp\/v2\/comments?post=229874"}],"version-history":[{"count":2,"href":"https:\/\/www.tgrthaber.com\/mavikadin\/wp-json\/wp\/v2\/posts\/229874\/revisions"}],"predecessor-version":[{"id":229881,"href":"https:\/\/www.tgrthaber.com\/mavikadin\/wp-json\/wp\/v2\/posts\/229874\/revisions\/229881"}],"wp:featuredmedia":[{"embeddable":true,"href":"https:\/\/www.tgrthaber.com\/mavikadin\/wp-json\/wp\/v2\/media\/229875"}],"wp:attachment":[{"href":"https:\/\/www.tgrthaber.com\/mavikadin\/wp-json\/wp\/v2\/media?parent=229874"}],"wp:term":[{"taxonomy":"category","embeddable":true,"href":"https:\/\/www.tgrthaber.com\/mavikadin\/wp-json\/wp\/v2\/categories?post=229874"},{"taxonomy":"post_tag","embeddable":true,"href":"https:\/\/www.tgrthaber.com\/mavikadin\/wp-json\/wp\/v2\/tags?post=229874"}],"curies":[{"name":"wp","href":"https:\/\/api.w.org\/{rel}","templated":true}]}}