{"id":229905,"date":"2025-09-02T22:13:40","date_gmt":"2025-09-02T19:13:40","guid":{"rendered":"https:\/\/www.tgrthaber.com\/mavikadin\/?p=229905"},"modified":"2025-09-02T22:13:41","modified_gmt":"2025-09-02T19:13:41","slug":"ben-leman-dizisinin-ilk-tanitimi-yayinlandi-ben-leman-dizisi-ne-zaman-yayinlanacak","status":"publish","type":"post","link":"https:\/\/www.tgrthaber.com\/mavikadin\/ben-leman-dizisinin-ilk-tanitimi-yayinlandi-ben-leman-dizisi-ne-zaman-yayinlanacak\/","title":{"rendered":"Ben Leman dizisinin ilk tan\u0131t\u0131m\u0131 yay\u0131nland\u0131! Ben Leman dizisi ne zaman yay\u0131nlanacak?"},"content":{"rendered":"<p>NTC Medya \u015firketinin \u00fcstlendi\u011fi Ben Leman dizisi seyircisiyle bulu\u015fmak i\u00e7in g\u00fcn say\u0131yor. NOW ekranlar\u0131nda yay\u0131nlanacak olan Ben Leman dizisinin ba\u015frollerinde Bur\u00e7in Terzio\u011flu, Selin \u015eekerci, Duygu Sar\u0131\u015f\u0131n ve G\u00f6k\u00e7e Ey\u00fcpo\u011flu yer al\u0131yor. Leman\u2019\u0131n y\u0131llar sonra kendisine zorbal\u0131k yapan arkada\u015flar\u0131ndan hesap sormak i\u00e7in geri d\u00f6nmesiyle hikaye ba\u015fl\u0131yor. Peki, Leman\u2019\u0131 \u00f6ld\u00fcren kimdi? Ben Leman dizisi ne zaman yay\u0131nlanacak?<\/p>\n<h3>BEN LEMAN D\u0130Z\u0130S\u0130N\u0130N \u0130LK TANITIMI YAYINLANDI<\/h3>\n<p>NTC Medya\u2019n\u0131n \u00fcstlendi\u011fi Ben Leman dizisinin y\u00f6netmen koltu\u011funda Semih Ba\u011fc\u0131 yer al\u0131rken, senaryosunu Yekta Torun ve Hilal Y\u0131ld\u0131z kaleme al\u0131yor.<\/p>\n<p><img loading=\"lazy\" decoding=\"async\" class=\"alignnone wp-image-229912 size-full\" src=\"https:\/\/www.tgrthaber.com\/mavikadin\/wp-content\/uploads\/Adsiz-tasarim-19-64.jpg\" alt=\"\" width=\"1208\" height=\"680\" title=\"\" srcset=\"https:\/\/www.tgrthaber.com\/mavikadin\/wp-content\/uploads\/Adsiz-tasarim-19-64.jpg 1208w, https:\/\/www.tgrthaber.com\/mavikadin\/wp-content\/uploads\/Adsiz-tasarim-19-64-300x169.jpg 300w, https:\/\/www.tgrthaber.com\/mavikadin\/wp-content\/uploads\/Adsiz-tasarim-19-64-1024x576.jpg 1024w, https:\/\/www.tgrthaber.com\/mavikadin\/wp-content\/uploads\/Adsiz-tasarim-19-64-768x432.jpg 768w\" sizes=\"(max-width: 1208px) 100vw, 1208px\" \/><\/p>\n<hr \/>\n<p>Leman karakterinin hayat\u0131 anlataca\u011f\u0131 dizide birbirinden g\u00fczel oyuncu kadrosuyla merak uyand\u0131rd\u0131. Ben Leman dizisi ilk tan\u0131t\u0131m\u0131yla dikkatleri \u00fczerine \u00e7ekti. K\u0131sa s\u00fcrece Ben Leman dizisinin ilk tan\u0131t\u0131m\u0131 \u00e7ok be\u011fenildi.<\/p>\n<p><strong>\u0130\u015fte Ben Leman dizisinin tan\u0131t\u0131m\u0131:<\/strong><\/p>\n<div style=\"width: 640px;\" class=\"wp-video\"><!--[if lt IE 9]><script>document.createElement('video');<\/script><![endif]-->\n<video class=\"wp-video-shortcode\" id=\"video-229905-1\" width=\"640\" height=\"360\" preload=\"metadata\" controls=\"controls\"><source type=\"video\/mp4\" src=\"https:\/\/www.tgrthaber.com\/mavikadin\/wp-content\/uploads\/ssstwitter.com_1756837697950.mp4?_=1\" \/><a href=\"https:\/\/www.tgrthaber.com\/mavikadin\/wp-content\/uploads\/ssstwitter.com_1756837697950.mp4\">https:\/\/www.tgrthaber.com\/mavikadin\/wp-content\/uploads\/ssstwitter.com_1756837697950.mp4<\/a><\/video><\/div>\n<hr \/>\n<h3>BEN LEMAN D\u0130Z\u0130S\u0130N\u0130N KONUSU<\/h3>\n<p>Ge\u00e7mi\u015fin s\u0131rlar\u0131yla hayatlar\u0131 kesi\u015fen d\u00f6rt kad\u0131n ve bir adam; Leman, \u015eahika, Mine, Suzi ve Demir. Dostluklar\u0131n ve a\u015fklar\u0131n s\u0131nand\u0131\u011f\u0131, s\u0131rlar\u0131n g\u00fcn y\u00fcz\u00fcne \u00e7\u0131kt\u0131\u011f\u0131 ve cesur y\u00fczle\u015fmelerin ya\u015fand\u0131\u011f\u0131 bu hik\u00e2ye, huzurlu g\u00f6r\u00fcnen ama derinlerde f\u0131rt\u0131nalar koparan atmosferiyle izleyiciyi i\u00e7ine \u00e7ekecek.<\/p>\n<p><img loading=\"lazy\" decoding=\"async\" class=\"alignnone wp-image-229908 size-full\" src=\"https:\/\/www.tgrthaber.com\/mavikadin\/wp-content\/uploads\/Adsiz-tasarim-17-58.jpg\" alt=\"\" width=\"1208\" height=\"680\" title=\"\" srcset=\"https:\/\/www.tgrthaber.com\/mavikadin\/wp-content\/uploads\/Adsiz-tasarim-17-58.jpg 1208w, https:\/\/www.tgrthaber.com\/mavikadin\/wp-content\/uploads\/Adsiz-tasarim-17-58-300x169.jpg 300w, https:\/\/www.tgrthaber.com\/mavikadin\/wp-content\/uploads\/Adsiz-tasarim-17-58-1024x576.jpg 1024w, https:\/\/www.tgrthaber.com\/mavikadin\/wp-content\/uploads\/Adsiz-tasarim-17-58-768x432.jpg 768w\" sizes=\"(max-width: 1208px) 100vw, 1208px\" \/><\/p>\n<hr \/>\n<h3>BEN LEMAN D\u0130Z\u0130S\u0130N\u0130N OYUNCU KADROSU<\/h3>\n<ul>\n<li>Bur\u00e7in Terzio\u011flu<\/li>\n<li>Selin \u015eekerci<\/li>\n<li>Duygu Sar\u0131\u015f\u0131n<\/li>\n<li>G\u00f6k\u00e7e Ey\u00fcbo\u011flu<\/li>\n<li>Tansel \u00d6ngel<\/li>\n<li>\u015eebnem S\u00f6nmez<\/li>\n<li>H\u00fcseyin Soysalan<\/li>\n<li>Neriman U\u011fur<\/li>\n<li>Durukan \u00c7elikkaya<\/li>\n<\/ul>\n<p><img loading=\"lazy\" decoding=\"async\" class=\"alignnone wp-image-229909 size-full\" src=\"https:\/\/www.tgrthaber.com\/mavikadin\/wp-content\/uploads\/Adsiz-tasarim-18-68.jpg\" alt=\"\" width=\"1208\" height=\"680\" title=\"\" srcset=\"https:\/\/www.tgrthaber.com\/mavikadin\/wp-content\/uploads\/Adsiz-tasarim-18-68.jpg 1208w, https:\/\/www.tgrthaber.com\/mavikadin\/wp-content\/uploads\/Adsiz-tasarim-18-68-300x169.jpg 300w, https:\/\/www.tgrthaber.com\/mavikadin\/wp-content\/uploads\/Adsiz-tasarim-18-68-1024x576.jpg 1024w, https:\/\/www.tgrthaber.com\/mavikadin\/wp-content\/uploads\/Adsiz-tasarim-18-68-768x432.jpg 768w\" sizes=\"(max-width: 1208px) 100vw, 1208px\" \/><\/p>\n<hr \/>\n<ul>\n<li>G\u00fcne\u015f Hayat<\/li>\n<li>Erhan Alpay<\/li>\n<li>Merve Ate\u015f<\/li>\n<li>G\u00f6k\u00e7e G\u00fcne\u015f Do\u011frus\u00f6z<\/li>\n<li>Ceren Ayruk<\/li>\n<li>Kaan Akkaya<\/li>\n<li>Deniz G\u00fcrkan<\/li>\n<li>Duygu \u00dcst\u00fcnba\u015f<\/li>\n<li>Sena Ba\u015fdo\u011fan<\/li>\n<li>Tahir Y\u0131lmaz<\/li>\n<\/ul>\n<p><img loading=\"lazy\" decoding=\"async\" class=\"alignnone wp-image-229910 size-full\" src=\"https:\/\/www.tgrthaber.com\/mavikadin\/wp-content\/uploads\/Adsiz-tasarim-20-73.jpg\" alt=\"\" width=\"1208\" height=\"680\" title=\"\" srcset=\"https:\/\/www.tgrthaber.com\/mavikadin\/wp-content\/uploads\/Adsiz-tasarim-20-73.jpg 1208w, https:\/\/www.tgrthaber.com\/mavikadin\/wp-content\/uploads\/Adsiz-tasarim-20-73-300x169.jpg 300w, https:\/\/www.tgrthaber.com\/mavikadin\/wp-content\/uploads\/Adsiz-tasarim-20-73-1024x576.jpg 1024w, https:\/\/www.tgrthaber.com\/mavikadin\/wp-content\/uploads\/Adsiz-tasarim-20-73-768x432.jpg 768w\" sizes=\"(max-width: 1208px) 100vw, 1208px\" \/><\/p>\n<hr \/>\n<h3>BEN LEMAN D\u0130Z\u0130S\u0130 NE ZAMAN YAYINLANACAK?<\/h3>\n<p>NOW ekranlar\u0131nda yay\u0131nlanacak olan Ben Leman dizisi Eyl\u00fcl ay\u0131n\u0131n ikinci haftas\u0131 ya da ortalar\u0131nda yay\u0131nlanmas\u0131 planlan\u0131yor. B\u00fcy\u00fck bir merakla beklenilen Ben Leman dizisinin hangi g\u00fcn ve saat diliminde yay\u0131nlanaca\u011f\u0131 NOW kanal\u0131 taraf\u0131ndan ilerleyen g\u00fcnlerde belli olacak.<\/p>\n","protected":false},"excerpt":{"rendered":"<p>NTC Medya imzal\u0131 dizi Ben Leman ilk tan\u0131t\u0131m\u0131 yay\u0131nland\u0131. Bur\u00e7in Terzio\u011flu, Selin \u015eekerci, Duygu Sar\u0131\u015f\u0131n ve G\u00f6k\u00e7e Ey\u00fcpo\u011flu\u2019nun ba\u015frollerinde yer ald\u0131\u011f\u0131 Ben Leman dizisinin ilk b\u00f6l\u00fcm tan\u0131t\u0131m\u0131 seyirci ile bulu\u015ftu. Peki, Leman\u2019\u0131 \u00f6ld\u00fcren kimdi? Ben Leman dizisi ne zaman yay\u0131nlanacak? <\/p>\n","protected":false},"author":10,"featured_media":229911,"comment_status":"closed","ping_status":"closed","sticky":false,"template":"","format":"standard","meta":{"rank_math_lock_modified_date":false,"footnotes":""},"categories":[602],"tags":[61317,61315,61318,61316,32159,2628,10390],"class_list":["post-229905","post","type-post","status-publish","format-standard","has-post-thumbnail","hentry","category-diziler","tag-ben-leman-dizi-konusu","tag-ben-leman-ilk-tanitim","tag-ben-leman-ne-zaman-yayinlanacak","tag-ben-leman-oyuncu-kadrosu","tag-dizi","tag-dizi-haberleri","tag-dizi-magazin"],"_links":{"self":[{"href":"https:\/\/www.tgrthaber.com\/mavikadin\/wp-json\/wp\/v2\/posts\/229905"}],"collection":[{"href":"https:\/\/www.tgrthaber.com\/mavikadin\/wp-json\/wp\/v2\/posts"}],"about":[{"href":"https:\/\/www.tgrthaber.com\/mavikadin\/wp-json\/wp\/v2\/types\/post"}],"author":[{"embeddable":true,"href":"https:\/\/www.tgrthaber.com\/mavikadin\/wp-json\/wp\/v2\/users\/10"}],"replies":[{"embeddable":true,"href":"https:\/\/www.tgrthaber.com\/mavikadin\/wp-json\/wp\/v2\/comments?post=229905"}],"version-history":[{"count":2,"href":"https:\/\/www.tgrthaber.com\/mavikadin\/wp-json\/wp\/v2\/posts\/229905\/revisions"}],"predecessor-version":[{"id":229914,"href":"https:\/\/www.tgrthaber.com\/mavikadin\/wp-json\/wp\/v2\/posts\/229905\/revisions\/229914"}],"wp:featuredmedia":[{"embeddable":true,"href":"https:\/\/www.tgrthaber.com\/mavikadin\/wp-json\/wp\/v2\/media\/229911"}],"wp:attachment":[{"href":"https:\/\/www.tgrthaber.com\/mavikadin\/wp-json\/wp\/v2\/media?parent=229905"}],"wp:term":[{"taxonomy":"category","embeddable":true,"href":"https:\/\/www.tgrthaber.com\/mavikadin\/wp-json\/wp\/v2\/categories?post=229905"},{"taxonomy":"post_tag","embeddable":true,"href":"https:\/\/www.tgrthaber.com\/mavikadin\/wp-json\/wp\/v2\/tags?post=229905"}],"curies":[{"name":"wp","href":"https:\/\/api.w.org\/{rel}","templated":true}]}}