{"id":229947,"date":"2025-09-03T00:05:06","date_gmt":"2025-09-02T21:05:06","guid":{"rendered":"https:\/\/www.tgrthaber.com\/mavikadin\/?p=229947"},"modified":"2025-09-03T00:05:06","modified_gmt":"2025-09-02T21:05:06","slug":"kizilcik-serbeti-4-sezon-ne-zaman-baslayacak-kizilcik-serbeti-yeni-sezon-ilk-tarih-netlesti","status":"publish","type":"post","link":"https:\/\/www.tgrthaber.com\/mavikadin\/kizilcik-serbeti-4-sezon-ne-zaman-baslayacak-kizilcik-serbeti-yeni-sezon-ilk-tarih-netlesti\/","title":{"rendered":"K\u0131z\u0131lc\u0131k \u015eerbeti 4. sezon ne zaman ba\u015flayacak? K\u0131z\u0131lc\u0131k \u015eerbeti yeni sezon ilk tarih netle\u015fti!"},"content":{"rendered":"<p>Show TV ekranlar\u0131n\u0131n neredeyse her sezon soluksuz izlenen dizisi K\u0131z\u0131lc\u0131k \u015eerbeti 4. sezon detaylar\u0131yla yine g\u00fcndemden d\u00fc\u015fm\u00fcyor. Gold Film imzas\u0131 ta\u015f\u0131yan K\u0131z\u0131lc\u0131k \u015eerbeti final sahnesiyle ortal\u0131\u011f\u0131 resmen kar\u0131\u015ft\u0131rm\u0131\u015ft\u0131. B\u00fct\u00fcn yaz 4. sezon b\u00f6l\u00fcmlerini bekleyen K\u0131z\u0131lc\u0131k \u015eerbeti izleyicisi, &#8216; K\u0131z\u0131lc\u0131k \u015eerbeti 4. sezon ne zaman ba\u015flayacak?&#8217; sorusunun cevab\u0131n\u0131 ar\u0131yor. Peki K\u0131z\u0131lc\u0131k \u015eerbeti yeni sezon ne zaman? K\u0131z\u0131lc\u0131k \u015eerbeti 4. sezon yay\u0131n tarihi netle\u015fti mi? \u0130\u015fte sosyal medyada en \u00e7ok arat\u0131lan Show TV dizisi K\u0131z\u0131lc\u0131k \u015eerbeti 4. sezona dair geli\u015fmeler&#8230;<\/p>\n<h3>KIZILCIK \u015eERBET\u0130 4. SEZON NE ZAMAN BA\u015eLAYACAK? YEN\u0130 SEZON TAR\u0130H\u0130 NETLE\u015eT\u0130!<\/h3>\n<p>K\u0131z\u0131lc\u0131k \u015eerbeti 23 A\u011fustos&#8217;ta ba\u015flatt\u0131\u011f\u0131 \u00e7ekimlerle birlikte sezon haz\u0131rl\u0131klar\u0131na son gaz devam ediyor. \u0130lgiyle takip edilen K\u0131z\u0131lc\u0131k \u015eerbeti dizisinin 4. sezon ilk b\u00f6l\u00fcm\u00fcn\u00fcn ise 12 Eyl\u00fcl 2025 Cuma ak\u015fam\u0131 ekranlarda olmas\u0131 planlan\u0131yor.<\/p>\n<p><img loading=\"lazy\" decoding=\"async\" class=\"alignnone wp-image-229949\" src=\"https:\/\/www.tgrthaber.com\/mavikadin\/wp-content\/uploads\/s-8e4a6da51ba441c78fea6feb12e3af3459c7ae43-300x169.jpg\" alt=\"\" width=\"1208\" height=\"679\" title=\"\" srcset=\"https:\/\/www.tgrthaber.com\/mavikadin\/wp-content\/uploads\/s-8e4a6da51ba441c78fea6feb12e3af3459c7ae43-300x169.jpg 300w, https:\/\/www.tgrthaber.com\/mavikadin\/wp-content\/uploads\/s-8e4a6da51ba441c78fea6feb12e3af3459c7ae43-768x432.jpg 768w, https:\/\/www.tgrthaber.com\/mavikadin\/wp-content\/uploads\/s-8e4a6da51ba441c78fea6feb12e3af3459c7ae43.jpg 900w\" sizes=\"(max-width: 1208px) 100vw, 1208px\" \/><\/p>\n<hr \/>\n<p>Daha \u00f6nceki sezonlarda her hafta Cuma g\u00fcnleri yay\u0131nlanarak, izleyicisini ekran ba\u015f\u0131na kilitleyen dizi, 4. sezon b\u00f6l\u00fcmleriyle de yine \u00e7ok iddial\u0131 geliyor.<\/p>\n<p><img loading=\"lazy\" decoding=\"async\" class=\"alignnone wp-image-229950\" src=\"https:\/\/www.tgrthaber.com\/mavikadin\/wp-content\/uploads\/img-3381-2za4-2-300x200.jpg\" alt=\"\" width=\"1208\" height=\"805\" title=\"\" srcset=\"https:\/\/www.tgrthaber.com\/mavikadin\/wp-content\/uploads\/img-3381-2za4-2-300x200.jpg 300w, https:\/\/www.tgrthaber.com\/mavikadin\/wp-content\/uploads\/img-3381-2za4-2-768x512.jpg 768w, https:\/\/www.tgrthaber.com\/mavikadin\/wp-content\/uploads\/img-3381-2za4-2.jpg 800w\" sizes=\"(max-width: 1208px) 100vw, 1208px\" \/><\/p>\n<hr \/>\n<p>Yine ayn\u0131 g\u00fcn ve saatte Show TV ekranlar\u0131nda olacak dizi i\u00e7in kamera kar\u015f\u0131s\u0131na ge\u00e7en isimlerin ba\u015f\u0131nda Evrim Alasya ve Bar\u0131\u015f K\u0131l\u0131\u00e7 geliyor.<\/p>\n<p><img loading=\"lazy\" decoding=\"async\" class=\"alignnone wp-image-229956\" src=\"https:\/\/www.tgrthaber.com\/mavikadin\/wp-content\/uploads\/kizil1-300x169.webp\" alt=\"\" width=\"1208\" height=\"680\" title=\"\" srcset=\"https:\/\/www.tgrthaber.com\/mavikadin\/wp-content\/uploads\/kizil1-300x169.webp 300w, https:\/\/www.tgrthaber.com\/mavikadin\/wp-content\/uploads\/kizil1-1024x576.webp 1024w, https:\/\/www.tgrthaber.com\/mavikadin\/wp-content\/uploads\/kizil1-768x432.webp 768w, https:\/\/www.tgrthaber.com\/mavikadin\/wp-content\/uploads\/kizil1.webp 1280w\" sizes=\"(max-width: 1208px) 100vw, 1208px\" \/><\/p>\n<hr \/>\n<h3>KIZILCIK \u015eERBET\u0130 YEN\u0130 SEZON OYUNCULARI K\u0130MLER?<\/h3>\n<p>K\u0131z\u0131lc\u0131k \u015eerbeti g\u00fc\u00e7l\u00fc oyuncu kadrosunu yeni afi\u015fiyle resmen ilan etti. Dizinin kadrosunda Evrim Alasya, Bar\u0131\u015f K\u0131l\u0131\u00e7, Ahmet M\u00fcmtaz Taylan, Emrah Alt\u0131ntoprak, Ceren Karako\u00e7, Aliye Uzunata\u011fan, Do\u011fukan G\u00fcng\u00f6r, S\u0131la T\u00fcrko\u011flu, Feyza Civelek, Ece \u0130rtem, Neslihan Yeldan, Batuhan Y\u00fczg\u00fcle\u00e7, Sevet Pandur ve Erkan Avc\u0131 bulunuyor.<\/p>\n<p><img loading=\"lazy\" decoding=\"async\" class=\"alignnone wp-image-229953\" src=\"https:\/\/www.tgrthaber.com\/mavikadin\/wp-content\/uploads\/68b6e652536d3c558fbb4afe-300x169.webp\" alt=\"\" width=\"1208\" height=\"680\" title=\"\" srcset=\"https:\/\/www.tgrthaber.com\/mavikadin\/wp-content\/uploads\/68b6e652536d3c558fbb4afe-300x169.webp 300w, https:\/\/www.tgrthaber.com\/mavikadin\/wp-content\/uploads\/68b6e652536d3c558fbb4afe.webp 750w\" sizes=\"(max-width: 1208px) 100vw, 1208px\" \/><\/p>\n<hr \/>\n<h3>\u00c7\u0130MEN EKRANLARA GER\u0130 D\u00d6N\u00dcYOR<\/h3>\n<p>K\u0131z\u0131lc\u0131k \u015eerbeti yeni sezon b\u00f6l\u00fcmleriyle yine \u00e7ok \u015fa\u015f\u0131rtacak. 12 Eyl\u00fcl&#8217;de 4. sezon i\u00e7in start verecek olan K\u0131z\u0131lc\u0131k \u015eerbeti dizisinde tansiyon yine zirve yapacak.<\/p>\n<p><img loading=\"lazy\" decoding=\"async\" class=\"alignnone wp-image-229957\" src=\"https:\/\/www.tgrthaber.com\/mavikadin\/wp-content\/uploads\/kizilcik-selin.jpg-300x203.webp\" alt=\"\" width=\"1208\" height=\"818\" title=\"\" srcset=\"https:\/\/www.tgrthaber.com\/mavikadin\/wp-content\/uploads\/kizilcik-selin.jpg-300x203.webp 300w, https:\/\/www.tgrthaber.com\/mavikadin\/wp-content\/uploads\/kizilcik-selin.jpg-1024x693.webp 1024w, https:\/\/www.tgrthaber.com\/mavikadin\/wp-content\/uploads\/kizilcik-selin.jpg-768x520.webp 768w, https:\/\/www.tgrthaber.com\/mavikadin\/wp-content\/uploads\/kizilcik-selin.jpg.webp 1303w\" sizes=\"(max-width: 1208px) 100vw, 1208px\" \/><\/p>\n<hr \/>\n<p>Zaman atlamas\u0131 olacak dizide K\u0131v\u0131lc\u0131m Arslan&#8217;\u0131n yurt d\u0131l\u0131nda e\u011fitim alan k\u0131z\u0131 <a href=\"https:\/\/www.tgrthaber.com\/mavikadin\/kizilcik-serbeti-dizisin-sevilen-karakteri-geri-geliyor-dizi-de-tansiyon-ust-seviyelere-cikacak\/\">\u00c7imen Arslan<\/a>, K\u0131z\u0131lc\u0131k \u015eerbeti 5. b\u00f6l\u00fcmle birlikte yeniden dizinin kadrosunda olacak. Selin T\u00fcrkmen&#8217;in oynayaca\u011f\u0131 \u00c7imen rol\u00fc 4. sezon i\u00e7in geli\u015fen en \u00f6nemli s\u00fcrprizlerden biri olarak de\u011ferlendiriliyor.<\/p>\n<p><img loading=\"lazy\" decoding=\"async\" class=\"alignnone wp-image-229955\" src=\"https:\/\/www.tgrthaber.com\/mavikadin\/wp-content\/uploads\/68b6e64f536d3c558fbb4afb-300x169.webp\" alt=\"\" width=\"1208\" height=\"680\" title=\"\" srcset=\"https:\/\/www.tgrthaber.com\/mavikadin\/wp-content\/uploads\/68b6e64f536d3c558fbb4afb-300x169.webp 300w, https:\/\/www.tgrthaber.com\/mavikadin\/wp-content\/uploads\/68b6e64f536d3c558fbb4afb.webp 750w\" sizes=\"(max-width: 1208px) 100vw, 1208px\" \/><\/p>\n<hr \/>\n<p>Senaryosunu Melis Civelek ve Zeynep G\u00fcr&#8217;\u00fcn yazd\u0131\u011f\u0131 K\u0131z\u0131lc\u0131k \u015eerbeti&#8217;nin y\u00f6netmen koltu\u011funda ba\u015far\u0131l\u0131 isim \u00d6zg\u00fcr Sevimli oturuyor. K\u0131z\u0131lc\u0131k \u015eerbeti 4. sezon b\u00f6l\u00fcmleriyle \u00e7ok yak\u0131nda Show TV ekranlar\u0131na damga vurmaya haz\u0131rlan\u0131yor.<\/p>\n","protected":false},"excerpt":{"rendered":"<p>Show TV ekranlar\u0131n\u0131n y\u0131llard\u0131r reytinglerden d\u00fc\u015fmeyen dizisi K\u0131z\u0131lc\u0131k \u015eerbeti 4. sezonuyla ekranlara d\u00f6nmeye haz\u0131rlan\u0131yor. Yapt\u0131\u011f\u0131 final b\u00f6l\u00fcm\u00fcyle \u00e7ok konu\u015fulan K\u0131z\u0131lc\u0131k \u015eerbeti&#8217;nin yeni b\u00f6l\u00fcmleri ve yay\u0131n tarihi de merak konusu oldu. Peki K\u0131z\u0131lc\u0131k \u015eerbeti 4. sezon b\u00f6l\u00fcmleri ne zaman? Yeni sezon yay\u0131n tarihi netle\u015fti mi? \u0130\u015fte K\u0131z\u0131lc\u0131k \u015eerbeti 4. sezona dair merak edilen t\u00fcm detaylar&#8230;<\/p>\n","protected":false},"author":35,"featured_media":229948,"comment_status":"closed","ping_status":"closed","sticky":false,"template":"","format":"standard","meta":{"rank_math_lock_modified_date":false,"footnotes":""},"categories":[602],"tags":[3602,157,13013,61325,38294],"class_list":["post-229947","post","type-post","status-publish","format-standard","has-post-thumbnail","hentry","category-diziler","tag-diziler","tag-kizilcik-serbeti","tag-kizilcik-serbeti-4-sezon","tag-kizilcik-serbeti-cimen-karakteri","tag-show-tv-dizileri"],"_links":{"self":[{"href":"https:\/\/www.tgrthaber.com\/mavikadin\/wp-json\/wp\/v2\/posts\/229947"}],"collection":[{"href":"https:\/\/www.tgrthaber.com\/mavikadin\/wp-json\/wp\/v2\/posts"}],"about":[{"href":"https:\/\/www.tgrthaber.com\/mavikadin\/wp-json\/wp\/v2\/types\/post"}],"author":[{"embeddable":true,"href":"https:\/\/www.tgrthaber.com\/mavikadin\/wp-json\/wp\/v2\/users\/35"}],"replies":[{"embeddable":true,"href":"https:\/\/www.tgrthaber.com\/mavikadin\/wp-json\/wp\/v2\/comments?post=229947"}],"version-history":[{"count":1,"href":"https:\/\/www.tgrthaber.com\/mavikadin\/wp-json\/wp\/v2\/posts\/229947\/revisions"}],"predecessor-version":[{"id":229958,"href":"https:\/\/www.tgrthaber.com\/mavikadin\/wp-json\/wp\/v2\/posts\/229947\/revisions\/229958"}],"wp:featuredmedia":[{"embeddable":true,"href":"https:\/\/www.tgrthaber.com\/mavikadin\/wp-json\/wp\/v2\/media\/229948"}],"wp:attachment":[{"href":"https:\/\/www.tgrthaber.com\/mavikadin\/wp-json\/wp\/v2\/media?parent=229947"}],"wp:term":[{"taxonomy":"category","embeddable":true,"href":"https:\/\/www.tgrthaber.com\/mavikadin\/wp-json\/wp\/v2\/categories?post=229947"},{"taxonomy":"post_tag","embeddable":true,"href":"https:\/\/www.tgrthaber.com\/mavikadin\/wp-json\/wp\/v2\/tags?post=229947"}],"curies":[{"name":"wp","href":"https:\/\/api.w.org\/{rel}","templated":true}]}}