{"id":229960,"date":"2025-09-03T08:46:31","date_gmt":"2025-09-03T05:46:31","guid":{"rendered":"https:\/\/www.tgrthaber.com\/mavikadin\/?p=229960"},"modified":"2025-09-03T08:47:25","modified_gmt":"2025-09-03T05:47:25","slug":"cihan-unal-osman-bey-karakterine-hazirlaniyor-burak-ozcivitin-yaslanmis-halini-oynayacak","status":"publish","type":"post","link":"https:\/\/www.tgrthaber.com\/mavikadin\/cihan-unal-osman-bey-karakterine-hazirlaniyor-burak-ozcivitin-yaslanmis-halini-oynayacak\/","title":{"rendered":"Cihan \u00dcnal Osman Bey karakterine haz\u0131rlan\u0131yor! Burak \u00d6z\u00e7ivit\u2019in ya\u015flanm\u0131\u015f halini oynayacak"},"content":{"rendered":"<p>Cihan \u00dcnal Sultan Orhan dizisi i\u00e7in haz\u0131rland\u0131\u011f\u0131n\u0131 duyurdu. Sosyal medya hesab\u0131ndan payla\u015f\u0131mda bulunan oyuncu Sultan Orhan dizisinin yeni kahramanlar\u0131ndan biri olacak.<\/p>\n<h3>C\u0130HAN \u00dcNAL OSMAN BEY KARAKTER\u0130NE HAZIRLANIYOR<\/h3>\n<p>Sultan Orhan dizisinin oyuncular\u0131ndan Cihan \u00dcnal dizi i\u00e7in haz\u0131rl\u0131klar\u0131na ba\u015flad\u0131. Peki Cihan \u00dcnal\u2019\u0131n Sultan Orhan dizisindeki rol\u00fc ne olacak? Burak \u00d6z\u00e7ivit\u2019in Kurulu\u015f Osman\u2019a vedas\u0131 ile dizi yeni bir zamana atlama yapmaya karar verdi. Hem oyuncular hem de senaryoda de\u011fi\u015fikliklere gidildi.<\/p>\n<p><img loading=\"lazy\" decoding=\"async\" class=\"aligncenter size-full wp-image-229961\" src=\"https:\/\/www.tgrthaber.com\/mavikadin\/wp-content\/uploads\/Cihan-Unal-2.jpeg\" alt=\"\" width=\"1208\" height=\"680\" title=\"\" srcset=\"https:\/\/www.tgrthaber.com\/mavikadin\/wp-content\/uploads\/Cihan-Unal-2.jpeg 1208w, https:\/\/www.tgrthaber.com\/mavikadin\/wp-content\/uploads\/Cihan-Unal-2-300x169.jpeg 300w, https:\/\/www.tgrthaber.com\/mavikadin\/wp-content\/uploads\/Cihan-Unal-2-1024x576.jpeg 1024w, https:\/\/www.tgrthaber.com\/mavikadin\/wp-content\/uploads\/Cihan-Unal-2-768x432.jpeg 768w\" sizes=\"(max-width: 1208px) 100vw, 1208px\" \/><\/p>\n<hr \/>\n<p>Burak \u00d6z\u00e7ivit\u2019in maa\u015f konusunda anla\u015famamas\u0131 ve sonras\u0131nda diziden ayr\u0131lmas\u0131 b\u00fcy\u00fck bir yank\u0131 uyand\u0131rm\u0131\u015ft\u0131. Mert Yaz\u0131c\u0131o\u011flu, Bar\u0131\u015f Falay gibi oyuncular\u0131n dahil oldu\u011fu dizide \u00f6nemli karakterlerden Cihan \u00dcnal\u2019\u0131n da yer alaca\u011f\u0131 a\u00e7\u0131klanm\u0131\u015ft\u0131.<\/p>\n<p><img loading=\"lazy\" decoding=\"async\" class=\"aligncenter size-full wp-image-229962\" src=\"https:\/\/www.tgrthaber.com\/mavikadin\/wp-content\/uploads\/Cihan-Unal-3.jpeg\" alt=\"\" width=\"1208\" height=\"680\" title=\"\" srcset=\"https:\/\/www.tgrthaber.com\/mavikadin\/wp-content\/uploads\/Cihan-Unal-3.jpeg 1208w, https:\/\/www.tgrthaber.com\/mavikadin\/wp-content\/uploads\/Cihan-Unal-3-300x169.jpeg 300w, https:\/\/www.tgrthaber.com\/mavikadin\/wp-content\/uploads\/Cihan-Unal-3-1024x576.jpeg 1024w, https:\/\/www.tgrthaber.com\/mavikadin\/wp-content\/uploads\/Cihan-Unal-3-768x432.jpeg 768w\" sizes=\"(max-width: 1208px) 100vw, 1208px\" \/><\/p>\n<hr \/>\n<h3>C\u0130HAN \u00dcNAL\u2019IN SULTAN ORHAN\u2019DAK\u0130 ROL\u00dc NE?<\/h3>\n<p>Sultan Orhan dizisinde yer alacak Cihan \u00dcnal\u2019\u0131n Osman Bey karakterinin ya\u015flanm\u0131\u015f halini oynayaca\u011f\u0131 biliniyor.<\/p>\n<p>Usta oyuncu \u015fimdilerde Kurulu\u015f Osman dizisiyle b\u00fcy\u00fck ses getirmeye devam ediyor. Fenomen dizi ile ekranlara d\u00f6nmeye haz\u0131rlanan \u00dcnal\u2019\u0131n nas\u0131l bir performans sergileyece\u011fi \u015fimdiden merak konusu oldu.<\/p>\n<p><img loading=\"lazy\" decoding=\"async\" class=\"aligncenter size-full wp-image-229963\" src=\"https:\/\/www.tgrthaber.com\/mavikadin\/wp-content\/uploads\/Cihan-Unal-4.jpeg\" alt=\"\" width=\"1208\" height=\"680\" title=\"\" srcset=\"https:\/\/www.tgrthaber.com\/mavikadin\/wp-content\/uploads\/Cihan-Unal-4.jpeg 1208w, https:\/\/www.tgrthaber.com\/mavikadin\/wp-content\/uploads\/Cihan-Unal-4-300x169.jpeg 300w, https:\/\/www.tgrthaber.com\/mavikadin\/wp-content\/uploads\/Cihan-Unal-4-1024x576.jpeg 1024w, https:\/\/www.tgrthaber.com\/mavikadin\/wp-content\/uploads\/Cihan-Unal-4-768x432.jpeg 768w\" sizes=\"(max-width: 1208px) 100vw, 1208px\" \/><\/p>\n<hr \/>\n<h3>7. SEZONA NE ZAMAN BA\u015eLIYOR?<\/h3>\n<p>Oyuncu Burak \u00d6z\u00e7ivit\u2019in ani vedas\u0131yla t\u00fcm dengelerin alt \u00fcst oldu\u011fu Sultan Orhan dizisinin yeni sezonunda Cihan \u00dcnal\u2019\u0131n diziye ne zaman ve nas\u0131l dahil olaca\u011f\u0131 bilinmiyor.<br \/>\nSultan Orhan dizisi yeni sezona yeni kadro ve yeni hikayeyle giri\u015f yapmaya haz\u0131rlan\u0131yor.<\/p>\n<p><img loading=\"lazy\" decoding=\"async\" class=\"aligncenter size-full wp-image-229964\" src=\"https:\/\/www.tgrthaber.com\/mavikadin\/wp-content\/uploads\/Cihan-Unal-6.jpeg\" alt=\"\" width=\"1208\" height=\"680\" title=\"\" srcset=\"https:\/\/www.tgrthaber.com\/mavikadin\/wp-content\/uploads\/Cihan-Unal-6.jpeg 1208w, https:\/\/www.tgrthaber.com\/mavikadin\/wp-content\/uploads\/Cihan-Unal-6-300x169.jpeg 300w, https:\/\/www.tgrthaber.com\/mavikadin\/wp-content\/uploads\/Cihan-Unal-6-1024x576.jpeg 1024w, https:\/\/www.tgrthaber.com\/mavikadin\/wp-content\/uploads\/Cihan-Unal-6-768x432.jpeg 768w\" sizes=\"(max-width: 1208px) 100vw, 1208px\" \/><\/p>\n<hr \/>\n<p>Zaman atlamas\u0131 olacak dizide 7. sezona dahil olan Cihan \u00dcnal\u2019\u0131n, \u00e7ekimler s\u0131ras\u0131nda bir aksilik ya\u015fanmazsa Ekim-Kas\u0131m ay\u0131 gibi Sultan Orhan dizisiyle ekranlarda olaca\u011f\u0131 tahmin ediliyor.<\/p>\n<p><img loading=\"lazy\" decoding=\"async\" class=\"aligncenter size-full wp-image-214829\" src=\"https:\/\/www.tgrthaber.com\/mavikadin\/wp-content\/uploads\/Mert-Yazicioglu-1-1.png\" alt=\"\" width=\"1208\" height=\"680\" title=\"\" srcset=\"https:\/\/www.tgrthaber.com\/mavikadin\/wp-content\/uploads\/Mert-Yazicioglu-1-1.png 1208w, https:\/\/www.tgrthaber.com\/mavikadin\/wp-content\/uploads\/Mert-Yazicioglu-1-1-300x169.png 300w, https:\/\/www.tgrthaber.com\/mavikadin\/wp-content\/uploads\/Mert-Yazicioglu-1-1-1024x576.png 1024w, https:\/\/www.tgrthaber.com\/mavikadin\/wp-content\/uploads\/Mert-Yazicioglu-1-1-768x432.png 768w\" sizes=\"(max-width: 1208px) 100vw, 1208px\" \/><\/p>\n<hr \/>\n<p>Yeni hikayesi ve yeni b\u00f6l\u00fcmleriyle ekranlara gelecek olan dizinin Mart ya da Nisan ay\u0131 gibi final yapaca\u011f\u0131 iddia ediliyor.<\/p>\n<p><img loading=\"lazy\" decoding=\"async\" class=\"aligncenter size-full wp-image-229968\" src=\"https:\/\/www.tgrthaber.com\/mavikadin\/wp-content\/uploads\/Cihan-Unal-7.jpeg\" alt=\"\" width=\"1208\" height=\"680\" title=\"\" srcset=\"https:\/\/www.tgrthaber.com\/mavikadin\/wp-content\/uploads\/Cihan-Unal-7.jpeg 1208w, https:\/\/www.tgrthaber.com\/mavikadin\/wp-content\/uploads\/Cihan-Unal-7-300x169.jpeg 300w, https:\/\/www.tgrthaber.com\/mavikadin\/wp-content\/uploads\/Cihan-Unal-7-1024x576.jpeg 1024w, https:\/\/www.tgrthaber.com\/mavikadin\/wp-content\/uploads\/Cihan-Unal-7-768x432.jpeg 768w\" sizes=\"(max-width: 1208px) 100vw, 1208px\" \/><\/p>\n<hr \/>\n<p>Bu ay i\u00e7inde sete \u00e7\u0131kmaya haz\u0131rlanan Sultan Orhan dizisi \u015fu anda Onur Bay ve An\u0131l \u0130lter gibi isimlerle g\u00f6r\u00fc\u015fmeler devam ediyor. Dizide daha \u00f6nce oynayaca\u011f\u0131 a\u00e7\u0131klanan Bar\u0131\u015f Falay, Mert Yaz\u0131c\u0131o\u011flu, Cihan \u00dcnal ve Bennu Y\u0131ld\u0131r\u0131mlar gibi isimlerle kadro g\u00fc\u00e7lendi.<\/p>\n","protected":false},"excerpt":{"rendered":"<p>Usta oyuncu Cihan \u00dcnal Sultan Orhan dizisi i\u00e7in haz\u0131rl\u0131klara ba\u015flad\u0131. Diziye haz\u0131rland\u0131\u011f\u0131n\u0131 sosyal medya hesab\u0131ndan payla\u015fan \u00fcnl\u00fc isim k\u0131sa s\u00fcrede g\u00fcndem oldu.<\/p>\n","protected":false},"author":5,"featured_media":229965,"comment_status":"closed","ping_status":"closed","sticky":false,"template":"","format":"standard","meta":{"rank_math_lock_modified_date":false,"footnotes":""},"categories":[602],"tags":[19546,3602,3072,60515],"class_list":["post-229960","post","type-post","status-publish","format-standard","has-post-thumbnail","hentry","category-diziler","tag-cihan-unal","tag-diziler","tag-kurulus-osman","tag-sultan-orhan"],"_links":{"self":[{"href":"https:\/\/www.tgrthaber.com\/mavikadin\/wp-json\/wp\/v2\/posts\/229960"}],"collection":[{"href":"https:\/\/www.tgrthaber.com\/mavikadin\/wp-json\/wp\/v2\/posts"}],"about":[{"href":"https:\/\/www.tgrthaber.com\/mavikadin\/wp-json\/wp\/v2\/types\/post"}],"author":[{"embeddable":true,"href":"https:\/\/www.tgrthaber.com\/mavikadin\/wp-json\/wp\/v2\/users\/5"}],"replies":[{"embeddable":true,"href":"https:\/\/www.tgrthaber.com\/mavikadin\/wp-json\/wp\/v2\/comments?post=229960"}],"version-history":[{"count":3,"href":"https:\/\/www.tgrthaber.com\/mavikadin\/wp-json\/wp\/v2\/posts\/229960\/revisions"}],"predecessor-version":[{"id":229969,"href":"https:\/\/www.tgrthaber.com\/mavikadin\/wp-json\/wp\/v2\/posts\/229960\/revisions\/229969"}],"wp:featuredmedia":[{"embeddable":true,"href":"https:\/\/www.tgrthaber.com\/mavikadin\/wp-json\/wp\/v2\/media\/229965"}],"wp:attachment":[{"href":"https:\/\/www.tgrthaber.com\/mavikadin\/wp-json\/wp\/v2\/media?parent=229960"}],"wp:term":[{"taxonomy":"category","embeddable":true,"href":"https:\/\/www.tgrthaber.com\/mavikadin\/wp-json\/wp\/v2\/categories?post=229960"},{"taxonomy":"post_tag","embeddable":true,"href":"https:\/\/www.tgrthaber.com\/mavikadin\/wp-json\/wp\/v2\/tags?post=229960"}],"curies":[{"name":"wp","href":"https:\/\/api.w.org\/{rel}","templated":true}]}}