{"id":229970,"date":"2025-09-03T09:37:50","date_gmt":"2025-09-03T06:37:50","guid":{"rendered":"https:\/\/www.tgrthaber.com\/mavikadin\/?p=229970"},"modified":"2025-09-03T09:37:50","modified_gmt":"2025-09-03T06:37:50","slug":"esref-ruya-dizisinde-soke-eden-ayrilik-afra-karakterini-oynayan-ebrar-karabakan-diziden-ayriliyor","status":"publish","type":"post","link":"https:\/\/www.tgrthaber.com\/mavikadin\/esref-ruya-dizisinde-soke-eden-ayrilik-afra-karakterini-oynayan-ebrar-karabakan-diziden-ayriliyor\/","title":{"rendered":"E\u015fref R\u00fcya dizisinde \u015foke eden ayr\u0131l\u0131k! Afra karakterini oynayan Ebrar Karabakan diziden ayr\u0131l\u0131yor"},"content":{"rendered":"<p>E\u015fref R\u00fcya dizisi ikinci sezon ilk b\u00f6l\u00fcm \u00e7ekimleri t\u00fcm h\u0131z\u0131yla devam ederken bir ayr\u0131l\u0131k haberi geldi. Yeni sezona bomba gibi haz\u0131rlanan E\u015fref R\u00fcya dizisinde herkesi \u015foke eden bir ayr\u0131l\u0131k ya\u015fan\u0131yor. \u00c7ar\u015famba ak\u015famlar\u0131n\u0131n reyting rekortmeni dizisi E\u015fref R\u00fcya\u2019da \u2018Afra\u2019 karakteriyle izleyici kar\u015f\u0131s\u0131na ge\u00e7en Ebrar Karabakan kadroya veda ediyor. Afra karakterinin ayr\u0131l\u0131\u011f\u0131 sonras\u0131 dizide ne gibi geli\u015fmelerin ya\u015fanaca\u011f\u0131 da merakla ara\u015ft\u0131r\u0131l\u0131yor.<\/p>\n<h3>E\u015eREF R\u00dcYA D\u0130Z\u0130S\u0130NDE \u015eOKE EDEN AYRILIK!<\/h3>\n<p>E\u015fref R\u00fcya dizisinde herkesi \u015foke eden bir ayr\u0131l\u0131k ya\u015fan\u0131yor. Dizi yeni sezona bomba gibi haz\u0131rlan\u0131rken, gelen ayr\u0131l\u0131k haberi izleyicileri \u015fa\u015fk\u0131na \u00e7eviriyor. Ba\u015frollerinde \u00c7a\u011fatay Ulusoy ve Demet \u00d6zdemir\u2019in yer ald\u0131\u011f\u0131 dizi merakla bekleniyor. 2. sezonuyla izleyici kar\u015f\u0131s\u0131na \u00e7\u0131kmaya haz\u0131rlanan fenomen dizi, ekran maceras\u0131na ba\u015flamak i\u00e7in g\u00fcn say\u0131yor.<\/p>\n<p><img loading=\"lazy\" decoding=\"async\" class=\"alignnone wp-image-229973\" src=\"https:\/\/www.tgrthaber.com\/mavikadin\/wp-content\/uploads\/Adsiz-tasarim-9-73-1024x576.jpg\" alt=\"E\u015fref R\u00fcya dizisinde \u015foke eden ayr\u0131l\u0131k! Afra karakterini oynayan Ebrar Karabakan diziden ayr\u0131l\u0131yor\" width=\"1208\" height=\"680\" title=\"\" srcset=\"https:\/\/www.tgrthaber.com\/mavikadin\/wp-content\/uploads\/Adsiz-tasarim-9-73-1024x576.jpg 1024w, https:\/\/www.tgrthaber.com\/mavikadin\/wp-content\/uploads\/Adsiz-tasarim-9-73-300x169.jpg 300w, https:\/\/www.tgrthaber.com\/mavikadin\/wp-content\/uploads\/Adsiz-tasarim-9-73-768x432.jpg 768w, https:\/\/www.tgrthaber.com\/mavikadin\/wp-content\/uploads\/Adsiz-tasarim-9-73.jpg 1208w\" sizes=\"(max-width: 1208px) 100vw, 1208px\" \/><\/p>\n<hr \/>\n<p>Kanal D ekranlar\u0131n\u0131n fenomen dizisi E\u015fref R\u00fcya, ge\u00e7ti\u011fimiz sezon b\u00fcy\u00fck bir ilgiyle takip edilmi\u015fti. \u0130zlenme rekorlar\u0131na imza atan dizi, seyirciden tam puan alm\u0131\u015ft\u0131. \u0130lk sezon g\u00fc\u00e7l\u00fc oyuncu kadrosu ve etkileyici hikayesiyle dikkat \u00e7eken dizi, \u00e7ar\u015famba ak\u015famlar\u0131na damga vuran dizilerden biri olmu\u015ftu.<\/p>\n<p><img loading=\"lazy\" decoding=\"async\" class=\"alignnone wp-image-229974\" src=\"https:\/\/www.tgrthaber.com\/mavikadin\/wp-content\/uploads\/Adsiz-tasarim-13-64-1024x576.jpg\" alt=\"E\u015fref R\u00fcya dizisinde \u015foke eden ayr\u0131l\u0131k! Afra karakterini oynayan Ebrar Karabakan diziden ayr\u0131l\u0131yor\" width=\"1208\" height=\"680\" title=\"\" srcset=\"https:\/\/www.tgrthaber.com\/mavikadin\/wp-content\/uploads\/Adsiz-tasarim-13-64-1024x576.jpg 1024w, https:\/\/www.tgrthaber.com\/mavikadin\/wp-content\/uploads\/Adsiz-tasarim-13-64-300x169.jpg 300w, https:\/\/www.tgrthaber.com\/mavikadin\/wp-content\/uploads\/Adsiz-tasarim-13-64-768x432.jpg 768w, https:\/\/www.tgrthaber.com\/mavikadin\/wp-content\/uploads\/Adsiz-tasarim-13-64.jpg 1208w\" sizes=\"(max-width: 1208px) 100vw, 1208px\" \/><\/p>\n<hr \/>\n<p>Ge\u00e7ti\u011fimiz g\u00fcnlerde sete \u00e7\u0131kan <a href=\"https:\/\/www.tgrthaber.com\/mavikadin\/esref-ruya-dizisi-yeni-sezona-bomba-gibi-hazirlaniyor-2-sezon-cok-yakinda-seyirciyle-bulusuyor\/?p=3\">E\u015fref R\u00fcya<\/a> dizisi, \u015foke eden bir ayr\u0131l\u0131k haberiyle \u00e7alkalan\u0131yor. A\u015fk, ihanet ve su\u00e7 temalar\u0131n\u0131n derinlemesine i\u015flendi\u011fi Tims&amp;B imzal\u0131 E\u015fref R\u00fcya dizisi,\u00a0yeni sezona ba\u015flamadan ayr\u0131l\u0131k haberleriyle g\u00fcndeme geliyor. Ge\u00e7ti\u011fimiz sezon b\u00fcy\u00fck bir ba\u015far\u0131ya imza atan dizinin y\u00f6netmen koltu\u011funda Ulu\u00e7 Bayraktar otururken, senaryosunu ise Ethem \u00d6z\u0131\u015f\u0131k ve Lokman Maral kaleme al\u0131yor.<\/p>\n<p><img loading=\"lazy\" decoding=\"async\" class=\"alignnone wp-image-229975\" src=\"https:\/\/www.tgrthaber.com\/mavikadin\/wp-content\/uploads\/Adsiz-tasarim-10-79-1024x576.jpg\" alt=\"E\u015fref R\u00fcya dizisinde \u015foke eden ayr\u0131l\u0131k! Afra karakterini oynayan Ebrar Karabakan diziden ayr\u0131l\u0131yor\" width=\"1208\" height=\"680\" title=\"\" srcset=\"https:\/\/www.tgrthaber.com\/mavikadin\/wp-content\/uploads\/Adsiz-tasarim-10-79-1024x576.jpg 1024w, https:\/\/www.tgrthaber.com\/mavikadin\/wp-content\/uploads\/Adsiz-tasarim-10-79-300x169.jpg 300w, https:\/\/www.tgrthaber.com\/mavikadin\/wp-content\/uploads\/Adsiz-tasarim-10-79-768x432.jpg 768w, https:\/\/www.tgrthaber.com\/mavikadin\/wp-content\/uploads\/Adsiz-tasarim-10-79.jpg 1208w\" sizes=\"(max-width: 1208px) 100vw, 1208px\" \/><\/p>\n<hr \/>\n<p>Yeni sezonda E\u015fref R\u00fcya dizisine yeni karakterlerin de dahil olmas\u0131yla heyecan ikiye katlan\u0131yor. A\u015fk\u0131n, karanl\u0131k ili\u015fkilerin, ihanetlerin ve g\u00fc\u00e7 sava\u015flar\u0131n\u0131n da anlat\u0131ld\u0131\u011f\u0131 E\u015fref R\u00fcya dizisi, ge\u00e7en sezon oldu\u011fu gibi yeni sezonda da izleyiciyi ekran ba\u015f\u0131na kilitlemeye haz\u0131rlan\u0131yor.<\/p>\n<p><img loading=\"lazy\" decoding=\"async\" class=\"alignnone wp-image-229976\" src=\"https:\/\/www.tgrthaber.com\/mavikadin\/wp-content\/uploads\/Esref-Ruya-Afra-3-1024x576.jpg\" alt=\"E\u015fref R\u00fcya dizisinde \u015foke eden ayr\u0131l\u0131k! Afra karakterini oynayan Ebrar Karabakan diziden ayr\u0131l\u0131yor\" width=\"1208\" height=\"680\" title=\"\" srcset=\"https:\/\/www.tgrthaber.com\/mavikadin\/wp-content\/uploads\/Esref-Ruya-Afra-3-1024x576.jpg 1024w, https:\/\/www.tgrthaber.com\/mavikadin\/wp-content\/uploads\/Esref-Ruya-Afra-3-300x169.jpg 300w, https:\/\/www.tgrthaber.com\/mavikadin\/wp-content\/uploads\/Esref-Ruya-Afra-3-768x432.jpg 768w, https:\/\/www.tgrthaber.com\/mavikadin\/wp-content\/uploads\/Esref-Ruya-Afra-3.jpg 1208w\" sizes=\"(max-width: 1208px) 100vw, 1208px\" \/><\/p>\n<hr \/>\n<h3>AFRA KARAKTER\u0130N\u0130 OYNAYAN EBRAR KARABAKAN D\u0130Z\u0130DEN AYRILIYOR!<\/h3>\n<p>E\u015fref R\u00fcya dizisinin 2. sezon \u00e7ekimleri t\u00fcm h\u0131z\u0131yla devam ederken, \u015foke eden bir ayr\u0131l\u0131k haberi geldi. Ekibe dahil olan <a href=\"https:\/\/www.tgrthaber.com\/mavikadin\/taner-rumeli-esref-ruya-dizisinde-esrefe-rakip-geliyor-dincer-karakteriyle-ekranlara-donuyor\/\">Taner Rumeli<\/a>\u2019nin Nisan\u2019\u0131n (Demet \u00d6zdemir) hayat\u0131n\u0131 de\u011fi\u015ftirece\u011fi dizide fla\u015f bir ayr\u0131l\u0131\u011f\u0131n ya\u015fanaca\u011f\u0131 a\u00e7\u0131kland\u0131.<\/p>\n<p><img loading=\"lazy\" decoding=\"async\" class=\"alignnone wp-image-229977\" src=\"https:\/\/www.tgrthaber.com\/mavikadin\/wp-content\/uploads\/Esref-Ruya-Afra-1-1024x576.jpg\" alt=\"E\u015fref R\u00fcya dizisinde \u015foke eden ayr\u0131l\u0131k! Afra karakterini oynayan Ebrar Karabakan diziden ayr\u0131l\u0131yor\" width=\"1208\" height=\"680\" title=\"\" srcset=\"https:\/\/www.tgrthaber.com\/mavikadin\/wp-content\/uploads\/Esref-Ruya-Afra-1-1024x576.jpg 1024w, https:\/\/www.tgrthaber.com\/mavikadin\/wp-content\/uploads\/Esref-Ruya-Afra-1-300x169.jpg 300w, https:\/\/www.tgrthaber.com\/mavikadin\/wp-content\/uploads\/Esref-Ruya-Afra-1-768x432.jpg 768w, https:\/\/www.tgrthaber.com\/mavikadin\/wp-content\/uploads\/Esref-Ruya-Afra-1.jpg 1208w\" sizes=\"(max-width: 1208px) 100vw, 1208px\" \/><\/p>\n<hr \/>\n<p>Kanal D ekranlar\u0131n\u0131n fenomen dizisi E\u015fref R\u00fcya, reyting rekorlar\u0131 k\u0131rarak \u00c7ar\u015famba ak\u015famlar\u0131na damga vurmu\u015ftu. Dizinin 2. sezon ilk b\u00f6l\u00fcm \u00e7ekimleri t\u00fcm h\u0131z\u0131yla devam ederken gelen ayr\u0131l\u0131k haberi izleyicileri \u015fa\u015fk\u0131na \u00e7evirdi.<\/p>\n<p><img loading=\"lazy\" decoding=\"async\" class=\"alignnone wp-image-229978\" src=\"https:\/\/www.tgrthaber.com\/mavikadin\/wp-content\/uploads\/Esref-Ruya-Afra-6-1024x576.jpg\" alt=\"E\u015fref R\u00fcya dizisinde \u015foke eden ayr\u0131l\u0131k! Afra karakterini oynayan Ebrar Karabakan diziden ayr\u0131l\u0131yor\" width=\"1208\" height=\"680\" title=\"\" srcset=\"https:\/\/www.tgrthaber.com\/mavikadin\/wp-content\/uploads\/Esref-Ruya-Afra-6-1024x576.jpg 1024w, https:\/\/www.tgrthaber.com\/mavikadin\/wp-content\/uploads\/Esref-Ruya-Afra-6-300x169.jpg 300w, https:\/\/www.tgrthaber.com\/mavikadin\/wp-content\/uploads\/Esref-Ruya-Afra-6-768x432.jpg 768w, https:\/\/www.tgrthaber.com\/mavikadin\/wp-content\/uploads\/Esref-Ruya-Afra-6.jpg 1208w\" sizes=\"(max-width: 1208px) 100vw, 1208px\" \/><\/p>\n<hr \/>\n<p>Gazeteci Birsen Altunta\u015f\u2019\u0131n haberine g\u00f6re; dizide \u2018Afra\u2019 karakteriyle izleyici kar\u015f\u0131s\u0131na ge\u00e7en Ebrar Karabakan\u2019\u0131n diziye veda edece\u011fi \u00f6\u011frenildi. G\u00fczelli\u011fi ve yetene\u011fiyle dikkat \u00e7eken ve dizide Afra karakterini oynayan Ebrar Karabakan, kulislerden s\u0131zan bilgiye g\u00f6re ekipten ayr\u0131laca\u011f\u0131 a\u00e7\u0131kland\u0131. Bu ayr\u0131l\u0131\u011f\u0131n ise dizinin ilk b\u00f6l\u00fcmlerinde ya\u015fanaca\u011f\u0131 gelen bilgiler aras\u0131nda yer ald\u0131.<\/p>\n","protected":false},"excerpt":{"rendered":"<p>E\u015fref R\u00fcya dizisi yeni sezona bomba gibi haz\u0131rlan\u0131rken, \u015foke eden bir ayr\u0131l\u0131k haberi geldi. Dizide \u2018Afra\u2019 karakteriyle izleyici kar\u015f\u0131s\u0131na \u00e7\u0131kan Ebrar Karabakan\u2019\u0131n E\u015fref R\u00fcya\u2019ya veda edece\u011fi \u00f6\u011frenildi.<\/p>\n","protected":false},"author":26,"featured_media":229971,"comment_status":"closed","ping_status":"closed","sticky":false,"template":"","format":"standard","meta":{"rank_math_lock_modified_date":false,"footnotes":""},"categories":[602],"tags":[32159,2628,16392,4755,18446,11026],"class_list":["post-229970","post","type-post","status-publish","format-standard","has-post-thumbnail","hentry","category-diziler","tag-dizi","tag-dizi-haberleri","tag-ebrar-karabakan","tag-esref-ruya","tag-esref-ruya-afra","tag-esref-ruya-dizi"],"_links":{"self":[{"href":"https:\/\/www.tgrthaber.com\/mavikadin\/wp-json\/wp\/v2\/posts\/229970"}],"collection":[{"href":"https:\/\/www.tgrthaber.com\/mavikadin\/wp-json\/wp\/v2\/posts"}],"about":[{"href":"https:\/\/www.tgrthaber.com\/mavikadin\/wp-json\/wp\/v2\/types\/post"}],"author":[{"embeddable":true,"href":"https:\/\/www.tgrthaber.com\/mavikadin\/wp-json\/wp\/v2\/users\/26"}],"replies":[{"embeddable":true,"href":"https:\/\/www.tgrthaber.com\/mavikadin\/wp-json\/wp\/v2\/comments?post=229970"}],"version-history":[{"count":2,"href":"https:\/\/www.tgrthaber.com\/mavikadin\/wp-json\/wp\/v2\/posts\/229970\/revisions"}],"predecessor-version":[{"id":229980,"href":"https:\/\/www.tgrthaber.com\/mavikadin\/wp-json\/wp\/v2\/posts\/229970\/revisions\/229980"}],"wp:featuredmedia":[{"embeddable":true,"href":"https:\/\/www.tgrthaber.com\/mavikadin\/wp-json\/wp\/v2\/media\/229971"}],"wp:attachment":[{"href":"https:\/\/www.tgrthaber.com\/mavikadin\/wp-json\/wp\/v2\/media?parent=229970"}],"wp:term":[{"taxonomy":"category","embeddable":true,"href":"https:\/\/www.tgrthaber.com\/mavikadin\/wp-json\/wp\/v2\/categories?post=229970"},{"taxonomy":"post_tag","embeddable":true,"href":"https:\/\/www.tgrthaber.com\/mavikadin\/wp-json\/wp\/v2\/tags?post=229970"}],"curies":[{"name":"wp","href":"https:\/\/api.w.org\/{rel}","templated":true}]}}