{"id":229981,"date":"2025-09-03T09:47:10","date_gmt":"2025-09-03T06:47:10","guid":{"rendered":"https:\/\/www.tgrthaber.com\/mavikadin\/?p=229981"},"modified":"2025-09-03T09:48:20","modified_gmt":"2025-09-03T06:48:20","slug":"uzak-sehir-dizisine-guclu-2-rakip-geliyor-a-b-i-ve-cennetin-cocuklariyla-mucadele-edecek","status":"publish","type":"post","link":"https:\/\/www.tgrthaber.com\/mavikadin\/uzak-sehir-dizisine-guclu-2-rakip-geliyor-a-b-i-ve-cennetin-cocuklariyla-mucadele-edecek\/","title":{"rendered":"Uzak \u015eehir dizisine g\u00fc\u00e7l\u00fc 2 rakip geliyor! A.B.\u0130 ve Cennetin \u00c7ocuklar\u0131\u2019yla m\u00fccadele edecek"},"content":{"rendered":"<p>Ekranlar\u0131n sevilen projelerinden Uzak \u015eehir dizisine g\u00fc\u00e7l\u00fc rakipler geliyor. Pazartesi g\u00fcnleri ekranlara gelen diziyle ayn\u0131 g\u00fcn yay\u0131nlanacak dizilerin nas\u0131l bir tepki alaca\u011f\u0131 merak konusu.<\/p>\n<h3>UZAK \u015eEH\u0130R D\u0130Z\u0130S\u0130NE G\u00dc\u00c7L\u00dc 2 RAK\u0130P GEL\u0130YOR!<\/h3>\n<p>Uzak \u015eehir dizisine g\u00fc\u00e7l\u00fc rakipler yolda. Kenan \u0130mirzal\u0131o\u011flu ile Afra Sara\u00e7o\u011flu&#8217;lu A.B.\u0130 dizisi ile \u0130smail Hac\u0131o\u011flu ile \u00d6zg\u00fc Kaya&#8217;y\u0131 bir araya getiren Cennetin \u00c7ocuklar\u0131 dizisi pazartesi ak\u015fam\u0131 ekranlara gelecek.<\/p>\n<p><img loading=\"lazy\" decoding=\"async\" class=\"aligncenter size-full wp-image-229983\" src=\"https:\/\/www.tgrthaber.com\/mavikadin\/wp-content\/uploads\/Uzak-Sehir-1-28.jpg\" alt=\"\" width=\"1200\" height=\"674\" title=\"\" srcset=\"https:\/\/www.tgrthaber.com\/mavikadin\/wp-content\/uploads\/Uzak-Sehir-1-28.jpg 1200w, https:\/\/www.tgrthaber.com\/mavikadin\/wp-content\/uploads\/Uzak-Sehir-1-28-300x169.jpg 300w, https:\/\/www.tgrthaber.com\/mavikadin\/wp-content\/uploads\/Uzak-Sehir-1-28-1024x575.jpg 1024w, https:\/\/www.tgrthaber.com\/mavikadin\/wp-content\/uploads\/Uzak-Sehir-1-28-768x431.jpg 768w\" sizes=\"(max-width: 1200px) 100vw, 1200px\" \/><\/p>\n<hr \/>\n<h3>A.B.\u0130. D\u0130Z\u0130S\u0130 KONUSU<\/h3>\n<p>Ge\u00e7mi\u015fini geride b\u0131rak\u0131p kendi hayat\u0131n\u0131 kurmu\u015f bir doktor olan Do\u011fan (Kenan \u0130mirzal\u0131o\u011flu), y\u0131llar sonra karde\u015finin d\u00fc\u011f\u00fcn\u00fc vesilesiyle ailesiyle yeniden bir araya gelir.<\/p>\n<p>Kenan \u0130mirzal\u0131o\u011flu ve Afra Sara\u00e7o\u011flu\u2019nun ba\u015frolleri payla\u015ft\u0131\u011f\u0131 dizinin yap\u0131mc\u0131l\u0131\u011f\u0131n\u0131 Onur G\u00fcvenatam \u00fcstleniyor.<\/p>\n<p><img loading=\"lazy\" decoding=\"async\" class=\"aligncenter size-full wp-image-229984\" src=\"https:\/\/www.tgrthaber.com\/mavikadin\/wp-content\/uploads\/ABI-1.webp\" alt=\"\" width=\"654\" height=\"368\" title=\"\" srcset=\"https:\/\/www.tgrthaber.com\/mavikadin\/wp-content\/uploads\/ABI-1.webp 654w, https:\/\/www.tgrthaber.com\/mavikadin\/wp-content\/uploads\/ABI-1-300x169.webp 300w\" sizes=\"(max-width: 654px) 100vw, 654px\" \/><\/p>\n<hr \/>\n<p>OGM Pictures imzal\u0131 yeni dizi \u201cAbi\u201d i\u00e7in geri say\u0131m ba\u015flad\u0131. Y\u00f6netmen koltu\u011funda Ya\u011fmur Taylan \u2013 Durul Taylan ile Murat Aksu otururken, senaryoyu Eylem Canpolat kaleme al\u0131yor.<br \/>\n\u201cCerrah Do\u011fan Hanc\u0131o\u011flu\u201dnu oynayacak Kenan \u0130mirzal\u0131o\u011flu\u2019nun partneri Afra Sara\u00e7o\u011flu, gen\u00e7 avukat \u00c7a\u011fla karakteriyle seyirci kar\u015f\u0131s\u0131na \u00e7\u0131kacak.<\/p>\n<p><img loading=\"lazy\" decoding=\"async\" class=\"aligncenter size-full wp-image-229985\" src=\"https:\/\/www.tgrthaber.com\/mavikadin\/wp-content\/uploads\/ABI-2.jpg\" alt=\"\" width=\"800\" height=\"480\" title=\"\" srcset=\"https:\/\/www.tgrthaber.com\/mavikadin\/wp-content\/uploads\/ABI-2.jpg 800w, https:\/\/www.tgrthaber.com\/mavikadin\/wp-content\/uploads\/ABI-2-300x180.jpg 300w, https:\/\/www.tgrthaber.com\/mavikadin\/wp-content\/uploads\/ABI-2-768x461.jpg 768w\" sizes=\"(max-width: 800px) 100vw, 800px\" \/><\/p>\n<hr \/>\n<p>Y\u00f6netmen koltu\u011funda Durul Taylan, Ya\u011fmur Taylan karde\u015flerin oturdu\u011fu dizide senaryo Eylem Canpolat, Deniz G\u00fcrlek, Melih \u00d6zy\u0131lmaz, Melek Seven\u2019e emanet.<\/p>\n<p><img loading=\"lazy\" decoding=\"async\" class=\"aligncenter size-full wp-image-229986\" src=\"https:\/\/www.tgrthaber.com\/mavikadin\/wp-content\/uploads\/ABI-1.jpg\" alt=\"\" width=\"1280\" height=\"720\" title=\"\" srcset=\"https:\/\/www.tgrthaber.com\/mavikadin\/wp-content\/uploads\/ABI-1.jpg 1280w, https:\/\/www.tgrthaber.com\/mavikadin\/wp-content\/uploads\/ABI-1-300x169.jpg 300w, https:\/\/www.tgrthaber.com\/mavikadin\/wp-content\/uploads\/ABI-1-1024x576.jpg 1024w, https:\/\/www.tgrthaber.com\/mavikadin\/wp-content\/uploads\/ABI-1-768x432.jpg 768w\" sizes=\"(max-width: 1280px) 100vw, 1280px\" \/><\/p>\n<hr \/>\n<h3>CENNET\u0130N \u00c7OCUKLARI H\u0130KAYES\u0130YLE D\u0130KKAT \u00c7EK\u0130YOR<\/h3>\n<p>\u0130smail Hac\u0131o\u011flu ile \u00d6zg\u00fc Kaya&#8217;y\u0131 bulu\u015fturan dizide \u0130skender adl\u0131 bir yeralt\u0131 karakterinin, zorlu ge\u00e7mi\u015finden s\u0131yr\u0131l\u0131p s\u0131cak bir yuvaya ve yeni bir hayata tutunma \u00e7abas\u0131n\u0131 konu al\u0131yor.\u00a0 \u0130skender, y\u0131llarca su\u00e7la i\u00e7 i\u00e7e ya\u015fam\u0131\u015f, sert kararlar alm\u0131\u015f bir isim olarak ekranlara gelecek. Tan\u0131\u015ft\u0131\u011f\u0131 insanlar ve beklenmedik ba\u011flar derken s\u00fcrprizlerle dolu bir hikaye.<\/p>\n<p><img loading=\"lazy\" decoding=\"async\" class=\"aligncenter size-full wp-image-229987\" src=\"https:\/\/www.tgrthaber.com\/mavikadin\/wp-content\/uploads\/Cennetin-Cocuklari-6.jpeg\" alt=\"\" width=\"1208\" height=\"680\" title=\"\" srcset=\"https:\/\/www.tgrthaber.com\/mavikadin\/wp-content\/uploads\/Cennetin-Cocuklari-6.jpeg 1208w, https:\/\/www.tgrthaber.com\/mavikadin\/wp-content\/uploads\/Cennetin-Cocuklari-6-300x169.jpeg 300w, https:\/\/www.tgrthaber.com\/mavikadin\/wp-content\/uploads\/Cennetin-Cocuklari-6-1024x576.jpeg 1024w, https:\/\/www.tgrthaber.com\/mavikadin\/wp-content\/uploads\/Cennetin-Cocuklari-6-768x432.jpeg 768w\" sizes=\"(max-width: 1208px) 100vw, 1208px\" \/><\/p>\n<hr \/>\n<p>\u0130smail Hac\u0131o\u011flu, \u00d6zg\u00fc Kaya, Melisa \u015eenolsun, Zafer Alg\u00f6z, Yurdaer Okur, Birand Tunca ve Ali D\u00fc\u015fenkalkar kadroda yer alan oyunculardan.<\/p>\n<p><img loading=\"lazy\" decoding=\"async\" class=\"aligncenter size-full wp-image-229988\" src=\"https:\/\/www.tgrthaber.com\/mavikadin\/wp-content\/uploads\/Cennetin-Cocuklari-5.jpeg\" alt=\"\" width=\"1208\" height=\"680\" title=\"\" srcset=\"https:\/\/www.tgrthaber.com\/mavikadin\/wp-content\/uploads\/Cennetin-Cocuklari-5.jpeg 1208w, https:\/\/www.tgrthaber.com\/mavikadin\/wp-content\/uploads\/Cennetin-Cocuklari-5-300x169.jpeg 300w, https:\/\/www.tgrthaber.com\/mavikadin\/wp-content\/uploads\/Cennetin-Cocuklari-5-1024x576.jpeg 1024w, https:\/\/www.tgrthaber.com\/mavikadin\/wp-content\/uploads\/Cennetin-Cocuklari-5-768x432.jpeg 768w\" sizes=\"(max-width: 1208px) 100vw, 1208px\" \/><\/p>\n<hr \/>\n<h3>UZAK \u015eEH\u0130R YEN\u0130 SEZONDA G\u00dcMB\u00dcR G\u00dcMB\u00dcR<\/h3>\n<p>Kanal D&#8217;nin fenomen a\u015firet dizisi Uzak \u015eehir yeni sezona bomba gibi geliyor. Son 5 y\u0131l\u0131n reyting rekorunu k\u0131ran Uzak \u015eehir a\u015firet dizilerini y\u0131llar sonra ekranlara ta\u015f\u0131m\u0131\u015ft\u0131. Ozan Akbaba ve Sinem \u00dcnsal&#8217;\u0131n ba\u015frolde yer ald\u0131\u011f\u0131 Uzak \u015eehir&#8217;in 2. sezon tan\u0131t\u0131m fragman\u0131 ge\u00e7ti\u011fimiz g\u00fcnlerde yay\u0131nland\u0131.<\/p>\n<p><img loading=\"lazy\" decoding=\"async\" class=\"aligncenter size-full wp-image-229989\" src=\"https:\/\/www.tgrthaber.com\/mavikadin\/wp-content\/uploads\/Uzak-Sehir-dizi.png\" alt=\"\" width=\"1208\" height=\"680\" title=\"\" srcset=\"https:\/\/www.tgrthaber.com\/mavikadin\/wp-content\/uploads\/Uzak-Sehir-dizi.png 1208w, https:\/\/www.tgrthaber.com\/mavikadin\/wp-content\/uploads\/Uzak-Sehir-dizi-300x169.png 300w, https:\/\/www.tgrthaber.com\/mavikadin\/wp-content\/uploads\/Uzak-Sehir-dizi-1024x576.png 1024w, https:\/\/www.tgrthaber.com\/mavikadin\/wp-content\/uploads\/Uzak-Sehir-dizi-768x432.png 768w\" sizes=\"(max-width: 1208px) 100vw, 1208px\" \/><\/p>\n","protected":false},"excerpt":{"rendered":"<p>Uzak \u015eehir dizisine g\u00fc\u00e7l\u00fc 2 rakip dizi geliyor. Kenan \u0130mirzal\u0131o\u011flu ve Afra Sara\u00e7o\u011flu&#8217;nun ba\u015frollerini payla\u015ft\u0131\u011f\u0131 A.B.\u0130 dizisi ve \u0130smail Hac\u0131o\u011flu ile \u00d6zg\u00fc Kaya&#8217;y\u0131 bulu\u015fturan Cennetin \u00c7ocuklar\u0131 dizisi Uzak \u015eehir ile ayn\u0131 g\u00fcn ekranlara gelecek.<\/p>\n","protected":false},"author":5,"featured_media":229990,"comment_status":"closed","ping_status":"closed","sticky":false,"template":"","format":"standard","meta":{"rank_math_lock_modified_date":false,"footnotes":""},"categories":[602],"tags":[61326,28345,3602,2349,3163,2293],"class_list":["post-229981","post","type-post","status-publish","format-standard","has-post-thumbnail","hentry","category-diziler","tag-a-b-i","tag-cennetin-cocuklari","tag-diziler","tag-ismail-hacioglu","tag-kenan-imirzalioglu","tag-uzak-sehir"],"_links":{"self":[{"href":"https:\/\/www.tgrthaber.com\/mavikadin\/wp-json\/wp\/v2\/posts\/229981"}],"collection":[{"href":"https:\/\/www.tgrthaber.com\/mavikadin\/wp-json\/wp\/v2\/posts"}],"about":[{"href":"https:\/\/www.tgrthaber.com\/mavikadin\/wp-json\/wp\/v2\/types\/post"}],"author":[{"embeddable":true,"href":"https:\/\/www.tgrthaber.com\/mavikadin\/wp-json\/wp\/v2\/users\/5"}],"replies":[{"embeddable":true,"href":"https:\/\/www.tgrthaber.com\/mavikadin\/wp-json\/wp\/v2\/comments?post=229981"}],"version-history":[{"count":2,"href":"https:\/\/www.tgrthaber.com\/mavikadin\/wp-json\/wp\/v2\/posts\/229981\/revisions"}],"predecessor-version":[{"id":229992,"href":"https:\/\/www.tgrthaber.com\/mavikadin\/wp-json\/wp\/v2\/posts\/229981\/revisions\/229992"}],"wp:featuredmedia":[{"embeddable":true,"href":"https:\/\/www.tgrthaber.com\/mavikadin\/wp-json\/wp\/v2\/media\/229990"}],"wp:attachment":[{"href":"https:\/\/www.tgrthaber.com\/mavikadin\/wp-json\/wp\/v2\/media?parent=229981"}],"wp:term":[{"taxonomy":"category","embeddable":true,"href":"https:\/\/www.tgrthaber.com\/mavikadin\/wp-json\/wp\/v2\/categories?post=229981"},{"taxonomy":"post_tag","embeddable":true,"href":"https:\/\/www.tgrthaber.com\/mavikadin\/wp-json\/wp\/v2\/tags?post=229981"}],"curies":[{"name":"wp","href":"https:\/\/api.w.org\/{rel}","templated":true}]}}