{"id":229993,"date":"2025-09-03T10:09:25","date_gmt":"2025-09-03T07:09:25","guid":{"rendered":"https:\/\/www.tgrthaber.com\/mavikadin\/?p=229993"},"modified":"2025-09-03T10:09:25","modified_gmt":"2025-09-03T07:09:25","slug":"ilhan-bozdag-kimdir-kac-yasinda-ilhan-bozdag-kimin-babasi","status":"publish","type":"post","link":"https:\/\/www.tgrthaber.com\/mavikadin\/ilhan-bozdag-kimdir-kac-yasinda-ilhan-bozdag-kimin-babasi\/","title":{"rendered":"\u0130lhan Bozda\u011f kimdir ka\u00e7 ya\u015f\u0131nda? \u0130lhan Bozda\u011f kimin babas\u0131?"},"content":{"rendered":"<p>Birbirinden ba\u015far\u0131l\u0131 yap\u0131mlar\u0131n yap\u0131mc\u0131s\u0131 Mehmet Bozda\u011f\u2019\u0131n ge\u00e7ti\u011fimiz saatlerde babas\u0131 \u0130lhan Bozda\u011f\u2019\u0131 hayat\u0131n\u0131 kaybetti. Bu haberleri sonras\u0131 \u0130lhan Bozda\u011f merak edilenler aras\u0131nda yer ald\u0131. Peki, \u0130lhan Bozda\u011f kimdir ka\u00e7 ya\u015f\u0131nda? \u0130lhan Bozda\u011f kimin babas\u0131? Sorular\u0131n\u0131 sizin i\u00e7in ara\u015ft\u0131rd\u0131k. \u0130\u015fte detaylar\u2026<\/p>\n<h3>\u0130LHAN BOZDA\u011e K\u0130MD\u0130R?<\/h3>\n<p>Birbirinden ba\u015far\u0131l\u0131 yap\u0131mlara imza atan Mehmet Bozda\u011f, Dirili\u015f Ertu\u011frul, Kurulu\u015f Osman, Destan gibi dizilerin yap\u0131mc\u0131l\u0131\u011f\u0131n\u0131 yapm\u0131\u015f bir isim olarak kar\u015f\u0131m\u0131za \u00e7\u0131k\u0131yor. Yap\u0131mlar\u0131 ile adeta dikkat \u00e7ekiyor. Ge\u00e7ti\u011fimiz saatlerde ise Mehmet Bozda\u011f\u2019\u0131n babas\u0131 \u0130lhan Bozda\u011f\u2019\u0131n hayat\u0131n\u0131 kaybetti\u011fi \u00f6\u011frenildi.<\/p>\n<p><img loading=\"lazy\" decoding=\"async\" class=\"alignnone size-full wp-image-230001\" src=\"https:\/\/www.tgrthaber.com\/mavikadin\/wp-content\/uploads\/ARZU-2025-09-03T100708.687.jpg\" alt=\"\u0130lhan Bozda\u011f kimdir ka\u00e7 ya\u015f\u0131nda? \u0130lhan Bozda\u011f kimin babas\u0131?\" width=\"1208\" height=\"680\" title=\"\" srcset=\"https:\/\/www.tgrthaber.com\/mavikadin\/wp-content\/uploads\/ARZU-2025-09-03T100708.687.jpg 1208w, https:\/\/www.tgrthaber.com\/mavikadin\/wp-content\/uploads\/ARZU-2025-09-03T100708.687-300x169.jpg 300w, https:\/\/www.tgrthaber.com\/mavikadin\/wp-content\/uploads\/ARZU-2025-09-03T100708.687-1024x576.jpg 1024w, https:\/\/www.tgrthaber.com\/mavikadin\/wp-content\/uploads\/ARZU-2025-09-03T100708.687-768x432.jpg 768w\" sizes=\"(max-width: 1208px) 100vw, 1208px\" \/><\/p>\n<hr \/>\n<p>\u00dcnl\u00fc yap\u0131mc\u0131n\u0131n babas\u0131 \u0130lhan Bozda\u011f\u2019\u0131n vefat\u0131yla ilgili Bozda\u011f Film\u2019in sosyal medya \u00fczerinden yap\u0131lan bir payla\u015f\u0131mla \u00f6\u011frenildi.<\/p>\n<p><img loading=\"lazy\" decoding=\"async\" class=\"alignnone size-full wp-image-229999\" src=\"https:\/\/www.tgrthaber.com\/mavikadin\/wp-content\/uploads\/ARZU-2025-09-03T100448.076.jpg\" alt=\"\u0130lhan Bozda\u011f kimdir ka\u00e7 ya\u015f\u0131nda? \u0130lhan Bozda\u011f kimin babas\u0131?\" width=\"1208\" height=\"680\" title=\"\" srcset=\"https:\/\/www.tgrthaber.com\/mavikadin\/wp-content\/uploads\/ARZU-2025-09-03T100448.076.jpg 1208w, https:\/\/www.tgrthaber.com\/mavikadin\/wp-content\/uploads\/ARZU-2025-09-03T100448.076-300x169.jpg 300w, https:\/\/www.tgrthaber.com\/mavikadin\/wp-content\/uploads\/ARZU-2025-09-03T100448.076-1024x576.jpg 1024w, https:\/\/www.tgrthaber.com\/mavikadin\/wp-content\/uploads\/ARZU-2025-09-03T100448.076-768x432.jpg 768w\" sizes=\"(max-width: 1208px) 100vw, 1208px\" \/><\/p>\n<hr \/>\n<p>Bozda\u011f Film\u2019in sosyal medya hesaplar\u0131 \u00fczerinden yapt\u0131\u011f\u0131 a\u00e7\u0131klama da &#8220;Y\u00f6netim Kurulu Ba\u015fkan\u0131m\u0131z Sn. Mehmet Bozda\u011f&#8217;\u0131n muhterem babas\u0131 \u0130lhan Bozda\u011f, Hakk&#8217;\u0131n rahmetine kavu\u015fmu\u015ftur.<\/p>\n<p>Merhumun cenazesi (03.09.2025) \u00e7ar\u015famba g\u00fcn\u00fc, ikindi namaz\u0131n\u0131 m\u00fcteakip Kayseri Hulusi Akar Camii&#8217;nde k\u0131l\u0131nacak cenaze namaz\u0131 ard\u0131ndan, Asri Mezarl\u0131k 1. Kap\u0131da defnedilecektir.\u201d S\u00f6zlerini ifade etti.<\/p>\n<h3><img loading=\"lazy\" decoding=\"async\" class=\"alignnone size-full wp-image-229998\" src=\"https:\/\/www.tgrthaber.com\/mavikadin\/wp-content\/uploads\/ARZU-2025-09-03T100453.989.jpg\" alt=\"\u0130lhan Bozda\u011f kimdir ka\u00e7 ya\u015f\u0131nda? \u0130lhan Bozda\u011f kimin babas\u0131?\" width=\"1208\" height=\"680\" title=\"\" srcset=\"https:\/\/www.tgrthaber.com\/mavikadin\/wp-content\/uploads\/ARZU-2025-09-03T100453.989.jpg 1208w, https:\/\/www.tgrthaber.com\/mavikadin\/wp-content\/uploads\/ARZU-2025-09-03T100453.989-300x169.jpg 300w, https:\/\/www.tgrthaber.com\/mavikadin\/wp-content\/uploads\/ARZU-2025-09-03T100453.989-1024x576.jpg 1024w, https:\/\/www.tgrthaber.com\/mavikadin\/wp-content\/uploads\/ARZU-2025-09-03T100453.989-768x432.jpg 768w\" sizes=\"(max-width: 1208px) 100vw, 1208px\" \/><\/h3>\n<hr \/>\n<h3>\u0130LHAN BOZDA\u011e KA\u00c7 YA\u015eINDA?<\/h3>\n<p>\u00dcnl\u00fc isim \u0130lhan Bozda\u011f, vefat haberi ile g\u00fcndeme geldi. \u0130lhan Bozda\u011f\u2019\u0131n do\u011fum tarihi ya da do\u011fdu\u011fu yer kamuoyunda bulunamam\u0131\u015ft\u0131r. Ancak Kayserili oldu\u011fu d\u00fc\u015f\u00fcn\u00fclen \u0130lhan Bozda\u011f hakk\u0131nda detayl\u0131 bir bilgi bulunamam\u0131\u015ft\u0131r.<\/p>\n<p><img loading=\"lazy\" decoding=\"async\" class=\"alignnone size-full wp-image-229997\" src=\"https:\/\/www.tgrthaber.com\/mavikadin\/wp-content\/uploads\/ARZU-2025-09-03T100521.722.jpg\" alt=\"\u0130lhan Bozda\u011f kimdir ka\u00e7 ya\u015f\u0131nda? \u0130lhan Bozda\u011f kimin babas\u0131?\" width=\"1208\" height=\"680\" title=\"\" srcset=\"https:\/\/www.tgrthaber.com\/mavikadin\/wp-content\/uploads\/ARZU-2025-09-03T100521.722.jpg 1208w, https:\/\/www.tgrthaber.com\/mavikadin\/wp-content\/uploads\/ARZU-2025-09-03T100521.722-300x169.jpg 300w, https:\/\/www.tgrthaber.com\/mavikadin\/wp-content\/uploads\/ARZU-2025-09-03T100521.722-1024x576.jpg 1024w, https:\/\/www.tgrthaber.com\/mavikadin\/wp-content\/uploads\/ARZU-2025-09-03T100521.722-768x432.jpg 768w\" sizes=\"(max-width: 1208px) 100vw, 1208px\" \/><\/p>\n<hr \/>\n<p>Kamuoyuna yans\u0131yan sadece Mehmet Bozda\u011f ve Salih Bozda\u011f\u2019\u0131n babalar\u0131 \u0130lhan Bozda\u011f, bilgisi sadece kamuoyuna yans\u0131yanlar aras\u0131nda yer al\u0131yor.<\/p>\n<h3><img loading=\"lazy\" decoding=\"async\" class=\"alignnone size-full wp-image-229996\" src=\"https:\/\/www.tgrthaber.com\/mavikadin\/wp-content\/uploads\/ARZU-2025-09-03T100531.364.jpg\" alt=\"\u0130lhan Bozda\u011f kimdir ka\u00e7 ya\u015f\u0131nda? \u0130lhan Bozda\u011f kimin babas\u0131?\" width=\"1208\" height=\"680\" title=\"\" srcset=\"https:\/\/www.tgrthaber.com\/mavikadin\/wp-content\/uploads\/ARZU-2025-09-03T100531.364.jpg 1208w, https:\/\/www.tgrthaber.com\/mavikadin\/wp-content\/uploads\/ARZU-2025-09-03T100531.364-300x169.jpg 300w, https:\/\/www.tgrthaber.com\/mavikadin\/wp-content\/uploads\/ARZU-2025-09-03T100531.364-1024x576.jpg 1024w, https:\/\/www.tgrthaber.com\/mavikadin\/wp-content\/uploads\/ARZU-2025-09-03T100531.364-768x432.jpg 768w\" sizes=\"(max-width: 1208px) 100vw, 1208px\" \/><\/h3>\n<hr \/>\n<h3>\u0130LHAN BOZDA\u011e K\u0130M\u0130N BABASI?<\/h3>\n<p>\u00dcnl\u00fc isim \u0130lhan Bozda\u011f, kimin babas\u0131 olarak arama motorlar\u0131nda aranan isimler aras\u0131nda yer ald\u0131. Ba\u015far\u0131l\u0131 diziler aras\u0131nda yer alan Dirili\u015f Ertu\u011frul, Destan, Ate\u015f Ku\u015flar\u0131 ve Kurulu\u015f Osman gibi ses getiren yap\u0131mlar\u0131n yap\u0131mc\u0131s\u0131 olan Mehmet Bozda\u011f\u2019\u0131n babas\u0131d\u0131r.<\/p>\n<p><img loading=\"lazy\" decoding=\"async\" class=\"alignnone size-full wp-image-229995\" src=\"https:\/\/www.tgrthaber.com\/mavikadin\/wp-content\/uploads\/ARZU-2025-09-03T100545.941.jpg\" alt=\"\u0130lhan Bozda\u011f kimdir ka\u00e7 ya\u015f\u0131nda? \u0130lhan Bozda\u011f kimin babas\u0131?\" width=\"1208\" height=\"680\" title=\"\" srcset=\"https:\/\/www.tgrthaber.com\/mavikadin\/wp-content\/uploads\/ARZU-2025-09-03T100545.941.jpg 1208w, https:\/\/www.tgrthaber.com\/mavikadin\/wp-content\/uploads\/ARZU-2025-09-03T100545.941-300x169.jpg 300w, https:\/\/www.tgrthaber.com\/mavikadin\/wp-content\/uploads\/ARZU-2025-09-03T100545.941-1024x576.jpg 1024w, https:\/\/www.tgrthaber.com\/mavikadin\/wp-content\/uploads\/ARZU-2025-09-03T100545.941-768x432.jpg 768w\" sizes=\"(max-width: 1208px) 100vw, 1208px\" \/><\/p>\n<hr \/>\n<p>\u00dcnl\u00fc isimler dizi d\u00fcnyas\u0131na yeni bir soluk getirme amac\u0131yla bu yola \u00e7\u0131km\u0131\u015ft\u0131r. Birbirinden ba\u015far\u0131l\u0131 ki\u015filer Bozda\u011f Film\u2019in yap\u0131mlar\u0131 ile kendine hayran b\u0131rakt\u0131r\u0131yor.<\/p>\n","protected":false},"excerpt":{"rendered":"<p>\u00dcnl\u00fc yap\u0131mc\u0131 Mehmet Bozda\u011f\u2019\u0131n ac\u0131 g\u00fcn\u00fc. \u00dcnl\u00fc isim \u0130lhan Bozda\u011f, hayat\u0131n\u0131 kaybetti. Bu haber sonras\u0131 \u0130lhan Bozda\u011f merak edilmeye ba\u015fland\u0131. Arama motorlar\u0131nda \u0130lhan Bozda\u011f hakk\u0131nda ara\u015ft\u0131rmalar yap\u0131ld\u0131. Peki, \u0130lhan Bozda\u011f kimdir ka\u00e7 ya\u015f\u0131nda? \u0130lhan Bozda\u011f kimin babas\u0131? \u0130\u015fte detaylar\u2026<\/p>\n","protected":false},"author":34,"featured_media":229995,"comment_status":"closed","ping_status":"closed","sticky":false,"template":"","format":"standard","meta":{"rank_math_lock_modified_date":false,"footnotes":""},"categories":[491],"tags":[16521,61327,10200,61328],"class_list":["post-229993","post","type-post","status-publish","format-standard","has-post-thumbnail","hentry","category-biyografi","tag-biyografi-haberleri","tag-ilhan-bozdag","tag-mehmet-bozdag","tag-mehmet-bozdagin-aci-ggng"],"_links":{"self":[{"href":"https:\/\/www.tgrthaber.com\/mavikadin\/wp-json\/wp\/v2\/posts\/229993"}],"collection":[{"href":"https:\/\/www.tgrthaber.com\/mavikadin\/wp-json\/wp\/v2\/posts"}],"about":[{"href":"https:\/\/www.tgrthaber.com\/mavikadin\/wp-json\/wp\/v2\/types\/post"}],"author":[{"embeddable":true,"href":"https:\/\/www.tgrthaber.com\/mavikadin\/wp-json\/wp\/v2\/users\/34"}],"replies":[{"embeddable":true,"href":"https:\/\/www.tgrthaber.com\/mavikadin\/wp-json\/wp\/v2\/comments?post=229993"}],"version-history":[{"count":2,"href":"https:\/\/www.tgrthaber.com\/mavikadin\/wp-json\/wp\/v2\/posts\/229993\/revisions"}],"predecessor-version":[{"id":230006,"href":"https:\/\/www.tgrthaber.com\/mavikadin\/wp-json\/wp\/v2\/posts\/229993\/revisions\/230006"}],"wp:featuredmedia":[{"embeddable":true,"href":"https:\/\/www.tgrthaber.com\/mavikadin\/wp-json\/wp\/v2\/media\/229995"}],"wp:attachment":[{"href":"https:\/\/www.tgrthaber.com\/mavikadin\/wp-json\/wp\/v2\/media?parent=229993"}],"wp:term":[{"taxonomy":"category","embeddable":true,"href":"https:\/\/www.tgrthaber.com\/mavikadin\/wp-json\/wp\/v2\/categories?post=229993"},{"taxonomy":"post_tag","embeddable":true,"href":"https:\/\/www.tgrthaber.com\/mavikadin\/wp-json\/wp\/v2\/tags?post=229993"}],"curies":[{"name":"wp","href":"https:\/\/api.w.org\/{rel}","templated":true}]}}